{"id":55453,"date":"2015-11-07T19:45:51","date_gmt":"2015-11-07T22:45:51","guid":{"rendered":"http:\/\/www.padreydecano.com\/cms\/?p=55453"},"modified":"2015-11-07T19:58:14","modified_gmt":"2015-11-07T22:58:14","slug":"se-aprobo-la-memoria-y-balance-2014","status":"publish","type":"post","link":"https:\/\/www.padreydecano.com\/cms\/noticias\/se-aprobo-la-memoria-y-balance-2014\/","title":{"rendered":"Se aprob\u00f3 la Memoria y Balance 2014"},"content":{"rendered":"<p style=\"text-align: justify;\"><a href=\"https:\/\/www.padreydecano.com\/cms\/wp-content\/uploads\/2015\/11\/Asambleal.Representativa1.jpg\" rel=\"shadowbox[sbpost-55453];player=img;\"><img loading=\"lazy\" decoding=\"async\" class=\"aligncenter wp-image-55454 size-full\" src=\"https:\/\/www.padreydecano.com\/cms\/wp-content\/uploads\/2015\/11\/Asambleal.Representativa1-e1446928075763.jpg\" alt=\"Asambleal.Representativa1\" width=\"605\" height=\"454\" \/><\/a><strong>El jueves 5 de noviembre\u00a0la Asamblea Representativa del Club Atl\u00e9tico Pe\u00f1arol aprob\u00f3 la Memoria y Balance correspondiente al ejercicio del a\u00f1o 2014 (01\/12\/2013-30\/11\/2014) con 51 votos a favor, 33 abstenciones y 20 en contra.<\/strong><\/p>\n<p style=\"text-align: justify;\">En cuanto a las agrupaciones pol\u00edticas, se podr\u00eda decir que el Oficialismo vot\u00f3 a favor junto a la lista 12, el Movimiento 2809 en contra, mientras que Renovaci\u00f3n Aurinegra, Sentimiento 1891, Lista Joven y Compromiso CAP se abstuvieron.<\/p>\n<p style=\"text-align: justify;\">El Balance 2014 fue presentado y aprobado por la Comisi\u00f3n Fiscal, que est\u00e1 integrada por <strong>Cr. Juan Pedro Flores, Cr. Jorge Liberman <\/strong>y<strong> Cr. Mijael Lichtenstein<\/strong>. La Comisi\u00f3n fiscal tuvo un voto discordante que fue de Lichtenstein pero igual se aprob\u00f3 con los otros 2 votos de Flores y Liberman. Para ser aprobado definitivamente faltaba la aprobaci\u00f3n de la Asamblea Representativa.<\/p>\n<p style=\"text-align: justify;\">El Balance arroja n\u00fameros muy positivos. Por quinto a\u00f1o consecutivo da super\u00e1vit:\u00a0<strong>el resultado de este ejercicio fue de $ 2.165.426, pasado a dolares en el d\u00eda de hoy ser\u00edan alrededor de USD 70.000.<\/strong><\/p>\n<p style=\"text-align: justify;\">En este \u00faltimo ejercicio se puede resaltar <strong>la baja en las deudas deportivas a casi la mitad<\/strong>. Respecto a los ingresos del club, lo m\u00e1s importante es nuevamente el aumento y l<strong>a participaci\u00f3n de las cuotas sociales en el total que representan casi el 30% de los ingresos totales<\/strong>. El segundo ingreso m\u00e1s importante del club fueron los Campeonatos Oficiales (venta de entradas y participaci\u00f3n en torneos locales e internacionales) y el tercer lugar las transferencias de jugadores que fueron cerca de USD 3.000.000.<\/p>\n<p style=\"text-align: justify;\">El gran reclamo de la mayor\u00eda de los grupos que integran la Asamblea fue como en a\u00f1os anteriores <strong>la no valuaci\u00f3n correcta de los bienes de uso<\/strong>, que los mismos representan m\u00e1s del 85% del total del Activo, lo que a la postre puede repercutir significativamente en el resultado del ejercicio. Tambi\u00e9n <strong>se reclam\u00f3 la tard\u00eda presentaci\u00f3n del Balance,<\/strong> que seg\u00fan el Reglamento deber\u00eda hacerse a los 30 d\u00edas de finalizado el ejercicio. Luego se modific\u00f3 a 120 d\u00edas pero el mismo fue presentado mucho tiempo posterior.<\/p>\n<p style=\"text-align: justify;\">El Cr. Alfredo Pignatta, quien es encargado de realizar el Informe de Revisi\u00f3n Limitada, explic\u00f3 este punto que se trata hace varios a\u00f1os cada vez que hay que aprobar el balance: <em><strong>\u00abNo se amortizan los bienes de uso, como los a\u00f1os anteriores, que ya es pr\u00e1ctica del club, pero de todas maneras hemos hecho an\u00e1lisis de que los bienes, el activo fijo, no est\u00e1n sobrevaluados, sino que est\u00e1n valuados por debajo de lo que ser\u00eda su importe recuperable, que ser\u00eda el valor razonable que tienen en el mercado\u00bb<\/strong><\/em>.<\/p>\n<p style=\"text-align: justify;\">Para finalizar estaba en el Orden del D\u00eda la designaci\u00f3n de Secretario y Pro-Secretario para la Asamblea Representativa pero al no llegar a un consenso se posterg\u00f3 la decisi\u00f3n para la pr\u00f3xima asamblea.<\/p>\n<p style=\"text-align: justify;\">Decarg\u00e1 <a href=\"http:\/\/padreydecano.com\/cms\/wp-users-files\/descargas\/balance-penarol-2014.pdf\" target=\"_blank\">ac\u00e1<\/a> el documento completo.<\/p>\n","protected":false},"excerpt":{"rendered":"<p>El jueves 5 de noviembre\u00a0la Asamblea Representativa del Club Atl\u00e9tico Pe\u00f1arol aprob\u00f3 la Memoria y Balance correspondiente al ejercicio del a\u00f1o 2014 (01\/12\/2013-30\/11\/2014) con 51 votos a favor, 33 abstenciones y 20 en contra. En cuanto a las agrupaciones pol\u00edticas, se podr\u00eda decir que el Oficialismo vot\u00f3 a favor junto a la lista 12, el [&hellip;]<\/p>\n","protected":false},"author":2,"featured_media":55454,"comment_status":"open","ping_status":"closed","sticky":false,"template":"","format":"standard","meta":{"footnotes":""},"categories":[1],"tags":[104],"yoast_head":"<!-- This site is optimized with the Yoast SEO plugin v23.2 - https:\/\/yoast.com\/wordpress\/plugins\/seo\/ -->\n<title>Se aprob\u00f3 la Memoria y Balance 2014 - Padre y Decano - El Sitio del Pueblo<\/title>\n<meta name=\"robots\" content=\"index, follow, max-snippet:-1, max-image-preview:large, max-video-preview:-1\" \/>\n<link rel=\"canonical\" href=\"https:\/\/www.padreydecano.com\/cms\/noticias\/se-aprobo-la-memoria-y-balance-2014\/\" \/>\n<meta property=\"og:locale\" content=\"es_ES\" \/>\n<meta property=\"og:type\" content=\"article\" \/>\n<meta property=\"og:title\" content=\"Se aprob\u00f3 la Memoria y Balance 2014 - Padre y Decano - El Sitio del Pueblo\" \/>\n<meta property=\"og:description\" content=\"El jueves 5 de noviembre\u00a0la Asamblea Representativa del Club Atl\u00e9tico Pe\u00f1arol aprob\u00f3 la Memoria y Balance correspondiente al ejercicio del a\u00f1o 2014 (01\/12\/2013-30\/11\/2014) con 51 votos a favor, 33 abstenciones y 20 en contra. En cuanto a las agrupaciones pol\u00edticas, se podr\u00eda decir que el Oficialismo vot\u00f3 a favor junto a la lista 12, el [&hellip;]\" \/>\n<meta property=\"og:url\" content=\"https:\/\/www.padreydecano.com\/cms\/noticias\/se-aprobo-la-memoria-y-balance-2014\/\" \/>\n<meta property=\"og:site_name\" content=\"Padre y Decano - El Sitio del Pueblo\" \/>\n<meta property=\"article:published_time\" content=\"2015-11-07T22:45:51+00:00\" \/>\n<meta property=\"article:modified_time\" content=\"2015-11-07T22:58:14+00:00\" \/>\n<meta property=\"og:image\" content=\"https:\/\/www.padreydecano.com\/cms\/wp-content\/uploads\/2015\/11\/Asambleal.Representativa1-e1446928075763.jpg\" \/>\n\t<meta property=\"og:image:width\" content=\"605\" \/>\n\t<meta property=\"og:image:height\" content=\"454\" \/>\n\t<meta property=\"og:image:type\" content=\"image\/jpeg\" \/>\n<meta name=\"author\" content=\"Gonzalo16\" \/>\n<meta name=\"twitter:card\" content=\"summary_large_image\" \/>\n<meta name=\"twitter:label1\" content=\"Escrito por\" \/>\n\t<meta name=\"twitter:data1\" content=\"Gonzalo16\" \/>\n\t<meta name=\"twitter:label2\" content=\"Tiempo de lectura\" \/>\n\t<meta name=\"twitter:data2\" content=\"2 minutos\" \/>\n<script type=\"application\/ld+json\" class=\"yoast-schema-graph\">{\"@context\":\"https:\/\/schema.org\",\"@graph\":[{\"@type\":\"Article\",\"@id\":\"https:\/\/www.padreydecano.com\/cms\/noticias\/se-aprobo-la-memoria-y-balance-2014\/#article\",\"isPartOf\":{\"@id\":\"https:\/\/www.padreydecano.com\/cms\/noticias\/se-aprobo-la-memoria-y-balance-2014\/\"},\"author\":{\"name\":\"Gonzalo16\",\"@id\":\"https:\/\/www.padreydecano.com\/cms\/#\/schema\/person\/7fe41e3e335700ebd387196df2f9a8d4\"},\"headline\":\"Se aprob\u00f3 la Memoria y Balance 2014\",\"datePublished\":\"2015-11-07T22:45:51+00:00\",\"dateModified\":\"2015-11-07T22:58:14+00:00\",\"mainEntityOfPage\":{\"@id\":\"https:\/\/www.padreydecano.com\/cms\/noticias\/se-aprobo-la-memoria-y-balance-2014\/\"},\"wordCount\":495,\"commentCount\":3,\"publisher\":{\"@id\":\"https:\/\/www.padreydecano.com\/cms\/#organization\"},\"image\":{\"@id\":\"https:\/\/www.padreydecano.com\/cms\/noticias\/se-aprobo-la-memoria-y-balance-2014\/#primaryimage\"},\"thumbnailUrl\":\"https:\/\/www.padreydecano.com\/cms\/wp-content\/uploads\/2015\/11\/Asambleal.Representativa1-e1446928075763.jpg\",\"keywords\":[\"Asambleas\"],\"articleSection\":[\"Noticias\"],\"inLanguage\":\"es\",\"potentialAction\":[{\"@type\":\"CommentAction\",\"name\":\"Comment\",\"target\":[\"https:\/\/www.padreydecano.com\/cms\/noticias\/se-aprobo-la-memoria-y-balance-2014\/#respond\"]}]},{\"@type\":\"WebPage\",\"@id\":\"https:\/\/www.padreydecano.com\/cms\/noticias\/se-aprobo-la-memoria-y-balance-2014\/\",\"url\":\"https:\/\/www.padreydecano.com\/cms\/noticias\/se-aprobo-la-memoria-y-balance-2014\/\",\"name\":\"Se aprob\u00f3 la Memoria y Balance 2014 - Padre y Decano - El Sitio del Pueblo\",\"isPartOf\":{\"@id\":\"https:\/\/www.padreydecano.com\/cms\/#website\"},\"primaryImageOfPage\":{\"@id\":\"https:\/\/www.padreydecano.com\/cms\/noticias\/se-aprobo-la-memoria-y-balance-2014\/#primaryimage\"},\"image\":{\"@id\":\"https:\/\/www.padreydecano.com\/cms\/noticias\/se-aprobo-la-memoria-y-balance-2014\/#primaryimage\"},\"thumbnailUrl\":\"https:\/\/www.padreydecano.com\/cms\/wp-content\/uploads\/2015\/11\/Asambleal.Representativa1-e1446928075763.jpg\",\"datePublished\":\"2015-11-07T22:45:51+00:00\",\"dateModified\":\"2015-11-07T22:58:14+00:00\",\"breadcrumb\":{\"@id\":\"https:\/\/www.padreydecano.com\/cms\/noticias\/se-aprobo-la-memoria-y-balance-2014\/#breadcrumb\"},\"inLanguage\":\"es\",\"potentialAction\":[{\"@type\":\"ReadAction\",\"target\":[\"https:\/\/www.padreydecano.com\/cms\/noticias\/se-aprobo-la-memoria-y-balance-2014\/\"]}]},{\"@type\":\"ImageObject\",\"inLanguage\":\"es\",\"@id\":\"https:\/\/www.padreydecano.com\/cms\/noticias\/se-aprobo-la-memoria-y-balance-2014\/#primaryimage\",\"url\":\"https:\/\/www.padreydecano.com\/cms\/wp-content\/uploads\/2015\/11\/Asambleal.Representativa1-e1446928075763.jpg\",\"contentUrl\":\"https:\/\/www.padreydecano.com\/cms\/wp-content\/uploads\/2015\/11\/Asambleal.Representativa1-e1446928075763.jpg\",\"width\":605,\"height\":454},{\"@type\":\"BreadcrumbList\",\"@id\":\"https:\/\/www.padreydecano.com\/cms\/noticias\/se-aprobo-la-memoria-y-balance-2014\/#breadcrumb\",\"itemListElement\":[{\"@type\":\"ListItem\",\"position\":1,\"name\":\"Portada\",\"item\":\"https:\/\/www.padreydecano.com\/cms\/\"},{\"@type\":\"ListItem\",\"position\":2,\"name\":\"Se aprob\u00f3 la Memoria y Balance 2014\"}]},{\"@type\":\"WebSite\",\"@id\":\"https:\/\/www.padreydecano.com\/cms\/#website\",\"url\":\"https:\/\/www.padreydecano.com\/cms\/\",\"name\":\"Padre y Decano - El Sitio del Pueblo\",\"description\":\"Club Atl\u00e9tico Pe\u00f1arol\",\"publisher\":{\"@id\":\"https:\/\/www.padreydecano.com\/cms\/#organization\"},\"potentialAction\":[{\"@type\":\"SearchAction\",\"target\":{\"@type\":\"EntryPoint\",\"urlTemplate\":\"https:\/\/www.padreydecano.com\/cms\/?s={search_term_string}\"},\"query-input\":\"required name=search_term_string\"}],\"inLanguage\":\"es\"},{\"@type\":\"Organization\",\"@id\":\"https:\/\/www.padreydecano.com\/cms\/#organization\",\"name\":\"Padre y Decano\",\"url\":\"https:\/\/www.padreydecano.com\/cms\/\",\"logo\":{\"@type\":\"ImageObject\",\"inLanguage\":\"es\",\"@id\":\"https:\/\/www.padreydecano.com\/cms\/#\/schema\/logo\/image\/\",\"url\":\"https:\/\/www.padreydecano.com\/cms\/wp-content\/uploads\/2022\/01\/avatar-square.png\",\"contentUrl\":\"https:\/\/www.padreydecano.com\/cms\/wp-content\/uploads\/2022\/01\/avatar-square.png\",\"width\":1500,\"height\":1500,\"caption\":\"Padre y Decano\"},\"image\":{\"@id\":\"https:\/\/www.padreydecano.com\/cms\/#\/schema\/logo\/image\/\"}},{\"@type\":\"Person\",\"@id\":\"https:\/\/www.padreydecano.com\/cms\/#\/schema\/person\/7fe41e3e335700ebd387196df2f9a8d4\",\"name\":\"Gonzalo16\",\"image\":{\"@type\":\"ImageObject\",\"inLanguage\":\"es\",\"@id\":\"https:\/\/www.padreydecano.com\/cms\/#\/schema\/person\/image\/\",\"url\":\"https:\/\/secure.gravatar.com\/avatar\/4d5cdd49803a2313c01f77e3dfc05d81?s=96&d=https%3A%2F%2Fpadreydecano.com%2Fcms%2Fwp-content%2Fthemes%2Fpyd-theme%2Fimg%2Fdefault-avatar.png&r=g\",\"contentUrl\":\"https:\/\/secure.gravatar.com\/avatar\/4d5cdd49803a2313c01f77e3dfc05d81?s=96&d=https%3A%2F%2Fpadreydecano.com%2Fcms%2Fwp-content%2Fthemes%2Fpyd-theme%2Fimg%2Fdefault-avatar.png&r=g\",\"caption\":\"Gonzalo16\"}}]}<\/script>\n<!-- \/ Yoast SEO plugin. -->","yoast_head_json":{"title":"Se aprob\u00f3 la Memoria y Balance 2014 - Padre y Decano - El Sitio del Pueblo","robots":{"index":"index","follow":"follow","max-snippet":"max-snippet:-1","max-image-preview":"max-image-preview:large","max-video-preview":"max-video-preview:-1"},"canonical":"https:\/\/www.padreydecano.com\/cms\/noticias\/se-aprobo-la-memoria-y-balance-2014\/","og_locale":"es_ES","og_type":"article","og_title":"Se aprob\u00f3 la Memoria y Balance 2014 - Padre y Decano - El Sitio del Pueblo","og_description":"El jueves 5 de noviembre\u00a0la Asamblea Representativa del Club Atl\u00e9tico Pe\u00f1arol aprob\u00f3 la Memoria y Balance correspondiente al ejercicio del a\u00f1o 2014 (01\/12\/2013-30\/11\/2014) con 51 votos a favor, 33 abstenciones y 20 en contra. En cuanto a las agrupaciones pol\u00edticas, se podr\u00eda decir que el Oficialismo vot\u00f3 a favor junto a la lista 12, el [&hellip;]","og_url":"https:\/\/www.padreydecano.com\/cms\/noticias\/se-aprobo-la-memoria-y-balance-2014\/","og_site_name":"Padre y Decano - El Sitio del Pueblo","article_published_time":"2015-11-07T22:45:51+00:00","article_modified_time":"2015-11-07T22:58:14+00:00","og_image":[{"width":605,"height":454,"url":"https:\/\/www.padreydecano.com\/cms\/wp-content\/uploads\/2015\/11\/Asambleal.Representativa1-e1446928075763.jpg","type":"image\/jpeg"}],"author":"Gonzalo16","twitter_card":"summary_large_image","twitter_misc":{"Escrito por":"Gonzalo16","Tiempo de lectura":"2 minutos"},"schema":{"@context":"https:\/\/schema.org","@graph":[{"@type":"Article","@id":"https:\/\/www.padreydecano.com\/cms\/noticias\/se-aprobo-la-memoria-y-balance-2014\/#article","isPartOf":{"@id":"https:\/\/www.padreydecano.com\/cms\/noticias\/se-aprobo-la-memoria-y-balance-2014\/"},"author":{"name":"Gonzalo16","@id":"https:\/\/www.padreydecano.com\/cms\/#\/schema\/person\/7fe41e3e335700ebd387196df2f9a8d4"},"headline":"Se aprob\u00f3 la Memoria y Balance 2014","datePublished":"2015-11-07T22:45:51+00:00","dateModified":"2015-11-07T22:58:14+00:00","mainEntityOfPage":{"@id":"https:\/\/www.padreydecano.com\/cms\/noticias\/se-aprobo-la-memoria-y-balance-2014\/"},"wordCount":495,"commentCount":3,"publisher":{"@id":"https:\/\/www.padreydecano.com\/cms\/#organization"},"image":{"@id":"https:\/\/www.padreydecano.com\/cms\/noticias\/se-aprobo-la-memoria-y-balance-2014\/#primaryimage"},"thumbnailUrl":"https:\/\/www.padreydecano.com\/cms\/wp-content\/uploads\/2015\/11\/Asambleal.Representativa1-e1446928075763.jpg","keywords":["Asambleas"],"articleSection":["Noticias"],"inLanguage":"es","potentialAction":[{"@type":"CommentAction","name":"Comment","target":["https:\/\/www.padreydecano.com\/cms\/noticias\/se-aprobo-la-memoria-y-balance-2014\/#respond"]}]},{"@type":"WebPage","@id":"https:\/\/www.padreydecano.com\/cms\/noticias\/se-aprobo-la-memoria-y-balance-2014\/","url":"https:\/\/www.padreydecano.com\/cms\/noticias\/se-aprobo-la-memoria-y-balance-2014\/","name":"Se aprob\u00f3 la Memoria y Balance 2014 - Padre y Decano - El Sitio del Pueblo","isPartOf":{"@id":"https:\/\/www.padreydecano.com\/cms\/#website"},"primaryImageOfPage":{"@id":"https:\/\/www.padreydecano.com\/cms\/noticias\/se-aprobo-la-memoria-y-balance-2014\/#primaryimage"},"image":{"@id":"https:\/\/www.padreydecano.com\/cms\/noticias\/se-aprobo-la-memoria-y-balance-2014\/#primaryimage"},"thumbnailUrl":"https:\/\/www.padreydecano.com\/cms\/wp-content\/uploads\/2015\/11\/Asambleal.Representativa1-e1446928075763.jpg","datePublished":"2015-11-07T22:45:51+00:00","dateModified":"2015-11-07T22:58:14+00:00","breadcrumb":{"@id":"https:\/\/www.padreydecano.com\/cms\/noticias\/se-aprobo-la-memoria-y-balance-2014\/#breadcrumb"},"inLanguage":"es","potentialAction":[{"@type":"ReadAction","target":["https:\/\/www.padreydecano.com\/cms\/noticias\/se-aprobo-la-memoria-y-balance-2014\/"]}]},{"@type":"ImageObject","inLanguage":"es","@id":"https:\/\/www.padreydecano.com\/cms\/noticias\/se-aprobo-la-memoria-y-balance-2014\/#primaryimage","url":"https:\/\/www.padreydecano.com\/cms\/wp-content\/uploads\/2015\/11\/Asambleal.Representativa1-e1446928075763.jpg","contentUrl":"https:\/\/www.padreydecano.com\/cms\/wp-content\/uploads\/2015\/11\/Asambleal.Representativa1-e1446928075763.jpg","width":605,"height":454},{"@type":"BreadcrumbList","@id":"https:\/\/www.padreydecano.com\/cms\/noticias\/se-aprobo-la-memoria-y-balance-2014\/#breadcrumb","itemListElement":[{"@type":"ListItem","position":1,"name":"Portada","item":"https:\/\/www.padreydecano.com\/cms\/"},{"@type":"ListItem","position":2,"name":"Se aprob\u00f3 la Memoria y Balance 2014"}]},{"@type":"WebSite","@id":"https:\/\/www.padreydecano.com\/cms\/#website","url":"https:\/\/www.padreydecano.com\/cms\/","name":"Padre y Decano - El Sitio del Pueblo","description":"Club Atl\u00e9tico Pe\u00f1arol","publisher":{"@id":"https:\/\/www.padreydecano.com\/cms\/#organization"},"potentialAction":[{"@type":"SearchAction","target":{"@type":"EntryPoint","urlTemplate":"https:\/\/www.padreydecano.com\/cms\/?s={search_term_string}"},"query-input":"required name=search_term_string"}],"inLanguage":"es"},{"@type":"Organization","@id":"https:\/\/www.padreydecano.com\/cms\/#organization","name":"Padre y Decano","url":"https:\/\/www.padreydecano.com\/cms\/","logo":{"@type":"ImageObject","inLanguage":"es","@id":"https:\/\/www.padreydecano.com\/cms\/#\/schema\/logo\/image\/","url":"https:\/\/www.padreydecano.com\/cms\/wp-content\/uploads\/2022\/01\/avatar-square.png","contentUrl":"https:\/\/www.padreydecano.com\/cms\/wp-content\/uploads\/2022\/01\/avatar-square.png","width":1500,"height":1500,"caption":"Padre y Decano"},"image":{"@id":"https:\/\/www.padreydecano.com\/cms\/#\/schema\/logo\/image\/"}},{"@type":"Person","@id":"https:\/\/www.padreydecano.com\/cms\/#\/schema\/person\/7fe41e3e335700ebd387196df2f9a8d4","name":"Gonzalo16","image":{"@type":"ImageObject","inLanguage":"es","@id":"https:\/\/www.padreydecano.com\/cms\/#\/schema\/person\/image\/","url":"https:\/\/secure.gravatar.com\/avatar\/4d5cdd49803a2313c01f77e3dfc05d81?s=96&d=https%3A%2F%2Fpadreydecano.com%2Fcms%2Fwp-content%2Fthemes%2Fpyd-theme%2Fimg%2Fdefault-avatar.png&r=g","contentUrl":"https:\/\/secure.gravatar.com\/avatar\/4d5cdd49803a2313c01f77e3dfc05d81?s=96&d=https%3A%2F%2Fpadreydecano.com%2Fcms%2Fwp-content%2Fthemes%2Fpyd-theme%2Fimg%2Fdefault-avatar.png&r=g","caption":"Gonzalo16"}}]}},"_links":{"self":[{"href":"https:\/\/www.padreydecano.com\/cms\/wp-json\/wp\/v2\/posts\/55453"}],"collection":[{"href":"https:\/\/www.padreydecano.com\/cms\/wp-json\/wp\/v2\/posts"}],"about":[{"href":"https:\/\/www.padreydecano.com\/cms\/wp-json\/wp\/v2\/types\/post"}],"author":[{"embeddable":true,"href":"https:\/\/www.padreydecano.com\/cms\/wp-json\/wp\/v2\/users\/2"}],"replies":[{"embeddable":true,"href":"https:\/\/www.padreydecano.com\/cms\/wp-json\/wp\/v2\/comments?post=55453"}],"version-history":[{"count":0,"href":"https:\/\/www.padreydecano.com\/cms\/wp-json\/wp\/v2\/posts\/55453\/revisions"}],"wp:featuredmedia":[{"embeddable":true,"href":"https:\/\/www.padreydecano.com\/cms\/wp-json\/wp\/v2\/media\/55454"}],"wp:attachment":[{"href":"https:\/\/www.padreydecano.com\/cms\/wp-json\/wp\/v2\/media?parent=55453"}],"wp:term":[{"taxonomy":"category","embeddable":true,"href":"https:\/\/www.padreydecano.com\/cms\/wp-json\/wp\/v2\/categories?post=55453"},{"taxonomy":"post_tag","embeddable":true,"href":"https:\/\/www.padreydecano.com\/cms\/wp-json\/wp\/v2\/tags?post=55453"}],"curies":[{"name":"wp","href":"https:\/\/api.w.org\/{rel}","templated":true}]}}