{"id":5535,"date":"2011-10-11T12:10:30","date_gmt":"2011-10-11T14:10:30","guid":{"rendered":"http:\/\/www.padreydecano.com\/cms\/?p=5535"},"modified":"2011-10-11T12:14:00","modified_gmt":"2011-10-11T14:14:00","slug":"seguimos-siendo-noticia-en-el-mundo","status":"publish","type":"post","link":"https:\/\/www.padreydecano.com\/cms\/noticias\/seguimos-siendo-noticia-en-el-mundo\/","title":{"rendered":"Seguimos siendo noticia en el Mundo"},"content":{"rendered":"<p style=\"text-align: justify;\"><img loading=\"lazy\" decoding=\"async\" class=\"size-medium wp-image-5480 alignright\" src=\"https:\/\/www.padreydecano.com\/cms\/wp-content\/uploads\/2011\/10\/image001-300x283.jpg\" alt=\"\" width=\"240\" height=\"226\" srcset=\"https:\/\/www.padreydecano.com\/cms\/wp-content\/uploads\/2011\/10\/image001-300x283.jpg 300w, https:\/\/www.padreydecano.com\/cms\/wp-content\/uploads\/2011\/10\/image001.jpg 640w\" sizes=\"(max-width: 240px) 100vw, 240px\" \/>En el d\u00eda de ayer public\u00e1bamos una <a href=\"https:\/\/www.padreydecano.com\/cms\/noticias\/%C2%A1seguimos-rompiendo-records-manyas-la-pelicula\/\">nota<\/a> acerca del r\u00e9cord que logramos en venta de entradas de <strong>\u00abMANYAS: La Pel\u00edcula\u00bb<\/strong>. Hoy, no s\u00f3lo los medios de Uruguay dieron a conocer la noticia, sino que tambi\u00e9n la destacada web italiana \u00a0<a href=\"http:\/\/www.corrieredellosport.it\">www.corrieredellosport.it<\/a><\/p>\n<p style=\"text-align: justify;\">A continuaci\u00f3n, dejamos el texto publicado en la web italiana para que lean lo que dicen acerca de la pel\u00edcula y nuestro Club:<\/p>\n<p style=\"text-align: justify;\"><span style=\"color: #ffcc02;\"><strong>Il Pe\u00f1arol vince al cinema con \u201cManyas: La Pel\u00edcula\u201d<\/strong><\/span><br \/>\nIl film racconta dei tifosi \u201ccarboneros\u201d e nell\u2019ultimo week-end \u00e8 stato il pi\u00f9 visto in Uruguay<\/p>\n<p style=\"text-align: justify;\"><strong>ROMA\u00a0<\/strong>\u2013 Per il Pe\u00f1arol la festa continua, stavolta nelle sale cinematografiche. Il film \u201cManyas: La Pel\u00edcula\u201d, sta riscuotendo un grande successo in Uruguay. Nell\u2019ultimo fine settimana \u00e8 stato il film pi\u00f9 visto nel paese sudamericano con oltre 13mila biglietti venduti.<\/p>\n<p style=\"text-align: justify;\"><strong>120 ANNI\u00a0<\/strong>&#8211; Diretto da Andres Benventuto, \u201cManyas, la pel\u00edcula\u201d racconta dei tifosi del Pe\u00f1arol con tantissimi immagini della Curva Amsterdam dello stadio Centenario. Il film ha una durata di 67 minuti ed \u00e8 stato lanciato in concomitanza dei festeggiamenti del club per i suoi 120 anni di vita (vedi i servizi sul sito del Corriere dello Sport-Stadio dedicati da Biagio Angrisani al Pe\u00f1arol per il prestigioso anniversario).<\/p>\n<p style=\"text-align: justify;\"><strong>XX SECOLO\u00a0<\/strong>\u2013 Proclamato dalla FIFA miglior club sudamericano del XX secolo, il Pe\u00f1arol fu fondato da soci inglesi, uruguaiani (molti dei quali di discendenza italiana) il 28 settembre 1891 con il nome di Central Uruguay Railway Cricket Club. Nel 1913 cambi\u00f2 denominazione in Club Atl\u00e9tico Pe\u00f1arol. Il suo nome prende origine dal barrio Pe\u00f1arol &#8211; distante una decina di chilometri dal centro di Montevideo &#8211; denominato cos\u00ec perch\u00e9 sorto attorno ai possedimenti di Giovan Battista Crosa, un emigrante nato a Pinerolo in Piemonte, divenuto un possidente terriero. I colori del Pe\u00f1arol sono il giallo e il nero come gli antichi colori dei lavoratori delle ferrovie uruguaiane.<\/p>\n<p style=\"text-align: justify;\"><strong>CLUB E TIFOSI\u00a0<\/strong>\u2013 I festeggiamenti dei \u201ccarboneros\u201d del Pe\u00f1arol offrono l\u2019occasione per chiedersi cosa sarebbero i club calcistici, piccoli o grandi che essi siano, senza i propri tifosi? Eduardo Galeano, giornalista e scrittore uruguaiano, nel suo fortunato libro \u201cEl F\u00fatbol a sol y sombra\u201d sintetizza:\u00a0<em>\u201cJugar sin hinchada es como bailar sin m\u00fasica\u201d<\/em>\u00a0(Giocare senza tifosi \u00e8 come ballare senza musica\u201d).<\/p>\n<p style=\"text-align: justify;\"><strong>De esta forma, vemos nuevamente como el Mundo entero habla de Pe\u00f1arol. Juntos somos imparables.<\/strong><\/p>\n<p><strong><a href=\"http:\/\/www.corrieredellosport.it\/calcio\/calcio_estero\/sudamerica\/2011\/10\/11-197947\/Il+Pe%C3%B1arol+vince+al+cinema+con+%E2%80%9CManyas%3A+La+Pel%C3%ADcula%E2%80%9D\">Click aqui<\/a><\/strong> para ver el articulo original.<\/p>\n","protected":false},"excerpt":{"rendered":"<p>En el d\u00eda de ayer public\u00e1bamos una nota acerca del r\u00e9cord que logramos en venta de entradas de \u00abMANYAS: La Pel\u00edcula\u00bb. Hoy, no s\u00f3lo los medios de Uruguay dieron a conocer la noticia, sino que tambi\u00e9n la destacada web italiana \u00a0www.corrieredellosport.it A continuaci\u00f3n, dejamos el texto publicado en la web italiana para que lean lo [&hellip;]<\/p>\n","protected":false},"author":10,"featured_media":5480,"comment_status":"open","ping_status":"closed","sticky":false,"template":"","format":"standard","meta":{"footnotes":""},"categories":[1],"tags":[54],"yoast_head":"<!-- This site is optimized with the Yoast SEO plugin v23.2 - https:\/\/yoast.com\/wordpress\/plugins\/seo\/ -->\n<title>Seguimos siendo noticia en el Mundo - Padre y Decano - El Sitio del Pueblo<\/title>\n<meta name=\"robots\" content=\"index, follow, max-snippet:-1, max-image-preview:large, max-video-preview:-1\" \/>\n<link rel=\"canonical\" href=\"https:\/\/www.padreydecano.com\/cms\/noticias\/seguimos-siendo-noticia-en-el-mundo\/\" \/>\n<meta property=\"og:locale\" content=\"es_ES\" \/>\n<meta property=\"og:type\" content=\"article\" \/>\n<meta property=\"og:title\" content=\"Seguimos siendo noticia en el Mundo - Padre y Decano - El Sitio del Pueblo\" \/>\n<meta property=\"og:description\" content=\"En el d\u00eda de ayer public\u00e1bamos una nota acerca del r\u00e9cord que logramos en venta de entradas de \u00abMANYAS: La Pel\u00edcula\u00bb. Hoy, no s\u00f3lo los medios de Uruguay dieron a conocer la noticia, sino que tambi\u00e9n la destacada web italiana \u00a0www.corrieredellosport.it A continuaci\u00f3n, dejamos el texto publicado en la web italiana para que lean lo [&hellip;]\" \/>\n<meta property=\"og:url\" content=\"https:\/\/www.padreydecano.com\/cms\/noticias\/seguimos-siendo-noticia-en-el-mundo\/\" \/>\n<meta property=\"og:site_name\" content=\"Padre y Decano - El Sitio del Pueblo\" \/>\n<meta property=\"article:published_time\" content=\"2011-10-11T14:10:30+00:00\" \/>\n<meta property=\"article:modified_time\" content=\"2011-10-11T14:14:00+00:00\" \/>\n<meta property=\"og:image\" content=\"https:\/\/www.padreydecano.com\/cms\/wp-content\/uploads\/2011\/10\/image001.jpg\" \/>\n\t<meta property=\"og:image:width\" content=\"640\" \/>\n\t<meta property=\"og:image:height\" content=\"604\" \/>\n\t<meta property=\"og:image:type\" content=\"image\/jpeg\" \/>\n<meta name=\"author\" content=\"fishoapyd\" \/>\n<meta name=\"twitter:card\" content=\"summary_large_image\" \/>\n<meta name=\"twitter:label1\" content=\"Escrito por\" \/>\n\t<meta name=\"twitter:data1\" content=\"fishoapyd\" \/>\n\t<meta name=\"twitter:label2\" content=\"Tiempo de lectura\" \/>\n\t<meta name=\"twitter:data2\" content=\"2 minutos\" \/>\n<script type=\"application\/ld+json\" class=\"yoast-schema-graph\">{\"@context\":\"https:\/\/schema.org\",\"@graph\":[{\"@type\":\"Article\",\"@id\":\"https:\/\/www.padreydecano.com\/cms\/noticias\/seguimos-siendo-noticia-en-el-mundo\/#article\",\"isPartOf\":{\"@id\":\"https:\/\/www.padreydecano.com\/cms\/noticias\/seguimos-siendo-noticia-en-el-mundo\/\"},\"author\":{\"name\":\"fishoapyd\",\"@id\":\"https:\/\/www.padreydecano.com\/cms\/#\/schema\/person\/1376f1ec91158cca7aeef6d2109f929d\"},\"headline\":\"Seguimos siendo noticia en el Mundo\",\"datePublished\":\"2011-10-11T14:10:30+00:00\",\"dateModified\":\"2011-10-11T14:14:00+00:00\",\"mainEntityOfPage\":{\"@id\":\"https:\/\/www.padreydecano.com\/cms\/noticias\/seguimos-siendo-noticia-en-el-mundo\/\"},\"wordCount\":411,\"commentCount\":3,\"publisher\":{\"@id\":\"https:\/\/www.padreydecano.com\/cms\/#organization\"},\"image\":{\"@id\":\"https:\/\/www.padreydecano.com\/cms\/noticias\/seguimos-siendo-noticia-en-el-mundo\/#primaryimage\"},\"thumbnailUrl\":\"https:\/\/www.padreydecano.com\/cms\/wp-content\/uploads\/2011\/10\/image001.jpg\",\"keywords\":[\"Manyas: La pel\u00edcula\"],\"articleSection\":[\"Noticias\"],\"inLanguage\":\"es\",\"potentialAction\":[{\"@type\":\"CommentAction\",\"name\":\"Comment\",\"target\":[\"https:\/\/www.padreydecano.com\/cms\/noticias\/seguimos-siendo-noticia-en-el-mundo\/#respond\"]}]},{\"@type\":\"WebPage\",\"@id\":\"https:\/\/www.padreydecano.com\/cms\/noticias\/seguimos-siendo-noticia-en-el-mundo\/\",\"url\":\"https:\/\/www.padreydecano.com\/cms\/noticias\/seguimos-siendo-noticia-en-el-mundo\/\",\"name\":\"Seguimos siendo noticia en el Mundo - Padre y Decano - El Sitio del Pueblo\",\"isPartOf\":{\"@id\":\"https:\/\/www.padreydecano.com\/cms\/#website\"},\"primaryImageOfPage\":{\"@id\":\"https:\/\/www.padreydecano.com\/cms\/noticias\/seguimos-siendo-noticia-en-el-mundo\/#primaryimage\"},\"image\":{\"@id\":\"https:\/\/www.padreydecano.com\/cms\/noticias\/seguimos-siendo-noticia-en-el-mundo\/#primaryimage\"},\"thumbnailUrl\":\"https:\/\/www.padreydecano.com\/cms\/wp-content\/uploads\/2011\/10\/image001.jpg\",\"datePublished\":\"2011-10-11T14:10:30+00:00\",\"dateModified\":\"2011-10-11T14:14:00+00:00\",\"breadcrumb\":{\"@id\":\"https:\/\/www.padreydecano.com\/cms\/noticias\/seguimos-siendo-noticia-en-el-mundo\/#breadcrumb\"},\"inLanguage\":\"es\",\"potentialAction\":[{\"@type\":\"ReadAction\",\"target\":[\"https:\/\/www.padreydecano.com\/cms\/noticias\/seguimos-siendo-noticia-en-el-mundo\/\"]}]},{\"@type\":\"ImageObject\",\"inLanguage\":\"es\",\"@id\":\"https:\/\/www.padreydecano.com\/cms\/noticias\/seguimos-siendo-noticia-en-el-mundo\/#primaryimage\",\"url\":\"https:\/\/www.padreydecano.com\/cms\/wp-content\/uploads\/2011\/10\/image001.jpg\",\"contentUrl\":\"https:\/\/www.padreydecano.com\/cms\/wp-content\/uploads\/2011\/10\/image001.jpg\",\"width\":\"640\",\"height\":\"604\"},{\"@type\":\"BreadcrumbList\",\"@id\":\"https:\/\/www.padreydecano.com\/cms\/noticias\/seguimos-siendo-noticia-en-el-mundo\/#breadcrumb\",\"itemListElement\":[{\"@type\":\"ListItem\",\"position\":1,\"name\":\"Portada\",\"item\":\"https:\/\/www.padreydecano.com\/cms\/\"},{\"@type\":\"ListItem\",\"position\":2,\"name\":\"Seguimos siendo noticia en el Mundo\"}]},{\"@type\":\"WebSite\",\"@id\":\"https:\/\/www.padreydecano.com\/cms\/#website\",\"url\":\"https:\/\/www.padreydecano.com\/cms\/\",\"name\":\"Padre y Decano - El Sitio del Pueblo\",\"description\":\"Club Atl\u00e9tico Pe\u00f1arol\",\"publisher\":{\"@id\":\"https:\/\/www.padreydecano.com\/cms\/#organization\"},\"potentialAction\":[{\"@type\":\"SearchAction\",\"target\":{\"@type\":\"EntryPoint\",\"urlTemplate\":\"https:\/\/www.padreydecano.com\/cms\/?s={search_term_string}\"},\"query-input\":\"required name=search_term_string\"}],\"inLanguage\":\"es\"},{\"@type\":\"Organization\",\"@id\":\"https:\/\/www.padreydecano.com\/cms\/#organization\",\"name\":\"Padre y Decano\",\"url\":\"https:\/\/www.padreydecano.com\/cms\/\",\"logo\":{\"@type\":\"ImageObject\",\"inLanguage\":\"es\",\"@id\":\"https:\/\/www.padreydecano.com\/cms\/#\/schema\/logo\/image\/\",\"url\":\"https:\/\/www.padreydecano.com\/cms\/wp-content\/uploads\/2022\/01\/avatar-square.png\",\"contentUrl\":\"https:\/\/www.padreydecano.com\/cms\/wp-content\/uploads\/2022\/01\/avatar-square.png\",\"width\":1500,\"height\":1500,\"caption\":\"Padre y Decano\"},\"image\":{\"@id\":\"https:\/\/www.padreydecano.com\/cms\/#\/schema\/logo\/image\/\"}},{\"@type\":\"Person\",\"@id\":\"https:\/\/www.padreydecano.com\/cms\/#\/schema\/person\/1376f1ec91158cca7aeef6d2109f929d\",\"name\":\"fishoapyd\",\"image\":{\"@type\":\"ImageObject\",\"inLanguage\":\"es\",\"@id\":\"https:\/\/www.padreydecano.com\/cms\/#\/schema\/person\/image\/\",\"url\":\"https:\/\/www.padreydecano.com\/cms\/wp-content\/uploads\/2022\/12\/avatar-square-1.png\",\"contentUrl\":\"https:\/\/www.padreydecano.com\/cms\/wp-content\/uploads\/2022\/12\/avatar-square-1.png\",\"caption\":\"fishoapyd\"},\"sameAs\":[\"http:\/\/www.padreydecano.com\"]}]}<\/script>\n<!-- \/ Yoast SEO plugin. -->","yoast_head_json":{"title":"Seguimos siendo noticia en el Mundo - Padre y Decano - El Sitio del Pueblo","robots":{"index":"index","follow":"follow","max-snippet":"max-snippet:-1","max-image-preview":"max-image-preview:large","max-video-preview":"max-video-preview:-1"},"canonical":"https:\/\/www.padreydecano.com\/cms\/noticias\/seguimos-siendo-noticia-en-el-mundo\/","og_locale":"es_ES","og_type":"article","og_title":"Seguimos siendo noticia en el Mundo - Padre y Decano - El Sitio del Pueblo","og_description":"En el d\u00eda de ayer public\u00e1bamos una nota acerca del r\u00e9cord que logramos en venta de entradas de \u00abMANYAS: La Pel\u00edcula\u00bb. Hoy, no s\u00f3lo los medios de Uruguay dieron a conocer la noticia, sino que tambi\u00e9n la destacada web italiana \u00a0www.corrieredellosport.it A continuaci\u00f3n, dejamos el texto publicado en la web italiana para que lean lo [&hellip;]","og_url":"https:\/\/www.padreydecano.com\/cms\/noticias\/seguimos-siendo-noticia-en-el-mundo\/","og_site_name":"Padre y Decano - El Sitio del Pueblo","article_published_time":"2011-10-11T14:10:30+00:00","article_modified_time":"2011-10-11T14:14:00+00:00","og_image":[{"width":640,"height":604,"url":"https:\/\/www.padreydecano.com\/cms\/wp-content\/uploads\/2011\/10\/image001.jpg","type":"image\/jpeg"}],"author":"fishoapyd","twitter_card":"summary_large_image","twitter_misc":{"Escrito por":"fishoapyd","Tiempo de lectura":"2 minutos"},"schema":{"@context":"https:\/\/schema.org","@graph":[{"@type":"Article","@id":"https:\/\/www.padreydecano.com\/cms\/noticias\/seguimos-siendo-noticia-en-el-mundo\/#article","isPartOf":{"@id":"https:\/\/www.padreydecano.com\/cms\/noticias\/seguimos-siendo-noticia-en-el-mundo\/"},"author":{"name":"fishoapyd","@id":"https:\/\/www.padreydecano.com\/cms\/#\/schema\/person\/1376f1ec91158cca7aeef6d2109f929d"},"headline":"Seguimos siendo noticia en el Mundo","datePublished":"2011-10-11T14:10:30+00:00","dateModified":"2011-10-11T14:14:00+00:00","mainEntityOfPage":{"@id":"https:\/\/www.padreydecano.com\/cms\/noticias\/seguimos-siendo-noticia-en-el-mundo\/"},"wordCount":411,"commentCount":3,"publisher":{"@id":"https:\/\/www.padreydecano.com\/cms\/#organization"},"image":{"@id":"https:\/\/www.padreydecano.com\/cms\/noticias\/seguimos-siendo-noticia-en-el-mundo\/#primaryimage"},"thumbnailUrl":"https:\/\/www.padreydecano.com\/cms\/wp-content\/uploads\/2011\/10\/image001.jpg","keywords":["Manyas: La pel\u00edcula"],"articleSection":["Noticias"],"inLanguage":"es","potentialAction":[{"@type":"CommentAction","name":"Comment","target":["https:\/\/www.padreydecano.com\/cms\/noticias\/seguimos-siendo-noticia-en-el-mundo\/#respond"]}]},{"@type":"WebPage","@id":"https:\/\/www.padreydecano.com\/cms\/noticias\/seguimos-siendo-noticia-en-el-mundo\/","url":"https:\/\/www.padreydecano.com\/cms\/noticias\/seguimos-siendo-noticia-en-el-mundo\/","name":"Seguimos siendo noticia en el Mundo - Padre y Decano - El Sitio del Pueblo","isPartOf":{"@id":"https:\/\/www.padreydecano.com\/cms\/#website"},"primaryImageOfPage":{"@id":"https:\/\/www.padreydecano.com\/cms\/noticias\/seguimos-siendo-noticia-en-el-mundo\/#primaryimage"},"image":{"@id":"https:\/\/www.padreydecano.com\/cms\/noticias\/seguimos-siendo-noticia-en-el-mundo\/#primaryimage"},"thumbnailUrl":"https:\/\/www.padreydecano.com\/cms\/wp-content\/uploads\/2011\/10\/image001.jpg","datePublished":"2011-10-11T14:10:30+00:00","dateModified":"2011-10-11T14:14:00+00:00","breadcrumb":{"@id":"https:\/\/www.padreydecano.com\/cms\/noticias\/seguimos-siendo-noticia-en-el-mundo\/#breadcrumb"},"inLanguage":"es","potentialAction":[{"@type":"ReadAction","target":["https:\/\/www.padreydecano.com\/cms\/noticias\/seguimos-siendo-noticia-en-el-mundo\/"]}]},{"@type":"ImageObject","inLanguage":"es","@id":"https:\/\/www.padreydecano.com\/cms\/noticias\/seguimos-siendo-noticia-en-el-mundo\/#primaryimage","url":"https:\/\/www.padreydecano.com\/cms\/wp-content\/uploads\/2011\/10\/image001.jpg","contentUrl":"https:\/\/www.padreydecano.com\/cms\/wp-content\/uploads\/2011\/10\/image001.jpg","width":"640","height":"604"},{"@type":"BreadcrumbList","@id":"https:\/\/www.padreydecano.com\/cms\/noticias\/seguimos-siendo-noticia-en-el-mundo\/#breadcrumb","itemListElement":[{"@type":"ListItem","position":1,"name":"Portada","item":"https:\/\/www.padreydecano.com\/cms\/"},{"@type":"ListItem","position":2,"name":"Seguimos siendo noticia en el Mundo"}]},{"@type":"WebSite","@id":"https:\/\/www.padreydecano.com\/cms\/#website","url":"https:\/\/www.padreydecano.com\/cms\/","name":"Padre y Decano - El Sitio del Pueblo","description":"Club Atl\u00e9tico Pe\u00f1arol","publisher":{"@id":"https:\/\/www.padreydecano.com\/cms\/#organization"},"potentialAction":[{"@type":"SearchAction","target":{"@type":"EntryPoint","urlTemplate":"https:\/\/www.padreydecano.com\/cms\/?s={search_term_string}"},"query-input":"required name=search_term_string"}],"inLanguage":"es"},{"@type":"Organization","@id":"https:\/\/www.padreydecano.com\/cms\/#organization","name":"Padre y Decano","url":"https:\/\/www.padreydecano.com\/cms\/","logo":{"@type":"ImageObject","inLanguage":"es","@id":"https:\/\/www.padreydecano.com\/cms\/#\/schema\/logo\/image\/","url":"https:\/\/www.padreydecano.com\/cms\/wp-content\/uploads\/2022\/01\/avatar-square.png","contentUrl":"https:\/\/www.padreydecano.com\/cms\/wp-content\/uploads\/2022\/01\/avatar-square.png","width":1500,"height":1500,"caption":"Padre y Decano"},"image":{"@id":"https:\/\/www.padreydecano.com\/cms\/#\/schema\/logo\/image\/"}},{"@type":"Person","@id":"https:\/\/www.padreydecano.com\/cms\/#\/schema\/person\/1376f1ec91158cca7aeef6d2109f929d","name":"fishoapyd","image":{"@type":"ImageObject","inLanguage":"es","@id":"https:\/\/www.padreydecano.com\/cms\/#\/schema\/person\/image\/","url":"https:\/\/www.padreydecano.com\/cms\/wp-content\/uploads\/2022\/12\/avatar-square-1.png","contentUrl":"https:\/\/www.padreydecano.com\/cms\/wp-content\/uploads\/2022\/12\/avatar-square-1.png","caption":"fishoapyd"},"sameAs":["http:\/\/www.padreydecano.com"]}]}},"_links":{"self":[{"href":"https:\/\/www.padreydecano.com\/cms\/wp-json\/wp\/v2\/posts\/5535"}],"collection":[{"href":"https:\/\/www.padreydecano.com\/cms\/wp-json\/wp\/v2\/posts"}],"about":[{"href":"https:\/\/www.padreydecano.com\/cms\/wp-json\/wp\/v2\/types\/post"}],"author":[{"embeddable":true,"href":"https:\/\/www.padreydecano.com\/cms\/wp-json\/wp\/v2\/users\/10"}],"replies":[{"embeddable":true,"href":"https:\/\/www.padreydecano.com\/cms\/wp-json\/wp\/v2\/comments?post=5535"}],"version-history":[{"count":0,"href":"https:\/\/www.padreydecano.com\/cms\/wp-json\/wp\/v2\/posts\/5535\/revisions"}],"wp:featuredmedia":[{"embeddable":true,"href":"https:\/\/www.padreydecano.com\/cms\/wp-json\/wp\/v2\/media\/5480"}],"wp:attachment":[{"href":"https:\/\/www.padreydecano.com\/cms\/wp-json\/wp\/v2\/media?parent=5535"}],"wp:term":[{"taxonomy":"category","embeddable":true,"href":"https:\/\/www.padreydecano.com\/cms\/wp-json\/wp\/v2\/categories?post=5535"},{"taxonomy":"post_tag","embeddable":true,"href":"https:\/\/www.padreydecano.com\/cms\/wp-json\/wp\/v2\/tags?post=5535"}],"curies":[{"name":"wp","href":"https:\/\/api.w.org\/{rel}","templated":true}]}}