{"id":55096,"date":"2015-10-16T18:03:32","date_gmt":"2015-10-16T21:03:32","guid":{"rendered":"http:\/\/www.padreydecano.com\/cms\/?p=55096"},"modified":"2015-10-16T18:03:32","modified_gmt":"2015-10-16T21:03:32","slug":"la-pena-zona-oeste-colabora-con-dilan","status":"publish","type":"post","link":"https:\/\/www.padreydecano.com\/cms\/penas\/la-pena-zona-oeste-colabora-con-dilan\/","title":{"rendered":"La Pe\u00f1a Zona Oeste colabora con Dilan"},"content":{"rendered":"<p style=\"text-align: justify;\"><a href=\"https:\/\/www.padreydecano.com\/cms\/wp-content\/uploads\/2015\/10\/Todos-por-Dilan-4.jpg\" rel=\"shadowbox[sbpost-55096];player=img;\"><img loading=\"lazy\" decoding=\"async\" class=\"aligncenter wp-image-55098 size-full\" src=\"https:\/\/www.padreydecano.com\/cms\/wp-content\/uploads\/2015\/10\/Todos-por-Dilan-4-e1445028551402.jpg\" alt=\"Todos por Dilan 4\" width=\"605\" height=\"454\" \/><\/a><strong><a href=\"https:\/\/www.padreydecano.com\/cms\/wp-content\/uploads\/2015\/10\/Todos-por-Dilan-4.jpg\" rel=\"shadowbox[sbpost-55096];player=img;\"><br \/>\n<\/a>Dilan de casi 3 a\u00f1os debe ser sometido a una intervenci\u00f3n quir\u00fargica en China. Por esa raz\u00f3n la Pe\u00f1a \u201cLos Manyas de Zona Oeste\u201d solicitan la colaboraci\u00f3n de la comunidad carbonera para poder costear el tratamiento de c\u00e9lulas madre que supera los U$S 40.000.<\/strong><\/p>\n<p style=\"text-align: justify;\">A causa de una asfixia perinatal, hoy sufre de una encefalopat\u00eda isqu\u00e9mica severa que no le permite caminar, ver ni hablar. Pese a su corta edad, ya pas\u00f3 por varias a internaciones.\u00a0Esta Pe\u00f1a, comprometida con la causa, ya ha recaudado U$S 4.000 entre alcanc\u00edas, y subastas de camisetas que muy amablemente donaron <strong>Marcelo Zalayeta, Fabi\u00e1n Estoyanoff, Luis Aguiar, Gast\u00f3n Guruceaga, Cristian \u00abCebolla\u00bb Rodr\u00edguez y Marcel Novick.<\/strong><\/p>\n<p style=\"text-align: justify;\">Este mes comenzaron con la venta de rifas de una r\u00e9plica de la copa libertadores que se sortear\u00e1 con la \u00faltima loter\u00eda del mes de noviembre.<\/p>\n<p style=\"text-align: justify;\">A\u00fan le quedan U$S 6.000 por recaudar a la familia para que Dilan pueda viajar y comenzar con el tratamiento.\u00a0Quienes deseen colaborar pueden hacerlo efectuando un dep\u00f3sito en la <span style=\"color: #ffcc02;\"><strong>Cuenta Corriente RedPagos N\u00b0 40343<\/strong><\/span>, al tel\u00e9fono <strong>097 602 339 Tiago Lorenzo<\/strong> (Pap\u00e1 de Dilan) o solicita tus rifas al <strong>091 892 996 Gustavo Ingold<\/strong> (Presidente de la Pe\u00f1a).<\/p>\n\n\t\t<style type=\"text\/css\">\n\t\t\t#gallery-1 {\n\t\t\t\tmargin: auto;\n\t\t\t}\n\t\t\t#gallery-1 .gallery-item {\n\t\t\t\tfloat: left;\n\t\t\t\tmargin-top: 10px;\n\t\t\t\ttext-align: center;\n\t\t\t\twidth: 33%;\n\t\t\t}\n\t\t\t#gallery-1 img {\n\t\t\t\tborder: 2px solid #cfcfcf;\n\t\t\t}\n\t\t\t#gallery-1 .gallery-caption {\n\t\t\t\tmargin-left: 0;\n\t\t\t}\n\t\t\t\/* see gallery_shortcode() in wp-includes\/media.php *\/\n\t\t<\/style>\n\t\t<div id='gallery-1' class='gallery galleryid-55096 gallery-columns-3 gallery-size-thumbnail'><dl class='gallery-item'>\n\t\t\t<dt class='gallery-icon portrait'>\n\t\t\t\t<a href='https:\/\/www.padreydecano.com\/cms\/wp-content\/uploads\/2015\/10\/Todos-por-Dilan-1.jpg' rel='shadowbox[sbalbum-55096];player=img;'><img loading=\"lazy\" decoding=\"async\" width=\"150\" height=\"150\" src=\"https:\/\/www.padreydecano.com\/cms\/wp-content\/uploads\/2015\/10\/Todos-por-Dilan-1-150x150.jpg\" class=\"attachment-thumbnail size-thumbnail\" alt=\"\" srcset=\"https:\/\/www.padreydecano.com\/cms\/wp-content\/uploads\/2015\/10\/Todos-por-Dilan-1-150x150.jpg 150w, https:\/\/www.padreydecano.com\/cms\/wp-content\/uploads\/2015\/10\/Todos-por-Dilan-1-36x36.jpg 36w, https:\/\/www.padreydecano.com\/cms\/wp-content\/uploads\/2015\/10\/Todos-por-Dilan-1-115x115.jpg 115w\" sizes=\"(max-width: 150px) 100vw, 150px\" \/><\/a>\n\t\t\t<\/dt><\/dl><dl class='gallery-item'>\n\t\t\t<dt class='gallery-icon landscape'>\n\t\t\t\t<a href='https:\/\/www.padreydecano.com\/cms\/wp-content\/uploads\/2015\/10\/Todos-por-Dilan-2.jpg' rel='shadowbox[sbalbum-55096];player=img;'><img loading=\"lazy\" decoding=\"async\" width=\"150\" height=\"150\" src=\"https:\/\/www.padreydecano.com\/cms\/wp-content\/uploads\/2015\/10\/Todos-por-Dilan-2-150x150.jpg\" class=\"attachment-thumbnail size-thumbnail\" alt=\"\" srcset=\"https:\/\/www.padreydecano.com\/cms\/wp-content\/uploads\/2015\/10\/Todos-por-Dilan-2-150x150.jpg 150w, https:\/\/www.padreydecano.com\/cms\/wp-content\/uploads\/2015\/10\/Todos-por-Dilan-2-36x36.jpg 36w, https:\/\/www.padreydecano.com\/cms\/wp-content\/uploads\/2015\/10\/Todos-por-Dilan-2-115x115.jpg 115w\" sizes=\"(max-width: 150px) 100vw, 150px\" \/><\/a>\n\t\t\t<\/dt><\/dl><dl class='gallery-item'>\n\t\t\t<dt class='gallery-icon landscape'>\n\t\t\t\t<a href='https:\/\/www.padreydecano.com\/cms\/wp-content\/uploads\/2015\/10\/Todos-por-Dilan-3.jpg' rel='shadowbox[sbalbum-55096];player=img;'><img loading=\"lazy\" decoding=\"async\" width=\"150\" height=\"150\" src=\"https:\/\/www.padreydecano.com\/cms\/wp-content\/uploads\/2015\/10\/Todos-por-Dilan-3-150x150.jpg\" class=\"attachment-thumbnail size-thumbnail\" alt=\"\" srcset=\"https:\/\/www.padreydecano.com\/cms\/wp-content\/uploads\/2015\/10\/Todos-por-Dilan-3-150x150.jpg 150w, https:\/\/www.padreydecano.com\/cms\/wp-content\/uploads\/2015\/10\/Todos-por-Dilan-3-300x298.jpg 300w, https:\/\/www.padreydecano.com\/cms\/wp-content\/uploads\/2015\/10\/Todos-por-Dilan-3-36x36.jpg 36w, https:\/\/www.padreydecano.com\/cms\/wp-content\/uploads\/2015\/10\/Todos-por-Dilan-3-115x115.jpg 115w, https:\/\/www.padreydecano.com\/cms\/wp-content\/uploads\/2015\/10\/Todos-por-Dilan-3.jpg 537w\" sizes=\"(max-width: 150px) 100vw, 150px\" \/><\/a>\n\t\t\t<\/dt><\/dl><br style=\"clear: both\" \/>\n\t\t<\/div>\n\n","protected":false},"excerpt":{"rendered":"<p>Dilan de casi 3 a\u00f1os debe ser sometido a una intervenci\u00f3n quir\u00fargica en China. Por esa raz\u00f3n la Pe\u00f1a \u201cLos Manyas de Zona Oeste\u201d solicitan la colaboraci\u00f3n de la comunidad carbonera para poder costear el tratamiento de c\u00e9lulas madre que supera los U$S 40.000. A causa de una asfixia perinatal, hoy sufre de una encefalopat\u00eda [&hellip;]<\/p>\n","protected":false},"author":2,"featured_media":55098,"comment_status":"open","ping_status":"closed","sticky":false,"template":"","format":"standard","meta":{"footnotes":""},"categories":[42],"tags":[101,199],"yoast_head":"<!-- This site is optimized with the Yoast SEO plugin v23.2 - https:\/\/yoast.com\/wordpress\/plugins\/seo\/ -->\n<title>La Pe\u00f1a Zona Oeste colabora con Dilan - Padre y Decano - El Sitio del Pueblo<\/title>\n<meta name=\"robots\" content=\"index, follow, max-snippet:-1, max-image-preview:large, max-video-preview:-1\" \/>\n<link rel=\"canonical\" href=\"https:\/\/www.padreydecano.com\/cms\/penas\/la-pena-zona-oeste-colabora-con-dilan\/\" \/>\n<meta property=\"og:locale\" content=\"es_ES\" \/>\n<meta property=\"og:type\" content=\"article\" \/>\n<meta property=\"og:title\" content=\"La Pe\u00f1a Zona Oeste colabora con Dilan - Padre y Decano - El Sitio del Pueblo\" \/>\n<meta property=\"og:description\" content=\"Dilan de casi 3 a\u00f1os debe ser sometido a una intervenci\u00f3n quir\u00fargica en China. Por esa raz\u00f3n la Pe\u00f1a \u201cLos Manyas de Zona Oeste\u201d solicitan la colaboraci\u00f3n de la comunidad carbonera para poder costear el tratamiento de c\u00e9lulas madre que supera los U$S 40.000. A causa de una asfixia perinatal, hoy sufre de una encefalopat\u00eda [&hellip;]\" \/>\n<meta property=\"og:url\" content=\"https:\/\/www.padreydecano.com\/cms\/penas\/la-pena-zona-oeste-colabora-con-dilan\/\" \/>\n<meta property=\"og:site_name\" content=\"Padre y Decano - El Sitio del Pueblo\" \/>\n<meta property=\"article:published_time\" content=\"2015-10-16T21:03:32+00:00\" \/>\n<meta property=\"og:image\" content=\"https:\/\/www.padreydecano.com\/cms\/wp-content\/uploads\/2015\/10\/Todos-por-Dilan-4-e1445028551402.jpg\" \/>\n\t<meta property=\"og:image:width\" content=\"605\" \/>\n\t<meta property=\"og:image:height\" content=\"454\" \/>\n\t<meta property=\"og:image:type\" content=\"image\/jpeg\" \/>\n<meta name=\"author\" content=\"Gonzalo16\" \/>\n<meta name=\"twitter:card\" content=\"summary_large_image\" \/>\n<meta name=\"twitter:label1\" content=\"Escrito por\" \/>\n\t<meta name=\"twitter:data1\" content=\"Gonzalo16\" \/>\n\t<meta name=\"twitter:label2\" content=\"Tiempo de lectura\" \/>\n\t<meta name=\"twitter:data2\" content=\"1 minuto\" \/>\n<script type=\"application\/ld+json\" class=\"yoast-schema-graph\">{\"@context\":\"https:\/\/schema.org\",\"@graph\":[{\"@type\":\"Article\",\"@id\":\"https:\/\/www.padreydecano.com\/cms\/penas\/la-pena-zona-oeste-colabora-con-dilan\/#article\",\"isPartOf\":{\"@id\":\"https:\/\/www.padreydecano.com\/cms\/penas\/la-pena-zona-oeste-colabora-con-dilan\/\"},\"author\":{\"name\":\"Gonzalo16\",\"@id\":\"https:\/\/www.padreydecano.com\/cms\/#\/schema\/person\/7fe41e3e335700ebd387196df2f9a8d4\"},\"headline\":\"La Pe\u00f1a Zona Oeste colabora con Dilan\",\"datePublished\":\"2015-10-16T21:03:32+00:00\",\"dateModified\":\"2015-10-16T21:03:32+00:00\",\"mainEntityOfPage\":{\"@id\":\"https:\/\/www.padreydecano.com\/cms\/penas\/la-pena-zona-oeste-colabora-con-dilan\/\"},\"wordCount\":218,\"commentCount\":1,\"publisher\":{\"@id\":\"https:\/\/www.padreydecano.com\/cms\/#organization\"},\"image\":{\"@id\":\"https:\/\/www.padreydecano.com\/cms\/penas\/la-pena-zona-oeste-colabora-con-dilan\/#primaryimage\"},\"thumbnailUrl\":\"https:\/\/www.padreydecano.com\/cms\/wp-content\/uploads\/2015\/10\/Todos-por-Dilan-4-e1445028551402.jpg\",\"keywords\":[\"Movidas Solidarias\",\"Pe\u00f1as Barriales\"],\"articleSection\":[\"Pe\u00f1as\"],\"inLanguage\":\"es\",\"potentialAction\":[{\"@type\":\"CommentAction\",\"name\":\"Comment\",\"target\":[\"https:\/\/www.padreydecano.com\/cms\/penas\/la-pena-zona-oeste-colabora-con-dilan\/#respond\"]}]},{\"@type\":\"WebPage\",\"@id\":\"https:\/\/www.padreydecano.com\/cms\/penas\/la-pena-zona-oeste-colabora-con-dilan\/\",\"url\":\"https:\/\/www.padreydecano.com\/cms\/penas\/la-pena-zona-oeste-colabora-con-dilan\/\",\"name\":\"La Pe\u00f1a Zona Oeste colabora con Dilan - Padre y Decano - El Sitio del Pueblo\",\"isPartOf\":{\"@id\":\"https:\/\/www.padreydecano.com\/cms\/#website\"},\"primaryImageOfPage\":{\"@id\":\"https:\/\/www.padreydecano.com\/cms\/penas\/la-pena-zona-oeste-colabora-con-dilan\/#primaryimage\"},\"image\":{\"@id\":\"https:\/\/www.padreydecano.com\/cms\/penas\/la-pena-zona-oeste-colabora-con-dilan\/#primaryimage\"},\"thumbnailUrl\":\"https:\/\/www.padreydecano.com\/cms\/wp-content\/uploads\/2015\/10\/Todos-por-Dilan-4-e1445028551402.jpg\",\"datePublished\":\"2015-10-16T21:03:32+00:00\",\"dateModified\":\"2015-10-16T21:03:32+00:00\",\"breadcrumb\":{\"@id\":\"https:\/\/www.padreydecano.com\/cms\/penas\/la-pena-zona-oeste-colabora-con-dilan\/#breadcrumb\"},\"inLanguage\":\"es\",\"potentialAction\":[{\"@type\":\"ReadAction\",\"target\":[\"https:\/\/www.padreydecano.com\/cms\/penas\/la-pena-zona-oeste-colabora-con-dilan\/\"]}]},{\"@type\":\"ImageObject\",\"inLanguage\":\"es\",\"@id\":\"https:\/\/www.padreydecano.com\/cms\/penas\/la-pena-zona-oeste-colabora-con-dilan\/#primaryimage\",\"url\":\"https:\/\/www.padreydecano.com\/cms\/wp-content\/uploads\/2015\/10\/Todos-por-Dilan-4-e1445028551402.jpg\",\"contentUrl\":\"https:\/\/www.padreydecano.com\/cms\/wp-content\/uploads\/2015\/10\/Todos-por-Dilan-4-e1445028551402.jpg\",\"width\":605,\"height\":454},{\"@type\":\"BreadcrumbList\",\"@id\":\"https:\/\/www.padreydecano.com\/cms\/penas\/la-pena-zona-oeste-colabora-con-dilan\/#breadcrumb\",\"itemListElement\":[{\"@type\":\"ListItem\",\"position\":1,\"name\":\"Portada\",\"item\":\"https:\/\/www.padreydecano.com\/cms\/\"},{\"@type\":\"ListItem\",\"position\":2,\"name\":\"La Pe\u00f1a Zona Oeste colabora con Dilan\"}]},{\"@type\":\"WebSite\",\"@id\":\"https:\/\/www.padreydecano.com\/cms\/#website\",\"url\":\"https:\/\/www.padreydecano.com\/cms\/\",\"name\":\"Padre y Decano - El Sitio del Pueblo\",\"description\":\"Club Atl\u00e9tico Pe\u00f1arol\",\"publisher\":{\"@id\":\"https:\/\/www.padreydecano.com\/cms\/#organization\"},\"potentialAction\":[{\"@type\":\"SearchAction\",\"target\":{\"@type\":\"EntryPoint\",\"urlTemplate\":\"https:\/\/www.padreydecano.com\/cms\/?s={search_term_string}\"},\"query-input\":\"required name=search_term_string\"}],\"inLanguage\":\"es\"},{\"@type\":\"Organization\",\"@id\":\"https:\/\/www.padreydecano.com\/cms\/#organization\",\"name\":\"Padre y Decano\",\"url\":\"https:\/\/www.padreydecano.com\/cms\/\",\"logo\":{\"@type\":\"ImageObject\",\"inLanguage\":\"es\",\"@id\":\"https:\/\/www.padreydecano.com\/cms\/#\/schema\/logo\/image\/\",\"url\":\"https:\/\/www.padreydecano.com\/cms\/wp-content\/uploads\/2022\/01\/avatar-square.png\",\"contentUrl\":\"https:\/\/www.padreydecano.com\/cms\/wp-content\/uploads\/2022\/01\/avatar-square.png\",\"width\":1500,\"height\":1500,\"caption\":\"Padre y Decano\"},\"image\":{\"@id\":\"https:\/\/www.padreydecano.com\/cms\/#\/schema\/logo\/image\/\"}},{\"@type\":\"Person\",\"@id\":\"https:\/\/www.padreydecano.com\/cms\/#\/schema\/person\/7fe41e3e335700ebd387196df2f9a8d4\",\"name\":\"Gonzalo16\",\"image\":{\"@type\":\"ImageObject\",\"inLanguage\":\"es\",\"@id\":\"https:\/\/www.padreydecano.com\/cms\/#\/schema\/person\/image\/\",\"url\":\"https:\/\/secure.gravatar.com\/avatar\/4d5cdd49803a2313c01f77e3dfc05d81?s=96&d=https%3A%2F%2Fpadreydecano.com%2Fcms%2Fwp-content%2Fthemes%2Fpyd-theme%2Fimg%2Fdefault-avatar.png&r=g\",\"contentUrl\":\"https:\/\/secure.gravatar.com\/avatar\/4d5cdd49803a2313c01f77e3dfc05d81?s=96&d=https%3A%2F%2Fpadreydecano.com%2Fcms%2Fwp-content%2Fthemes%2Fpyd-theme%2Fimg%2Fdefault-avatar.png&r=g\",\"caption\":\"Gonzalo16\"}}]}<\/script>\n<!-- \/ Yoast SEO plugin. -->","yoast_head_json":{"title":"La Pe\u00f1a Zona Oeste colabora con Dilan - Padre y Decano - El Sitio del Pueblo","robots":{"index":"index","follow":"follow","max-snippet":"max-snippet:-1","max-image-preview":"max-image-preview:large","max-video-preview":"max-video-preview:-1"},"canonical":"https:\/\/www.padreydecano.com\/cms\/penas\/la-pena-zona-oeste-colabora-con-dilan\/","og_locale":"es_ES","og_type":"article","og_title":"La Pe\u00f1a Zona Oeste colabora con Dilan - Padre y Decano - El Sitio del Pueblo","og_description":"Dilan de casi 3 a\u00f1os debe ser sometido a una intervenci\u00f3n quir\u00fargica en China. Por esa raz\u00f3n la Pe\u00f1a \u201cLos Manyas de Zona Oeste\u201d solicitan la colaboraci\u00f3n de la comunidad carbonera para poder costear el tratamiento de c\u00e9lulas madre que supera los U$S 40.000. A causa de una asfixia perinatal, hoy sufre de una encefalopat\u00eda [&hellip;]","og_url":"https:\/\/www.padreydecano.com\/cms\/penas\/la-pena-zona-oeste-colabora-con-dilan\/","og_site_name":"Padre y Decano - El Sitio del Pueblo","article_published_time":"2015-10-16T21:03:32+00:00","og_image":[{"width":605,"height":454,"url":"https:\/\/www.padreydecano.com\/cms\/wp-content\/uploads\/2015\/10\/Todos-por-Dilan-4-e1445028551402.jpg","type":"image\/jpeg"}],"author":"Gonzalo16","twitter_card":"summary_large_image","twitter_misc":{"Escrito por":"Gonzalo16","Tiempo de lectura":"1 minuto"},"schema":{"@context":"https:\/\/schema.org","@graph":[{"@type":"Article","@id":"https:\/\/www.padreydecano.com\/cms\/penas\/la-pena-zona-oeste-colabora-con-dilan\/#article","isPartOf":{"@id":"https:\/\/www.padreydecano.com\/cms\/penas\/la-pena-zona-oeste-colabora-con-dilan\/"},"author":{"name":"Gonzalo16","@id":"https:\/\/www.padreydecano.com\/cms\/#\/schema\/person\/7fe41e3e335700ebd387196df2f9a8d4"},"headline":"La Pe\u00f1a Zona Oeste colabora con Dilan","datePublished":"2015-10-16T21:03:32+00:00","dateModified":"2015-10-16T21:03:32+00:00","mainEntityOfPage":{"@id":"https:\/\/www.padreydecano.com\/cms\/penas\/la-pena-zona-oeste-colabora-con-dilan\/"},"wordCount":218,"commentCount":1,"publisher":{"@id":"https:\/\/www.padreydecano.com\/cms\/#organization"},"image":{"@id":"https:\/\/www.padreydecano.com\/cms\/penas\/la-pena-zona-oeste-colabora-con-dilan\/#primaryimage"},"thumbnailUrl":"https:\/\/www.padreydecano.com\/cms\/wp-content\/uploads\/2015\/10\/Todos-por-Dilan-4-e1445028551402.jpg","keywords":["Movidas Solidarias","Pe\u00f1as Barriales"],"articleSection":["Pe\u00f1as"],"inLanguage":"es","potentialAction":[{"@type":"CommentAction","name":"Comment","target":["https:\/\/www.padreydecano.com\/cms\/penas\/la-pena-zona-oeste-colabora-con-dilan\/#respond"]}]},{"@type":"WebPage","@id":"https:\/\/www.padreydecano.com\/cms\/penas\/la-pena-zona-oeste-colabora-con-dilan\/","url":"https:\/\/www.padreydecano.com\/cms\/penas\/la-pena-zona-oeste-colabora-con-dilan\/","name":"La Pe\u00f1a Zona Oeste colabora con Dilan - Padre y Decano - El Sitio del Pueblo","isPartOf":{"@id":"https:\/\/www.padreydecano.com\/cms\/#website"},"primaryImageOfPage":{"@id":"https:\/\/www.padreydecano.com\/cms\/penas\/la-pena-zona-oeste-colabora-con-dilan\/#primaryimage"},"image":{"@id":"https:\/\/www.padreydecano.com\/cms\/penas\/la-pena-zona-oeste-colabora-con-dilan\/#primaryimage"},"thumbnailUrl":"https:\/\/www.padreydecano.com\/cms\/wp-content\/uploads\/2015\/10\/Todos-por-Dilan-4-e1445028551402.jpg","datePublished":"2015-10-16T21:03:32+00:00","dateModified":"2015-10-16T21:03:32+00:00","breadcrumb":{"@id":"https:\/\/www.padreydecano.com\/cms\/penas\/la-pena-zona-oeste-colabora-con-dilan\/#breadcrumb"},"inLanguage":"es","potentialAction":[{"@type":"ReadAction","target":["https:\/\/www.padreydecano.com\/cms\/penas\/la-pena-zona-oeste-colabora-con-dilan\/"]}]},{"@type":"ImageObject","inLanguage":"es","@id":"https:\/\/www.padreydecano.com\/cms\/penas\/la-pena-zona-oeste-colabora-con-dilan\/#primaryimage","url":"https:\/\/www.padreydecano.com\/cms\/wp-content\/uploads\/2015\/10\/Todos-por-Dilan-4-e1445028551402.jpg","contentUrl":"https:\/\/www.padreydecano.com\/cms\/wp-content\/uploads\/2015\/10\/Todos-por-Dilan-4-e1445028551402.jpg","width":605,"height":454},{"@type":"BreadcrumbList","@id":"https:\/\/www.padreydecano.com\/cms\/penas\/la-pena-zona-oeste-colabora-con-dilan\/#breadcrumb","itemListElement":[{"@type":"ListItem","position":1,"name":"Portada","item":"https:\/\/www.padreydecano.com\/cms\/"},{"@type":"ListItem","position":2,"name":"La Pe\u00f1a Zona Oeste colabora con Dilan"}]},{"@type":"WebSite","@id":"https:\/\/www.padreydecano.com\/cms\/#website","url":"https:\/\/www.padreydecano.com\/cms\/","name":"Padre y Decano - El Sitio del Pueblo","description":"Club Atl\u00e9tico Pe\u00f1arol","publisher":{"@id":"https:\/\/www.padreydecano.com\/cms\/#organization"},"potentialAction":[{"@type":"SearchAction","target":{"@type":"EntryPoint","urlTemplate":"https:\/\/www.padreydecano.com\/cms\/?s={search_term_string}"},"query-input":"required name=search_term_string"}],"inLanguage":"es"},{"@type":"Organization","@id":"https:\/\/www.padreydecano.com\/cms\/#organization","name":"Padre y Decano","url":"https:\/\/www.padreydecano.com\/cms\/","logo":{"@type":"ImageObject","inLanguage":"es","@id":"https:\/\/www.padreydecano.com\/cms\/#\/schema\/logo\/image\/","url":"https:\/\/www.padreydecano.com\/cms\/wp-content\/uploads\/2022\/01\/avatar-square.png","contentUrl":"https:\/\/www.padreydecano.com\/cms\/wp-content\/uploads\/2022\/01\/avatar-square.png","width":1500,"height":1500,"caption":"Padre y Decano"},"image":{"@id":"https:\/\/www.padreydecano.com\/cms\/#\/schema\/logo\/image\/"}},{"@type":"Person","@id":"https:\/\/www.padreydecano.com\/cms\/#\/schema\/person\/7fe41e3e335700ebd387196df2f9a8d4","name":"Gonzalo16","image":{"@type":"ImageObject","inLanguage":"es","@id":"https:\/\/www.padreydecano.com\/cms\/#\/schema\/person\/image\/","url":"https:\/\/secure.gravatar.com\/avatar\/4d5cdd49803a2313c01f77e3dfc05d81?s=96&d=https%3A%2F%2Fpadreydecano.com%2Fcms%2Fwp-content%2Fthemes%2Fpyd-theme%2Fimg%2Fdefault-avatar.png&r=g","contentUrl":"https:\/\/secure.gravatar.com\/avatar\/4d5cdd49803a2313c01f77e3dfc05d81?s=96&d=https%3A%2F%2Fpadreydecano.com%2Fcms%2Fwp-content%2Fthemes%2Fpyd-theme%2Fimg%2Fdefault-avatar.png&r=g","caption":"Gonzalo16"}}]}},"_links":{"self":[{"href":"https:\/\/www.padreydecano.com\/cms\/wp-json\/wp\/v2\/posts\/55096"}],"collection":[{"href":"https:\/\/www.padreydecano.com\/cms\/wp-json\/wp\/v2\/posts"}],"about":[{"href":"https:\/\/www.padreydecano.com\/cms\/wp-json\/wp\/v2\/types\/post"}],"author":[{"embeddable":true,"href":"https:\/\/www.padreydecano.com\/cms\/wp-json\/wp\/v2\/users\/2"}],"replies":[{"embeddable":true,"href":"https:\/\/www.padreydecano.com\/cms\/wp-json\/wp\/v2\/comments?post=55096"}],"version-history":[{"count":0,"href":"https:\/\/www.padreydecano.com\/cms\/wp-json\/wp\/v2\/posts\/55096\/revisions"}],"wp:featuredmedia":[{"embeddable":true,"href":"https:\/\/www.padreydecano.com\/cms\/wp-json\/wp\/v2\/media\/55098"}],"wp:attachment":[{"href":"https:\/\/www.padreydecano.com\/cms\/wp-json\/wp\/v2\/media?parent=55096"}],"wp:term":[{"taxonomy":"category","embeddable":true,"href":"https:\/\/www.padreydecano.com\/cms\/wp-json\/wp\/v2\/categories?post=55096"},{"taxonomy":"post_tag","embeddable":true,"href":"https:\/\/www.padreydecano.com\/cms\/wp-json\/wp\/v2\/tags?post=55096"}],"curies":[{"name":"wp","href":"https:\/\/api.w.org\/{rel}","templated":true}]}}