{"id":54591,"date":"2015-09-09T19:09:58","date_gmt":"2015-09-09T22:09:58","guid":{"rendered":"http:\/\/www.padreydecano.com\/cms\/?p=54591"},"modified":"2015-09-10T14:02:22","modified_gmt":"2015-09-10T17:02:22","slug":"nahitan-nandez-debuto-en-la-seleccion-mayor","status":"publish","type":"post","link":"https:\/\/www.padreydecano.com\/cms\/noticias\/nahitan-nandez-debuto-en-la-seleccion-mayor\/","title":{"rendered":"Nahitan N\u00e1ndez debut\u00f3 en la selecci\u00f3n mayor"},"content":{"rendered":"<p style=\"text-align: justify;\"><a href=\"https:\/\/www.padreydecano.com\/cms\/wp-content\/uploads\/2015\/09\/debut-nahitan-nandez.jpg\" rel=\"shadowbox[sbpost-54591];player=img;\"><img loading=\"lazy\" decoding=\"async\" class=\"aligncenter  wp-image-54592\" src=\"https:\/\/www.padreydecano.com\/cms\/wp-content\/uploads\/2015\/09\/debut-nahitan-nandez.jpg\" alt=\"debut-nahitan-nandez\" width=\"606\" height=\"385\" srcset=\"https:\/\/www.padreydecano.com\/cms\/wp-content\/uploads\/2015\/09\/debut-nahitan-nandez.jpg 697w, https:\/\/www.padreydecano.com\/cms\/wp-content\/uploads\/2015\/09\/debut-nahitan-nandez-300x191.jpg 300w\" sizes=\"(max-width: 606px) 100vw, 606px\" \/><\/a><\/p>\n<p style=\"text-align: justify;\">El 8 de setiembre de 2015 quedar\u00e1 marcado en la historia personal de Nahitan N\u00e1ndez como el d\u00eda que debut\u00f3 en la selecci\u00f3n uruguaya mayor (amistoso). El volante carbonero y capit\u00e1n de la selecci\u00f3n Sub 20 ingres\u00f3 a los 36 minutos del primer tiempo en el amistoso que Uruguay finalmente cay\u00f3 1 a 0 ante Costa Rica.<\/p>\n<p style=\"text-align: justify;\">Con la n\u00famero 13 en la espalda, Nahitan acompa\u00f1\u00f3 en la doble contenci\u00f3n a Egidio Ar\u00e9valo R\u00edos y nos hizo ilusionar, por qu\u00e9 no,\u00a0con un mediocampo as\u00ed para la Copa Libertadores 2016. El volante aprovech\u00f3 su oportunidad e hizo un buen partido. Regresar\u00e1 a Montevideo y si no hay ningun problema, deber\u00eda ser titular el domingo ante la IASA.<\/p>\n","protected":false},"excerpt":{"rendered":"<p>El 8 de setiembre de 2015 quedar\u00e1 marcado en la historia personal de Nahitan N\u00e1ndez como el d\u00eda que debut\u00f3 en la selecci\u00f3n uruguaya mayor (amistoso).<\/p>\n","protected":false},"author":13,"featured_media":54593,"comment_status":"open","ping_status":"closed","sticky":false,"template":"","format":"standard","meta":{"footnotes":""},"categories":[1],"tags":[105],"yoast_head":"<!-- This site is optimized with the Yoast SEO plugin v23.2 - https:\/\/yoast.com\/wordpress\/plugins\/seo\/ -->\n<title>Nahitan N\u00e1ndez debut\u00f3 en la selecci\u00f3n mayor - Padre y Decano - El Sitio del Pueblo<\/title>\n<meta name=\"robots\" content=\"index, follow, max-snippet:-1, max-image-preview:large, max-video-preview:-1\" \/>\n<link rel=\"canonical\" href=\"https:\/\/www.padreydecano.com\/cms\/noticias\/nahitan-nandez-debuto-en-la-seleccion-mayor\/\" \/>\n<meta property=\"og:locale\" content=\"es_ES\" \/>\n<meta property=\"og:type\" content=\"article\" \/>\n<meta property=\"og:title\" content=\"Nahitan N\u00e1ndez debut\u00f3 en la selecci\u00f3n mayor - Padre y Decano - El Sitio del Pueblo\" \/>\n<meta property=\"og:description\" content=\"El 8 de setiembre de 2015 quedar\u00e1 marcado en la historia personal de Nahitan N\u00e1ndez como el d\u00eda que debut\u00f3 en la selecci\u00f3n uruguaya mayor (amistoso).\" \/>\n<meta property=\"og:url\" content=\"https:\/\/www.padreydecano.com\/cms\/noticias\/nahitan-nandez-debuto-en-la-seleccion-mayor\/\" \/>\n<meta property=\"og:site_name\" content=\"Padre y Decano - El Sitio del Pueblo\" \/>\n<meta property=\"article:published_time\" content=\"2015-09-09T22:09:58+00:00\" \/>\n<meta property=\"article:modified_time\" content=\"2015-09-10T17:02:22+00:00\" \/>\n<meta property=\"og:image\" content=\"https:\/\/www.padreydecano.com\/cms\/wp-content\/uploads\/2015\/09\/nandez-seleccion-debut.jpg\" \/>\n\t<meta property=\"og:image:width\" content=\"671\" \/>\n\t<meta property=\"og:image:height\" content=\"335\" \/>\n\t<meta property=\"og:image:type\" content=\"image\/jpeg\" \/>\n<meta name=\"author\" content=\"Moderador\" \/>\n<meta name=\"twitter:card\" content=\"summary_large_image\" \/>\n<meta name=\"twitter:label1\" content=\"Escrito por\" \/>\n\t<meta name=\"twitter:data1\" content=\"Moderador\" \/>\n\t<meta name=\"twitter:label2\" content=\"Tiempo de lectura\" \/>\n\t<meta name=\"twitter:data2\" content=\"1 minuto\" \/>\n<script type=\"application\/ld+json\" class=\"yoast-schema-graph\">{\"@context\":\"https:\/\/schema.org\",\"@graph\":[{\"@type\":\"Article\",\"@id\":\"https:\/\/www.padreydecano.com\/cms\/noticias\/nahitan-nandez-debuto-en-la-seleccion-mayor\/#article\",\"isPartOf\":{\"@id\":\"https:\/\/www.padreydecano.com\/cms\/noticias\/nahitan-nandez-debuto-en-la-seleccion-mayor\/\"},\"author\":{\"name\":\"Moderador\",\"@id\":\"https:\/\/www.padreydecano.com\/cms\/#\/schema\/person\/d93e9e537230ae052c194251d9a1def2\"},\"headline\":\"Nahitan N\u00e1ndez debut\u00f3 en la selecci\u00f3n mayor\",\"datePublished\":\"2015-09-09T22:09:58+00:00\",\"dateModified\":\"2015-09-10T17:02:22+00:00\",\"mainEntityOfPage\":{\"@id\":\"https:\/\/www.padreydecano.com\/cms\/noticias\/nahitan-nandez-debuto-en-la-seleccion-mayor\/\"},\"wordCount\":128,\"commentCount\":9,\"publisher\":{\"@id\":\"https:\/\/www.padreydecano.com\/cms\/#organization\"},\"image\":{\"@id\":\"https:\/\/www.padreydecano.com\/cms\/noticias\/nahitan-nandez-debuto-en-la-seleccion-mayor\/#primaryimage\"},\"thumbnailUrl\":\"https:\/\/www.padreydecano.com\/cms\/wp-content\/uploads\/2015\/09\/nandez-seleccion-debut.jpg\",\"keywords\":[\"Selecci\u00f3n Uruguaya\"],\"articleSection\":[\"Noticias\"],\"inLanguage\":\"es\",\"potentialAction\":[{\"@type\":\"CommentAction\",\"name\":\"Comment\",\"target\":[\"https:\/\/www.padreydecano.com\/cms\/noticias\/nahitan-nandez-debuto-en-la-seleccion-mayor\/#respond\"]}]},{\"@type\":\"WebPage\",\"@id\":\"https:\/\/www.padreydecano.com\/cms\/noticias\/nahitan-nandez-debuto-en-la-seleccion-mayor\/\",\"url\":\"https:\/\/www.padreydecano.com\/cms\/noticias\/nahitan-nandez-debuto-en-la-seleccion-mayor\/\",\"name\":\"Nahitan N\u00e1ndez debut\u00f3 en la selecci\u00f3n mayor - Padre y Decano - El Sitio del Pueblo\",\"isPartOf\":{\"@id\":\"https:\/\/www.padreydecano.com\/cms\/#website\"},\"primaryImageOfPage\":{\"@id\":\"https:\/\/www.padreydecano.com\/cms\/noticias\/nahitan-nandez-debuto-en-la-seleccion-mayor\/#primaryimage\"},\"image\":{\"@id\":\"https:\/\/www.padreydecano.com\/cms\/noticias\/nahitan-nandez-debuto-en-la-seleccion-mayor\/#primaryimage\"},\"thumbnailUrl\":\"https:\/\/www.padreydecano.com\/cms\/wp-content\/uploads\/2015\/09\/nandez-seleccion-debut.jpg\",\"datePublished\":\"2015-09-09T22:09:58+00:00\",\"dateModified\":\"2015-09-10T17:02:22+00:00\",\"breadcrumb\":{\"@id\":\"https:\/\/www.padreydecano.com\/cms\/noticias\/nahitan-nandez-debuto-en-la-seleccion-mayor\/#breadcrumb\"},\"inLanguage\":\"es\",\"potentialAction\":[{\"@type\":\"ReadAction\",\"target\":[\"https:\/\/www.padreydecano.com\/cms\/noticias\/nahitan-nandez-debuto-en-la-seleccion-mayor\/\"]}]},{\"@type\":\"ImageObject\",\"inLanguage\":\"es\",\"@id\":\"https:\/\/www.padreydecano.com\/cms\/noticias\/nahitan-nandez-debuto-en-la-seleccion-mayor\/#primaryimage\",\"url\":\"https:\/\/www.padreydecano.com\/cms\/wp-content\/uploads\/2015\/09\/nandez-seleccion-debut.jpg\",\"contentUrl\":\"https:\/\/www.padreydecano.com\/cms\/wp-content\/uploads\/2015\/09\/nandez-seleccion-debut.jpg\",\"width\":671,\"height\":335},{\"@type\":\"BreadcrumbList\",\"@id\":\"https:\/\/www.padreydecano.com\/cms\/noticias\/nahitan-nandez-debuto-en-la-seleccion-mayor\/#breadcrumb\",\"itemListElement\":[{\"@type\":\"ListItem\",\"position\":1,\"name\":\"Portada\",\"item\":\"https:\/\/www.padreydecano.com\/cms\/\"},{\"@type\":\"ListItem\",\"position\":2,\"name\":\"Nahitan N\u00e1ndez debut\u00f3 en la selecci\u00f3n mayor\"}]},{\"@type\":\"WebSite\",\"@id\":\"https:\/\/www.padreydecano.com\/cms\/#website\",\"url\":\"https:\/\/www.padreydecano.com\/cms\/\",\"name\":\"Padre y Decano - El Sitio del Pueblo\",\"description\":\"Club Atl\u00e9tico Pe\u00f1arol\",\"publisher\":{\"@id\":\"https:\/\/www.padreydecano.com\/cms\/#organization\"},\"potentialAction\":[{\"@type\":\"SearchAction\",\"target\":{\"@type\":\"EntryPoint\",\"urlTemplate\":\"https:\/\/www.padreydecano.com\/cms\/?s={search_term_string}\"},\"query-input\":\"required name=search_term_string\"}],\"inLanguage\":\"es\"},{\"@type\":\"Organization\",\"@id\":\"https:\/\/www.padreydecano.com\/cms\/#organization\",\"name\":\"Padre y Decano\",\"url\":\"https:\/\/www.padreydecano.com\/cms\/\",\"logo\":{\"@type\":\"ImageObject\",\"inLanguage\":\"es\",\"@id\":\"https:\/\/www.padreydecano.com\/cms\/#\/schema\/logo\/image\/\",\"url\":\"https:\/\/www.padreydecano.com\/cms\/wp-content\/uploads\/2022\/01\/avatar-square.png\",\"contentUrl\":\"https:\/\/www.padreydecano.com\/cms\/wp-content\/uploads\/2022\/01\/avatar-square.png\",\"width\":1500,\"height\":1500,\"caption\":\"Padre y Decano\"},\"image\":{\"@id\":\"https:\/\/www.padreydecano.com\/cms\/#\/schema\/logo\/image\/\"}},{\"@type\":\"Person\",\"@id\":\"https:\/\/www.padreydecano.com\/cms\/#\/schema\/person\/d93e9e537230ae052c194251d9a1def2\",\"name\":\"Moderador\",\"image\":{\"@type\":\"ImageObject\",\"inLanguage\":\"es\",\"@id\":\"https:\/\/www.padreydecano.com\/cms\/#\/schema\/person\/image\/\",\"url\":\"https:\/\/secure.gravatar.com\/avatar\/2587727bf8a53bd3da4ec49f01bea66e?s=96&d=https%3A%2F%2Fpadreydecano.com%2Fcms%2Fwp-content%2Fthemes%2Fpyd-theme%2Fimg%2Fdefault-avatar.png&r=g\",\"contentUrl\":\"https:\/\/secure.gravatar.com\/avatar\/2587727bf8a53bd3da4ec49f01bea66e?s=96&d=https%3A%2F%2Fpadreydecano.com%2Fcms%2Fwp-content%2Fthemes%2Fpyd-theme%2Fimg%2Fdefault-avatar.png&r=g\",\"caption\":\"Moderador\"}}]}<\/script>\n<!-- \/ Yoast SEO plugin. -->","yoast_head_json":{"title":"Nahitan N\u00e1ndez debut\u00f3 en la selecci\u00f3n mayor - Padre y Decano - El Sitio del Pueblo","robots":{"index":"index","follow":"follow","max-snippet":"max-snippet:-1","max-image-preview":"max-image-preview:large","max-video-preview":"max-video-preview:-1"},"canonical":"https:\/\/www.padreydecano.com\/cms\/noticias\/nahitan-nandez-debuto-en-la-seleccion-mayor\/","og_locale":"es_ES","og_type":"article","og_title":"Nahitan N\u00e1ndez debut\u00f3 en la selecci\u00f3n mayor - Padre y Decano - El Sitio del Pueblo","og_description":"El 8 de setiembre de 2015 quedar\u00e1 marcado en la historia personal de Nahitan N\u00e1ndez como el d\u00eda que debut\u00f3 en la selecci\u00f3n uruguaya mayor (amistoso).","og_url":"https:\/\/www.padreydecano.com\/cms\/noticias\/nahitan-nandez-debuto-en-la-seleccion-mayor\/","og_site_name":"Padre y Decano - El Sitio del Pueblo","article_published_time":"2015-09-09T22:09:58+00:00","article_modified_time":"2015-09-10T17:02:22+00:00","og_image":[{"width":671,"height":335,"url":"https:\/\/www.padreydecano.com\/cms\/wp-content\/uploads\/2015\/09\/nandez-seleccion-debut.jpg","type":"image\/jpeg"}],"author":"Moderador","twitter_card":"summary_large_image","twitter_misc":{"Escrito por":"Moderador","Tiempo de lectura":"1 minuto"},"schema":{"@context":"https:\/\/schema.org","@graph":[{"@type":"Article","@id":"https:\/\/www.padreydecano.com\/cms\/noticias\/nahitan-nandez-debuto-en-la-seleccion-mayor\/#article","isPartOf":{"@id":"https:\/\/www.padreydecano.com\/cms\/noticias\/nahitan-nandez-debuto-en-la-seleccion-mayor\/"},"author":{"name":"Moderador","@id":"https:\/\/www.padreydecano.com\/cms\/#\/schema\/person\/d93e9e537230ae052c194251d9a1def2"},"headline":"Nahitan N\u00e1ndez debut\u00f3 en la selecci\u00f3n mayor","datePublished":"2015-09-09T22:09:58+00:00","dateModified":"2015-09-10T17:02:22+00:00","mainEntityOfPage":{"@id":"https:\/\/www.padreydecano.com\/cms\/noticias\/nahitan-nandez-debuto-en-la-seleccion-mayor\/"},"wordCount":128,"commentCount":9,"publisher":{"@id":"https:\/\/www.padreydecano.com\/cms\/#organization"},"image":{"@id":"https:\/\/www.padreydecano.com\/cms\/noticias\/nahitan-nandez-debuto-en-la-seleccion-mayor\/#primaryimage"},"thumbnailUrl":"https:\/\/www.padreydecano.com\/cms\/wp-content\/uploads\/2015\/09\/nandez-seleccion-debut.jpg","keywords":["Selecci\u00f3n Uruguaya"],"articleSection":["Noticias"],"inLanguage":"es","potentialAction":[{"@type":"CommentAction","name":"Comment","target":["https:\/\/www.padreydecano.com\/cms\/noticias\/nahitan-nandez-debuto-en-la-seleccion-mayor\/#respond"]}]},{"@type":"WebPage","@id":"https:\/\/www.padreydecano.com\/cms\/noticias\/nahitan-nandez-debuto-en-la-seleccion-mayor\/","url":"https:\/\/www.padreydecano.com\/cms\/noticias\/nahitan-nandez-debuto-en-la-seleccion-mayor\/","name":"Nahitan N\u00e1ndez debut\u00f3 en la selecci\u00f3n mayor - Padre y Decano - El Sitio del Pueblo","isPartOf":{"@id":"https:\/\/www.padreydecano.com\/cms\/#website"},"primaryImageOfPage":{"@id":"https:\/\/www.padreydecano.com\/cms\/noticias\/nahitan-nandez-debuto-en-la-seleccion-mayor\/#primaryimage"},"image":{"@id":"https:\/\/www.padreydecano.com\/cms\/noticias\/nahitan-nandez-debuto-en-la-seleccion-mayor\/#primaryimage"},"thumbnailUrl":"https:\/\/www.padreydecano.com\/cms\/wp-content\/uploads\/2015\/09\/nandez-seleccion-debut.jpg","datePublished":"2015-09-09T22:09:58+00:00","dateModified":"2015-09-10T17:02:22+00:00","breadcrumb":{"@id":"https:\/\/www.padreydecano.com\/cms\/noticias\/nahitan-nandez-debuto-en-la-seleccion-mayor\/#breadcrumb"},"inLanguage":"es","potentialAction":[{"@type":"ReadAction","target":["https:\/\/www.padreydecano.com\/cms\/noticias\/nahitan-nandez-debuto-en-la-seleccion-mayor\/"]}]},{"@type":"ImageObject","inLanguage":"es","@id":"https:\/\/www.padreydecano.com\/cms\/noticias\/nahitan-nandez-debuto-en-la-seleccion-mayor\/#primaryimage","url":"https:\/\/www.padreydecano.com\/cms\/wp-content\/uploads\/2015\/09\/nandez-seleccion-debut.jpg","contentUrl":"https:\/\/www.padreydecano.com\/cms\/wp-content\/uploads\/2015\/09\/nandez-seleccion-debut.jpg","width":671,"height":335},{"@type":"BreadcrumbList","@id":"https:\/\/www.padreydecano.com\/cms\/noticias\/nahitan-nandez-debuto-en-la-seleccion-mayor\/#breadcrumb","itemListElement":[{"@type":"ListItem","position":1,"name":"Portada","item":"https:\/\/www.padreydecano.com\/cms\/"},{"@type":"ListItem","position":2,"name":"Nahitan N\u00e1ndez debut\u00f3 en la selecci\u00f3n mayor"}]},{"@type":"WebSite","@id":"https:\/\/www.padreydecano.com\/cms\/#website","url":"https:\/\/www.padreydecano.com\/cms\/","name":"Padre y Decano - El Sitio del Pueblo","description":"Club Atl\u00e9tico Pe\u00f1arol","publisher":{"@id":"https:\/\/www.padreydecano.com\/cms\/#organization"},"potentialAction":[{"@type":"SearchAction","target":{"@type":"EntryPoint","urlTemplate":"https:\/\/www.padreydecano.com\/cms\/?s={search_term_string}"},"query-input":"required name=search_term_string"}],"inLanguage":"es"},{"@type":"Organization","@id":"https:\/\/www.padreydecano.com\/cms\/#organization","name":"Padre y Decano","url":"https:\/\/www.padreydecano.com\/cms\/","logo":{"@type":"ImageObject","inLanguage":"es","@id":"https:\/\/www.padreydecano.com\/cms\/#\/schema\/logo\/image\/","url":"https:\/\/www.padreydecano.com\/cms\/wp-content\/uploads\/2022\/01\/avatar-square.png","contentUrl":"https:\/\/www.padreydecano.com\/cms\/wp-content\/uploads\/2022\/01\/avatar-square.png","width":1500,"height":1500,"caption":"Padre y Decano"},"image":{"@id":"https:\/\/www.padreydecano.com\/cms\/#\/schema\/logo\/image\/"}},{"@type":"Person","@id":"https:\/\/www.padreydecano.com\/cms\/#\/schema\/person\/d93e9e537230ae052c194251d9a1def2","name":"Moderador","image":{"@type":"ImageObject","inLanguage":"es","@id":"https:\/\/www.padreydecano.com\/cms\/#\/schema\/person\/image\/","url":"https:\/\/secure.gravatar.com\/avatar\/2587727bf8a53bd3da4ec49f01bea66e?s=96&d=https%3A%2F%2Fpadreydecano.com%2Fcms%2Fwp-content%2Fthemes%2Fpyd-theme%2Fimg%2Fdefault-avatar.png&r=g","contentUrl":"https:\/\/secure.gravatar.com\/avatar\/2587727bf8a53bd3da4ec49f01bea66e?s=96&d=https%3A%2F%2Fpadreydecano.com%2Fcms%2Fwp-content%2Fthemes%2Fpyd-theme%2Fimg%2Fdefault-avatar.png&r=g","caption":"Moderador"}}]}},"_links":{"self":[{"href":"https:\/\/www.padreydecano.com\/cms\/wp-json\/wp\/v2\/posts\/54591"}],"collection":[{"href":"https:\/\/www.padreydecano.com\/cms\/wp-json\/wp\/v2\/posts"}],"about":[{"href":"https:\/\/www.padreydecano.com\/cms\/wp-json\/wp\/v2\/types\/post"}],"author":[{"embeddable":true,"href":"https:\/\/www.padreydecano.com\/cms\/wp-json\/wp\/v2\/users\/13"}],"replies":[{"embeddable":true,"href":"https:\/\/www.padreydecano.com\/cms\/wp-json\/wp\/v2\/comments?post=54591"}],"version-history":[{"count":0,"href":"https:\/\/www.padreydecano.com\/cms\/wp-json\/wp\/v2\/posts\/54591\/revisions"}],"wp:featuredmedia":[{"embeddable":true,"href":"https:\/\/www.padreydecano.com\/cms\/wp-json\/wp\/v2\/media\/54593"}],"wp:attachment":[{"href":"https:\/\/www.padreydecano.com\/cms\/wp-json\/wp\/v2\/media?parent=54591"}],"wp:term":[{"taxonomy":"category","embeddable":true,"href":"https:\/\/www.padreydecano.com\/cms\/wp-json\/wp\/v2\/categories?post=54591"},{"taxonomy":"post_tag","embeddable":true,"href":"https:\/\/www.padreydecano.com\/cms\/wp-json\/wp\/v2\/tags?post=54591"}],"curies":[{"name":"wp","href":"https:\/\/api.w.org\/{rel}","templated":true}]}}