{"id":54213,"date":"2015-08-15T13:26:20","date_gmt":"2015-08-15T16:26:20","guid":{"rendered":"http:\/\/www.padreydecano.com\/cms\/?p=54213"},"modified":"2015-08-15T13:26:20","modified_gmt":"2015-08-15T16:26:20","slug":"pena-buceo-reparte-comida-en-la-calle","status":"publish","type":"post","link":"https:\/\/www.padreydecano.com\/cms\/penas\/pena-buceo-reparte-comida-en-la-calle\/","title":{"rendered":"Pe\u00f1a Buceo reparte comida en la calle"},"content":{"rendered":"<p style=\"text-align: justify;\"><a href=\"https:\/\/www.padreydecano.com\/cms\/wp-content\/uploads\/2015\/08\/Pe\u00f1a-Buceo-3.png\" rel=\"shadowbox[sbpost-54213];player=img;\"><img loading=\"lazy\" decoding=\"async\" class=\"aligncenter wp-image-54215 size-full\" src=\"https:\/\/www.padreydecano.com\/cms\/wp-content\/uploads\/2015\/08\/Pe\u00f1a-Buceo-3-e1439650811298.png\" alt=\"Pe\u00f1a Buceo 3\" width=\"605\" height=\"454\" \/><\/a><br \/>\nLa semana pasada tuvimos la suerte de poder acompa\u00f1ar a la Pe\u00f1a de Buceo \u00abRobert Lima\u00bb en esta gran iniciativa\u00a0que consta de\u00a0entregar alimentos en la noche a la gente que vive en situaci\u00f3n de calle.<\/p>\n<p style=\"text-align: justify;\">La movida se realiza\u00a0los lunes, mi\u00e9rcoles y viernes por las noches cuando en una camioneta salen a recorrer las calles de la ciudad y reparten\u00a0comida caliente.<\/p>\n<p style=\"text-align: justify;\">En nuestra salida pudimos entregar aproximadamente 30 platos de comida. La gente queda muy agradecida y hasta alg\u00fan vecino reconoci\u00f3 a la Pe\u00f1a por la movida y felicit\u00f3 a sus integrantes por tal tarea.<\/p>\n<p style=\"text-align: justify;\">La Pe\u00f1a nos inform\u00f3 que los hinchas que quieran colaborar lo pueden hacer con insumos, por ejemplo: una olla grande, alguna recarga o garrafa de gas, comida (lentejas, papa, arroz, fideos, etc), una camioneta para realizar el recorrido (ya que los integrantes de la\u00a0Pe\u00f1a destinan dinero de su bolsillo para el alquiler de un flete).<\/p>\n<p style=\"text-align: justify;\">Tambi\u00e9n se puede colaborar en el Colectivo Abitab N\u00b051.124 a nombre de la\u00a0Pe\u00f1a Buceo, todo lo recaudado ser\u00e1 destinado a esta hermosa actividad.<\/p>\n\n\t\t<style type=\"text\/css\">\n\t\t\t#gallery-1 {\n\t\t\t\tmargin: auto;\n\t\t\t}\n\t\t\t#gallery-1 .gallery-item {\n\t\t\t\tfloat: left;\n\t\t\t\tmargin-top: 10px;\n\t\t\t\ttext-align: center;\n\t\t\t\twidth: 33%;\n\t\t\t}\n\t\t\t#gallery-1 img {\n\t\t\t\tborder: 2px solid #cfcfcf;\n\t\t\t}\n\t\t\t#gallery-1 .gallery-caption {\n\t\t\t\tmargin-left: 0;\n\t\t\t}\n\t\t\t\/* see gallery_shortcode() in wp-includes\/media.php *\/\n\t\t<\/style>\n\t\t<div id='gallery-1' class='gallery galleryid-54213 gallery-columns-3 gallery-size-thumbnail'><dl class='gallery-item'>\n\t\t\t<dt class='gallery-icon portrait'>\n\t\t\t\t<a href='https:\/\/www.padreydecano.com\/cms\/wp-content\/uploads\/2015\/08\/Pe\u00f1a-Buceo-1.jpg' rel='shadowbox[sbalbum-54213];player=img;'><img loading=\"lazy\" decoding=\"async\" width=\"150\" height=\"150\" src=\"https:\/\/www.padreydecano.com\/cms\/wp-content\/uploads\/2015\/08\/Pe\u00f1a-Buceo-1-150x150.jpg\" class=\"attachment-thumbnail size-thumbnail\" alt=\"\" srcset=\"https:\/\/www.padreydecano.com\/cms\/wp-content\/uploads\/2015\/08\/Pe\u00f1a-Buceo-1-150x150.jpg 150w, https:\/\/www.padreydecano.com\/cms\/wp-content\/uploads\/2015\/08\/Pe\u00f1a-Buceo-1-36x36.jpg 36w, https:\/\/www.padreydecano.com\/cms\/wp-content\/uploads\/2015\/08\/Pe\u00f1a-Buceo-1-115x115.jpg 115w\" sizes=\"(max-width: 150px) 100vw, 150px\" \/><\/a>\n\t\t\t<\/dt><\/dl><dl class='gallery-item'>\n\t\t\t<dt class='gallery-icon landscape'>\n\t\t\t\t<a href='https:\/\/www.padreydecano.com\/cms\/wp-content\/uploads\/2015\/08\/Pe\u00f1a-Buceo-2.jpg' rel='shadowbox[sbalbum-54213];player=img;'><img loading=\"lazy\" decoding=\"async\" width=\"150\" height=\"150\" src=\"https:\/\/www.padreydecano.com\/cms\/wp-content\/uploads\/2015\/08\/Pe\u00f1a-Buceo-2-150x150.jpg\" class=\"attachment-thumbnail size-thumbnail\" alt=\"\" srcset=\"https:\/\/www.padreydecano.com\/cms\/wp-content\/uploads\/2015\/08\/Pe\u00f1a-Buceo-2-150x150.jpg 150w, https:\/\/www.padreydecano.com\/cms\/wp-content\/uploads\/2015\/08\/Pe\u00f1a-Buceo-2-36x36.jpg 36w, https:\/\/www.padreydecano.com\/cms\/wp-content\/uploads\/2015\/08\/Pe\u00f1a-Buceo-2-115x115.jpg 115w\" sizes=\"(max-width: 150px) 100vw, 150px\" \/><\/a>\n\t\t\t<\/dt><\/dl><dl class='gallery-item'>\n\t\t\t<dt class='gallery-icon portrait'>\n\t\t\t\t<a href='https:\/\/www.padreydecano.com\/cms\/wp-content\/uploads\/2015\/08\/Pe\u00f1a-Buceo-4.jpg' rel='shadowbox[sbalbum-54213];player=img;'><img loading=\"lazy\" decoding=\"async\" width=\"150\" height=\"150\" src=\"https:\/\/www.padreydecano.com\/cms\/wp-content\/uploads\/2015\/08\/Pe\u00f1a-Buceo-4-150x150.jpg\" class=\"attachment-thumbnail size-thumbnail\" alt=\"\" srcset=\"https:\/\/www.padreydecano.com\/cms\/wp-content\/uploads\/2015\/08\/Pe\u00f1a-Buceo-4-150x150.jpg 150w, https:\/\/www.padreydecano.com\/cms\/wp-content\/uploads\/2015\/08\/Pe\u00f1a-Buceo-4-36x36.jpg 36w, https:\/\/www.padreydecano.com\/cms\/wp-content\/uploads\/2015\/08\/Pe\u00f1a-Buceo-4-115x115.jpg 115w\" sizes=\"(max-width: 150px) 100vw, 150px\" \/><\/a>\n\t\t\t<\/dt><\/dl><br style=\"clear: both\" \/>\n\t\t<\/div>\n\n","protected":false},"excerpt":{"rendered":"<p>La semana pasada tuvimos la suerte de poder acompa\u00f1ar a la Pe\u00f1a de Buceo \u00abRobert Lima\u00bb en esta gran iniciativa\u00a0que consta de\u00a0entregar alimentos en la noche a la gente que vive en situaci\u00f3n de calle. La movida se realiza\u00a0los lunes, mi\u00e9rcoles y viernes por las noches cuando en una camioneta salen a recorrer las calles [&hellip;]<\/p>\n","protected":false},"author":2,"featured_media":54215,"comment_status":"open","ping_status":"closed","sticky":false,"template":"","format":"standard","meta":{"footnotes":""},"categories":[42],"tags":[101],"yoast_head":"<!-- This site is optimized with the Yoast SEO plugin v23.2 - https:\/\/yoast.com\/wordpress\/plugins\/seo\/ -->\n<title>Pe\u00f1a Buceo reparte comida en la calle - Padre y Decano - El Sitio del Pueblo<\/title>\n<meta name=\"robots\" content=\"index, follow, max-snippet:-1, max-image-preview:large, max-video-preview:-1\" \/>\n<link rel=\"canonical\" href=\"https:\/\/www.padreydecano.com\/cms\/penas\/pena-buceo-reparte-comida-en-la-calle\/\" \/>\n<meta property=\"og:locale\" content=\"es_ES\" \/>\n<meta property=\"og:type\" content=\"article\" \/>\n<meta property=\"og:title\" content=\"Pe\u00f1a Buceo reparte comida en la calle - Padre y Decano - El Sitio del Pueblo\" \/>\n<meta property=\"og:description\" content=\"La semana pasada tuvimos la suerte de poder acompa\u00f1ar a la Pe\u00f1a de Buceo \u00abRobert Lima\u00bb en esta gran iniciativa\u00a0que consta de\u00a0entregar alimentos en la noche a la gente que vive en situaci\u00f3n de calle. La movida se realiza\u00a0los lunes, mi\u00e9rcoles y viernes por las noches cuando en una camioneta salen a recorrer las calles [&hellip;]\" \/>\n<meta property=\"og:url\" content=\"https:\/\/www.padreydecano.com\/cms\/penas\/pena-buceo-reparte-comida-en-la-calle\/\" \/>\n<meta property=\"og:site_name\" content=\"Padre y Decano - El Sitio del Pueblo\" \/>\n<meta property=\"article:published_time\" content=\"2015-08-15T16:26:20+00:00\" \/>\n<meta property=\"og:image\" content=\"https:\/\/www.padreydecano.com\/cms\/wp-content\/uploads\/2015\/08\/Pe\u00f1a-Buceo-3-e1439650811298.png\" \/>\n\t<meta property=\"og:image:width\" content=\"605\" \/>\n\t<meta property=\"og:image:height\" content=\"454\" \/>\n\t<meta property=\"og:image:type\" content=\"image\/png\" \/>\n<meta name=\"author\" content=\"Gonzalo16\" \/>\n<meta name=\"twitter:card\" content=\"summary_large_image\" \/>\n<meta name=\"twitter:label1\" content=\"Escrito por\" \/>\n\t<meta name=\"twitter:data1\" content=\"Gonzalo16\" \/>\n\t<meta name=\"twitter:label2\" content=\"Tiempo de lectura\" \/>\n\t<meta name=\"twitter:data2\" content=\"1 minuto\" \/>\n<script type=\"application\/ld+json\" class=\"yoast-schema-graph\">{\"@context\":\"https:\/\/schema.org\",\"@graph\":[{\"@type\":\"Article\",\"@id\":\"https:\/\/www.padreydecano.com\/cms\/penas\/pena-buceo-reparte-comida-en-la-calle\/#article\",\"isPartOf\":{\"@id\":\"https:\/\/www.padreydecano.com\/cms\/penas\/pena-buceo-reparte-comida-en-la-calle\/\"},\"author\":{\"name\":\"Gonzalo16\",\"@id\":\"https:\/\/www.padreydecano.com\/cms\/#\/schema\/person\/7fe41e3e335700ebd387196df2f9a8d4\"},\"headline\":\"Pe\u00f1a Buceo reparte comida en la calle\",\"datePublished\":\"2015-08-15T16:26:20+00:00\",\"dateModified\":\"2015-08-15T16:26:20+00:00\",\"mainEntityOfPage\":{\"@id\":\"https:\/\/www.padreydecano.com\/cms\/penas\/pena-buceo-reparte-comida-en-la-calle\/\"},\"wordCount\":198,\"commentCount\":9,\"publisher\":{\"@id\":\"https:\/\/www.padreydecano.com\/cms\/#organization\"},\"image\":{\"@id\":\"https:\/\/www.padreydecano.com\/cms\/penas\/pena-buceo-reparte-comida-en-la-calle\/#primaryimage\"},\"thumbnailUrl\":\"https:\/\/www.padreydecano.com\/cms\/wp-content\/uploads\/2015\/08\/Pe\u00f1a-Buceo-3-e1439650811298.png\",\"keywords\":[\"Movidas Solidarias\"],\"articleSection\":[\"Pe\u00f1as\"],\"inLanguage\":\"es\",\"potentialAction\":[{\"@type\":\"CommentAction\",\"name\":\"Comment\",\"target\":[\"https:\/\/www.padreydecano.com\/cms\/penas\/pena-buceo-reparte-comida-en-la-calle\/#respond\"]}]},{\"@type\":\"WebPage\",\"@id\":\"https:\/\/www.padreydecano.com\/cms\/penas\/pena-buceo-reparte-comida-en-la-calle\/\",\"url\":\"https:\/\/www.padreydecano.com\/cms\/penas\/pena-buceo-reparte-comida-en-la-calle\/\",\"name\":\"Pe\u00f1a Buceo reparte comida en la calle - Padre y Decano - El Sitio del Pueblo\",\"isPartOf\":{\"@id\":\"https:\/\/www.padreydecano.com\/cms\/#website\"},\"primaryImageOfPage\":{\"@id\":\"https:\/\/www.padreydecano.com\/cms\/penas\/pena-buceo-reparte-comida-en-la-calle\/#primaryimage\"},\"image\":{\"@id\":\"https:\/\/www.padreydecano.com\/cms\/penas\/pena-buceo-reparte-comida-en-la-calle\/#primaryimage\"},\"thumbnailUrl\":\"https:\/\/www.padreydecano.com\/cms\/wp-content\/uploads\/2015\/08\/Pe\u00f1a-Buceo-3-e1439650811298.png\",\"datePublished\":\"2015-08-15T16:26:20+00:00\",\"dateModified\":\"2015-08-15T16:26:20+00:00\",\"breadcrumb\":{\"@id\":\"https:\/\/www.padreydecano.com\/cms\/penas\/pena-buceo-reparte-comida-en-la-calle\/#breadcrumb\"},\"inLanguage\":\"es\",\"potentialAction\":[{\"@type\":\"ReadAction\",\"target\":[\"https:\/\/www.padreydecano.com\/cms\/penas\/pena-buceo-reparte-comida-en-la-calle\/\"]}]},{\"@type\":\"ImageObject\",\"inLanguage\":\"es\",\"@id\":\"https:\/\/www.padreydecano.com\/cms\/penas\/pena-buceo-reparte-comida-en-la-calle\/#primaryimage\",\"url\":\"https:\/\/www.padreydecano.com\/cms\/wp-content\/uploads\/2015\/08\/Pe\u00f1a-Buceo-3-e1439650811298.png\",\"contentUrl\":\"https:\/\/www.padreydecano.com\/cms\/wp-content\/uploads\/2015\/08\/Pe\u00f1a-Buceo-3-e1439650811298.png\",\"width\":605,\"height\":454},{\"@type\":\"BreadcrumbList\",\"@id\":\"https:\/\/www.padreydecano.com\/cms\/penas\/pena-buceo-reparte-comida-en-la-calle\/#breadcrumb\",\"itemListElement\":[{\"@type\":\"ListItem\",\"position\":1,\"name\":\"Portada\",\"item\":\"https:\/\/www.padreydecano.com\/cms\/\"},{\"@type\":\"ListItem\",\"position\":2,\"name\":\"Pe\u00f1a Buceo reparte comida en la calle\"}]},{\"@type\":\"WebSite\",\"@id\":\"https:\/\/www.padreydecano.com\/cms\/#website\",\"url\":\"https:\/\/www.padreydecano.com\/cms\/\",\"name\":\"Padre y Decano - El Sitio del Pueblo\",\"description\":\"Club Atl\u00e9tico Pe\u00f1arol\",\"publisher\":{\"@id\":\"https:\/\/www.padreydecano.com\/cms\/#organization\"},\"potentialAction\":[{\"@type\":\"SearchAction\",\"target\":{\"@type\":\"EntryPoint\",\"urlTemplate\":\"https:\/\/www.padreydecano.com\/cms\/?s={search_term_string}\"},\"query-input\":\"required name=search_term_string\"}],\"inLanguage\":\"es\"},{\"@type\":\"Organization\",\"@id\":\"https:\/\/www.padreydecano.com\/cms\/#organization\",\"name\":\"Padre y Decano\",\"url\":\"https:\/\/www.padreydecano.com\/cms\/\",\"logo\":{\"@type\":\"ImageObject\",\"inLanguage\":\"es\",\"@id\":\"https:\/\/www.padreydecano.com\/cms\/#\/schema\/logo\/image\/\",\"url\":\"https:\/\/www.padreydecano.com\/cms\/wp-content\/uploads\/2022\/01\/avatar-square.png\",\"contentUrl\":\"https:\/\/www.padreydecano.com\/cms\/wp-content\/uploads\/2022\/01\/avatar-square.png\",\"width\":1500,\"height\":1500,\"caption\":\"Padre y Decano\"},\"image\":{\"@id\":\"https:\/\/www.padreydecano.com\/cms\/#\/schema\/logo\/image\/\"}},{\"@type\":\"Person\",\"@id\":\"https:\/\/www.padreydecano.com\/cms\/#\/schema\/person\/7fe41e3e335700ebd387196df2f9a8d4\",\"name\":\"Gonzalo16\",\"image\":{\"@type\":\"ImageObject\",\"inLanguage\":\"es\",\"@id\":\"https:\/\/www.padreydecano.com\/cms\/#\/schema\/person\/image\/\",\"url\":\"https:\/\/secure.gravatar.com\/avatar\/4d5cdd49803a2313c01f77e3dfc05d81?s=96&d=https%3A%2F%2Fpadreydecano.com%2Fcms%2Fwp-content%2Fthemes%2Fpyd-theme%2Fimg%2Fdefault-avatar.png&r=g\",\"contentUrl\":\"https:\/\/secure.gravatar.com\/avatar\/4d5cdd49803a2313c01f77e3dfc05d81?s=96&d=https%3A%2F%2Fpadreydecano.com%2Fcms%2Fwp-content%2Fthemes%2Fpyd-theme%2Fimg%2Fdefault-avatar.png&r=g\",\"caption\":\"Gonzalo16\"}}]}<\/script>\n<!-- \/ Yoast SEO plugin. -->","yoast_head_json":{"title":"Pe\u00f1a Buceo reparte comida en la calle - Padre y Decano - El Sitio del Pueblo","robots":{"index":"index","follow":"follow","max-snippet":"max-snippet:-1","max-image-preview":"max-image-preview:large","max-video-preview":"max-video-preview:-1"},"canonical":"https:\/\/www.padreydecano.com\/cms\/penas\/pena-buceo-reparte-comida-en-la-calle\/","og_locale":"es_ES","og_type":"article","og_title":"Pe\u00f1a Buceo reparte comida en la calle - Padre y Decano - El Sitio del Pueblo","og_description":"La semana pasada tuvimos la suerte de poder acompa\u00f1ar a la Pe\u00f1a de Buceo \u00abRobert Lima\u00bb en esta gran iniciativa\u00a0que consta de\u00a0entregar alimentos en la noche a la gente que vive en situaci\u00f3n de calle. La movida se realiza\u00a0los lunes, mi\u00e9rcoles y viernes por las noches cuando en una camioneta salen a recorrer las calles [&hellip;]","og_url":"https:\/\/www.padreydecano.com\/cms\/penas\/pena-buceo-reparte-comida-en-la-calle\/","og_site_name":"Padre y Decano - El Sitio del Pueblo","article_published_time":"2015-08-15T16:26:20+00:00","og_image":[{"width":605,"height":454,"url":"https:\/\/www.padreydecano.com\/cms\/wp-content\/uploads\/2015\/08\/Pe\u00f1a-Buceo-3-e1439650811298.png","type":"image\/png"}],"author":"Gonzalo16","twitter_card":"summary_large_image","twitter_misc":{"Escrito por":"Gonzalo16","Tiempo de lectura":"1 minuto"},"schema":{"@context":"https:\/\/schema.org","@graph":[{"@type":"Article","@id":"https:\/\/www.padreydecano.com\/cms\/penas\/pena-buceo-reparte-comida-en-la-calle\/#article","isPartOf":{"@id":"https:\/\/www.padreydecano.com\/cms\/penas\/pena-buceo-reparte-comida-en-la-calle\/"},"author":{"name":"Gonzalo16","@id":"https:\/\/www.padreydecano.com\/cms\/#\/schema\/person\/7fe41e3e335700ebd387196df2f9a8d4"},"headline":"Pe\u00f1a Buceo reparte comida en la calle","datePublished":"2015-08-15T16:26:20+00:00","dateModified":"2015-08-15T16:26:20+00:00","mainEntityOfPage":{"@id":"https:\/\/www.padreydecano.com\/cms\/penas\/pena-buceo-reparte-comida-en-la-calle\/"},"wordCount":198,"commentCount":9,"publisher":{"@id":"https:\/\/www.padreydecano.com\/cms\/#organization"},"image":{"@id":"https:\/\/www.padreydecano.com\/cms\/penas\/pena-buceo-reparte-comida-en-la-calle\/#primaryimage"},"thumbnailUrl":"https:\/\/www.padreydecano.com\/cms\/wp-content\/uploads\/2015\/08\/Pe\u00f1a-Buceo-3-e1439650811298.png","keywords":["Movidas Solidarias"],"articleSection":["Pe\u00f1as"],"inLanguage":"es","potentialAction":[{"@type":"CommentAction","name":"Comment","target":["https:\/\/www.padreydecano.com\/cms\/penas\/pena-buceo-reparte-comida-en-la-calle\/#respond"]}]},{"@type":"WebPage","@id":"https:\/\/www.padreydecano.com\/cms\/penas\/pena-buceo-reparte-comida-en-la-calle\/","url":"https:\/\/www.padreydecano.com\/cms\/penas\/pena-buceo-reparte-comida-en-la-calle\/","name":"Pe\u00f1a Buceo reparte comida en la calle - Padre y Decano - El Sitio del Pueblo","isPartOf":{"@id":"https:\/\/www.padreydecano.com\/cms\/#website"},"primaryImageOfPage":{"@id":"https:\/\/www.padreydecano.com\/cms\/penas\/pena-buceo-reparte-comida-en-la-calle\/#primaryimage"},"image":{"@id":"https:\/\/www.padreydecano.com\/cms\/penas\/pena-buceo-reparte-comida-en-la-calle\/#primaryimage"},"thumbnailUrl":"https:\/\/www.padreydecano.com\/cms\/wp-content\/uploads\/2015\/08\/Pe\u00f1a-Buceo-3-e1439650811298.png","datePublished":"2015-08-15T16:26:20+00:00","dateModified":"2015-08-15T16:26:20+00:00","breadcrumb":{"@id":"https:\/\/www.padreydecano.com\/cms\/penas\/pena-buceo-reparte-comida-en-la-calle\/#breadcrumb"},"inLanguage":"es","potentialAction":[{"@type":"ReadAction","target":["https:\/\/www.padreydecano.com\/cms\/penas\/pena-buceo-reparte-comida-en-la-calle\/"]}]},{"@type":"ImageObject","inLanguage":"es","@id":"https:\/\/www.padreydecano.com\/cms\/penas\/pena-buceo-reparte-comida-en-la-calle\/#primaryimage","url":"https:\/\/www.padreydecano.com\/cms\/wp-content\/uploads\/2015\/08\/Pe\u00f1a-Buceo-3-e1439650811298.png","contentUrl":"https:\/\/www.padreydecano.com\/cms\/wp-content\/uploads\/2015\/08\/Pe\u00f1a-Buceo-3-e1439650811298.png","width":605,"height":454},{"@type":"BreadcrumbList","@id":"https:\/\/www.padreydecano.com\/cms\/penas\/pena-buceo-reparte-comida-en-la-calle\/#breadcrumb","itemListElement":[{"@type":"ListItem","position":1,"name":"Portada","item":"https:\/\/www.padreydecano.com\/cms\/"},{"@type":"ListItem","position":2,"name":"Pe\u00f1a Buceo reparte comida en la calle"}]},{"@type":"WebSite","@id":"https:\/\/www.padreydecano.com\/cms\/#website","url":"https:\/\/www.padreydecano.com\/cms\/","name":"Padre y Decano - El Sitio del Pueblo","description":"Club Atl\u00e9tico Pe\u00f1arol","publisher":{"@id":"https:\/\/www.padreydecano.com\/cms\/#organization"},"potentialAction":[{"@type":"SearchAction","target":{"@type":"EntryPoint","urlTemplate":"https:\/\/www.padreydecano.com\/cms\/?s={search_term_string}"},"query-input":"required name=search_term_string"}],"inLanguage":"es"},{"@type":"Organization","@id":"https:\/\/www.padreydecano.com\/cms\/#organization","name":"Padre y Decano","url":"https:\/\/www.padreydecano.com\/cms\/","logo":{"@type":"ImageObject","inLanguage":"es","@id":"https:\/\/www.padreydecano.com\/cms\/#\/schema\/logo\/image\/","url":"https:\/\/www.padreydecano.com\/cms\/wp-content\/uploads\/2022\/01\/avatar-square.png","contentUrl":"https:\/\/www.padreydecano.com\/cms\/wp-content\/uploads\/2022\/01\/avatar-square.png","width":1500,"height":1500,"caption":"Padre y Decano"},"image":{"@id":"https:\/\/www.padreydecano.com\/cms\/#\/schema\/logo\/image\/"}},{"@type":"Person","@id":"https:\/\/www.padreydecano.com\/cms\/#\/schema\/person\/7fe41e3e335700ebd387196df2f9a8d4","name":"Gonzalo16","image":{"@type":"ImageObject","inLanguage":"es","@id":"https:\/\/www.padreydecano.com\/cms\/#\/schema\/person\/image\/","url":"https:\/\/secure.gravatar.com\/avatar\/4d5cdd49803a2313c01f77e3dfc05d81?s=96&d=https%3A%2F%2Fpadreydecano.com%2Fcms%2Fwp-content%2Fthemes%2Fpyd-theme%2Fimg%2Fdefault-avatar.png&r=g","contentUrl":"https:\/\/secure.gravatar.com\/avatar\/4d5cdd49803a2313c01f77e3dfc05d81?s=96&d=https%3A%2F%2Fpadreydecano.com%2Fcms%2Fwp-content%2Fthemes%2Fpyd-theme%2Fimg%2Fdefault-avatar.png&r=g","caption":"Gonzalo16"}}]}},"_links":{"self":[{"href":"https:\/\/www.padreydecano.com\/cms\/wp-json\/wp\/v2\/posts\/54213"}],"collection":[{"href":"https:\/\/www.padreydecano.com\/cms\/wp-json\/wp\/v2\/posts"}],"about":[{"href":"https:\/\/www.padreydecano.com\/cms\/wp-json\/wp\/v2\/types\/post"}],"author":[{"embeddable":true,"href":"https:\/\/www.padreydecano.com\/cms\/wp-json\/wp\/v2\/users\/2"}],"replies":[{"embeddable":true,"href":"https:\/\/www.padreydecano.com\/cms\/wp-json\/wp\/v2\/comments?post=54213"}],"version-history":[{"count":0,"href":"https:\/\/www.padreydecano.com\/cms\/wp-json\/wp\/v2\/posts\/54213\/revisions"}],"wp:featuredmedia":[{"embeddable":true,"href":"https:\/\/www.padreydecano.com\/cms\/wp-json\/wp\/v2\/media\/54215"}],"wp:attachment":[{"href":"https:\/\/www.padreydecano.com\/cms\/wp-json\/wp\/v2\/media?parent=54213"}],"wp:term":[{"taxonomy":"category","embeddable":true,"href":"https:\/\/www.padreydecano.com\/cms\/wp-json\/wp\/v2\/categories?post=54213"},{"taxonomy":"post_tag","embeddable":true,"href":"https:\/\/www.padreydecano.com\/cms\/wp-json\/wp\/v2\/tags?post=54213"}],"curies":[{"name":"wp","href":"https:\/\/api.w.org\/{rel}","templated":true}]}}