{"id":53917,"date":"2015-07-29T15:23:21","date_gmt":"2015-07-29T18:23:21","guid":{"rendered":"http:\/\/www.padreydecano.com\/cms\/?p=53917"},"modified":"2015-07-29T15:27:20","modified_gmt":"2015-07-29T18:27:20","slug":"sorteamos-6-entradas-para-penarol-malaga","status":"publish","type":"post","link":"https:\/\/www.padreydecano.com\/cms\/noticias\/sorteamos-6-entradas-para-penarol-malaga\/","title":{"rendered":"Sorteamos 6 entradas para Pe\u00f1arol- M\u00e1laga"},"content":{"rendered":"<p><a href=\"https:\/\/www.padreydecano.com\/cms\/wp-content\/uploads\/2015\/07\/evento-pe\u00f1arol-malaga.jpg\" rel=\"shadowbox[sbpost-53917];player=img;\"><img loading=\"lazy\" decoding=\"async\" class=\"aligncenter  wp-image-53920\" src=\"https:\/\/www.padreydecano.com\/cms\/wp-content\/uploads\/2015\/07\/evento-pe\u00f1arol-malaga.jpg\" alt=\"evento-pe\u00f1arol-malaga\" width=\"604\" height=\"323\" srcset=\"https:\/\/www.padreydecano.com\/cms\/wp-content\/uploads\/2015\/07\/evento-pe\u00f1arol-malaga.jpg 960w, https:\/\/www.padreydecano.com\/cms\/wp-content\/uploads\/2015\/07\/evento-pe\u00f1arol-malaga-300x160.jpg 300w\" sizes=\"(max-width: 604px) 100vw, 604px\" \/><\/a><\/p>\n<p style=\"text-align: justify;\">Gracias a la gentileza de DIRECTV Uruguay, <span style=\"color: #ffcc02;\"><strong>Padre y Decano<\/strong><\/span> sortea seis entradas (tres pares) para el partido del pr\u00f3ximo s\u00e1bado entre Pe\u00f1arol y M\u00e1laga que se disputar\u00e1 en el Estadio Centenario. Para ser justos con nuestros lectores y poder abarcarlos a todos, cada par de entradas se sortear\u00e1 mediante una plataforma diferente, pero en todas respetando la misma consigna.<\/p>\n<p style=\"text-align: justify;\">Lo que queremos es que nos cuentes una an\u00e9cdota tuya relacionada con Pe\u00f1arol, ya sea una experiencia personal, una situaci\u00f3n con amigos, un viaje al exterior, un hecho ins\u00f3lito, etc. Ten\u00e9 en cuenta que cuanto m\u00e1s original sea la historia, m\u00e1s chances tendr\u00e1s de ganar.<\/p>\n<p style=\"text-align: justify;\"><span style=\"color: #ffcc02;\"><strong>Web:<\/strong><\/span> Coment\u00e1 esta nota cont\u00e1ndonos tu an\u00e9cdota.<\/p>\n<p style=\"text-align: justify;\"><span style=\"color: #ffcc02;\"><strong>Twitter:<\/strong><\/span> Mediante el hashtag <a href=\"http:\/\/twitter.com\/hashtag\/An%C3%A9cdotaPorPe%C3%B1arol?src=hash\" target=\"_blank\">#An\u00e9cdotaPorPe\u00f1arol<\/a>, relatanos en uno o dos tweets la historia. Para participar del sorteo ten\u00e9s que ser seguidor de <a href=\"http:\/\/twitter.com\/padreydecanocom\" target=\"_blank\">@padreydecanocom<\/a><\/p>\n<p style=\"text-align: justify;\"><strong><span style=\"color: #ffcc02;\">Facebook:<\/span><\/strong> Para participar ten\u00e9s que relatar tu an\u00e9cdota comentando <a href=\"https:\/\/www.facebook.com\/padreydecanocom\/photos\/a.232121170168633.54331.221058467941570\/870655802981830\/?type=1&amp;theater\" target=\"_blank\">este posteo<\/a>.<\/p>\n<p style=\"text-align: justify;\"><strong>Condiciones:<\/strong><\/p>\n<ul>\n<li style=\"text-align: justify;\">Cada ganador obtendr\u00e1 un par de entradas para la Tribuna Colombes.<\/li>\n<li style=\"text-align: justify;\">Hay tiempo hasta el jueves a las 22:00 hs para participar.<\/li>\n<li style=\"text-align: justify;\">Entre las 10 respuestas m\u00e1s populares en cada plataforma, se elegir\u00e1n los ganadores.<\/li>\n<li style=\"text-align: justify;\">El staff de la web se comunicar\u00e1 con los ganadores y de forma privada se coordinar\u00e1 entrega de las entradas.<\/li>\n<li style=\"text-align: justify;\">Una persona no podr\u00e1 ganar m\u00e1s de dos entradas por m\u00e1s que participe en m\u00e1s de una plataforma.<\/li>\n<li style=\"text-align: justify;\">En caso de que el viernes a las 20:00 no se haya coordinado con alg\u00fan ganador, se volver\u00e1 a sortear ese par de entradas, solamente entre las participaciones de esa plataforma.<\/li>\n<\/ul>\n","protected":false},"excerpt":{"rendered":"<p>Gracias a la gentileza de DIRECTV Uruguay, Padre y Decano sortea seis entradas (tres pares) para el partido del pr\u00f3ximo s\u00e1bado entre Pe\u00f1arol y M\u00e1laga. <\/p>\n","protected":false},"author":13,"featured_media":0,"comment_status":"open","ping_status":"closed","sticky":false,"template":"","format":"standard","meta":{"footnotes":""},"categories":[1],"tags":[99],"yoast_head":"<!-- This site is optimized with the Yoast SEO plugin v23.2 - https:\/\/yoast.com\/wordpress\/plugins\/seo\/ -->\n<title>Sorteamos 6 entradas para Pe\u00f1arol- M\u00e1laga - Padre y Decano - El Sitio del Pueblo<\/title>\n<meta name=\"robots\" content=\"index, follow, max-snippet:-1, max-image-preview:large, max-video-preview:-1\" \/>\n<link rel=\"canonical\" href=\"https:\/\/www.padreydecano.com\/cms\/noticias\/sorteamos-6-entradas-para-penarol-malaga\/\" \/>\n<meta property=\"og:locale\" content=\"es_ES\" \/>\n<meta property=\"og:type\" content=\"article\" \/>\n<meta property=\"og:title\" content=\"Sorteamos 6 entradas para Pe\u00f1arol- M\u00e1laga - Padre y Decano - El Sitio del Pueblo\" \/>\n<meta property=\"og:description\" content=\"Gracias a la gentileza de DIRECTV Uruguay, Padre y Decano sortea seis entradas (tres pares) para el partido del pr\u00f3ximo s\u00e1bado entre Pe\u00f1arol y M\u00e1laga.\" \/>\n<meta property=\"og:url\" content=\"https:\/\/www.padreydecano.com\/cms\/noticias\/sorteamos-6-entradas-para-penarol-malaga\/\" \/>\n<meta property=\"og:site_name\" content=\"Padre y Decano - El Sitio del Pueblo\" \/>\n<meta property=\"article:published_time\" content=\"2015-07-29T18:23:21+00:00\" \/>\n<meta property=\"article:modified_time\" content=\"2015-07-29T18:27:20+00:00\" \/>\n<meta property=\"og:image\" content=\"http:\/\/www.padreydecano.com\/cms\/wp-content\/uploads\/2015\/07\/evento-pe\u00f1arol-malaga.jpg\" \/>\n<meta name=\"author\" content=\"Moderador\" \/>\n<meta name=\"twitter:card\" content=\"summary_large_image\" \/>\n<meta name=\"twitter:label1\" content=\"Escrito por\" \/>\n\t<meta name=\"twitter:data1\" content=\"Moderador\" \/>\n\t<meta name=\"twitter:label2\" content=\"Tiempo de lectura\" \/>\n\t<meta name=\"twitter:data2\" content=\"1 minuto\" \/>\n<script type=\"application\/ld+json\" class=\"yoast-schema-graph\">{\"@context\":\"https:\/\/schema.org\",\"@graph\":[{\"@type\":\"Article\",\"@id\":\"https:\/\/www.padreydecano.com\/cms\/noticias\/sorteamos-6-entradas-para-penarol-malaga\/#article\",\"isPartOf\":{\"@id\":\"https:\/\/www.padreydecano.com\/cms\/noticias\/sorteamos-6-entradas-para-penarol-malaga\/\"},\"author\":{\"name\":\"Moderador\",\"@id\":\"https:\/\/www.padreydecano.com\/cms\/#\/schema\/person\/d93e9e537230ae052c194251d9a1def2\"},\"headline\":\"Sorteamos 6 entradas para Pe\u00f1arol- M\u00e1laga\",\"datePublished\":\"2015-07-29T18:23:21+00:00\",\"dateModified\":\"2015-07-29T18:27:20+00:00\",\"mainEntityOfPage\":{\"@id\":\"https:\/\/www.padreydecano.com\/cms\/noticias\/sorteamos-6-entradas-para-penarol-malaga\/\"},\"wordCount\":279,\"commentCount\":24,\"publisher\":{\"@id\":\"https:\/\/www.padreydecano.com\/cms\/#organization\"},\"keywords\":[\"Sorteos\"],\"articleSection\":[\"Noticias\"],\"inLanguage\":\"es\",\"potentialAction\":[{\"@type\":\"CommentAction\",\"name\":\"Comment\",\"target\":[\"https:\/\/www.padreydecano.com\/cms\/noticias\/sorteamos-6-entradas-para-penarol-malaga\/#respond\"]}]},{\"@type\":\"WebPage\",\"@id\":\"https:\/\/www.padreydecano.com\/cms\/noticias\/sorteamos-6-entradas-para-penarol-malaga\/\",\"url\":\"https:\/\/www.padreydecano.com\/cms\/noticias\/sorteamos-6-entradas-para-penarol-malaga\/\",\"name\":\"Sorteamos 6 entradas para Pe\u00f1arol- M\u00e1laga - Padre y Decano - El Sitio del Pueblo\",\"isPartOf\":{\"@id\":\"https:\/\/www.padreydecano.com\/cms\/#website\"},\"datePublished\":\"2015-07-29T18:23:21+00:00\",\"dateModified\":\"2015-07-29T18:27:20+00:00\",\"breadcrumb\":{\"@id\":\"https:\/\/www.padreydecano.com\/cms\/noticias\/sorteamos-6-entradas-para-penarol-malaga\/#breadcrumb\"},\"inLanguage\":\"es\",\"potentialAction\":[{\"@type\":\"ReadAction\",\"target\":[\"https:\/\/www.padreydecano.com\/cms\/noticias\/sorteamos-6-entradas-para-penarol-malaga\/\"]}]},{\"@type\":\"BreadcrumbList\",\"@id\":\"https:\/\/www.padreydecano.com\/cms\/noticias\/sorteamos-6-entradas-para-penarol-malaga\/#breadcrumb\",\"itemListElement\":[{\"@type\":\"ListItem\",\"position\":1,\"name\":\"Portada\",\"item\":\"https:\/\/www.padreydecano.com\/cms\/\"},{\"@type\":\"ListItem\",\"position\":2,\"name\":\"Sorteamos 6 entradas para Pe\u00f1arol- M\u00e1laga\"}]},{\"@type\":\"WebSite\",\"@id\":\"https:\/\/www.padreydecano.com\/cms\/#website\",\"url\":\"https:\/\/www.padreydecano.com\/cms\/\",\"name\":\"Padre y Decano - El Sitio del Pueblo\",\"description\":\"Club Atl\u00e9tico Pe\u00f1arol\",\"publisher\":{\"@id\":\"https:\/\/www.padreydecano.com\/cms\/#organization\"},\"potentialAction\":[{\"@type\":\"SearchAction\",\"target\":{\"@type\":\"EntryPoint\",\"urlTemplate\":\"https:\/\/www.padreydecano.com\/cms\/?s={search_term_string}\"},\"query-input\":\"required name=search_term_string\"}],\"inLanguage\":\"es\"},{\"@type\":\"Organization\",\"@id\":\"https:\/\/www.padreydecano.com\/cms\/#organization\",\"name\":\"Padre y Decano\",\"url\":\"https:\/\/www.padreydecano.com\/cms\/\",\"logo\":{\"@type\":\"ImageObject\",\"inLanguage\":\"es\",\"@id\":\"https:\/\/www.padreydecano.com\/cms\/#\/schema\/logo\/image\/\",\"url\":\"https:\/\/www.padreydecano.com\/cms\/wp-content\/uploads\/2022\/01\/avatar-square.png\",\"contentUrl\":\"https:\/\/www.padreydecano.com\/cms\/wp-content\/uploads\/2022\/01\/avatar-square.png\",\"width\":1500,\"height\":1500,\"caption\":\"Padre y Decano\"},\"image\":{\"@id\":\"https:\/\/www.padreydecano.com\/cms\/#\/schema\/logo\/image\/\"}},{\"@type\":\"Person\",\"@id\":\"https:\/\/www.padreydecano.com\/cms\/#\/schema\/person\/d93e9e537230ae052c194251d9a1def2\",\"name\":\"Moderador\",\"image\":{\"@type\":\"ImageObject\",\"inLanguage\":\"es\",\"@id\":\"https:\/\/www.padreydecano.com\/cms\/#\/schema\/person\/image\/\",\"url\":\"https:\/\/secure.gravatar.com\/avatar\/2587727bf8a53bd3da4ec49f01bea66e?s=96&d=https%3A%2F%2Fpadreydecano.com%2Fcms%2Fwp-content%2Fthemes%2Fpyd-theme%2Fimg%2Fdefault-avatar.png&r=g\",\"contentUrl\":\"https:\/\/secure.gravatar.com\/avatar\/2587727bf8a53bd3da4ec49f01bea66e?s=96&d=https%3A%2F%2Fpadreydecano.com%2Fcms%2Fwp-content%2Fthemes%2Fpyd-theme%2Fimg%2Fdefault-avatar.png&r=g\",\"caption\":\"Moderador\"}}]}<\/script>\n<!-- \/ Yoast SEO plugin. -->","yoast_head_json":{"title":"Sorteamos 6 entradas para Pe\u00f1arol- M\u00e1laga - Padre y Decano - El Sitio del Pueblo","robots":{"index":"index","follow":"follow","max-snippet":"max-snippet:-1","max-image-preview":"max-image-preview:large","max-video-preview":"max-video-preview:-1"},"canonical":"https:\/\/www.padreydecano.com\/cms\/noticias\/sorteamos-6-entradas-para-penarol-malaga\/","og_locale":"es_ES","og_type":"article","og_title":"Sorteamos 6 entradas para Pe\u00f1arol- M\u00e1laga - Padre y Decano - El Sitio del Pueblo","og_description":"Gracias a la gentileza de DIRECTV Uruguay, Padre y Decano sortea seis entradas (tres pares) para el partido del pr\u00f3ximo s\u00e1bado entre Pe\u00f1arol y M\u00e1laga.","og_url":"https:\/\/www.padreydecano.com\/cms\/noticias\/sorteamos-6-entradas-para-penarol-malaga\/","og_site_name":"Padre y Decano - El Sitio del Pueblo","article_published_time":"2015-07-29T18:23:21+00:00","article_modified_time":"2015-07-29T18:27:20+00:00","og_image":[{"url":"http:\/\/www.padreydecano.com\/cms\/wp-content\/uploads\/2015\/07\/evento-pe\u00f1arol-malaga.jpg"}],"author":"Moderador","twitter_card":"summary_large_image","twitter_misc":{"Escrito por":"Moderador","Tiempo de lectura":"1 minuto"},"schema":{"@context":"https:\/\/schema.org","@graph":[{"@type":"Article","@id":"https:\/\/www.padreydecano.com\/cms\/noticias\/sorteamos-6-entradas-para-penarol-malaga\/#article","isPartOf":{"@id":"https:\/\/www.padreydecano.com\/cms\/noticias\/sorteamos-6-entradas-para-penarol-malaga\/"},"author":{"name":"Moderador","@id":"https:\/\/www.padreydecano.com\/cms\/#\/schema\/person\/d93e9e537230ae052c194251d9a1def2"},"headline":"Sorteamos 6 entradas para Pe\u00f1arol- M\u00e1laga","datePublished":"2015-07-29T18:23:21+00:00","dateModified":"2015-07-29T18:27:20+00:00","mainEntityOfPage":{"@id":"https:\/\/www.padreydecano.com\/cms\/noticias\/sorteamos-6-entradas-para-penarol-malaga\/"},"wordCount":279,"commentCount":24,"publisher":{"@id":"https:\/\/www.padreydecano.com\/cms\/#organization"},"keywords":["Sorteos"],"articleSection":["Noticias"],"inLanguage":"es","potentialAction":[{"@type":"CommentAction","name":"Comment","target":["https:\/\/www.padreydecano.com\/cms\/noticias\/sorteamos-6-entradas-para-penarol-malaga\/#respond"]}]},{"@type":"WebPage","@id":"https:\/\/www.padreydecano.com\/cms\/noticias\/sorteamos-6-entradas-para-penarol-malaga\/","url":"https:\/\/www.padreydecano.com\/cms\/noticias\/sorteamos-6-entradas-para-penarol-malaga\/","name":"Sorteamos 6 entradas para Pe\u00f1arol- M\u00e1laga - Padre y Decano - El Sitio del Pueblo","isPartOf":{"@id":"https:\/\/www.padreydecano.com\/cms\/#website"},"datePublished":"2015-07-29T18:23:21+00:00","dateModified":"2015-07-29T18:27:20+00:00","breadcrumb":{"@id":"https:\/\/www.padreydecano.com\/cms\/noticias\/sorteamos-6-entradas-para-penarol-malaga\/#breadcrumb"},"inLanguage":"es","potentialAction":[{"@type":"ReadAction","target":["https:\/\/www.padreydecano.com\/cms\/noticias\/sorteamos-6-entradas-para-penarol-malaga\/"]}]},{"@type":"BreadcrumbList","@id":"https:\/\/www.padreydecano.com\/cms\/noticias\/sorteamos-6-entradas-para-penarol-malaga\/#breadcrumb","itemListElement":[{"@type":"ListItem","position":1,"name":"Portada","item":"https:\/\/www.padreydecano.com\/cms\/"},{"@type":"ListItem","position":2,"name":"Sorteamos 6 entradas para Pe\u00f1arol- M\u00e1laga"}]},{"@type":"WebSite","@id":"https:\/\/www.padreydecano.com\/cms\/#website","url":"https:\/\/www.padreydecano.com\/cms\/","name":"Padre y Decano - El Sitio del Pueblo","description":"Club Atl\u00e9tico Pe\u00f1arol","publisher":{"@id":"https:\/\/www.padreydecano.com\/cms\/#organization"},"potentialAction":[{"@type":"SearchAction","target":{"@type":"EntryPoint","urlTemplate":"https:\/\/www.padreydecano.com\/cms\/?s={search_term_string}"},"query-input":"required name=search_term_string"}],"inLanguage":"es"},{"@type":"Organization","@id":"https:\/\/www.padreydecano.com\/cms\/#organization","name":"Padre y Decano","url":"https:\/\/www.padreydecano.com\/cms\/","logo":{"@type":"ImageObject","inLanguage":"es","@id":"https:\/\/www.padreydecano.com\/cms\/#\/schema\/logo\/image\/","url":"https:\/\/www.padreydecano.com\/cms\/wp-content\/uploads\/2022\/01\/avatar-square.png","contentUrl":"https:\/\/www.padreydecano.com\/cms\/wp-content\/uploads\/2022\/01\/avatar-square.png","width":1500,"height":1500,"caption":"Padre y Decano"},"image":{"@id":"https:\/\/www.padreydecano.com\/cms\/#\/schema\/logo\/image\/"}},{"@type":"Person","@id":"https:\/\/www.padreydecano.com\/cms\/#\/schema\/person\/d93e9e537230ae052c194251d9a1def2","name":"Moderador","image":{"@type":"ImageObject","inLanguage":"es","@id":"https:\/\/www.padreydecano.com\/cms\/#\/schema\/person\/image\/","url":"https:\/\/secure.gravatar.com\/avatar\/2587727bf8a53bd3da4ec49f01bea66e?s=96&d=https%3A%2F%2Fpadreydecano.com%2Fcms%2Fwp-content%2Fthemes%2Fpyd-theme%2Fimg%2Fdefault-avatar.png&r=g","contentUrl":"https:\/\/secure.gravatar.com\/avatar\/2587727bf8a53bd3da4ec49f01bea66e?s=96&d=https%3A%2F%2Fpadreydecano.com%2Fcms%2Fwp-content%2Fthemes%2Fpyd-theme%2Fimg%2Fdefault-avatar.png&r=g","caption":"Moderador"}}]}},"_links":{"self":[{"href":"https:\/\/www.padreydecano.com\/cms\/wp-json\/wp\/v2\/posts\/53917"}],"collection":[{"href":"https:\/\/www.padreydecano.com\/cms\/wp-json\/wp\/v2\/posts"}],"about":[{"href":"https:\/\/www.padreydecano.com\/cms\/wp-json\/wp\/v2\/types\/post"}],"author":[{"embeddable":true,"href":"https:\/\/www.padreydecano.com\/cms\/wp-json\/wp\/v2\/users\/13"}],"replies":[{"embeddable":true,"href":"https:\/\/www.padreydecano.com\/cms\/wp-json\/wp\/v2\/comments?post=53917"}],"version-history":[{"count":0,"href":"https:\/\/www.padreydecano.com\/cms\/wp-json\/wp\/v2\/posts\/53917\/revisions"}],"wp:attachment":[{"href":"https:\/\/www.padreydecano.com\/cms\/wp-json\/wp\/v2\/media?parent=53917"}],"wp:term":[{"taxonomy":"category","embeddable":true,"href":"https:\/\/www.padreydecano.com\/cms\/wp-json\/wp\/v2\/categories?post=53917"},{"taxonomy":"post_tag","embeddable":true,"href":"https:\/\/www.padreydecano.com\/cms\/wp-json\/wp\/v2\/tags?post=53917"}],"curies":[{"name":"wp","href":"https:\/\/api.w.org\/{rel}","templated":true}]}}