{"id":53616,"date":"2015-07-16T11:56:43","date_gmt":"2015-07-16T14:56:43","guid":{"rendered":"http:\/\/www.padreydecano.com\/cms\/?p=53616"},"modified":"2015-07-17T11:36:52","modified_gmt":"2015-07-17T14:36:52","slug":"uruguay-campeon-sub-18-en-los-angeles","status":"publish","type":"post","link":"https:\/\/www.padreydecano.com\/cms\/formativas\/uruguay-campeon-sub-18-en-los-angeles\/","title":{"rendered":"Uruguay campe\u00f3n sub 18 en Los \u00c1ngeles"},"content":{"rendered":"<p>&nbsp;<\/p>\n<p><a href=\"https:\/\/www.padreydecano.com\/cms\/wp-content\/uploads\/2015\/07\/valverde-campeon-sub-18-uruguay.jpg\" rel=\"shadowbox[sbpost-53616];player=img;\"><img loading=\"lazy\" decoding=\"async\" class=\"aligncenter  wp-image-53617\" src=\"https:\/\/www.padreydecano.com\/cms\/wp-content\/uploads\/2015\/07\/valverde-campeon-sub-18-uruguay.jpg\" alt=\"valverde-campeon-sub-18-uruguay\" width=\"606\" height=\"602\" srcset=\"https:\/\/www.padreydecano.com\/cms\/wp-content\/uploads\/2015\/07\/valverde-campeon-sub-18-uruguay.jpg 634w, https:\/\/www.padreydecano.com\/cms\/wp-content\/uploads\/2015\/07\/valverde-campeon-sub-18-uruguay-150x150.jpg 150w, https:\/\/www.padreydecano.com\/cms\/wp-content\/uploads\/2015\/07\/valverde-campeon-sub-18-uruguay-300x298.jpg 300w, https:\/\/www.padreydecano.com\/cms\/wp-content\/uploads\/2015\/07\/valverde-campeon-sub-18-uruguay-36x36.jpg 36w, https:\/\/www.padreydecano.com\/cms\/wp-content\/uploads\/2015\/07\/valverde-campeon-sub-18-uruguay-115x115.jpg 115w\" sizes=\"(max-width: 606px) 100vw, 606px\" \/><\/a><\/p>\n<p style=\"text-align: justify;\">Uruguay se consagr\u00f3 campe\u00f3n del torneo internacional amistoso sub 18 tras vencer 1 a 0 a Rep\u00fablica Checa con gol de penal de Federico Valverde. La celeste dirigida por Alejandro Garay se volvi\u00f3 invicta de la gira\u00a0de Los \u00c1ngeles tras obtener 2 triunfos y 1 empate.<\/p>\n<p style=\"text-align: justify;\">En el debut, Uruguay venci\u00f3 2 a 1 a Estados Unidos, con goles de\u00a0Mart\u00edn Amuz y Gonzalo Pereira. Luego\u00a0Uruguay empat\u00f3 1 a 1 con Tijuana. El gol lo convirti\u00f3 Dami\u00e1n Waller. Cabe remarcar que estaba previsto que Costa Rica participara del cuadrangular, pero por problemas con documentaci\u00f3n no pudo asistir, y por eso se pact\u00f3 un amistoso internacional ante el equipo mexicano, que si bien no form\u00f3 parte del torneo, sirvi\u00f3 para que el equipo sumara rodaje.\u00a0En la \u00faltima jornada, tal como se mencion\u00f3 anteriormente, vencimos 1 a 0 a Rep\u00fablica Checa con gol de Valverde.<\/p>\n<p style=\"text-align: justify;\"><a href=\"https:\/\/www.padreydecano.com\/cms\/wp-content\/uploads\/2015\/07\/Rossi-Valverde-Rodriguez.jpg\" rel=\"shadowbox[sbpost-53616];player=img;\"><img loading=\"lazy\" decoding=\"async\" class=\"aligncenter  wp-image-53637\" src=\"https:\/\/www.padreydecano.com\/cms\/wp-content\/uploads\/2015\/07\/Rossi-Valverde-Rodriguez.jpg\" alt=\"Rossi-Valverde-Rodriguez\" width=\"605\" height=\"605\" srcset=\"https:\/\/www.padreydecano.com\/cms\/wp-content\/uploads\/2015\/07\/Rossi-Valverde-Rodriguez.jpg 1024w, https:\/\/www.padreydecano.com\/cms\/wp-content\/uploads\/2015\/07\/Rossi-Valverde-Rodriguez-150x150.jpg 150w, https:\/\/www.padreydecano.com\/cms\/wp-content\/uploads\/2015\/07\/Rossi-Valverde-Rodriguez-300x300.jpg 300w, https:\/\/www.padreydecano.com\/cms\/wp-content\/uploads\/2015\/07\/Rossi-Valverde-Rodriguez-36x36.jpg 36w, https:\/\/www.padreydecano.com\/cms\/wp-content\/uploads\/2015\/07\/Rossi-Valverde-Rodriguez-115x115.jpg 115w\" sizes=\"(max-width: 605px) 100vw, 605px\" \/><\/a><\/p>\n<p style=\"text-align: justify;\">Felicitamos en especial a Federico Valverde (capit\u00e1n), Diego Rossi y Math\u00edas Rodr\u00edguez, juveniles de Pe\u00f1arol que obtuvieron el t\u00edtulo y que vivieron esta experiencia\u00a0que seguramente los enriquecer\u00e1 para seguir creciendo en su carrera.<\/p>\n<p style=\"text-align: justify;\">Federico Valverde se incorporar\u00e1 al plantel de Bengoechea cuando regrese de Estados Unidos.<\/p>\n","protected":false},"excerpt":{"rendered":"<p>Federico Valverde, Diego Rossi y Math\u00edas Rodr\u00edguez por el t\u00edtulo.<\/p>\n","protected":false},"author":13,"featured_media":53618,"comment_status":"open","ping_status":"closed","sticky":false,"template":"","format":"standard","meta":{"footnotes":""},"categories":[40],"tags":[105],"yoast_head":"<!-- This site is optimized with the Yoast SEO plugin v23.2 - https:\/\/yoast.com\/wordpress\/plugins\/seo\/ -->\n<title>Uruguay campe\u00f3n sub 18 en Los \u00c1ngeles - Padre y Decano - El Sitio del Pueblo<\/title>\n<meta name=\"robots\" content=\"index, follow, max-snippet:-1, max-image-preview:large, max-video-preview:-1\" \/>\n<link rel=\"canonical\" href=\"https:\/\/www.padreydecano.com\/cms\/formativas\/uruguay-campeon-sub-18-en-los-angeles\/\" \/>\n<meta property=\"og:locale\" content=\"es_ES\" \/>\n<meta property=\"og:type\" content=\"article\" \/>\n<meta property=\"og:title\" content=\"Uruguay campe\u00f3n sub 18 en Los \u00c1ngeles - Padre y Decano - El Sitio del Pueblo\" \/>\n<meta property=\"og:description\" content=\"Federico Valverde, Diego Rossi y Math\u00edas Rodr\u00edguez por el t\u00edtulo.\" \/>\n<meta property=\"og:url\" content=\"https:\/\/www.padreydecano.com\/cms\/formativas\/uruguay-campeon-sub-18-en-los-angeles\/\" \/>\n<meta property=\"og:site_name\" content=\"Padre y Decano - El Sitio del Pueblo\" \/>\n<meta property=\"article:published_time\" content=\"2015-07-16T14:56:43+00:00\" \/>\n<meta property=\"article:modified_time\" content=\"2015-07-17T14:36:52+00:00\" \/>\n<meta property=\"og:image\" content=\"https:\/\/www.padreydecano.com\/cms\/wp-content\/uploads\/2015\/07\/uruguay-sub-18-campeon.jpg\" \/>\n\t<meta property=\"og:image:width\" content=\"626\" \/>\n\t<meta property=\"og:image:height\" content=\"525\" \/>\n\t<meta property=\"og:image:type\" content=\"image\/jpeg\" \/>\n<meta name=\"author\" content=\"Moderador\" \/>\n<meta name=\"twitter:card\" content=\"summary_large_image\" \/>\n<meta name=\"twitter:label1\" content=\"Escrito por\" \/>\n\t<meta name=\"twitter:data1\" content=\"Moderador\" \/>\n\t<meta name=\"twitter:label2\" content=\"Tiempo de lectura\" \/>\n\t<meta name=\"twitter:data2\" content=\"1 minuto\" \/>\n<script type=\"application\/ld+json\" class=\"yoast-schema-graph\">{\"@context\":\"https:\/\/schema.org\",\"@graph\":[{\"@type\":\"Article\",\"@id\":\"https:\/\/www.padreydecano.com\/cms\/formativas\/uruguay-campeon-sub-18-en-los-angeles\/#article\",\"isPartOf\":{\"@id\":\"https:\/\/www.padreydecano.com\/cms\/formativas\/uruguay-campeon-sub-18-en-los-angeles\/\"},\"author\":{\"name\":\"Moderador\",\"@id\":\"https:\/\/www.padreydecano.com\/cms\/#\/schema\/person\/d93e9e537230ae052c194251d9a1def2\"},\"headline\":\"Uruguay campe\u00f3n sub 18 en Los \u00c1ngeles\",\"datePublished\":\"2015-07-16T14:56:43+00:00\",\"dateModified\":\"2015-07-17T14:36:52+00:00\",\"mainEntityOfPage\":{\"@id\":\"https:\/\/www.padreydecano.com\/cms\/formativas\/uruguay-campeon-sub-18-en-los-angeles\/\"},\"wordCount\":201,\"commentCount\":1,\"publisher\":{\"@id\":\"https:\/\/www.padreydecano.com\/cms\/#organization\"},\"image\":{\"@id\":\"https:\/\/www.padreydecano.com\/cms\/formativas\/uruguay-campeon-sub-18-en-los-angeles\/#primaryimage\"},\"thumbnailUrl\":\"https:\/\/www.padreydecano.com\/cms\/wp-content\/uploads\/2015\/07\/uruguay-sub-18-campeon.jpg\",\"keywords\":[\"Selecci\u00f3n Uruguaya\"],\"articleSection\":[\"Formativas\"],\"inLanguage\":\"es\",\"potentialAction\":[{\"@type\":\"CommentAction\",\"name\":\"Comment\",\"target\":[\"https:\/\/www.padreydecano.com\/cms\/formativas\/uruguay-campeon-sub-18-en-los-angeles\/#respond\"]}]},{\"@type\":\"WebPage\",\"@id\":\"https:\/\/www.padreydecano.com\/cms\/formativas\/uruguay-campeon-sub-18-en-los-angeles\/\",\"url\":\"https:\/\/www.padreydecano.com\/cms\/formativas\/uruguay-campeon-sub-18-en-los-angeles\/\",\"name\":\"Uruguay campe\u00f3n sub 18 en Los \u00c1ngeles - Padre y Decano - El Sitio del Pueblo\",\"isPartOf\":{\"@id\":\"https:\/\/www.padreydecano.com\/cms\/#website\"},\"primaryImageOfPage\":{\"@id\":\"https:\/\/www.padreydecano.com\/cms\/formativas\/uruguay-campeon-sub-18-en-los-angeles\/#primaryimage\"},\"image\":{\"@id\":\"https:\/\/www.padreydecano.com\/cms\/formativas\/uruguay-campeon-sub-18-en-los-angeles\/#primaryimage\"},\"thumbnailUrl\":\"https:\/\/www.padreydecano.com\/cms\/wp-content\/uploads\/2015\/07\/uruguay-sub-18-campeon.jpg\",\"datePublished\":\"2015-07-16T14:56:43+00:00\",\"dateModified\":\"2015-07-17T14:36:52+00:00\",\"breadcrumb\":{\"@id\":\"https:\/\/www.padreydecano.com\/cms\/formativas\/uruguay-campeon-sub-18-en-los-angeles\/#breadcrumb\"},\"inLanguage\":\"es\",\"potentialAction\":[{\"@type\":\"ReadAction\",\"target\":[\"https:\/\/www.padreydecano.com\/cms\/formativas\/uruguay-campeon-sub-18-en-los-angeles\/\"]}]},{\"@type\":\"ImageObject\",\"inLanguage\":\"es\",\"@id\":\"https:\/\/www.padreydecano.com\/cms\/formativas\/uruguay-campeon-sub-18-en-los-angeles\/#primaryimage\",\"url\":\"https:\/\/www.padreydecano.com\/cms\/wp-content\/uploads\/2015\/07\/uruguay-sub-18-campeon.jpg\",\"contentUrl\":\"https:\/\/www.padreydecano.com\/cms\/wp-content\/uploads\/2015\/07\/uruguay-sub-18-campeon.jpg\",\"width\":626,\"height\":525},{\"@type\":\"BreadcrumbList\",\"@id\":\"https:\/\/www.padreydecano.com\/cms\/formativas\/uruguay-campeon-sub-18-en-los-angeles\/#breadcrumb\",\"itemListElement\":[{\"@type\":\"ListItem\",\"position\":1,\"name\":\"Portada\",\"item\":\"https:\/\/www.padreydecano.com\/cms\/\"},{\"@type\":\"ListItem\",\"position\":2,\"name\":\"Uruguay campe\u00f3n sub 18 en Los \u00c1ngeles\"}]},{\"@type\":\"WebSite\",\"@id\":\"https:\/\/www.padreydecano.com\/cms\/#website\",\"url\":\"https:\/\/www.padreydecano.com\/cms\/\",\"name\":\"Padre y Decano - El Sitio del Pueblo\",\"description\":\"Club Atl\u00e9tico Pe\u00f1arol\",\"publisher\":{\"@id\":\"https:\/\/www.padreydecano.com\/cms\/#organization\"},\"potentialAction\":[{\"@type\":\"SearchAction\",\"target\":{\"@type\":\"EntryPoint\",\"urlTemplate\":\"https:\/\/www.padreydecano.com\/cms\/?s={search_term_string}\"},\"query-input\":\"required name=search_term_string\"}],\"inLanguage\":\"es\"},{\"@type\":\"Organization\",\"@id\":\"https:\/\/www.padreydecano.com\/cms\/#organization\",\"name\":\"Padre y Decano\",\"url\":\"https:\/\/www.padreydecano.com\/cms\/\",\"logo\":{\"@type\":\"ImageObject\",\"inLanguage\":\"es\",\"@id\":\"https:\/\/www.padreydecano.com\/cms\/#\/schema\/logo\/image\/\",\"url\":\"https:\/\/www.padreydecano.com\/cms\/wp-content\/uploads\/2022\/01\/avatar-square.png\",\"contentUrl\":\"https:\/\/www.padreydecano.com\/cms\/wp-content\/uploads\/2022\/01\/avatar-square.png\",\"width\":1500,\"height\":1500,\"caption\":\"Padre y Decano\"},\"image\":{\"@id\":\"https:\/\/www.padreydecano.com\/cms\/#\/schema\/logo\/image\/\"}},{\"@type\":\"Person\",\"@id\":\"https:\/\/www.padreydecano.com\/cms\/#\/schema\/person\/d93e9e537230ae052c194251d9a1def2\",\"name\":\"Moderador\",\"image\":{\"@type\":\"ImageObject\",\"inLanguage\":\"es\",\"@id\":\"https:\/\/www.padreydecano.com\/cms\/#\/schema\/person\/image\/\",\"url\":\"https:\/\/secure.gravatar.com\/avatar\/2587727bf8a53bd3da4ec49f01bea66e?s=96&d=https%3A%2F%2Fpadreydecano.com%2Fcms%2Fwp-content%2Fthemes%2Fpyd-theme%2Fimg%2Fdefault-avatar.png&r=g\",\"contentUrl\":\"https:\/\/secure.gravatar.com\/avatar\/2587727bf8a53bd3da4ec49f01bea66e?s=96&d=https%3A%2F%2Fpadreydecano.com%2Fcms%2Fwp-content%2Fthemes%2Fpyd-theme%2Fimg%2Fdefault-avatar.png&r=g\",\"caption\":\"Moderador\"}}]}<\/script>\n<!-- \/ Yoast SEO plugin. -->","yoast_head_json":{"title":"Uruguay campe\u00f3n sub 18 en Los \u00c1ngeles - Padre y Decano - El Sitio del Pueblo","robots":{"index":"index","follow":"follow","max-snippet":"max-snippet:-1","max-image-preview":"max-image-preview:large","max-video-preview":"max-video-preview:-1"},"canonical":"https:\/\/www.padreydecano.com\/cms\/formativas\/uruguay-campeon-sub-18-en-los-angeles\/","og_locale":"es_ES","og_type":"article","og_title":"Uruguay campe\u00f3n sub 18 en Los \u00c1ngeles - Padre y Decano - El Sitio del Pueblo","og_description":"Federico Valverde, Diego Rossi y Math\u00edas Rodr\u00edguez por el t\u00edtulo.","og_url":"https:\/\/www.padreydecano.com\/cms\/formativas\/uruguay-campeon-sub-18-en-los-angeles\/","og_site_name":"Padre y Decano - El Sitio del Pueblo","article_published_time":"2015-07-16T14:56:43+00:00","article_modified_time":"2015-07-17T14:36:52+00:00","og_image":[{"width":626,"height":525,"url":"https:\/\/www.padreydecano.com\/cms\/wp-content\/uploads\/2015\/07\/uruguay-sub-18-campeon.jpg","type":"image\/jpeg"}],"author":"Moderador","twitter_card":"summary_large_image","twitter_misc":{"Escrito por":"Moderador","Tiempo de lectura":"1 minuto"},"schema":{"@context":"https:\/\/schema.org","@graph":[{"@type":"Article","@id":"https:\/\/www.padreydecano.com\/cms\/formativas\/uruguay-campeon-sub-18-en-los-angeles\/#article","isPartOf":{"@id":"https:\/\/www.padreydecano.com\/cms\/formativas\/uruguay-campeon-sub-18-en-los-angeles\/"},"author":{"name":"Moderador","@id":"https:\/\/www.padreydecano.com\/cms\/#\/schema\/person\/d93e9e537230ae052c194251d9a1def2"},"headline":"Uruguay campe\u00f3n sub 18 en Los \u00c1ngeles","datePublished":"2015-07-16T14:56:43+00:00","dateModified":"2015-07-17T14:36:52+00:00","mainEntityOfPage":{"@id":"https:\/\/www.padreydecano.com\/cms\/formativas\/uruguay-campeon-sub-18-en-los-angeles\/"},"wordCount":201,"commentCount":1,"publisher":{"@id":"https:\/\/www.padreydecano.com\/cms\/#organization"},"image":{"@id":"https:\/\/www.padreydecano.com\/cms\/formativas\/uruguay-campeon-sub-18-en-los-angeles\/#primaryimage"},"thumbnailUrl":"https:\/\/www.padreydecano.com\/cms\/wp-content\/uploads\/2015\/07\/uruguay-sub-18-campeon.jpg","keywords":["Selecci\u00f3n Uruguaya"],"articleSection":["Formativas"],"inLanguage":"es","potentialAction":[{"@type":"CommentAction","name":"Comment","target":["https:\/\/www.padreydecano.com\/cms\/formativas\/uruguay-campeon-sub-18-en-los-angeles\/#respond"]}]},{"@type":"WebPage","@id":"https:\/\/www.padreydecano.com\/cms\/formativas\/uruguay-campeon-sub-18-en-los-angeles\/","url":"https:\/\/www.padreydecano.com\/cms\/formativas\/uruguay-campeon-sub-18-en-los-angeles\/","name":"Uruguay campe\u00f3n sub 18 en Los \u00c1ngeles - Padre y Decano - El Sitio del Pueblo","isPartOf":{"@id":"https:\/\/www.padreydecano.com\/cms\/#website"},"primaryImageOfPage":{"@id":"https:\/\/www.padreydecano.com\/cms\/formativas\/uruguay-campeon-sub-18-en-los-angeles\/#primaryimage"},"image":{"@id":"https:\/\/www.padreydecano.com\/cms\/formativas\/uruguay-campeon-sub-18-en-los-angeles\/#primaryimage"},"thumbnailUrl":"https:\/\/www.padreydecano.com\/cms\/wp-content\/uploads\/2015\/07\/uruguay-sub-18-campeon.jpg","datePublished":"2015-07-16T14:56:43+00:00","dateModified":"2015-07-17T14:36:52+00:00","breadcrumb":{"@id":"https:\/\/www.padreydecano.com\/cms\/formativas\/uruguay-campeon-sub-18-en-los-angeles\/#breadcrumb"},"inLanguage":"es","potentialAction":[{"@type":"ReadAction","target":["https:\/\/www.padreydecano.com\/cms\/formativas\/uruguay-campeon-sub-18-en-los-angeles\/"]}]},{"@type":"ImageObject","inLanguage":"es","@id":"https:\/\/www.padreydecano.com\/cms\/formativas\/uruguay-campeon-sub-18-en-los-angeles\/#primaryimage","url":"https:\/\/www.padreydecano.com\/cms\/wp-content\/uploads\/2015\/07\/uruguay-sub-18-campeon.jpg","contentUrl":"https:\/\/www.padreydecano.com\/cms\/wp-content\/uploads\/2015\/07\/uruguay-sub-18-campeon.jpg","width":626,"height":525},{"@type":"BreadcrumbList","@id":"https:\/\/www.padreydecano.com\/cms\/formativas\/uruguay-campeon-sub-18-en-los-angeles\/#breadcrumb","itemListElement":[{"@type":"ListItem","position":1,"name":"Portada","item":"https:\/\/www.padreydecano.com\/cms\/"},{"@type":"ListItem","position":2,"name":"Uruguay campe\u00f3n sub 18 en Los \u00c1ngeles"}]},{"@type":"WebSite","@id":"https:\/\/www.padreydecano.com\/cms\/#website","url":"https:\/\/www.padreydecano.com\/cms\/","name":"Padre y Decano - El Sitio del Pueblo","description":"Club Atl\u00e9tico Pe\u00f1arol","publisher":{"@id":"https:\/\/www.padreydecano.com\/cms\/#organization"},"potentialAction":[{"@type":"SearchAction","target":{"@type":"EntryPoint","urlTemplate":"https:\/\/www.padreydecano.com\/cms\/?s={search_term_string}"},"query-input":"required name=search_term_string"}],"inLanguage":"es"},{"@type":"Organization","@id":"https:\/\/www.padreydecano.com\/cms\/#organization","name":"Padre y Decano","url":"https:\/\/www.padreydecano.com\/cms\/","logo":{"@type":"ImageObject","inLanguage":"es","@id":"https:\/\/www.padreydecano.com\/cms\/#\/schema\/logo\/image\/","url":"https:\/\/www.padreydecano.com\/cms\/wp-content\/uploads\/2022\/01\/avatar-square.png","contentUrl":"https:\/\/www.padreydecano.com\/cms\/wp-content\/uploads\/2022\/01\/avatar-square.png","width":1500,"height":1500,"caption":"Padre y Decano"},"image":{"@id":"https:\/\/www.padreydecano.com\/cms\/#\/schema\/logo\/image\/"}},{"@type":"Person","@id":"https:\/\/www.padreydecano.com\/cms\/#\/schema\/person\/d93e9e537230ae052c194251d9a1def2","name":"Moderador","image":{"@type":"ImageObject","inLanguage":"es","@id":"https:\/\/www.padreydecano.com\/cms\/#\/schema\/person\/image\/","url":"https:\/\/secure.gravatar.com\/avatar\/2587727bf8a53bd3da4ec49f01bea66e?s=96&d=https%3A%2F%2Fpadreydecano.com%2Fcms%2Fwp-content%2Fthemes%2Fpyd-theme%2Fimg%2Fdefault-avatar.png&r=g","contentUrl":"https:\/\/secure.gravatar.com\/avatar\/2587727bf8a53bd3da4ec49f01bea66e?s=96&d=https%3A%2F%2Fpadreydecano.com%2Fcms%2Fwp-content%2Fthemes%2Fpyd-theme%2Fimg%2Fdefault-avatar.png&r=g","caption":"Moderador"}}]}},"_links":{"self":[{"href":"https:\/\/www.padreydecano.com\/cms\/wp-json\/wp\/v2\/posts\/53616"}],"collection":[{"href":"https:\/\/www.padreydecano.com\/cms\/wp-json\/wp\/v2\/posts"}],"about":[{"href":"https:\/\/www.padreydecano.com\/cms\/wp-json\/wp\/v2\/types\/post"}],"author":[{"embeddable":true,"href":"https:\/\/www.padreydecano.com\/cms\/wp-json\/wp\/v2\/users\/13"}],"replies":[{"embeddable":true,"href":"https:\/\/www.padreydecano.com\/cms\/wp-json\/wp\/v2\/comments?post=53616"}],"version-history":[{"count":0,"href":"https:\/\/www.padreydecano.com\/cms\/wp-json\/wp\/v2\/posts\/53616\/revisions"}],"wp:featuredmedia":[{"embeddable":true,"href":"https:\/\/www.padreydecano.com\/cms\/wp-json\/wp\/v2\/media\/53618"}],"wp:attachment":[{"href":"https:\/\/www.padreydecano.com\/cms\/wp-json\/wp\/v2\/media?parent=53616"}],"wp:term":[{"taxonomy":"category","embeddable":true,"href":"https:\/\/www.padreydecano.com\/cms\/wp-json\/wp\/v2\/categories?post=53616"},{"taxonomy":"post_tag","embeddable":true,"href":"https:\/\/www.padreydecano.com\/cms\/wp-json\/wp\/v2\/tags?post=53616"}],"curies":[{"name":"wp","href":"https:\/\/api.w.org\/{rel}","templated":true}]}}