{"id":53253,"date":"2015-06-18T09:55:37","date_gmt":"2015-06-18T12:55:37","guid":{"rendered":"http:\/\/www.padreydecano.com\/cms\/?p=53253"},"modified":"2015-06-18T09:55:37","modified_gmt":"2015-06-18T12:55:37","slug":"nahitan-y-guruceaga-a-los-panamericanos","status":"publish","type":"post","link":"https:\/\/www.padreydecano.com\/cms\/noticias\/nahitan-y-guruceaga-a-los-panamericanos\/","title":{"rendered":"Nahitan y Guruceaga a los Panamericanos"},"content":{"rendered":"<p style=\"text-align: justify;\">Fabi\u00e1n Coitio dio a conocer la lista de 18 futbolistas\u00a0que defender\u00e1n a Uruguay en los Juegos Panamericanos de Toronto 2015. El arquero Gast\u00f3n Guruceaga, y el capit\u00e1n Nahitan Nandez, hombres de confianza de Coito, fueron citados para disputar el certamen que ir\u00e1 del 12 al 26 de julio. Esto significa que los jugadores se perder\u00e1n parte de la pretemporada con Pe\u00f1arol.<\/p>\n<p style=\"text-align: justify;\">Adem\u00e1s de Uruguay, participar\u00e1n Brasil, Paraguay y Per\u00fa por Conmebol y Panam\u00e1, M\u00e9xico, Trinidad y Tobago, y Canad\u00e1 por Concacaf. Cabe recordar que este certamen es de caracter sub 22.<\/p>\n<p style=\"text-align: justify;\">Uruguay posee una medalla de oro en los juegos de Caracas 1983, una medalla de bronce en los \u00faltimos juegos, en Guadalajara 2011, y un cuarto puesto en San Pablo 1963.<\/p>\n\n\t\t<style type=\"text\/css\">\n\t\t\t#gallery-1 {\n\t\t\t\tmargin: auto;\n\t\t\t}\n\t\t\t#gallery-1 .gallery-item {\n\t\t\t\tfloat: left;\n\t\t\t\tmargin-top: 10px;\n\t\t\t\ttext-align: center;\n\t\t\t\twidth: 33%;\n\t\t\t}\n\t\t\t#gallery-1 img {\n\t\t\t\tborder: 2px solid #cfcfcf;\n\t\t\t}\n\t\t\t#gallery-1 .gallery-caption {\n\t\t\t\tmargin-left: 0;\n\t\t\t}\n\t\t\t\/* see gallery_shortcode() in wp-includes\/media.php *\/\n\t\t<\/style>\n\t\t<div id='gallery-1' class='gallery galleryid-53253 gallery-columns-3 gallery-size-thumbnail'><dl class='gallery-item'>\n\t\t\t<dt class='gallery-icon landscape'>\n\t\t\t\t<a href='https:\/\/www.padreydecano.com\/cms\/wp-content\/uploads\/2015\/06\/Pe\u00f1arolvsNacional-72-Copiar.jpg' rel='shadowbox[sbalbum-53191];player=img;'><img loading=\"lazy\" decoding=\"async\" width=\"150\" height=\"150\" src=\"https:\/\/www.padreydecano.com\/cms\/wp-content\/uploads\/2015\/06\/Pe\u00f1arolvsNacional-72-Copiar-150x150.jpg\" class=\"attachment-thumbnail size-thumbnail\" alt=\"Guruceaga\" srcset=\"https:\/\/www.padreydecano.com\/cms\/wp-content\/uploads\/2015\/06\/Pe\u00f1arolvsNacional-72-Copiar-150x150.jpg 150w, https:\/\/www.padreydecano.com\/cms\/wp-content\/uploads\/2015\/06\/Pe\u00f1arolvsNacional-72-Copiar-36x36.jpg 36w, https:\/\/www.padreydecano.com\/cms\/wp-content\/uploads\/2015\/06\/Pe\u00f1arolvsNacional-72-Copiar-115x115.jpg 115w\" sizes=\"(max-width: 150px) 100vw, 150px\" \/><\/a>\n\t\t\t<\/dt><\/dl><dl class='gallery-item'>\n\t\t\t<dt class='gallery-icon landscape'>\n\t\t\t\t<a href='https:\/\/www.padreydecano.com\/cms\/wp-content\/uploads\/2015\/06\/penarol-nacional-clasico-clausura-2015-29-mariano-alvez-e1434413207434.jpg' rel='shadowbox[sbalbum-53191];player=img;'><img loading=\"lazy\" decoding=\"async\" width=\"150\" height=\"150\" src=\"https:\/\/www.padreydecano.com\/cms\/wp-content\/uploads\/2015\/06\/penarol-nacional-clasico-clausura-2015-29-mariano-alvez-150x150.jpg\" class=\"attachment-thumbnail size-thumbnail\" alt=\"Nahitan Nandez\" srcset=\"https:\/\/www.padreydecano.com\/cms\/wp-content\/uploads\/2015\/06\/penarol-nacional-clasico-clausura-2015-29-mariano-alvez-150x150.jpg 150w, https:\/\/www.padreydecano.com\/cms\/wp-content\/uploads\/2015\/06\/penarol-nacional-clasico-clausura-2015-29-mariano-alvez-36x36.jpg 36w, https:\/\/www.padreydecano.com\/cms\/wp-content\/uploads\/2015\/06\/penarol-nacional-clasico-clausura-2015-29-mariano-alvez-115x115.jpg 115w\" sizes=\"(max-width: 150px) 100vw, 150px\" \/><\/a>\n\t\t\t<\/dt><\/dl><dl class='gallery-item'>\n\t\t\t<dt class='gallery-icon landscape'>\n\t\t\t\t<a href='https:\/\/www.padreydecano.com\/cms\/wp-content\/uploads\/2015\/06\/nahitan-guruceaga.jpg' rel='shadowbox[sbalbum-53253];player=img;'><img loading=\"lazy\" decoding=\"async\" width=\"150\" height=\"150\" src=\"https:\/\/www.padreydecano.com\/cms\/wp-content\/uploads\/2015\/06\/nahitan-guruceaga-150x150.jpg\" class=\"attachment-thumbnail size-thumbnail\" alt=\"nahitan-guruceaga\" srcset=\"https:\/\/www.padreydecano.com\/cms\/wp-content\/uploads\/2015\/06\/nahitan-guruceaga-150x150.jpg 150w, https:\/\/www.padreydecano.com\/cms\/wp-content\/uploads\/2015\/06\/nahitan-guruceaga-36x36.jpg 36w, https:\/\/www.padreydecano.com\/cms\/wp-content\/uploads\/2015\/06\/nahitan-guruceaga-115x115.jpg 115w\" sizes=\"(max-width: 150px) 100vw, 150px\" \/><\/a>\n\t\t\t<\/dt><\/dl><br style=\"clear: both\" \/>\n\t\t<\/div>\n\n","protected":false},"excerpt":{"rendered":"<p>Fabi\u00e1n Coitio dio a conocer la lista de 18 futbolistas que defender\u00e1n a Uruguay en los Juegos Panamericanos de Toronto. <\/p>\n","protected":false},"author":13,"featured_media":53254,"comment_status":"open","ping_status":"closed","sticky":false,"template":"","format":"standard","meta":{"footnotes":""},"categories":[1],"tags":[105],"yoast_head":"<!-- This site is optimized with the Yoast SEO plugin v23.2 - https:\/\/yoast.com\/wordpress\/plugins\/seo\/ -->\n<title>Nahitan y Guruceaga a los Panamericanos - Padre y Decano - El Sitio del Pueblo<\/title>\n<meta name=\"robots\" content=\"index, follow, max-snippet:-1, max-image-preview:large, max-video-preview:-1\" \/>\n<link rel=\"canonical\" href=\"https:\/\/www.padreydecano.com\/cms\/noticias\/nahitan-y-guruceaga-a-los-panamericanos\/\" \/>\n<meta property=\"og:locale\" content=\"es_ES\" \/>\n<meta property=\"og:type\" content=\"article\" \/>\n<meta property=\"og:title\" content=\"Nahitan y Guruceaga a los Panamericanos - Padre y Decano - El Sitio del Pueblo\" \/>\n<meta property=\"og:description\" content=\"Fabi\u00e1n Coitio dio a conocer la lista de 18 futbolistas que defender\u00e1n a Uruguay en los Juegos Panamericanos de Toronto.\" \/>\n<meta property=\"og:url\" content=\"https:\/\/www.padreydecano.com\/cms\/noticias\/nahitan-y-guruceaga-a-los-panamericanos\/\" \/>\n<meta property=\"og:site_name\" content=\"Padre y Decano - El Sitio del Pueblo\" \/>\n<meta property=\"article:published_time\" content=\"2015-06-18T12:55:37+00:00\" \/>\n<meta property=\"og:image\" content=\"https:\/\/www.padreydecano.com\/cms\/wp-content\/uploads\/2015\/06\/nahitan-guruceaga.jpg\" \/>\n\t<meta property=\"og:image:width\" content=\"616\" \/>\n\t<meta property=\"og:image:height\" content=\"376\" \/>\n\t<meta property=\"og:image:type\" content=\"image\/jpeg\" \/>\n<meta name=\"author\" content=\"Moderador\" \/>\n<meta name=\"twitter:card\" content=\"summary_large_image\" \/>\n<meta name=\"twitter:label1\" content=\"Escrito por\" \/>\n\t<meta name=\"twitter:data1\" content=\"Moderador\" \/>\n\t<meta name=\"twitter:label2\" content=\"Tiempo de lectura\" \/>\n\t<meta name=\"twitter:data2\" content=\"1 minuto\" \/>\n<script type=\"application\/ld+json\" class=\"yoast-schema-graph\">{\"@context\":\"https:\/\/schema.org\",\"@graph\":[{\"@type\":\"Article\",\"@id\":\"https:\/\/www.padreydecano.com\/cms\/noticias\/nahitan-y-guruceaga-a-los-panamericanos\/#article\",\"isPartOf\":{\"@id\":\"https:\/\/www.padreydecano.com\/cms\/noticias\/nahitan-y-guruceaga-a-los-panamericanos\/\"},\"author\":{\"name\":\"Moderador\",\"@id\":\"https:\/\/www.padreydecano.com\/cms\/#\/schema\/person\/d93e9e537230ae052c194251d9a1def2\"},\"headline\":\"Nahitan y Guruceaga a los Panamericanos\",\"datePublished\":\"2015-06-18T12:55:37+00:00\",\"dateModified\":\"2015-06-18T12:55:37+00:00\",\"mainEntityOfPage\":{\"@id\":\"https:\/\/www.padreydecano.com\/cms\/noticias\/nahitan-y-guruceaga-a-los-panamericanos\/\"},\"wordCount\":132,\"commentCount\":7,\"publisher\":{\"@id\":\"https:\/\/www.padreydecano.com\/cms\/#organization\"},\"image\":{\"@id\":\"https:\/\/www.padreydecano.com\/cms\/noticias\/nahitan-y-guruceaga-a-los-panamericanos\/#primaryimage\"},\"thumbnailUrl\":\"https:\/\/www.padreydecano.com\/cms\/wp-content\/uploads\/2015\/06\/nahitan-guruceaga.jpg\",\"keywords\":[\"Selecci\u00f3n Uruguaya\"],\"articleSection\":[\"Noticias\"],\"inLanguage\":\"es\",\"potentialAction\":[{\"@type\":\"CommentAction\",\"name\":\"Comment\",\"target\":[\"https:\/\/www.padreydecano.com\/cms\/noticias\/nahitan-y-guruceaga-a-los-panamericanos\/#respond\"]}]},{\"@type\":\"WebPage\",\"@id\":\"https:\/\/www.padreydecano.com\/cms\/noticias\/nahitan-y-guruceaga-a-los-panamericanos\/\",\"url\":\"https:\/\/www.padreydecano.com\/cms\/noticias\/nahitan-y-guruceaga-a-los-panamericanos\/\",\"name\":\"Nahitan y Guruceaga a los Panamericanos - Padre y Decano - El Sitio del Pueblo\",\"isPartOf\":{\"@id\":\"https:\/\/www.padreydecano.com\/cms\/#website\"},\"primaryImageOfPage\":{\"@id\":\"https:\/\/www.padreydecano.com\/cms\/noticias\/nahitan-y-guruceaga-a-los-panamericanos\/#primaryimage\"},\"image\":{\"@id\":\"https:\/\/www.padreydecano.com\/cms\/noticias\/nahitan-y-guruceaga-a-los-panamericanos\/#primaryimage\"},\"thumbnailUrl\":\"https:\/\/www.padreydecano.com\/cms\/wp-content\/uploads\/2015\/06\/nahitan-guruceaga.jpg\",\"datePublished\":\"2015-06-18T12:55:37+00:00\",\"dateModified\":\"2015-06-18T12:55:37+00:00\",\"breadcrumb\":{\"@id\":\"https:\/\/www.padreydecano.com\/cms\/noticias\/nahitan-y-guruceaga-a-los-panamericanos\/#breadcrumb\"},\"inLanguage\":\"es\",\"potentialAction\":[{\"@type\":\"ReadAction\",\"target\":[\"https:\/\/www.padreydecano.com\/cms\/noticias\/nahitan-y-guruceaga-a-los-panamericanos\/\"]}]},{\"@type\":\"ImageObject\",\"inLanguage\":\"es\",\"@id\":\"https:\/\/www.padreydecano.com\/cms\/noticias\/nahitan-y-guruceaga-a-los-panamericanos\/#primaryimage\",\"url\":\"https:\/\/www.padreydecano.com\/cms\/wp-content\/uploads\/2015\/06\/nahitan-guruceaga.jpg\",\"contentUrl\":\"https:\/\/www.padreydecano.com\/cms\/wp-content\/uploads\/2015\/06\/nahitan-guruceaga.jpg\",\"width\":616,\"height\":376,\"caption\":\"nahitan-guruceaga\"},{\"@type\":\"BreadcrumbList\",\"@id\":\"https:\/\/www.padreydecano.com\/cms\/noticias\/nahitan-y-guruceaga-a-los-panamericanos\/#breadcrumb\",\"itemListElement\":[{\"@type\":\"ListItem\",\"position\":1,\"name\":\"Portada\",\"item\":\"https:\/\/www.padreydecano.com\/cms\/\"},{\"@type\":\"ListItem\",\"position\":2,\"name\":\"Nahitan y Guruceaga a los Panamericanos\"}]},{\"@type\":\"WebSite\",\"@id\":\"https:\/\/www.padreydecano.com\/cms\/#website\",\"url\":\"https:\/\/www.padreydecano.com\/cms\/\",\"name\":\"Padre y Decano - El Sitio del Pueblo\",\"description\":\"Club Atl\u00e9tico Pe\u00f1arol\",\"publisher\":{\"@id\":\"https:\/\/www.padreydecano.com\/cms\/#organization\"},\"potentialAction\":[{\"@type\":\"SearchAction\",\"target\":{\"@type\":\"EntryPoint\",\"urlTemplate\":\"https:\/\/www.padreydecano.com\/cms\/?s={search_term_string}\"},\"query-input\":\"required name=search_term_string\"}],\"inLanguage\":\"es\"},{\"@type\":\"Organization\",\"@id\":\"https:\/\/www.padreydecano.com\/cms\/#organization\",\"name\":\"Padre y Decano\",\"url\":\"https:\/\/www.padreydecano.com\/cms\/\",\"logo\":{\"@type\":\"ImageObject\",\"inLanguage\":\"es\",\"@id\":\"https:\/\/www.padreydecano.com\/cms\/#\/schema\/logo\/image\/\",\"url\":\"https:\/\/www.padreydecano.com\/cms\/wp-content\/uploads\/2022\/01\/avatar-square.png\",\"contentUrl\":\"https:\/\/www.padreydecano.com\/cms\/wp-content\/uploads\/2022\/01\/avatar-square.png\",\"width\":1500,\"height\":1500,\"caption\":\"Padre y Decano\"},\"image\":{\"@id\":\"https:\/\/www.padreydecano.com\/cms\/#\/schema\/logo\/image\/\"}},{\"@type\":\"Person\",\"@id\":\"https:\/\/www.padreydecano.com\/cms\/#\/schema\/person\/d93e9e537230ae052c194251d9a1def2\",\"name\":\"Moderador\",\"image\":{\"@type\":\"ImageObject\",\"inLanguage\":\"es\",\"@id\":\"https:\/\/www.padreydecano.com\/cms\/#\/schema\/person\/image\/\",\"url\":\"https:\/\/secure.gravatar.com\/avatar\/2587727bf8a53bd3da4ec49f01bea66e?s=96&d=https%3A%2F%2Fpadreydecano.com%2Fcms%2Fwp-content%2Fthemes%2Fpyd-theme%2Fimg%2Fdefault-avatar.png&r=g\",\"contentUrl\":\"https:\/\/secure.gravatar.com\/avatar\/2587727bf8a53bd3da4ec49f01bea66e?s=96&d=https%3A%2F%2Fpadreydecano.com%2Fcms%2Fwp-content%2Fthemes%2Fpyd-theme%2Fimg%2Fdefault-avatar.png&r=g\",\"caption\":\"Moderador\"}}]}<\/script>\n<!-- \/ Yoast SEO plugin. -->","yoast_head_json":{"title":"Nahitan y Guruceaga a los Panamericanos - Padre y Decano - El Sitio del Pueblo","robots":{"index":"index","follow":"follow","max-snippet":"max-snippet:-1","max-image-preview":"max-image-preview:large","max-video-preview":"max-video-preview:-1"},"canonical":"https:\/\/www.padreydecano.com\/cms\/noticias\/nahitan-y-guruceaga-a-los-panamericanos\/","og_locale":"es_ES","og_type":"article","og_title":"Nahitan y Guruceaga a los Panamericanos - Padre y Decano - El Sitio del Pueblo","og_description":"Fabi\u00e1n Coitio dio a conocer la lista de 18 futbolistas que defender\u00e1n a Uruguay en los Juegos Panamericanos de Toronto.","og_url":"https:\/\/www.padreydecano.com\/cms\/noticias\/nahitan-y-guruceaga-a-los-panamericanos\/","og_site_name":"Padre y Decano - El Sitio del Pueblo","article_published_time":"2015-06-18T12:55:37+00:00","og_image":[{"width":616,"height":376,"url":"https:\/\/www.padreydecano.com\/cms\/wp-content\/uploads\/2015\/06\/nahitan-guruceaga.jpg","type":"image\/jpeg"}],"author":"Moderador","twitter_card":"summary_large_image","twitter_misc":{"Escrito por":"Moderador","Tiempo de lectura":"1 minuto"},"schema":{"@context":"https:\/\/schema.org","@graph":[{"@type":"Article","@id":"https:\/\/www.padreydecano.com\/cms\/noticias\/nahitan-y-guruceaga-a-los-panamericanos\/#article","isPartOf":{"@id":"https:\/\/www.padreydecano.com\/cms\/noticias\/nahitan-y-guruceaga-a-los-panamericanos\/"},"author":{"name":"Moderador","@id":"https:\/\/www.padreydecano.com\/cms\/#\/schema\/person\/d93e9e537230ae052c194251d9a1def2"},"headline":"Nahitan y Guruceaga a los Panamericanos","datePublished":"2015-06-18T12:55:37+00:00","dateModified":"2015-06-18T12:55:37+00:00","mainEntityOfPage":{"@id":"https:\/\/www.padreydecano.com\/cms\/noticias\/nahitan-y-guruceaga-a-los-panamericanos\/"},"wordCount":132,"commentCount":7,"publisher":{"@id":"https:\/\/www.padreydecano.com\/cms\/#organization"},"image":{"@id":"https:\/\/www.padreydecano.com\/cms\/noticias\/nahitan-y-guruceaga-a-los-panamericanos\/#primaryimage"},"thumbnailUrl":"https:\/\/www.padreydecano.com\/cms\/wp-content\/uploads\/2015\/06\/nahitan-guruceaga.jpg","keywords":["Selecci\u00f3n Uruguaya"],"articleSection":["Noticias"],"inLanguage":"es","potentialAction":[{"@type":"CommentAction","name":"Comment","target":["https:\/\/www.padreydecano.com\/cms\/noticias\/nahitan-y-guruceaga-a-los-panamericanos\/#respond"]}]},{"@type":"WebPage","@id":"https:\/\/www.padreydecano.com\/cms\/noticias\/nahitan-y-guruceaga-a-los-panamericanos\/","url":"https:\/\/www.padreydecano.com\/cms\/noticias\/nahitan-y-guruceaga-a-los-panamericanos\/","name":"Nahitan y Guruceaga a los Panamericanos - Padre y Decano - El Sitio del Pueblo","isPartOf":{"@id":"https:\/\/www.padreydecano.com\/cms\/#website"},"primaryImageOfPage":{"@id":"https:\/\/www.padreydecano.com\/cms\/noticias\/nahitan-y-guruceaga-a-los-panamericanos\/#primaryimage"},"image":{"@id":"https:\/\/www.padreydecano.com\/cms\/noticias\/nahitan-y-guruceaga-a-los-panamericanos\/#primaryimage"},"thumbnailUrl":"https:\/\/www.padreydecano.com\/cms\/wp-content\/uploads\/2015\/06\/nahitan-guruceaga.jpg","datePublished":"2015-06-18T12:55:37+00:00","dateModified":"2015-06-18T12:55:37+00:00","breadcrumb":{"@id":"https:\/\/www.padreydecano.com\/cms\/noticias\/nahitan-y-guruceaga-a-los-panamericanos\/#breadcrumb"},"inLanguage":"es","potentialAction":[{"@type":"ReadAction","target":["https:\/\/www.padreydecano.com\/cms\/noticias\/nahitan-y-guruceaga-a-los-panamericanos\/"]}]},{"@type":"ImageObject","inLanguage":"es","@id":"https:\/\/www.padreydecano.com\/cms\/noticias\/nahitan-y-guruceaga-a-los-panamericanos\/#primaryimage","url":"https:\/\/www.padreydecano.com\/cms\/wp-content\/uploads\/2015\/06\/nahitan-guruceaga.jpg","contentUrl":"https:\/\/www.padreydecano.com\/cms\/wp-content\/uploads\/2015\/06\/nahitan-guruceaga.jpg","width":616,"height":376,"caption":"nahitan-guruceaga"},{"@type":"BreadcrumbList","@id":"https:\/\/www.padreydecano.com\/cms\/noticias\/nahitan-y-guruceaga-a-los-panamericanos\/#breadcrumb","itemListElement":[{"@type":"ListItem","position":1,"name":"Portada","item":"https:\/\/www.padreydecano.com\/cms\/"},{"@type":"ListItem","position":2,"name":"Nahitan y Guruceaga a los Panamericanos"}]},{"@type":"WebSite","@id":"https:\/\/www.padreydecano.com\/cms\/#website","url":"https:\/\/www.padreydecano.com\/cms\/","name":"Padre y Decano - El Sitio del Pueblo","description":"Club Atl\u00e9tico Pe\u00f1arol","publisher":{"@id":"https:\/\/www.padreydecano.com\/cms\/#organization"},"potentialAction":[{"@type":"SearchAction","target":{"@type":"EntryPoint","urlTemplate":"https:\/\/www.padreydecano.com\/cms\/?s={search_term_string}"},"query-input":"required name=search_term_string"}],"inLanguage":"es"},{"@type":"Organization","@id":"https:\/\/www.padreydecano.com\/cms\/#organization","name":"Padre y Decano","url":"https:\/\/www.padreydecano.com\/cms\/","logo":{"@type":"ImageObject","inLanguage":"es","@id":"https:\/\/www.padreydecano.com\/cms\/#\/schema\/logo\/image\/","url":"https:\/\/www.padreydecano.com\/cms\/wp-content\/uploads\/2022\/01\/avatar-square.png","contentUrl":"https:\/\/www.padreydecano.com\/cms\/wp-content\/uploads\/2022\/01\/avatar-square.png","width":1500,"height":1500,"caption":"Padre y Decano"},"image":{"@id":"https:\/\/www.padreydecano.com\/cms\/#\/schema\/logo\/image\/"}},{"@type":"Person","@id":"https:\/\/www.padreydecano.com\/cms\/#\/schema\/person\/d93e9e537230ae052c194251d9a1def2","name":"Moderador","image":{"@type":"ImageObject","inLanguage":"es","@id":"https:\/\/www.padreydecano.com\/cms\/#\/schema\/person\/image\/","url":"https:\/\/secure.gravatar.com\/avatar\/2587727bf8a53bd3da4ec49f01bea66e?s=96&d=https%3A%2F%2Fpadreydecano.com%2Fcms%2Fwp-content%2Fthemes%2Fpyd-theme%2Fimg%2Fdefault-avatar.png&r=g","contentUrl":"https:\/\/secure.gravatar.com\/avatar\/2587727bf8a53bd3da4ec49f01bea66e?s=96&d=https%3A%2F%2Fpadreydecano.com%2Fcms%2Fwp-content%2Fthemes%2Fpyd-theme%2Fimg%2Fdefault-avatar.png&r=g","caption":"Moderador"}}]}},"_links":{"self":[{"href":"https:\/\/www.padreydecano.com\/cms\/wp-json\/wp\/v2\/posts\/53253"}],"collection":[{"href":"https:\/\/www.padreydecano.com\/cms\/wp-json\/wp\/v2\/posts"}],"about":[{"href":"https:\/\/www.padreydecano.com\/cms\/wp-json\/wp\/v2\/types\/post"}],"author":[{"embeddable":true,"href":"https:\/\/www.padreydecano.com\/cms\/wp-json\/wp\/v2\/users\/13"}],"replies":[{"embeddable":true,"href":"https:\/\/www.padreydecano.com\/cms\/wp-json\/wp\/v2\/comments?post=53253"}],"version-history":[{"count":0,"href":"https:\/\/www.padreydecano.com\/cms\/wp-json\/wp\/v2\/posts\/53253\/revisions"}],"wp:featuredmedia":[{"embeddable":true,"href":"https:\/\/www.padreydecano.com\/cms\/wp-json\/wp\/v2\/media\/53254"}],"wp:attachment":[{"href":"https:\/\/www.padreydecano.com\/cms\/wp-json\/wp\/v2\/media?parent=53253"}],"wp:term":[{"taxonomy":"category","embeddable":true,"href":"https:\/\/www.padreydecano.com\/cms\/wp-json\/wp\/v2\/categories?post=53253"},{"taxonomy":"post_tag","embeddable":true,"href":"https:\/\/www.padreydecano.com\/cms\/wp-json\/wp\/v2\/tags?post=53253"}],"curies":[{"name":"wp","href":"https:\/\/api.w.org\/{rel}","templated":true}]}}