{"id":52852,"date":"2015-05-28T10:50:09","date_gmt":"2015-05-28T13:50:09","guid":{"rendered":"http:\/\/www.padreydecano.com\/cms\/?p=52852"},"modified":"2015-05-28T10:58:41","modified_gmt":"2015-05-28T13:58:41","slug":"la-pena-cordon-colaboro-con-la-biblioteca-de-juveniles","status":"publish","type":"post","link":"https:\/\/www.padreydecano.com\/cms\/formativas\/la-pena-cordon-colaboro-con-la-biblioteca-de-juveniles\/","title":{"rendered":"La Pe\u00f1a Cord\u00f3n colabor\u00f3 con la biblioteca de juveniles"},"content":{"rendered":"<p style=\"text-align: justify;\"><a href=\"https:\/\/www.padreydecano.com\/cms\/wp-content\/uploads\/2015\/05\/Movida-D\u00eda-del-Libro-Cordon-2.jpg\" rel=\"shadowbox[sbpost-52852];player=img;\"><img loading=\"lazy\" decoding=\"async\" class=\"aligncenter wp-image-52855 size-full\" src=\"https:\/\/www.padreydecano.com\/cms\/wp-content\/uploads\/2015\/05\/Movida-D\u00eda-del-Libro-Cordon-2-e1432754786596.jpg\" alt=\"Movida D\u00eda del Libro - Cordon 2\" width=\"605\" height=\"403\" \/><\/a><br \/>\n<strong>La <a href=\"https:\/\/www.facebook.com\/cordonCAP\" target=\"_blank\">Pe\u00f1a Cord\u00f3n &#8211; Cr. Gast\u00f3n G\u00fcelfi<\/a>\u00a0celebr\u00f3 el 26 de mayo el D\u00eda del Libro con una gran donaci\u00f3n de libros para Formativas. La misma se hizo en el Colegio ubicado a cuadras del Centro de Alto Rendimiento donde residen varios juveniles del interior.<\/strong><\/p>\n<p><strong>La Pe\u00f1a cuenta as\u00ed la movida:<\/strong><\/p>\n<p>26 de Mayo &#8211; fecha en que celebramos el D\u00eda del Libro.<\/p>\n<p style=\"text-align: justify;\">Este a\u00f1o no quisimos desaprovechar la oportunidad de continuar acerc\u00e1ndonos a las divisionales juveniles del club y a ra\u00edz de un pedido de unos chicos de tener libros sobre Pe\u00f1arol, empezamos a juntar libros para los gurises.<\/p>\n<p style=\"text-align: justify;\">El resultado, gracias a la colaboraci\u00f3n de muchos autores y donantes particulares, salta a la vista. Una biblioteca renovada y con mucho material para motivar la lectura y de paso aprender m\u00e1s sobre la historia de nuestro glorioso club.<\/p>\n<p style=\"text-align: justify;\">Es con la convicci\u00f3n de que gurises formados integralmente son gurises con mejor futuro que decidimos dar pasos firmes para concretar esta idea.<\/p>\n<p style=\"text-align: justify;\">Queremos especialmente agradecer a Cesar Bianchi, Leonardo Haberkorn, Andr\u00e9s Reyes y Federico Ivanier, quienes nos facilitaron ejemplares de muchos de sus textos. Asimismo dar las gracias a los funcionarios del club que nos recibieron con mucha simpat\u00eda y a los chicos que acompa\u00f1aron este momento y nos permitieron compartir con ellos un poco de su tiempo.<\/p>\n\n\t\t<style type=\"text\/css\">\n\t\t\t#gallery-1 {\n\t\t\t\tmargin: auto;\n\t\t\t}\n\t\t\t#gallery-1 .gallery-item {\n\t\t\t\tfloat: left;\n\t\t\t\tmargin-top: 10px;\n\t\t\t\ttext-align: center;\n\t\t\t\twidth: 33%;\n\t\t\t}\n\t\t\t#gallery-1 img {\n\t\t\t\tborder: 2px solid #cfcfcf;\n\t\t\t}\n\t\t\t#gallery-1 .gallery-caption {\n\t\t\t\tmargin-left: 0;\n\t\t\t}\n\t\t\t\/* see gallery_shortcode() in wp-includes\/media.php *\/\n\t\t<\/style>\n\t\t<div id='gallery-1' class='gallery galleryid-52852 gallery-columns-3 gallery-size-thumbnail'><dl class='gallery-item'>\n\t\t\t<dt class='gallery-icon landscape'>\n\t\t\t\t<a href='https:\/\/www.padreydecano.com\/cms\/wp-content\/uploads\/2015\/05\/Movida-D\u00eda-del-Libro-Cordon-1.jpg' rel='shadowbox[sbalbum-52852];player=img;'><img loading=\"lazy\" decoding=\"async\" width=\"150\" height=\"150\" src=\"https:\/\/www.padreydecano.com\/cms\/wp-content\/uploads\/2015\/05\/Movida-D\u00eda-del-Libro-Cordon-1-150x150.jpg\" class=\"attachment-thumbnail size-thumbnail\" alt=\"\" srcset=\"https:\/\/www.padreydecano.com\/cms\/wp-content\/uploads\/2015\/05\/Movida-D\u00eda-del-Libro-Cordon-1-150x150.jpg 150w, https:\/\/www.padreydecano.com\/cms\/wp-content\/uploads\/2015\/05\/Movida-D\u00eda-del-Libro-Cordon-1-36x36.jpg 36w, https:\/\/www.padreydecano.com\/cms\/wp-content\/uploads\/2015\/05\/Movida-D\u00eda-del-Libro-Cordon-1-115x115.jpg 115w\" sizes=\"(max-width: 150px) 100vw, 150px\" \/><\/a>\n\t\t\t<\/dt><\/dl><dl class='gallery-item'>\n\t\t\t<dt class='gallery-icon landscape'>\n\t\t\t\t<a href='https:\/\/www.padreydecano.com\/cms\/wp-content\/uploads\/2015\/05\/Movida-D\u00eda-del-Libro-Cordon-4.jpg' rel='shadowbox[sbalbum-52852];player=img;'><img loading=\"lazy\" decoding=\"async\" width=\"150\" height=\"150\" src=\"https:\/\/www.padreydecano.com\/cms\/wp-content\/uploads\/2015\/05\/Movida-D\u00eda-del-Libro-Cordon-4-150x150.jpg\" class=\"attachment-thumbnail size-thumbnail\" alt=\"\" srcset=\"https:\/\/www.padreydecano.com\/cms\/wp-content\/uploads\/2015\/05\/Movida-D\u00eda-del-Libro-Cordon-4-150x150.jpg 150w, https:\/\/www.padreydecano.com\/cms\/wp-content\/uploads\/2015\/05\/Movida-D\u00eda-del-Libro-Cordon-4-36x36.jpg 36w, https:\/\/www.padreydecano.com\/cms\/wp-content\/uploads\/2015\/05\/Movida-D\u00eda-del-Libro-Cordon-4-115x115.jpg 115w\" sizes=\"(max-width: 150px) 100vw, 150px\" \/><\/a>\n\t\t\t<\/dt><\/dl><dl class='gallery-item'>\n\t\t\t<dt class='gallery-icon landscape'>\n\t\t\t\t<a href='https:\/\/www.padreydecano.com\/cms\/wp-content\/uploads\/2015\/05\/Movida-D\u00eda-del-Libro-Cordon-3.jpg' rel='shadowbox[sbalbum-52852];player=img;'><img loading=\"lazy\" decoding=\"async\" width=\"150\" height=\"150\" src=\"https:\/\/www.padreydecano.com\/cms\/wp-content\/uploads\/2015\/05\/Movida-D\u00eda-del-Libro-Cordon-3-150x150.jpg\" class=\"attachment-thumbnail size-thumbnail\" alt=\"\" srcset=\"https:\/\/www.padreydecano.com\/cms\/wp-content\/uploads\/2015\/05\/Movida-D\u00eda-del-Libro-Cordon-3-150x150.jpg 150w, https:\/\/www.padreydecano.com\/cms\/wp-content\/uploads\/2015\/05\/Movida-D\u00eda-del-Libro-Cordon-3-36x36.jpg 36w, https:\/\/www.padreydecano.com\/cms\/wp-content\/uploads\/2015\/05\/Movida-D\u00eda-del-Libro-Cordon-3-115x115.jpg 115w\" sizes=\"(max-width: 150px) 100vw, 150px\" \/><\/a>\n\t\t\t<\/dt><\/dl><br style=\"clear: both\" \/>\n\t\t<\/div>\n\n","protected":false},"excerpt":{"rendered":"<p>La Pe\u00f1a Cord\u00f3n &#8211; Cr. Gast\u00f3n G\u00fcelfi\u00a0celebr\u00f3 el 26 de mayo el D\u00eda del Libro con una gran donaci\u00f3n de libros para Formativas. La misma se hizo en el Colegio ubicado a cuadras del Centro de Alto Rendimiento donde residen varios juveniles del interior. La Pe\u00f1a cuenta as\u00ed la movida: 26 de Mayo &#8211; fecha [&hellip;]<\/p>\n","protected":false},"author":2,"featured_media":52853,"comment_status":"open","ping_status":"closed","sticky":false,"template":"","format":"standard","meta":{"footnotes":""},"categories":[40,42],"tags":[],"yoast_head":"<!-- This site is optimized with the Yoast SEO plugin v23.2 - https:\/\/yoast.com\/wordpress\/plugins\/seo\/ -->\n<title>La Pe\u00f1a Cord\u00f3n colabor\u00f3 con la biblioteca de juveniles - Padre y Decano - El Sitio del Pueblo<\/title>\n<meta name=\"robots\" content=\"index, follow, max-snippet:-1, max-image-preview:large, max-video-preview:-1\" \/>\n<link rel=\"canonical\" href=\"https:\/\/www.padreydecano.com\/cms\/formativas\/la-pena-cordon-colaboro-con-la-biblioteca-de-juveniles\/\" \/>\n<meta property=\"og:locale\" content=\"es_ES\" \/>\n<meta property=\"og:type\" content=\"article\" \/>\n<meta property=\"og:title\" content=\"La Pe\u00f1a Cord\u00f3n colabor\u00f3 con la biblioteca de juveniles - Padre y Decano - El Sitio del Pueblo\" \/>\n<meta property=\"og:description\" content=\"La Pe\u00f1a Cord\u00f3n &#8211; Cr. Gast\u00f3n G\u00fcelfi\u00a0celebr\u00f3 el 26 de mayo el D\u00eda del Libro con una gran donaci\u00f3n de libros para Formativas. La misma se hizo en el Colegio ubicado a cuadras del Centro de Alto Rendimiento donde residen varios juveniles del interior. La Pe\u00f1a cuenta as\u00ed la movida: 26 de Mayo &#8211; fecha [&hellip;]\" \/>\n<meta property=\"og:url\" content=\"https:\/\/www.padreydecano.com\/cms\/formativas\/la-pena-cordon-colaboro-con-la-biblioteca-de-juveniles\/\" \/>\n<meta property=\"og:site_name\" content=\"Padre y Decano - El Sitio del Pueblo\" \/>\n<meta property=\"article:published_time\" content=\"2015-05-28T13:50:09+00:00\" \/>\n<meta property=\"article:modified_time\" content=\"2015-05-28T13:58:41+00:00\" \/>\n<meta property=\"og:image\" content=\"https:\/\/www.padreydecano.com\/cms\/wp-content\/uploads\/2015\/05\/Movida-D\u00eda-del-Libro-Cordon-4.jpg\" \/>\n\t<meta property=\"og:image:width\" content=\"960\" \/>\n\t<meta property=\"og:image:height\" content=\"640\" \/>\n\t<meta property=\"og:image:type\" content=\"image\/jpeg\" \/>\n<meta name=\"author\" content=\"Gonzalo16\" \/>\n<meta name=\"twitter:card\" content=\"summary_large_image\" \/>\n<meta name=\"twitter:label1\" content=\"Escrito por\" \/>\n\t<meta name=\"twitter:data1\" content=\"Gonzalo16\" \/>\n\t<meta name=\"twitter:label2\" content=\"Tiempo de lectura\" \/>\n\t<meta name=\"twitter:data2\" content=\"1 minuto\" \/>\n<script type=\"application\/ld+json\" class=\"yoast-schema-graph\">{\"@context\":\"https:\/\/schema.org\",\"@graph\":[{\"@type\":\"Article\",\"@id\":\"https:\/\/www.padreydecano.com\/cms\/formativas\/la-pena-cordon-colaboro-con-la-biblioteca-de-juveniles\/#article\",\"isPartOf\":{\"@id\":\"https:\/\/www.padreydecano.com\/cms\/formativas\/la-pena-cordon-colaboro-con-la-biblioteca-de-juveniles\/\"},\"author\":{\"name\":\"Gonzalo16\",\"@id\":\"https:\/\/www.padreydecano.com\/cms\/#\/schema\/person\/7fe41e3e335700ebd387196df2f9a8d4\"},\"headline\":\"La Pe\u00f1a Cord\u00f3n colabor\u00f3 con la biblioteca de juveniles\",\"datePublished\":\"2015-05-28T13:50:09+00:00\",\"dateModified\":\"2015-05-28T13:58:41+00:00\",\"mainEntityOfPage\":{\"@id\":\"https:\/\/www.padreydecano.com\/cms\/formativas\/la-pena-cordon-colaboro-con-la-biblioteca-de-juveniles\/\"},\"wordCount\":247,\"commentCount\":1,\"publisher\":{\"@id\":\"https:\/\/www.padreydecano.com\/cms\/#organization\"},\"image\":{\"@id\":\"https:\/\/www.padreydecano.com\/cms\/formativas\/la-pena-cordon-colaboro-con-la-biblioteca-de-juveniles\/#primaryimage\"},\"thumbnailUrl\":\"https:\/\/www.padreydecano.com\/cms\/wp-content\/uploads\/2015\/05\/Movida-D\u00eda-del-Libro-Cordon-4.jpg\",\"articleSection\":[\"Formativas\",\"Pe\u00f1as\"],\"inLanguage\":\"es\",\"potentialAction\":[{\"@type\":\"CommentAction\",\"name\":\"Comment\",\"target\":[\"https:\/\/www.padreydecano.com\/cms\/formativas\/la-pena-cordon-colaboro-con-la-biblioteca-de-juveniles\/#respond\"]}]},{\"@type\":\"WebPage\",\"@id\":\"https:\/\/www.padreydecano.com\/cms\/formativas\/la-pena-cordon-colaboro-con-la-biblioteca-de-juveniles\/\",\"url\":\"https:\/\/www.padreydecano.com\/cms\/formativas\/la-pena-cordon-colaboro-con-la-biblioteca-de-juveniles\/\",\"name\":\"La Pe\u00f1a Cord\u00f3n colabor\u00f3 con la biblioteca de juveniles - Padre y Decano - El Sitio del Pueblo\",\"isPartOf\":{\"@id\":\"https:\/\/www.padreydecano.com\/cms\/#website\"},\"primaryImageOfPage\":{\"@id\":\"https:\/\/www.padreydecano.com\/cms\/formativas\/la-pena-cordon-colaboro-con-la-biblioteca-de-juveniles\/#primaryimage\"},\"image\":{\"@id\":\"https:\/\/www.padreydecano.com\/cms\/formativas\/la-pena-cordon-colaboro-con-la-biblioteca-de-juveniles\/#primaryimage\"},\"thumbnailUrl\":\"https:\/\/www.padreydecano.com\/cms\/wp-content\/uploads\/2015\/05\/Movida-D\u00eda-del-Libro-Cordon-4.jpg\",\"datePublished\":\"2015-05-28T13:50:09+00:00\",\"dateModified\":\"2015-05-28T13:58:41+00:00\",\"breadcrumb\":{\"@id\":\"https:\/\/www.padreydecano.com\/cms\/formativas\/la-pena-cordon-colaboro-con-la-biblioteca-de-juveniles\/#breadcrumb\"},\"inLanguage\":\"es\",\"potentialAction\":[{\"@type\":\"ReadAction\",\"target\":[\"https:\/\/www.padreydecano.com\/cms\/formativas\/la-pena-cordon-colaboro-con-la-biblioteca-de-juveniles\/\"]}]},{\"@type\":\"ImageObject\",\"inLanguage\":\"es\",\"@id\":\"https:\/\/www.padreydecano.com\/cms\/formativas\/la-pena-cordon-colaboro-con-la-biblioteca-de-juveniles\/#primaryimage\",\"url\":\"https:\/\/www.padreydecano.com\/cms\/wp-content\/uploads\/2015\/05\/Movida-D\u00eda-del-Libro-Cordon-4.jpg\",\"contentUrl\":\"https:\/\/www.padreydecano.com\/cms\/wp-content\/uploads\/2015\/05\/Movida-D\u00eda-del-Libro-Cordon-4.jpg\",\"width\":960,\"height\":640},{\"@type\":\"BreadcrumbList\",\"@id\":\"https:\/\/www.padreydecano.com\/cms\/formativas\/la-pena-cordon-colaboro-con-la-biblioteca-de-juveniles\/#breadcrumb\",\"itemListElement\":[{\"@type\":\"ListItem\",\"position\":1,\"name\":\"Portada\",\"item\":\"https:\/\/www.padreydecano.com\/cms\/\"},{\"@type\":\"ListItem\",\"position\":2,\"name\":\"La Pe\u00f1a Cord\u00f3n colabor\u00f3 con la biblioteca de juveniles\"}]},{\"@type\":\"WebSite\",\"@id\":\"https:\/\/www.padreydecano.com\/cms\/#website\",\"url\":\"https:\/\/www.padreydecano.com\/cms\/\",\"name\":\"Padre y Decano - El Sitio del Pueblo\",\"description\":\"Club Atl\u00e9tico Pe\u00f1arol\",\"publisher\":{\"@id\":\"https:\/\/www.padreydecano.com\/cms\/#organization\"},\"potentialAction\":[{\"@type\":\"SearchAction\",\"target\":{\"@type\":\"EntryPoint\",\"urlTemplate\":\"https:\/\/www.padreydecano.com\/cms\/?s={search_term_string}\"},\"query-input\":\"required name=search_term_string\"}],\"inLanguage\":\"es\"},{\"@type\":\"Organization\",\"@id\":\"https:\/\/www.padreydecano.com\/cms\/#organization\",\"name\":\"Padre y Decano\",\"url\":\"https:\/\/www.padreydecano.com\/cms\/\",\"logo\":{\"@type\":\"ImageObject\",\"inLanguage\":\"es\",\"@id\":\"https:\/\/www.padreydecano.com\/cms\/#\/schema\/logo\/image\/\",\"url\":\"https:\/\/www.padreydecano.com\/cms\/wp-content\/uploads\/2022\/01\/avatar-square.png\",\"contentUrl\":\"https:\/\/www.padreydecano.com\/cms\/wp-content\/uploads\/2022\/01\/avatar-square.png\",\"width\":1500,\"height\":1500,\"caption\":\"Padre y Decano\"},\"image\":{\"@id\":\"https:\/\/www.padreydecano.com\/cms\/#\/schema\/logo\/image\/\"}},{\"@type\":\"Person\",\"@id\":\"https:\/\/www.padreydecano.com\/cms\/#\/schema\/person\/7fe41e3e335700ebd387196df2f9a8d4\",\"name\":\"Gonzalo16\",\"image\":{\"@type\":\"ImageObject\",\"inLanguage\":\"es\",\"@id\":\"https:\/\/www.padreydecano.com\/cms\/#\/schema\/person\/image\/\",\"url\":\"https:\/\/secure.gravatar.com\/avatar\/4d5cdd49803a2313c01f77e3dfc05d81?s=96&d=https%3A%2F%2Fpadreydecano.com%2Fcms%2Fwp-content%2Fthemes%2Fpyd-theme%2Fimg%2Fdefault-avatar.png&r=g\",\"contentUrl\":\"https:\/\/secure.gravatar.com\/avatar\/4d5cdd49803a2313c01f77e3dfc05d81?s=96&d=https%3A%2F%2Fpadreydecano.com%2Fcms%2Fwp-content%2Fthemes%2Fpyd-theme%2Fimg%2Fdefault-avatar.png&r=g\",\"caption\":\"Gonzalo16\"}}]}<\/script>\n<!-- \/ Yoast SEO plugin. -->","yoast_head_json":{"title":"La Pe\u00f1a Cord\u00f3n colabor\u00f3 con la biblioteca de juveniles - Padre y Decano - El Sitio del Pueblo","robots":{"index":"index","follow":"follow","max-snippet":"max-snippet:-1","max-image-preview":"max-image-preview:large","max-video-preview":"max-video-preview:-1"},"canonical":"https:\/\/www.padreydecano.com\/cms\/formativas\/la-pena-cordon-colaboro-con-la-biblioteca-de-juveniles\/","og_locale":"es_ES","og_type":"article","og_title":"La Pe\u00f1a Cord\u00f3n colabor\u00f3 con la biblioteca de juveniles - Padre y Decano - El Sitio del Pueblo","og_description":"La Pe\u00f1a Cord\u00f3n &#8211; Cr. Gast\u00f3n G\u00fcelfi\u00a0celebr\u00f3 el 26 de mayo el D\u00eda del Libro con una gran donaci\u00f3n de libros para Formativas. La misma se hizo en el Colegio ubicado a cuadras del Centro de Alto Rendimiento donde residen varios juveniles del interior. La Pe\u00f1a cuenta as\u00ed la movida: 26 de Mayo &#8211; fecha [&hellip;]","og_url":"https:\/\/www.padreydecano.com\/cms\/formativas\/la-pena-cordon-colaboro-con-la-biblioteca-de-juveniles\/","og_site_name":"Padre y Decano - El Sitio del Pueblo","article_published_time":"2015-05-28T13:50:09+00:00","article_modified_time":"2015-05-28T13:58:41+00:00","og_image":[{"width":960,"height":640,"url":"https:\/\/www.padreydecano.com\/cms\/wp-content\/uploads\/2015\/05\/Movida-D\u00eda-del-Libro-Cordon-4.jpg","type":"image\/jpeg"}],"author":"Gonzalo16","twitter_card":"summary_large_image","twitter_misc":{"Escrito por":"Gonzalo16","Tiempo de lectura":"1 minuto"},"schema":{"@context":"https:\/\/schema.org","@graph":[{"@type":"Article","@id":"https:\/\/www.padreydecano.com\/cms\/formativas\/la-pena-cordon-colaboro-con-la-biblioteca-de-juveniles\/#article","isPartOf":{"@id":"https:\/\/www.padreydecano.com\/cms\/formativas\/la-pena-cordon-colaboro-con-la-biblioteca-de-juveniles\/"},"author":{"name":"Gonzalo16","@id":"https:\/\/www.padreydecano.com\/cms\/#\/schema\/person\/7fe41e3e335700ebd387196df2f9a8d4"},"headline":"La Pe\u00f1a Cord\u00f3n colabor\u00f3 con la biblioteca de juveniles","datePublished":"2015-05-28T13:50:09+00:00","dateModified":"2015-05-28T13:58:41+00:00","mainEntityOfPage":{"@id":"https:\/\/www.padreydecano.com\/cms\/formativas\/la-pena-cordon-colaboro-con-la-biblioteca-de-juveniles\/"},"wordCount":247,"commentCount":1,"publisher":{"@id":"https:\/\/www.padreydecano.com\/cms\/#organization"},"image":{"@id":"https:\/\/www.padreydecano.com\/cms\/formativas\/la-pena-cordon-colaboro-con-la-biblioteca-de-juveniles\/#primaryimage"},"thumbnailUrl":"https:\/\/www.padreydecano.com\/cms\/wp-content\/uploads\/2015\/05\/Movida-D\u00eda-del-Libro-Cordon-4.jpg","articleSection":["Formativas","Pe\u00f1as"],"inLanguage":"es","potentialAction":[{"@type":"CommentAction","name":"Comment","target":["https:\/\/www.padreydecano.com\/cms\/formativas\/la-pena-cordon-colaboro-con-la-biblioteca-de-juveniles\/#respond"]}]},{"@type":"WebPage","@id":"https:\/\/www.padreydecano.com\/cms\/formativas\/la-pena-cordon-colaboro-con-la-biblioteca-de-juveniles\/","url":"https:\/\/www.padreydecano.com\/cms\/formativas\/la-pena-cordon-colaboro-con-la-biblioteca-de-juveniles\/","name":"La Pe\u00f1a Cord\u00f3n colabor\u00f3 con la biblioteca de juveniles - Padre y Decano - El Sitio del Pueblo","isPartOf":{"@id":"https:\/\/www.padreydecano.com\/cms\/#website"},"primaryImageOfPage":{"@id":"https:\/\/www.padreydecano.com\/cms\/formativas\/la-pena-cordon-colaboro-con-la-biblioteca-de-juveniles\/#primaryimage"},"image":{"@id":"https:\/\/www.padreydecano.com\/cms\/formativas\/la-pena-cordon-colaboro-con-la-biblioteca-de-juveniles\/#primaryimage"},"thumbnailUrl":"https:\/\/www.padreydecano.com\/cms\/wp-content\/uploads\/2015\/05\/Movida-D\u00eda-del-Libro-Cordon-4.jpg","datePublished":"2015-05-28T13:50:09+00:00","dateModified":"2015-05-28T13:58:41+00:00","breadcrumb":{"@id":"https:\/\/www.padreydecano.com\/cms\/formativas\/la-pena-cordon-colaboro-con-la-biblioteca-de-juveniles\/#breadcrumb"},"inLanguage":"es","potentialAction":[{"@type":"ReadAction","target":["https:\/\/www.padreydecano.com\/cms\/formativas\/la-pena-cordon-colaboro-con-la-biblioteca-de-juveniles\/"]}]},{"@type":"ImageObject","inLanguage":"es","@id":"https:\/\/www.padreydecano.com\/cms\/formativas\/la-pena-cordon-colaboro-con-la-biblioteca-de-juveniles\/#primaryimage","url":"https:\/\/www.padreydecano.com\/cms\/wp-content\/uploads\/2015\/05\/Movida-D\u00eda-del-Libro-Cordon-4.jpg","contentUrl":"https:\/\/www.padreydecano.com\/cms\/wp-content\/uploads\/2015\/05\/Movida-D\u00eda-del-Libro-Cordon-4.jpg","width":960,"height":640},{"@type":"BreadcrumbList","@id":"https:\/\/www.padreydecano.com\/cms\/formativas\/la-pena-cordon-colaboro-con-la-biblioteca-de-juveniles\/#breadcrumb","itemListElement":[{"@type":"ListItem","position":1,"name":"Portada","item":"https:\/\/www.padreydecano.com\/cms\/"},{"@type":"ListItem","position":2,"name":"La Pe\u00f1a Cord\u00f3n colabor\u00f3 con la biblioteca de juveniles"}]},{"@type":"WebSite","@id":"https:\/\/www.padreydecano.com\/cms\/#website","url":"https:\/\/www.padreydecano.com\/cms\/","name":"Padre y Decano - El Sitio del Pueblo","description":"Club Atl\u00e9tico Pe\u00f1arol","publisher":{"@id":"https:\/\/www.padreydecano.com\/cms\/#organization"},"potentialAction":[{"@type":"SearchAction","target":{"@type":"EntryPoint","urlTemplate":"https:\/\/www.padreydecano.com\/cms\/?s={search_term_string}"},"query-input":"required name=search_term_string"}],"inLanguage":"es"},{"@type":"Organization","@id":"https:\/\/www.padreydecano.com\/cms\/#organization","name":"Padre y Decano","url":"https:\/\/www.padreydecano.com\/cms\/","logo":{"@type":"ImageObject","inLanguage":"es","@id":"https:\/\/www.padreydecano.com\/cms\/#\/schema\/logo\/image\/","url":"https:\/\/www.padreydecano.com\/cms\/wp-content\/uploads\/2022\/01\/avatar-square.png","contentUrl":"https:\/\/www.padreydecano.com\/cms\/wp-content\/uploads\/2022\/01\/avatar-square.png","width":1500,"height":1500,"caption":"Padre y Decano"},"image":{"@id":"https:\/\/www.padreydecano.com\/cms\/#\/schema\/logo\/image\/"}},{"@type":"Person","@id":"https:\/\/www.padreydecano.com\/cms\/#\/schema\/person\/7fe41e3e335700ebd387196df2f9a8d4","name":"Gonzalo16","image":{"@type":"ImageObject","inLanguage":"es","@id":"https:\/\/www.padreydecano.com\/cms\/#\/schema\/person\/image\/","url":"https:\/\/secure.gravatar.com\/avatar\/4d5cdd49803a2313c01f77e3dfc05d81?s=96&d=https%3A%2F%2Fpadreydecano.com%2Fcms%2Fwp-content%2Fthemes%2Fpyd-theme%2Fimg%2Fdefault-avatar.png&r=g","contentUrl":"https:\/\/secure.gravatar.com\/avatar\/4d5cdd49803a2313c01f77e3dfc05d81?s=96&d=https%3A%2F%2Fpadreydecano.com%2Fcms%2Fwp-content%2Fthemes%2Fpyd-theme%2Fimg%2Fdefault-avatar.png&r=g","caption":"Gonzalo16"}}]}},"_links":{"self":[{"href":"https:\/\/www.padreydecano.com\/cms\/wp-json\/wp\/v2\/posts\/52852"}],"collection":[{"href":"https:\/\/www.padreydecano.com\/cms\/wp-json\/wp\/v2\/posts"}],"about":[{"href":"https:\/\/www.padreydecano.com\/cms\/wp-json\/wp\/v2\/types\/post"}],"author":[{"embeddable":true,"href":"https:\/\/www.padreydecano.com\/cms\/wp-json\/wp\/v2\/users\/2"}],"replies":[{"embeddable":true,"href":"https:\/\/www.padreydecano.com\/cms\/wp-json\/wp\/v2\/comments?post=52852"}],"version-history":[{"count":0,"href":"https:\/\/www.padreydecano.com\/cms\/wp-json\/wp\/v2\/posts\/52852\/revisions"}],"wp:featuredmedia":[{"embeddable":true,"href":"https:\/\/www.padreydecano.com\/cms\/wp-json\/wp\/v2\/media\/52853"}],"wp:attachment":[{"href":"https:\/\/www.padreydecano.com\/cms\/wp-json\/wp\/v2\/media?parent=52852"}],"wp:term":[{"taxonomy":"category","embeddable":true,"href":"https:\/\/www.padreydecano.com\/cms\/wp-json\/wp\/v2\/categories?post=52852"},{"taxonomy":"post_tag","embeddable":true,"href":"https:\/\/www.padreydecano.com\/cms\/wp-json\/wp\/v2\/tags?post=52852"}],"curies":[{"name":"wp","href":"https:\/\/api.w.org\/{rel}","templated":true}]}}