{"id":52603,"date":"2015-05-13T11:20:41","date_gmt":"2015-05-13T14:20:41","guid":{"rendered":"http:\/\/www.padreydecano.com\/cms\/?p=52603"},"modified":"2015-05-15T15:20:10","modified_gmt":"2015-05-15T18:20:10","slug":"valverde-el-pajaro-real","status":"publish","type":"post","link":"https:\/\/www.padreydecano.com\/cms\/entrevistas\/valverde-el-pajaro-real\/","title":{"rendered":"Valverde: El P\u00e1jaro Real"},"content":{"rendered":"<p style=\"text-align: justify;\"><a href=\"https:\/\/www.padreydecano.com\/cms\/wp-content\/uploads\/2015\/04\/federico-valverde-2.jpg\" rel=\"shadowbox[sbpost-52603];player=img;\"><img loading=\"lazy\" decoding=\"async\" class=\"aligncenter  wp-image-52215\" src=\"https:\/\/www.padreydecano.com\/cms\/wp-content\/uploads\/2015\/04\/federico-valverde-2.jpg\" alt=\"federico-valverde (2)\" width=\"607\" height=\"455\" srcset=\"https:\/\/www.padreydecano.com\/cms\/wp-content\/uploads\/2015\/04\/federico-valverde-2.jpg 800w, https:\/\/www.padreydecano.com\/cms\/wp-content\/uploads\/2015\/04\/federico-valverde-2-300x225.jpg 300w\" sizes=\"(max-width: 607px) 100vw, 607px\" \/><\/a><\/p>\n<p style=\"text-align: justify;\"><strong>Federico Valverde est\u00e1 a pasos de ser transferido al Real Madrid. El jugador viaj\u00f3 con su representante a Espa\u00f1a a hacerse una revisi\u00f3n m\u00e9dica y regresar\u00e1 a Montevideo el viernes.<\/strong> \u00a0Rodolfo Catino, directivo de Pe\u00f1arol, confirm\u00f3 en F\u00fatbol A lo Pe\u00f1arol (1010 AM) que <strong>\u201cestamos muy cerca de llegar a un acuerdo pero faltan detalles que no se pueden comentar. Una vez que se firme y que estemos con la operaci\u00f3n cerrada, se dar\u00e1n los datos<\/strong>. Hoy hablar no es conveniente. Es una operaci\u00f3n que se ha venido trabajando hace mucho tiempo. <strong>La gente tiene que estar tranquila de vamos a ver al \u201cP\u00e1jaro\u201d Valverde en Pe\u00f1arol\u201d.<\/strong><\/p>\n<p style=\"text-align: justify;\"><span style=\"color: #ffcc02;\"><strong><a href=\"https:\/\/www.padreydecano.com\/cms\/wp-content\/uploads\/2015\/01\/Federico-Valverde-e1420139459332.jpg\" rel=\"shadowbox[sbpost-52603];player=img;\"><img loading=\"lazy\" decoding=\"async\" class=\"alignright size-medium wp-image-50614\" src=\"https:\/\/www.padreydecano.com\/cms\/wp-content\/uploads\/2015\/01\/Federico-Valverde-300x199.jpg\" alt=\"Federico Valverde\" width=\"300\" height=\"199\" \/><\/a>Negociaci\u00f3n:<\/strong><\/span> \u201cEn el Consejo Directivo de ayer se habl\u00f3 de la negociaci\u00f3n de Valverde. Se est\u00e1 negociando instituci\u00f3n con instituci\u00f3n. Obviamente participan los representantes (\u2026) El jugador tiene que jugar en el primero de Pe\u00f1arol y queremos verlo y disfrutarlo. Fue una condici\u00f3n que puso Damiani desde el primer momento. Est\u00e1 dentro de lo que se ha negociado (\u2026) Se est\u00e1 a punto de cerrar una negociaci\u00f3n con el Real Madrid, adelantar algo ser\u00eda ir en contra de la negociaci\u00f3n\u201d.<\/p>\n<p style=\"text-align: justify;\"><span style=\"color: #ffcc02;\"><strong>Primera divisi\u00f3n:<\/strong><\/span> \u201cLo vamos a ver y esa fue la condici\u00f3n que puso el presidente desde el primer d\u00eda, que la gente disfrute a los jugadores que venimos trabajando hace tiempo en formativas. En la medida en que eso se respeta, podemos seguir adelante\u201d.<\/p>\n<p style=\"text-align: justify;\"><span style=\"color: #ffcc02;\"><strong>Sensaciones:<\/strong> <\/span>\u201cTenemos una alegr\u00eda por la familia y el jugador. A los que trabajamos en juveniles nos deja el sabor de que nos gustar\u00eda tenerlos m\u00e1s con nosotros, a veces es posible, a veces no tanto\u201d.<\/p>\n<p style=\"text-align: justify;\"><span style=\"color: #ffcc02;\"><strong><a href=\"https:\/\/www.padreydecano.com\/cms\/wp-content\/uploads\/2015\/04\/federico-valverde.jpg\" rel=\"shadowbox[sbpost-52603];player=img;\"><img loading=\"lazy\" decoding=\"async\" class=\"alignleft size-medium wp-image-52321\" src=\"https:\/\/www.padreydecano.com\/cms\/wp-content\/uploads\/2015\/04\/federico-valverde-300x198.jpg\" alt=\"federico-valverde\" width=\"300\" height=\"198\" srcset=\"https:\/\/www.padreydecano.com\/cms\/wp-content\/uploads\/2015\/04\/federico-valverde-300x198.jpg 300w, https:\/\/www.padreydecano.com\/cms\/wp-content\/uploads\/2015\/04\/federico-valverde.jpg 960w\" sizes=\"(max-width: 300px) 100vw, 300px\" \/><\/a>Reglamentaci\u00f3n:<\/strong><\/span> \u201cHay una posibilidad de hacer contratos profesionales con jugadores menores de 18 a\u00f1os pero en Uruguay ten\u00e9s una limitante de cantidad de jugadores que pueden tener contrato. Eso te complica porque si ten\u00e9s un jugador de 15 o 16 a\u00f1os con contrato profesional, est\u00e1s utilizando ese lugar para alguien que no de repente no va a jugar en primera (\u2026) Frente a esa realidad uno tiene que ir evaluando lo que uno precisa en el momento. No podemos llenarnos de jugadores de 14 o 15 a\u00f1os con contratos profesionales porque sino despu\u00e9s no ten\u00e9s jugadores de primera divisi\u00f3n. Lo que se pone de un lado, se quita del otro, y viceversa (\u2026) El contrato profesional implica otro monto y otras condiciones. Se maneja distinto en la AUF\u201d.<\/p>\n<p style=\"text-align: justify;\"><span style=\"color: #ffcc02;\"><strong>Retener jugadores:<\/strong><\/span> \u201cCon un jugador de 16 a\u00f1os, si le hac\u00e9s un contrato de m\u00e1ximo 3 a\u00f1os, sab\u00e9s que lo ten\u00e9s hasta los 19. No hay m\u00e1s chances. Cuando el jugador cumple 18 a\u00f1os y si es de primera l\u00ednea y clase A, sabe que va a tener oportunidades. \u00bfC\u00f3mo hac\u00e9s para que un jugador a los 17 te diga que firma un contrato profesional con Pe\u00f1arol y diga que se va a quedar 3 a\u00f1os m\u00e1s cuando sabe que de repente en un a\u00f1o tiene posibilidad de pasar a un futbol donde va a ganar mucho m\u00e1s dinero? No es f\u00e1cil\u201d.<\/p>\n<p style=\"text-align: justify;\"><span style=\"color: #ffcc02;\"><strong><a href=\"https:\/\/www.padreydecano.com\/cms\/wp-content\/uploads\/2015\/03\/valverde-rossi.jpg\" rel=\"shadowbox[sbpost-52603];player=img;\"><img loading=\"lazy\" decoding=\"async\" class=\"alignright size-medium wp-image-51674\" src=\"https:\/\/www.padreydecano.com\/cms\/wp-content\/uploads\/2015\/03\/valverde-rossi-251x300.jpg\" alt=\"valverde-rossi\" width=\"251\" height=\"300\" srcset=\"https:\/\/www.padreydecano.com\/cms\/wp-content\/uploads\/2015\/03\/valverde-rossi-251x300.jpg 251w, https:\/\/www.padreydecano.com\/cms\/wp-content\/uploads\/2015\/03\/valverde-rossi.jpg 440w\" sizes=\"(max-width: 251px) 100vw, 251px\" \/><\/a>Formativas:<\/strong><\/span> \u201cTrabajamos para que cada uno se lleve lo que le corresponde, el club, el jugador y el representante. Eso se va a lograr en la medida en que el club trabaje bien con sus juveniles y que los muchachos est\u00e9n consustanciados con la causa. Que tambi\u00e9n nosotros actuemos profesionalmente y con sensatez cuando se plantean las situaciones. Imaginemos que hoy viene una oferta del Real Madrid por Valverde y le decimos que no porque tenemos un contrato por dos a\u00f1os m\u00e1s. Ma\u00f1ana el jugador se lastima o no tiene la oportunidad y los que vienen atr\u00e1s van a ver que Pe\u00f1arol le dijo que no (\u2026) Que cada parte reciba lo que tiene que recibir. Eso lo vamos a lograr no con contratos a largo plazo sino con jugadores consustanciados con la causa de Pe\u00f1arol. Que tengan un sentimiento de pertenencia al club como tenemos los hinchas y los dirigentes. En ese momento el jugador va a querer que al club le corresponda lo que le tiene que corresponder. No pasa por un tema solo de contrato, sino de esas cosas que venimos trabajando desde chicos con ellos\u201d.<\/p>\n","protected":false},"excerpt":{"rendered":"<p>Federico Valverde est\u00e1 a pasos de ser transferido al Real Madrid. El jugador viaj\u00f3 con su representante a Espa\u00f1a a hacerse una revisi\u00f3n m\u00e9dica.<\/p>\n","protected":false},"author":13,"featured_media":52604,"comment_status":"open","ping_status":"closed","sticky":false,"template":"","format":"standard","meta":{"footnotes":""},"categories":[30],"tags":[],"yoast_head":"<!-- This site is optimized with the Yoast SEO plugin v23.2 - https:\/\/yoast.com\/wordpress\/plugins\/seo\/ -->\n<title>Valverde: El P\u00e1jaro Real - Padre y Decano - El Sitio del Pueblo<\/title>\n<meta name=\"robots\" content=\"index, follow, max-snippet:-1, max-image-preview:large, max-video-preview:-1\" \/>\n<link rel=\"canonical\" href=\"https:\/\/www.padreydecano.com\/cms\/entrevistas\/valverde-el-pajaro-real\/\" \/>\n<meta property=\"og:locale\" content=\"es_ES\" \/>\n<meta property=\"og:type\" content=\"article\" \/>\n<meta property=\"og:title\" content=\"Valverde: El P\u00e1jaro Real - Padre y Decano - El Sitio del Pueblo\" \/>\n<meta property=\"og:description\" content=\"Federico Valverde est\u00e1 a pasos de ser transferido al Real Madrid. El jugador viaj\u00f3 con su representante a Espa\u00f1a a hacerse una revisi\u00f3n m\u00e9dica.\" \/>\n<meta property=\"og:url\" content=\"https:\/\/www.padreydecano.com\/cms\/entrevistas\/valverde-el-pajaro-real\/\" \/>\n<meta property=\"og:site_name\" content=\"Padre y Decano - El Sitio del Pueblo\" \/>\n<meta property=\"article:published_time\" content=\"2015-05-13T14:20:41+00:00\" \/>\n<meta property=\"article:modified_time\" content=\"2015-05-15T18:20:10+00:00\" \/>\n<meta property=\"og:image\" content=\"https:\/\/www.padreydecano.com\/cms\/wp-content\/uploads\/2015\/05\/valverde-slider.jpg\" \/>\n\t<meta property=\"og:image:width\" content=\"790\" \/>\n\t<meta property=\"og:image:height\" content=\"339\" \/>\n\t<meta property=\"og:image:type\" content=\"image\/jpeg\" \/>\n<meta name=\"author\" content=\"Moderador\" \/>\n<meta name=\"twitter:card\" content=\"summary_large_image\" \/>\n<meta name=\"twitter:label1\" content=\"Escrito por\" \/>\n\t<meta name=\"twitter:data1\" content=\"Moderador\" \/>\n\t<meta name=\"twitter:label2\" content=\"Tiempo de lectura\" \/>\n\t<meta name=\"twitter:data2\" content=\"4 minutos\" \/>\n<script type=\"application\/ld+json\" class=\"yoast-schema-graph\">{\"@context\":\"https:\/\/schema.org\",\"@graph\":[{\"@type\":\"Article\",\"@id\":\"https:\/\/www.padreydecano.com\/cms\/entrevistas\/valverde-el-pajaro-real\/#article\",\"isPartOf\":{\"@id\":\"https:\/\/www.padreydecano.com\/cms\/entrevistas\/valverde-el-pajaro-real\/\"},\"author\":{\"name\":\"Moderador\",\"@id\":\"https:\/\/www.padreydecano.com\/cms\/#\/schema\/person\/d93e9e537230ae052c194251d9a1def2\"},\"headline\":\"Valverde: El P\u00e1jaro Real\",\"datePublished\":\"2015-05-13T14:20:41+00:00\",\"dateModified\":\"2015-05-15T18:20:10+00:00\",\"mainEntityOfPage\":{\"@id\":\"https:\/\/www.padreydecano.com\/cms\/entrevistas\/valverde-el-pajaro-real\/\"},\"wordCount\":735,\"commentCount\":32,\"publisher\":{\"@id\":\"https:\/\/www.padreydecano.com\/cms\/#organization\"},\"image\":{\"@id\":\"https:\/\/www.padreydecano.com\/cms\/entrevistas\/valverde-el-pajaro-real\/#primaryimage\"},\"thumbnailUrl\":\"https:\/\/www.padreydecano.com\/cms\/wp-content\/uploads\/2015\/05\/valverde-slider.jpg\",\"articleSection\":[\"Entrevistas\"],\"inLanguage\":\"es\",\"potentialAction\":[{\"@type\":\"CommentAction\",\"name\":\"Comment\",\"target\":[\"https:\/\/www.padreydecano.com\/cms\/entrevistas\/valverde-el-pajaro-real\/#respond\"]}]},{\"@type\":\"WebPage\",\"@id\":\"https:\/\/www.padreydecano.com\/cms\/entrevistas\/valverde-el-pajaro-real\/\",\"url\":\"https:\/\/www.padreydecano.com\/cms\/entrevistas\/valverde-el-pajaro-real\/\",\"name\":\"Valverde: El P\u00e1jaro Real - Padre y Decano - El Sitio del Pueblo\",\"isPartOf\":{\"@id\":\"https:\/\/www.padreydecano.com\/cms\/#website\"},\"primaryImageOfPage\":{\"@id\":\"https:\/\/www.padreydecano.com\/cms\/entrevistas\/valverde-el-pajaro-real\/#primaryimage\"},\"image\":{\"@id\":\"https:\/\/www.padreydecano.com\/cms\/entrevistas\/valverde-el-pajaro-real\/#primaryimage\"},\"thumbnailUrl\":\"https:\/\/www.padreydecano.com\/cms\/wp-content\/uploads\/2015\/05\/valverde-slider.jpg\",\"datePublished\":\"2015-05-13T14:20:41+00:00\",\"dateModified\":\"2015-05-15T18:20:10+00:00\",\"breadcrumb\":{\"@id\":\"https:\/\/www.padreydecano.com\/cms\/entrevistas\/valverde-el-pajaro-real\/#breadcrumb\"},\"inLanguage\":\"es\",\"potentialAction\":[{\"@type\":\"ReadAction\",\"target\":[\"https:\/\/www.padreydecano.com\/cms\/entrevistas\/valverde-el-pajaro-real\/\"]}]},{\"@type\":\"ImageObject\",\"inLanguage\":\"es\",\"@id\":\"https:\/\/www.padreydecano.com\/cms\/entrevistas\/valverde-el-pajaro-real\/#primaryimage\",\"url\":\"https:\/\/www.padreydecano.com\/cms\/wp-content\/uploads\/2015\/05\/valverde-slider.jpg\",\"contentUrl\":\"https:\/\/www.padreydecano.com\/cms\/wp-content\/uploads\/2015\/05\/valverde-slider.jpg\",\"width\":790,\"height\":339},{\"@type\":\"BreadcrumbList\",\"@id\":\"https:\/\/www.padreydecano.com\/cms\/entrevistas\/valverde-el-pajaro-real\/#breadcrumb\",\"itemListElement\":[{\"@type\":\"ListItem\",\"position\":1,\"name\":\"Portada\",\"item\":\"https:\/\/www.padreydecano.com\/cms\/\"},{\"@type\":\"ListItem\",\"position\":2,\"name\":\"Valverde: El P\u00e1jaro Real\"}]},{\"@type\":\"WebSite\",\"@id\":\"https:\/\/www.padreydecano.com\/cms\/#website\",\"url\":\"https:\/\/www.padreydecano.com\/cms\/\",\"name\":\"Padre y Decano - El Sitio del Pueblo\",\"description\":\"Club Atl\u00e9tico Pe\u00f1arol\",\"publisher\":{\"@id\":\"https:\/\/www.padreydecano.com\/cms\/#organization\"},\"potentialAction\":[{\"@type\":\"SearchAction\",\"target\":{\"@type\":\"EntryPoint\",\"urlTemplate\":\"https:\/\/www.padreydecano.com\/cms\/?s={search_term_string}\"},\"query-input\":\"required name=search_term_string\"}],\"inLanguage\":\"es\"},{\"@type\":\"Organization\",\"@id\":\"https:\/\/www.padreydecano.com\/cms\/#organization\",\"name\":\"Padre y Decano\",\"url\":\"https:\/\/www.padreydecano.com\/cms\/\",\"logo\":{\"@type\":\"ImageObject\",\"inLanguage\":\"es\",\"@id\":\"https:\/\/www.padreydecano.com\/cms\/#\/schema\/logo\/image\/\",\"url\":\"https:\/\/www.padreydecano.com\/cms\/wp-content\/uploads\/2022\/01\/avatar-square.png\",\"contentUrl\":\"https:\/\/www.padreydecano.com\/cms\/wp-content\/uploads\/2022\/01\/avatar-square.png\",\"width\":1500,\"height\":1500,\"caption\":\"Padre y Decano\"},\"image\":{\"@id\":\"https:\/\/www.padreydecano.com\/cms\/#\/schema\/logo\/image\/\"}},{\"@type\":\"Person\",\"@id\":\"https:\/\/www.padreydecano.com\/cms\/#\/schema\/person\/d93e9e537230ae052c194251d9a1def2\",\"name\":\"Moderador\",\"image\":{\"@type\":\"ImageObject\",\"inLanguage\":\"es\",\"@id\":\"https:\/\/www.padreydecano.com\/cms\/#\/schema\/person\/image\/\",\"url\":\"https:\/\/secure.gravatar.com\/avatar\/2587727bf8a53bd3da4ec49f01bea66e?s=96&d=https%3A%2F%2Fpadreydecano.com%2Fcms%2Fwp-content%2Fthemes%2Fpyd-theme%2Fimg%2Fdefault-avatar.png&r=g\",\"contentUrl\":\"https:\/\/secure.gravatar.com\/avatar\/2587727bf8a53bd3da4ec49f01bea66e?s=96&d=https%3A%2F%2Fpadreydecano.com%2Fcms%2Fwp-content%2Fthemes%2Fpyd-theme%2Fimg%2Fdefault-avatar.png&r=g\",\"caption\":\"Moderador\"}}]}<\/script>\n<!-- \/ Yoast SEO plugin. -->","yoast_head_json":{"title":"Valverde: El P\u00e1jaro Real - Padre y Decano - El Sitio del Pueblo","robots":{"index":"index","follow":"follow","max-snippet":"max-snippet:-1","max-image-preview":"max-image-preview:large","max-video-preview":"max-video-preview:-1"},"canonical":"https:\/\/www.padreydecano.com\/cms\/entrevistas\/valverde-el-pajaro-real\/","og_locale":"es_ES","og_type":"article","og_title":"Valverde: El P\u00e1jaro Real - Padre y Decano - El Sitio del Pueblo","og_description":"Federico Valverde est\u00e1 a pasos de ser transferido al Real Madrid. El jugador viaj\u00f3 con su representante a Espa\u00f1a a hacerse una revisi\u00f3n m\u00e9dica.","og_url":"https:\/\/www.padreydecano.com\/cms\/entrevistas\/valverde-el-pajaro-real\/","og_site_name":"Padre y Decano - El Sitio del Pueblo","article_published_time":"2015-05-13T14:20:41+00:00","article_modified_time":"2015-05-15T18:20:10+00:00","og_image":[{"width":790,"height":339,"url":"https:\/\/www.padreydecano.com\/cms\/wp-content\/uploads\/2015\/05\/valverde-slider.jpg","type":"image\/jpeg"}],"author":"Moderador","twitter_card":"summary_large_image","twitter_misc":{"Escrito por":"Moderador","Tiempo de lectura":"4 minutos"},"schema":{"@context":"https:\/\/schema.org","@graph":[{"@type":"Article","@id":"https:\/\/www.padreydecano.com\/cms\/entrevistas\/valverde-el-pajaro-real\/#article","isPartOf":{"@id":"https:\/\/www.padreydecano.com\/cms\/entrevistas\/valverde-el-pajaro-real\/"},"author":{"name":"Moderador","@id":"https:\/\/www.padreydecano.com\/cms\/#\/schema\/person\/d93e9e537230ae052c194251d9a1def2"},"headline":"Valverde: El P\u00e1jaro Real","datePublished":"2015-05-13T14:20:41+00:00","dateModified":"2015-05-15T18:20:10+00:00","mainEntityOfPage":{"@id":"https:\/\/www.padreydecano.com\/cms\/entrevistas\/valverde-el-pajaro-real\/"},"wordCount":735,"commentCount":32,"publisher":{"@id":"https:\/\/www.padreydecano.com\/cms\/#organization"},"image":{"@id":"https:\/\/www.padreydecano.com\/cms\/entrevistas\/valverde-el-pajaro-real\/#primaryimage"},"thumbnailUrl":"https:\/\/www.padreydecano.com\/cms\/wp-content\/uploads\/2015\/05\/valverde-slider.jpg","articleSection":["Entrevistas"],"inLanguage":"es","potentialAction":[{"@type":"CommentAction","name":"Comment","target":["https:\/\/www.padreydecano.com\/cms\/entrevistas\/valverde-el-pajaro-real\/#respond"]}]},{"@type":"WebPage","@id":"https:\/\/www.padreydecano.com\/cms\/entrevistas\/valverde-el-pajaro-real\/","url":"https:\/\/www.padreydecano.com\/cms\/entrevistas\/valverde-el-pajaro-real\/","name":"Valverde: El P\u00e1jaro Real - Padre y Decano - El Sitio del Pueblo","isPartOf":{"@id":"https:\/\/www.padreydecano.com\/cms\/#website"},"primaryImageOfPage":{"@id":"https:\/\/www.padreydecano.com\/cms\/entrevistas\/valverde-el-pajaro-real\/#primaryimage"},"image":{"@id":"https:\/\/www.padreydecano.com\/cms\/entrevistas\/valverde-el-pajaro-real\/#primaryimage"},"thumbnailUrl":"https:\/\/www.padreydecano.com\/cms\/wp-content\/uploads\/2015\/05\/valverde-slider.jpg","datePublished":"2015-05-13T14:20:41+00:00","dateModified":"2015-05-15T18:20:10+00:00","breadcrumb":{"@id":"https:\/\/www.padreydecano.com\/cms\/entrevistas\/valverde-el-pajaro-real\/#breadcrumb"},"inLanguage":"es","potentialAction":[{"@type":"ReadAction","target":["https:\/\/www.padreydecano.com\/cms\/entrevistas\/valverde-el-pajaro-real\/"]}]},{"@type":"ImageObject","inLanguage":"es","@id":"https:\/\/www.padreydecano.com\/cms\/entrevistas\/valverde-el-pajaro-real\/#primaryimage","url":"https:\/\/www.padreydecano.com\/cms\/wp-content\/uploads\/2015\/05\/valverde-slider.jpg","contentUrl":"https:\/\/www.padreydecano.com\/cms\/wp-content\/uploads\/2015\/05\/valverde-slider.jpg","width":790,"height":339},{"@type":"BreadcrumbList","@id":"https:\/\/www.padreydecano.com\/cms\/entrevistas\/valverde-el-pajaro-real\/#breadcrumb","itemListElement":[{"@type":"ListItem","position":1,"name":"Portada","item":"https:\/\/www.padreydecano.com\/cms\/"},{"@type":"ListItem","position":2,"name":"Valverde: El P\u00e1jaro Real"}]},{"@type":"WebSite","@id":"https:\/\/www.padreydecano.com\/cms\/#website","url":"https:\/\/www.padreydecano.com\/cms\/","name":"Padre y Decano - El Sitio del Pueblo","description":"Club Atl\u00e9tico Pe\u00f1arol","publisher":{"@id":"https:\/\/www.padreydecano.com\/cms\/#organization"},"potentialAction":[{"@type":"SearchAction","target":{"@type":"EntryPoint","urlTemplate":"https:\/\/www.padreydecano.com\/cms\/?s={search_term_string}"},"query-input":"required name=search_term_string"}],"inLanguage":"es"},{"@type":"Organization","@id":"https:\/\/www.padreydecano.com\/cms\/#organization","name":"Padre y Decano","url":"https:\/\/www.padreydecano.com\/cms\/","logo":{"@type":"ImageObject","inLanguage":"es","@id":"https:\/\/www.padreydecano.com\/cms\/#\/schema\/logo\/image\/","url":"https:\/\/www.padreydecano.com\/cms\/wp-content\/uploads\/2022\/01\/avatar-square.png","contentUrl":"https:\/\/www.padreydecano.com\/cms\/wp-content\/uploads\/2022\/01\/avatar-square.png","width":1500,"height":1500,"caption":"Padre y Decano"},"image":{"@id":"https:\/\/www.padreydecano.com\/cms\/#\/schema\/logo\/image\/"}},{"@type":"Person","@id":"https:\/\/www.padreydecano.com\/cms\/#\/schema\/person\/d93e9e537230ae052c194251d9a1def2","name":"Moderador","image":{"@type":"ImageObject","inLanguage":"es","@id":"https:\/\/www.padreydecano.com\/cms\/#\/schema\/person\/image\/","url":"https:\/\/secure.gravatar.com\/avatar\/2587727bf8a53bd3da4ec49f01bea66e?s=96&d=https%3A%2F%2Fpadreydecano.com%2Fcms%2Fwp-content%2Fthemes%2Fpyd-theme%2Fimg%2Fdefault-avatar.png&r=g","contentUrl":"https:\/\/secure.gravatar.com\/avatar\/2587727bf8a53bd3da4ec49f01bea66e?s=96&d=https%3A%2F%2Fpadreydecano.com%2Fcms%2Fwp-content%2Fthemes%2Fpyd-theme%2Fimg%2Fdefault-avatar.png&r=g","caption":"Moderador"}}]}},"_links":{"self":[{"href":"https:\/\/www.padreydecano.com\/cms\/wp-json\/wp\/v2\/posts\/52603"}],"collection":[{"href":"https:\/\/www.padreydecano.com\/cms\/wp-json\/wp\/v2\/posts"}],"about":[{"href":"https:\/\/www.padreydecano.com\/cms\/wp-json\/wp\/v2\/types\/post"}],"author":[{"embeddable":true,"href":"https:\/\/www.padreydecano.com\/cms\/wp-json\/wp\/v2\/users\/13"}],"replies":[{"embeddable":true,"href":"https:\/\/www.padreydecano.com\/cms\/wp-json\/wp\/v2\/comments?post=52603"}],"version-history":[{"count":0,"href":"https:\/\/www.padreydecano.com\/cms\/wp-json\/wp\/v2\/posts\/52603\/revisions"}],"wp:featuredmedia":[{"embeddable":true,"href":"https:\/\/www.padreydecano.com\/cms\/wp-json\/wp\/v2\/media\/52604"}],"wp:attachment":[{"href":"https:\/\/www.padreydecano.com\/cms\/wp-json\/wp\/v2\/media?parent=52603"}],"wp:term":[{"taxonomy":"category","embeddable":true,"href":"https:\/\/www.padreydecano.com\/cms\/wp-json\/wp\/v2\/categories?post=52603"},{"taxonomy":"post_tag","embeddable":true,"href":"https:\/\/www.padreydecano.com\/cms\/wp-json\/wp\/v2\/tags?post=52603"}],"curies":[{"name":"wp","href":"https:\/\/api.w.org\/{rel}","templated":true}]}}