{"id":52355,"date":"2015-04-24T11:10:25","date_gmt":"2015-04-24T14:10:25","guid":{"rendered":"http:\/\/www.padreydecano.com\/cms\/?p=52355"},"modified":"2015-04-24T11:10:25","modified_gmt":"2015-04-24T14:10:25","slug":"la-pena-cordon-colaboro-con-el-futbol-femenino","status":"publish","type":"post","link":"https:\/\/www.padreydecano.com\/cms\/otras-disciplinas\/la-pena-cordon-colaboro-con-el-futbol-femenino\/","title":{"rendered":"La Pe\u00f1a Cord\u00f3n colabor\u00f3 con el F\u00fatbol Femenino"},"content":{"rendered":"<p style=\"text-align: justify;\"><a href=\"https:\/\/www.padreydecano.com\/cms\/wp-content\/uploads\/2015\/04\/Futbol-Femenino-Pe\u00f1a-Cordon.jpg\" rel=\"shadowbox[sbpost-52355];player=img;\"><img loading=\"lazy\" decoding=\"async\" class=\"aligncenter wp-image-52356 size-full\" src=\"https:\/\/www.padreydecano.com\/cms\/wp-content\/uploads\/2015\/04\/Futbol-Femenino-Pe\u00f1a-Cordon-e1429846852961.jpg\" alt=\"Futbol Femenino - Pe\u00f1a Cordon\" width=\"605\" height=\"454\" \/><\/a><br \/>\n<strong>La Pe\u00f1a Cord\u00f3n \u201cCr. Gast\u00f3n Guelfi\u201d colabor\u00f3 con el F\u00fatbol Femenino donando bases estabilizadoras y dos juegos de redes para arcos de f\u00fatbol 11.<\/strong><\/p>\n<p style=\"text-align: justify;\">Cabe destacar que la semana pasada la misma Pe\u00f1a le obsequi\u00f3 al Femenino 5 pelotas nuevas, un par guantes de golero y una camiseta oficial del Club a sus delegados para rifar y as\u00ed obtener fondos para cubrir sus necesidades m\u00e1s inmediatas.<\/p>\n<p style=\"text-align: justify;\">De esta forma ayudan a complementar el buen entrenamiento y puesta en forma de las chicas desde el comienzo del campeonato. En la primer fecha la Sub16 tuvo un tropiezo frente a Bella Vista pero confiamos en que van a cambiar la pisada.<\/p>\n<p style=\"text-align: justify;\">Una vez m\u00e1s, felicitamos a todos estos socios y jugadoras que engrandecen cada d\u00eda nuestra instituci\u00f3n.<\/p>\n\n\t\t<style type=\"text\/css\">\n\t\t\t#gallery-1 {\n\t\t\t\tmargin: auto;\n\t\t\t}\n\t\t\t#gallery-1 .gallery-item {\n\t\t\t\tfloat: left;\n\t\t\t\tmargin-top: 10px;\n\t\t\t\ttext-align: center;\n\t\t\t\twidth: 33%;\n\t\t\t}\n\t\t\t#gallery-1 img {\n\t\t\t\tborder: 2px solid #cfcfcf;\n\t\t\t}\n\t\t\t#gallery-1 .gallery-caption {\n\t\t\t\tmargin-left: 0;\n\t\t\t}\n\t\t\t\/* see gallery_shortcode() in wp-includes\/media.php *\/\n\t\t<\/style>\n\t\t<div id='gallery-1' class='gallery galleryid-52355 gallery-columns-3 gallery-size-thumbnail'><dl class='gallery-item'>\n\t\t\t<dt class='gallery-icon landscape'>\n\t\t\t\t<a href='https:\/\/www.padreydecano.com\/cms\/wp-content\/uploads\/2015\/04\/Futbol-Femenino-Pe\u00f1a-Cordon-2.jpg' rel='shadowbox[sbalbum-52355];player=img;'><img loading=\"lazy\" decoding=\"async\" width=\"150\" height=\"150\" src=\"https:\/\/www.padreydecano.com\/cms\/wp-content\/uploads\/2015\/04\/Futbol-Femenino-Pe\u00f1a-Cordon-2-150x150.jpg\" class=\"attachment-thumbnail size-thumbnail\" alt=\"\" srcset=\"https:\/\/www.padreydecano.com\/cms\/wp-content\/uploads\/2015\/04\/Futbol-Femenino-Pe\u00f1a-Cordon-2-150x150.jpg 150w, https:\/\/www.padreydecano.com\/cms\/wp-content\/uploads\/2015\/04\/Futbol-Femenino-Pe\u00f1a-Cordon-2-36x36.jpg 36w, https:\/\/www.padreydecano.com\/cms\/wp-content\/uploads\/2015\/04\/Futbol-Femenino-Pe\u00f1a-Cordon-2-115x115.jpg 115w\" sizes=\"(max-width: 150px) 100vw, 150px\" \/><\/a>\n\t\t\t<\/dt><\/dl><dl class='gallery-item'>\n\t\t\t<dt class='gallery-icon portrait'>\n\t\t\t\t<a href='https:\/\/www.padreydecano.com\/cms\/wp-content\/uploads\/2015\/04\/Futbol-Femenino-Pe\u00f1a-Cordon-3.jpg' rel='shadowbox[sbalbum-52355];player=img;'><img loading=\"lazy\" decoding=\"async\" width=\"150\" height=\"150\" src=\"https:\/\/www.padreydecano.com\/cms\/wp-content\/uploads\/2015\/04\/Futbol-Femenino-Pe\u00f1a-Cordon-3-150x150.jpg\" class=\"attachment-thumbnail size-thumbnail\" alt=\"\" srcset=\"https:\/\/www.padreydecano.com\/cms\/wp-content\/uploads\/2015\/04\/Futbol-Femenino-Pe\u00f1a-Cordon-3-150x150.jpg 150w, https:\/\/www.padreydecano.com\/cms\/wp-content\/uploads\/2015\/04\/Futbol-Femenino-Pe\u00f1a-Cordon-3-36x36.jpg 36w, https:\/\/www.padreydecano.com\/cms\/wp-content\/uploads\/2015\/04\/Futbol-Femenino-Pe\u00f1a-Cordon-3-115x115.jpg 115w\" sizes=\"(max-width: 150px) 100vw, 150px\" \/><\/a>\n\t\t\t<\/dt><\/dl><dl class='gallery-item'>\n\t\t\t<dt class='gallery-icon landscape'>\n\t\t\t\t<a href='https:\/\/www.padreydecano.com\/cms\/wp-content\/uploads\/2015\/04\/Futbol-Femenino-Pe\u00f1a-Cordon-4.jpg' rel='shadowbox[sbalbum-52355];player=img;'><img loading=\"lazy\" decoding=\"async\" width=\"150\" height=\"150\" src=\"https:\/\/www.padreydecano.com\/cms\/wp-content\/uploads\/2015\/04\/Futbol-Femenino-Pe\u00f1a-Cordon-4-150x150.jpg\" class=\"attachment-thumbnail size-thumbnail\" alt=\"\" srcset=\"https:\/\/www.padreydecano.com\/cms\/wp-content\/uploads\/2015\/04\/Futbol-Femenino-Pe\u00f1a-Cordon-4-150x150.jpg 150w, https:\/\/www.padreydecano.com\/cms\/wp-content\/uploads\/2015\/04\/Futbol-Femenino-Pe\u00f1a-Cordon-4-36x36.jpg 36w, https:\/\/www.padreydecano.com\/cms\/wp-content\/uploads\/2015\/04\/Futbol-Femenino-Pe\u00f1a-Cordon-4-115x115.jpg 115w\" sizes=\"(max-width: 150px) 100vw, 150px\" \/><\/a>\n\t\t\t<\/dt><\/dl><br style=\"clear: both\" \/><dl class='gallery-item'>\n\t\t\t<dt class='gallery-icon portrait'>\n\t\t\t\t<a href='https:\/\/www.padreydecano.com\/cms\/wp-content\/uploads\/2015\/04\/Futbol-Femenino-Pe\u00f1a-Cordon-5.jpg' rel='shadowbox[sbalbum-52355];player=img;'><img loading=\"lazy\" decoding=\"async\" width=\"150\" height=\"150\" src=\"https:\/\/www.padreydecano.com\/cms\/wp-content\/uploads\/2015\/04\/Futbol-Femenino-Pe\u00f1a-Cordon-5-150x150.jpg\" class=\"attachment-thumbnail size-thumbnail\" alt=\"\" srcset=\"https:\/\/www.padreydecano.com\/cms\/wp-content\/uploads\/2015\/04\/Futbol-Femenino-Pe\u00f1a-Cordon-5-150x150.jpg 150w, https:\/\/www.padreydecano.com\/cms\/wp-content\/uploads\/2015\/04\/Futbol-Femenino-Pe\u00f1a-Cordon-5-36x36.jpg 36w, https:\/\/www.padreydecano.com\/cms\/wp-content\/uploads\/2015\/04\/Futbol-Femenino-Pe\u00f1a-Cordon-5-115x115.jpg 115w\" sizes=\"(max-width: 150px) 100vw, 150px\" \/><\/a>\n\t\t\t<\/dt><\/dl><dl class='gallery-item'>\n\t\t\t<dt class='gallery-icon portrait'>\n\t\t\t\t<a href='https:\/\/www.padreydecano.com\/cms\/wp-content\/uploads\/2015\/04\/Futbol-Femenino-Pe\u00f1a-Cordon-6.jpg' rel='shadowbox[sbalbum-52355];player=img;'><img loading=\"lazy\" decoding=\"async\" width=\"150\" height=\"150\" src=\"https:\/\/www.padreydecano.com\/cms\/wp-content\/uploads\/2015\/04\/Futbol-Femenino-Pe\u00f1a-Cordon-6-150x150.jpg\" class=\"attachment-thumbnail size-thumbnail\" alt=\"\" srcset=\"https:\/\/www.padreydecano.com\/cms\/wp-content\/uploads\/2015\/04\/Futbol-Femenino-Pe\u00f1a-Cordon-6-150x150.jpg 150w, https:\/\/www.padreydecano.com\/cms\/wp-content\/uploads\/2015\/04\/Futbol-Femenino-Pe\u00f1a-Cordon-6-36x36.jpg 36w, https:\/\/www.padreydecano.com\/cms\/wp-content\/uploads\/2015\/04\/Futbol-Femenino-Pe\u00f1a-Cordon-6-115x115.jpg 115w\" sizes=\"(max-width: 150px) 100vw, 150px\" \/><\/a>\n\t\t\t<\/dt><\/dl><dl class='gallery-item'>\n\t\t\t<dt class='gallery-icon landscape'>\n\t\t\t\t<a href='https:\/\/www.padreydecano.com\/cms\/wp-content\/uploads\/2015\/04\/Futbol-Femenino-Pe\u00f1a-Cordon-7.jpg' rel='shadowbox[sbalbum-52355];player=img;'><img loading=\"lazy\" decoding=\"async\" width=\"150\" height=\"150\" src=\"https:\/\/www.padreydecano.com\/cms\/wp-content\/uploads\/2015\/04\/Futbol-Femenino-Pe\u00f1a-Cordon-7-150x150.jpg\" class=\"attachment-thumbnail size-thumbnail\" alt=\"\" srcset=\"https:\/\/www.padreydecano.com\/cms\/wp-content\/uploads\/2015\/04\/Futbol-Femenino-Pe\u00f1a-Cordon-7-150x150.jpg 150w, https:\/\/www.padreydecano.com\/cms\/wp-content\/uploads\/2015\/04\/Futbol-Femenino-Pe\u00f1a-Cordon-7-36x36.jpg 36w, https:\/\/www.padreydecano.com\/cms\/wp-content\/uploads\/2015\/04\/Futbol-Femenino-Pe\u00f1a-Cordon-7-115x115.jpg 115w\" sizes=\"(max-width: 150px) 100vw, 150px\" \/><\/a>\n\t\t\t<\/dt><\/dl><br style=\"clear: both\" \/>\n\t\t<\/div>\n\n","protected":false},"excerpt":{"rendered":"<p>La Pe\u00f1a Cord\u00f3n \u201cCr. Gast\u00f3n Guelfi\u201d colabor\u00f3 con el F\u00fatbol Femenino donando bases estabilizadoras y dos juegos de redes para arcos de f\u00fatbol 11. Cabe destacar que la semana pasada la misma Pe\u00f1a le obsequi\u00f3 al Femenino 5 pelotas nuevas, un par guantes de golero y una camiseta oficial del Club a sus delegados para [&hellip;]<\/p>\n","protected":false},"author":2,"featured_media":0,"comment_status":"open","ping_status":"closed","sticky":false,"template":"","format":"standard","meta":{"footnotes":""},"categories":[27,42],"tags":[97,199],"yoast_head":"<!-- This site is optimized with the Yoast SEO plugin v23.2 - https:\/\/yoast.com\/wordpress\/plugins\/seo\/ -->\n<title>La Pe\u00f1a Cord\u00f3n colabor\u00f3 con el F\u00fatbol Femenino - Padre y Decano - El Sitio del Pueblo<\/title>\n<meta name=\"robots\" content=\"index, follow, max-snippet:-1, max-image-preview:large, max-video-preview:-1\" \/>\n<link rel=\"canonical\" href=\"https:\/\/www.padreydecano.com\/cms\/otras-disciplinas\/la-pena-cordon-colaboro-con-el-futbol-femenino\/\" \/>\n<meta property=\"og:locale\" content=\"es_ES\" \/>\n<meta property=\"og:type\" content=\"article\" \/>\n<meta property=\"og:title\" content=\"La Pe\u00f1a Cord\u00f3n colabor\u00f3 con el F\u00fatbol Femenino - Padre y Decano - El Sitio del Pueblo\" \/>\n<meta property=\"og:description\" content=\"La Pe\u00f1a Cord\u00f3n \u201cCr. Gast\u00f3n Guelfi\u201d colabor\u00f3 con el F\u00fatbol Femenino donando bases estabilizadoras y dos juegos de redes para arcos de f\u00fatbol 11. Cabe destacar que la semana pasada la misma Pe\u00f1a le obsequi\u00f3 al Femenino 5 pelotas nuevas, un par guantes de golero y una camiseta oficial del Club a sus delegados para [&hellip;]\" \/>\n<meta property=\"og:url\" content=\"https:\/\/www.padreydecano.com\/cms\/otras-disciplinas\/la-pena-cordon-colaboro-con-el-futbol-femenino\/\" \/>\n<meta property=\"og:site_name\" content=\"Padre y Decano - El Sitio del Pueblo\" \/>\n<meta property=\"article:published_time\" content=\"2015-04-24T14:10:25+00:00\" \/>\n<meta property=\"og:image\" content=\"https:\/\/www.padreydecano.com\/cms\/wp-content\/uploads\/2015\/04\/Futbol-Femenino-Pe\u00f1a-Cordon-2-150x150.jpg\" \/>\n<meta name=\"author\" content=\"Gonzalo16\" \/>\n<meta name=\"twitter:card\" content=\"summary_large_image\" \/>\n<meta name=\"twitter:label1\" content=\"Escrito por\" \/>\n\t<meta name=\"twitter:data1\" content=\"Gonzalo16\" \/>\n\t<meta name=\"twitter:label2\" content=\"Tiempo de lectura\" \/>\n\t<meta name=\"twitter:data2\" content=\"1 minuto\" \/>\n<script type=\"application\/ld+json\" class=\"yoast-schema-graph\">{\"@context\":\"https:\/\/schema.org\",\"@graph\":[{\"@type\":\"Article\",\"@id\":\"https:\/\/www.padreydecano.com\/cms\/otras-disciplinas\/la-pena-cordon-colaboro-con-el-futbol-femenino\/#article\",\"isPartOf\":{\"@id\":\"https:\/\/www.padreydecano.com\/cms\/otras-disciplinas\/la-pena-cordon-colaboro-con-el-futbol-femenino\/\"},\"author\":{\"name\":\"Gonzalo16\",\"@id\":\"https:\/\/www.padreydecano.com\/cms\/#\/schema\/person\/7fe41e3e335700ebd387196df2f9a8d4\"},\"headline\":\"La Pe\u00f1a Cord\u00f3n colabor\u00f3 con el F\u00fatbol Femenino\",\"datePublished\":\"2015-04-24T14:10:25+00:00\",\"dateModified\":\"2015-04-24T14:10:25+00:00\",\"mainEntityOfPage\":{\"@id\":\"https:\/\/www.padreydecano.com\/cms\/otras-disciplinas\/la-pena-cordon-colaboro-con-el-futbol-femenino\/\"},\"wordCount\":146,\"commentCount\":2,\"publisher\":{\"@id\":\"https:\/\/www.padreydecano.com\/cms\/#organization\"},\"keywords\":[\"F\u00fatbol Femenino\",\"Pe\u00f1as Barriales\"],\"articleSection\":[\"Otras disciplinas\",\"Pe\u00f1as\"],\"inLanguage\":\"es\",\"potentialAction\":[{\"@type\":\"CommentAction\",\"name\":\"Comment\",\"target\":[\"https:\/\/www.padreydecano.com\/cms\/otras-disciplinas\/la-pena-cordon-colaboro-con-el-futbol-femenino\/#respond\"]}]},{\"@type\":\"WebPage\",\"@id\":\"https:\/\/www.padreydecano.com\/cms\/otras-disciplinas\/la-pena-cordon-colaboro-con-el-futbol-femenino\/\",\"url\":\"https:\/\/www.padreydecano.com\/cms\/otras-disciplinas\/la-pena-cordon-colaboro-con-el-futbol-femenino\/\",\"name\":\"La Pe\u00f1a Cord\u00f3n colabor\u00f3 con el F\u00fatbol Femenino - Padre y Decano - El Sitio del Pueblo\",\"isPartOf\":{\"@id\":\"https:\/\/www.padreydecano.com\/cms\/#website\"},\"datePublished\":\"2015-04-24T14:10:25+00:00\",\"dateModified\":\"2015-04-24T14:10:25+00:00\",\"breadcrumb\":{\"@id\":\"https:\/\/www.padreydecano.com\/cms\/otras-disciplinas\/la-pena-cordon-colaboro-con-el-futbol-femenino\/#breadcrumb\"},\"inLanguage\":\"es\",\"potentialAction\":[{\"@type\":\"ReadAction\",\"target\":[\"https:\/\/www.padreydecano.com\/cms\/otras-disciplinas\/la-pena-cordon-colaboro-con-el-futbol-femenino\/\"]}]},{\"@type\":\"BreadcrumbList\",\"@id\":\"https:\/\/www.padreydecano.com\/cms\/otras-disciplinas\/la-pena-cordon-colaboro-con-el-futbol-femenino\/#breadcrumb\",\"itemListElement\":[{\"@type\":\"ListItem\",\"position\":1,\"name\":\"Portada\",\"item\":\"https:\/\/www.padreydecano.com\/cms\/\"},{\"@type\":\"ListItem\",\"position\":2,\"name\":\"La Pe\u00f1a Cord\u00f3n colabor\u00f3 con el F\u00fatbol Femenino\"}]},{\"@type\":\"WebSite\",\"@id\":\"https:\/\/www.padreydecano.com\/cms\/#website\",\"url\":\"https:\/\/www.padreydecano.com\/cms\/\",\"name\":\"Padre y Decano - El Sitio del Pueblo\",\"description\":\"Club Atl\u00e9tico Pe\u00f1arol\",\"publisher\":{\"@id\":\"https:\/\/www.padreydecano.com\/cms\/#organization\"},\"potentialAction\":[{\"@type\":\"SearchAction\",\"target\":{\"@type\":\"EntryPoint\",\"urlTemplate\":\"https:\/\/www.padreydecano.com\/cms\/?s={search_term_string}\"},\"query-input\":\"required name=search_term_string\"}],\"inLanguage\":\"es\"},{\"@type\":\"Organization\",\"@id\":\"https:\/\/www.padreydecano.com\/cms\/#organization\",\"name\":\"Padre y Decano\",\"url\":\"https:\/\/www.padreydecano.com\/cms\/\",\"logo\":{\"@type\":\"ImageObject\",\"inLanguage\":\"es\",\"@id\":\"https:\/\/www.padreydecano.com\/cms\/#\/schema\/logo\/image\/\",\"url\":\"https:\/\/www.padreydecano.com\/cms\/wp-content\/uploads\/2022\/01\/avatar-square.png\",\"contentUrl\":\"https:\/\/www.padreydecano.com\/cms\/wp-content\/uploads\/2022\/01\/avatar-square.png\",\"width\":1500,\"height\":1500,\"caption\":\"Padre y Decano\"},\"image\":{\"@id\":\"https:\/\/www.padreydecano.com\/cms\/#\/schema\/logo\/image\/\"}},{\"@type\":\"Person\",\"@id\":\"https:\/\/www.padreydecano.com\/cms\/#\/schema\/person\/7fe41e3e335700ebd387196df2f9a8d4\",\"name\":\"Gonzalo16\",\"image\":{\"@type\":\"ImageObject\",\"inLanguage\":\"es\",\"@id\":\"https:\/\/www.padreydecano.com\/cms\/#\/schema\/person\/image\/\",\"url\":\"https:\/\/secure.gravatar.com\/avatar\/4d5cdd49803a2313c01f77e3dfc05d81?s=96&d=https%3A%2F%2Fpadreydecano.com%2Fcms%2Fwp-content%2Fthemes%2Fpyd-theme%2Fimg%2Fdefault-avatar.png&r=g\",\"contentUrl\":\"https:\/\/secure.gravatar.com\/avatar\/4d5cdd49803a2313c01f77e3dfc05d81?s=96&d=https%3A%2F%2Fpadreydecano.com%2Fcms%2Fwp-content%2Fthemes%2Fpyd-theme%2Fimg%2Fdefault-avatar.png&r=g\",\"caption\":\"Gonzalo16\"}}]}<\/script>\n<!-- \/ Yoast SEO plugin. -->","yoast_head_json":{"title":"La Pe\u00f1a Cord\u00f3n colabor\u00f3 con el F\u00fatbol Femenino - Padre y Decano - El Sitio del Pueblo","robots":{"index":"index","follow":"follow","max-snippet":"max-snippet:-1","max-image-preview":"max-image-preview:large","max-video-preview":"max-video-preview:-1"},"canonical":"https:\/\/www.padreydecano.com\/cms\/otras-disciplinas\/la-pena-cordon-colaboro-con-el-futbol-femenino\/","og_locale":"es_ES","og_type":"article","og_title":"La Pe\u00f1a Cord\u00f3n colabor\u00f3 con el F\u00fatbol Femenino - Padre y Decano - El Sitio del Pueblo","og_description":"La Pe\u00f1a Cord\u00f3n \u201cCr. Gast\u00f3n Guelfi\u201d colabor\u00f3 con el F\u00fatbol Femenino donando bases estabilizadoras y dos juegos de redes para arcos de f\u00fatbol 11. Cabe destacar que la semana pasada la misma Pe\u00f1a le obsequi\u00f3 al Femenino 5 pelotas nuevas, un par guantes de golero y una camiseta oficial del Club a sus delegados para [&hellip;]","og_url":"https:\/\/www.padreydecano.com\/cms\/otras-disciplinas\/la-pena-cordon-colaboro-con-el-futbol-femenino\/","og_site_name":"Padre y Decano - El Sitio del Pueblo","article_published_time":"2015-04-24T14:10:25+00:00","og_image":[{"url":"https:\/\/www.padreydecano.com\/cms\/wp-content\/uploads\/2015\/04\/Futbol-Femenino-Pe\u00f1a-Cordon-2-150x150.jpg"}],"author":"Gonzalo16","twitter_card":"summary_large_image","twitter_misc":{"Escrito por":"Gonzalo16","Tiempo de lectura":"1 minuto"},"schema":{"@context":"https:\/\/schema.org","@graph":[{"@type":"Article","@id":"https:\/\/www.padreydecano.com\/cms\/otras-disciplinas\/la-pena-cordon-colaboro-con-el-futbol-femenino\/#article","isPartOf":{"@id":"https:\/\/www.padreydecano.com\/cms\/otras-disciplinas\/la-pena-cordon-colaboro-con-el-futbol-femenino\/"},"author":{"name":"Gonzalo16","@id":"https:\/\/www.padreydecano.com\/cms\/#\/schema\/person\/7fe41e3e335700ebd387196df2f9a8d4"},"headline":"La Pe\u00f1a Cord\u00f3n colabor\u00f3 con el F\u00fatbol Femenino","datePublished":"2015-04-24T14:10:25+00:00","dateModified":"2015-04-24T14:10:25+00:00","mainEntityOfPage":{"@id":"https:\/\/www.padreydecano.com\/cms\/otras-disciplinas\/la-pena-cordon-colaboro-con-el-futbol-femenino\/"},"wordCount":146,"commentCount":2,"publisher":{"@id":"https:\/\/www.padreydecano.com\/cms\/#organization"},"keywords":["F\u00fatbol Femenino","Pe\u00f1as Barriales"],"articleSection":["Otras disciplinas","Pe\u00f1as"],"inLanguage":"es","potentialAction":[{"@type":"CommentAction","name":"Comment","target":["https:\/\/www.padreydecano.com\/cms\/otras-disciplinas\/la-pena-cordon-colaboro-con-el-futbol-femenino\/#respond"]}]},{"@type":"WebPage","@id":"https:\/\/www.padreydecano.com\/cms\/otras-disciplinas\/la-pena-cordon-colaboro-con-el-futbol-femenino\/","url":"https:\/\/www.padreydecano.com\/cms\/otras-disciplinas\/la-pena-cordon-colaboro-con-el-futbol-femenino\/","name":"La Pe\u00f1a Cord\u00f3n colabor\u00f3 con el F\u00fatbol Femenino - Padre y Decano - El Sitio del Pueblo","isPartOf":{"@id":"https:\/\/www.padreydecano.com\/cms\/#website"},"datePublished":"2015-04-24T14:10:25+00:00","dateModified":"2015-04-24T14:10:25+00:00","breadcrumb":{"@id":"https:\/\/www.padreydecano.com\/cms\/otras-disciplinas\/la-pena-cordon-colaboro-con-el-futbol-femenino\/#breadcrumb"},"inLanguage":"es","potentialAction":[{"@type":"ReadAction","target":["https:\/\/www.padreydecano.com\/cms\/otras-disciplinas\/la-pena-cordon-colaboro-con-el-futbol-femenino\/"]}]},{"@type":"BreadcrumbList","@id":"https:\/\/www.padreydecano.com\/cms\/otras-disciplinas\/la-pena-cordon-colaboro-con-el-futbol-femenino\/#breadcrumb","itemListElement":[{"@type":"ListItem","position":1,"name":"Portada","item":"https:\/\/www.padreydecano.com\/cms\/"},{"@type":"ListItem","position":2,"name":"La Pe\u00f1a Cord\u00f3n colabor\u00f3 con el F\u00fatbol Femenino"}]},{"@type":"WebSite","@id":"https:\/\/www.padreydecano.com\/cms\/#website","url":"https:\/\/www.padreydecano.com\/cms\/","name":"Padre y Decano - El Sitio del Pueblo","description":"Club Atl\u00e9tico Pe\u00f1arol","publisher":{"@id":"https:\/\/www.padreydecano.com\/cms\/#organization"},"potentialAction":[{"@type":"SearchAction","target":{"@type":"EntryPoint","urlTemplate":"https:\/\/www.padreydecano.com\/cms\/?s={search_term_string}"},"query-input":"required name=search_term_string"}],"inLanguage":"es"},{"@type":"Organization","@id":"https:\/\/www.padreydecano.com\/cms\/#organization","name":"Padre y Decano","url":"https:\/\/www.padreydecano.com\/cms\/","logo":{"@type":"ImageObject","inLanguage":"es","@id":"https:\/\/www.padreydecano.com\/cms\/#\/schema\/logo\/image\/","url":"https:\/\/www.padreydecano.com\/cms\/wp-content\/uploads\/2022\/01\/avatar-square.png","contentUrl":"https:\/\/www.padreydecano.com\/cms\/wp-content\/uploads\/2022\/01\/avatar-square.png","width":1500,"height":1500,"caption":"Padre y Decano"},"image":{"@id":"https:\/\/www.padreydecano.com\/cms\/#\/schema\/logo\/image\/"}},{"@type":"Person","@id":"https:\/\/www.padreydecano.com\/cms\/#\/schema\/person\/7fe41e3e335700ebd387196df2f9a8d4","name":"Gonzalo16","image":{"@type":"ImageObject","inLanguage":"es","@id":"https:\/\/www.padreydecano.com\/cms\/#\/schema\/person\/image\/","url":"https:\/\/secure.gravatar.com\/avatar\/4d5cdd49803a2313c01f77e3dfc05d81?s=96&d=https%3A%2F%2Fpadreydecano.com%2Fcms%2Fwp-content%2Fthemes%2Fpyd-theme%2Fimg%2Fdefault-avatar.png&r=g","contentUrl":"https:\/\/secure.gravatar.com\/avatar\/4d5cdd49803a2313c01f77e3dfc05d81?s=96&d=https%3A%2F%2Fpadreydecano.com%2Fcms%2Fwp-content%2Fthemes%2Fpyd-theme%2Fimg%2Fdefault-avatar.png&r=g","caption":"Gonzalo16"}}]}},"_links":{"self":[{"href":"https:\/\/www.padreydecano.com\/cms\/wp-json\/wp\/v2\/posts\/52355"}],"collection":[{"href":"https:\/\/www.padreydecano.com\/cms\/wp-json\/wp\/v2\/posts"}],"about":[{"href":"https:\/\/www.padreydecano.com\/cms\/wp-json\/wp\/v2\/types\/post"}],"author":[{"embeddable":true,"href":"https:\/\/www.padreydecano.com\/cms\/wp-json\/wp\/v2\/users\/2"}],"replies":[{"embeddable":true,"href":"https:\/\/www.padreydecano.com\/cms\/wp-json\/wp\/v2\/comments?post=52355"}],"version-history":[{"count":0,"href":"https:\/\/www.padreydecano.com\/cms\/wp-json\/wp\/v2\/posts\/52355\/revisions"}],"wp:attachment":[{"href":"https:\/\/www.padreydecano.com\/cms\/wp-json\/wp\/v2\/media?parent=52355"}],"wp:term":[{"taxonomy":"category","embeddable":true,"href":"https:\/\/www.padreydecano.com\/cms\/wp-json\/wp\/v2\/categories?post=52355"},{"taxonomy":"post_tag","embeddable":true,"href":"https:\/\/www.padreydecano.com\/cms\/wp-json\/wp\/v2\/tags?post=52355"}],"curies":[{"name":"wp","href":"https:\/\/api.w.org\/{rel}","templated":true}]}}