{"id":52325,"date":"2015-04-21T15:31:35","date_gmt":"2015-04-21T18:31:35","guid":{"rendered":"http:\/\/www.padreydecano.com\/cms\/?p=52325"},"modified":"2015-04-23T15:29:12","modified_gmt":"2015-04-23T18:29:12","slug":"pacheco-la-sociedad-no-tiene-paciencia","status":"publish","type":"post","link":"https:\/\/www.padreydecano.com\/cms\/entrevistas\/pacheco-la-sociedad-no-tiene-paciencia\/","title":{"rendered":"Pacheco: \u00abLa sociedad no tiene paciencia\u00bb"},"content":{"rendered":"<p style=\"text-align: justify;\"><a href=\"https:\/\/www.padreydecano.com\/cms\/wp-content\/uploads\/2015\/04\/penarol-atenas-de-san-carlos-clausura-2015-Christian-Adinolfi-21.jpg\" rel=\"shadowbox[sbpost-52325];player=img;\"><img loading=\"lazy\" decoding=\"async\" class=\"aligncenter  wp-image-52292\" src=\"https:\/\/www.padreydecano.com\/cms\/wp-content\/uploads\/2015\/04\/penarol-atenas-de-san-carlos-clausura-2015-Christian-Adinolfi-21.jpg\" alt=\"\" width=\"606\" height=\"401\" srcset=\"https:\/\/www.padreydecano.com\/cms\/wp-content\/uploads\/2015\/04\/penarol-atenas-de-san-carlos-clausura-2015-Christian-Adinolfi-21.jpg 900w, https:\/\/www.padreydecano.com\/cms\/wp-content\/uploads\/2015\/04\/penarol-atenas-de-san-carlos-clausura-2015-Christian-Adinolfi-21-300x199.jpg 300w\" sizes=\"(max-width: 606px) 100vw, 606px\" \/><\/a><\/p>\n<p style=\"text-align: justify;\"><strong>Antonio Pacheco atendi\u00f3 a los medios de prensa en Los Aromos al comienzo de la semana que desembocar\u00e1 en el partido del s\u00e1bado ante Wanderers. El capit\u00e1n de Pe\u00f1arol hizo referencia al encuentro y la paciencia de los hinchas.<\/strong><\/p>\n<p style=\"text-align: justify;\"><span style=\"color: #ffcc02;\"><strong>Sensaciones tras el empate:<\/strong> <\/span>\u201cEs l\u00f3gico que haya amargura porque se pierde la punta que hab\u00edamos tomado al inicio del torneo, pero sabemos que a\u00fan resta mucho torneo por jugar, m\u00e1s all\u00e1 de que estamos entrando en la recta final. El futbol tiene estas situaciones. Lo m\u00e1s duro es que no dependemos de mostros mismos sino de lo que hagamos nosotros m\u00e1s lo que puedan hacer los rivales. Es parte del juego mismo y debemos saber que a\u00fan restan partidos por jugar. Lo tenemos claro eso\u201d.<\/p>\n<p style=\"text-align: justify;\"><span style=\"color: #ffcc02;\"><strong>Falla en el equipo:<\/strong><\/span> \u201cYo lo dije posterior al partido. La regularidad en el juego nuestro no ha sido la que necesitamos, en cuanto a los momentos de los partidos. Creo que el otro d\u00eda en el primer tiempo si hubi\u00e9semos sido contundentes, quiz\u00e1s no estar\u00edamos hablando de estas cosas ahora. El f\u00fatbol tiene estas cosas, a veces podes serlo, a veces no, el rival tambi\u00e9n juega, y a nosotros lo que nos est\u00e1 costando m\u00e1s es esa regularidad de mantener el ritmo del juego durante m\u00e1s tiempo\u201d.<\/p>\n<p style=\"text-align: justify;\"><span style=\"color: #ffcc02;\"><strong>Regularidad:<\/strong> <\/span>\u201cSe consigue con trabajo como lo venimos haciendo, sabiendo que los partidos duran 90 minutos, que los rivales tambi\u00e9n tienen sus estrategias y nosotros debemos ir corrigiendo esos errores que seguramente son de situaci\u00f3n de juego durante el partido, a veces porque no podes concretar esas chances que ten\u00e9s y eso te juega en contra de la ansiedad, y otras veces se mantiene\u201d.<\/p>\n<p style=\"text-align: justify;\"><span style=\"color: #ffcc02;\"><strong>La hinchada:<\/strong> <\/span>\u201cLo de los hinchas es normal. El hincha quiere que ganes siempre. Nosotros tambi\u00e9n y eso es l\u00f3gico. Lo de la paciencia ya es un tema social. La sociedad no tiene paciencia. Hoy queremos todo ya e inmediato, pero pasa a todo nivel. En futbol el hincha va a querer ganar siempre, igual que el jugador, que a veces lo puede hacer y a veces no. Nosotros debemos ser conscientes de que tenemos 90 minutos para ganar\u201d.<\/p>\n","protected":false},"excerpt":{"rendered":"<p>Antonio Pacheco atendi\u00f3 a los medios de prensa en Los Aromos. El capit\u00e1n de Pe\u00f1arol hizo referencia al encuentro y la paciencia de los hinchas.<\/p>\n","protected":false},"author":13,"featured_media":52330,"comment_status":"open","ping_status":"closed","sticky":false,"template":"","format":"standard","meta":{"footnotes":""},"categories":[30],"tags":[],"yoast_head":"<!-- This site is optimized with the Yoast SEO plugin v23.2 - https:\/\/yoast.com\/wordpress\/plugins\/seo\/ -->\n<title>Pacheco: &quot;La sociedad no tiene paciencia&quot; - Padre y Decano - El Sitio del Pueblo<\/title>\n<meta name=\"robots\" content=\"index, follow, max-snippet:-1, max-image-preview:large, max-video-preview:-1\" \/>\n<link rel=\"canonical\" href=\"https:\/\/www.padreydecano.com\/cms\/entrevistas\/pacheco-la-sociedad-no-tiene-paciencia\/\" \/>\n<meta property=\"og:locale\" content=\"es_ES\" \/>\n<meta property=\"og:type\" content=\"article\" \/>\n<meta property=\"og:title\" content=\"Pacheco: &quot;La sociedad no tiene paciencia&quot; - Padre y Decano - El Sitio del Pueblo\" \/>\n<meta property=\"og:description\" content=\"Antonio Pacheco atendi\u00f3 a los medios de prensa en Los Aromos. El capit\u00e1n de Pe\u00f1arol hizo referencia al encuentro y la paciencia de los hinchas.\" \/>\n<meta property=\"og:url\" content=\"https:\/\/www.padreydecano.com\/cms\/entrevistas\/pacheco-la-sociedad-no-tiene-paciencia\/\" \/>\n<meta property=\"og:site_name\" content=\"Padre y Decano - El Sitio del Pueblo\" \/>\n<meta property=\"article:published_time\" content=\"2015-04-21T18:31:35+00:00\" \/>\n<meta property=\"article:modified_time\" content=\"2015-04-23T18:29:12+00:00\" \/>\n<meta property=\"og:image\" content=\"https:\/\/www.padreydecano.com\/cms\/wp-content\/uploads\/2015\/04\/Pacheco_atenas.jpg\" \/>\n\t<meta property=\"og:image:width\" content=\"640\" \/>\n\t<meta property=\"og:image:height\" content=\"250\" \/>\n\t<meta property=\"og:image:type\" content=\"image\/jpeg\" \/>\n<meta name=\"author\" content=\"Moderador\" \/>\n<meta name=\"twitter:card\" content=\"summary_large_image\" \/>\n<meta name=\"twitter:label1\" content=\"Escrito por\" \/>\n\t<meta name=\"twitter:data1\" content=\"Moderador\" \/>\n\t<meta name=\"twitter:label2\" content=\"Tiempo de lectura\" \/>\n\t<meta name=\"twitter:data2\" content=\"2 minutos\" \/>\n<script type=\"application\/ld+json\" class=\"yoast-schema-graph\">{\"@context\":\"https:\/\/schema.org\",\"@graph\":[{\"@type\":\"Article\",\"@id\":\"https:\/\/www.padreydecano.com\/cms\/entrevistas\/pacheco-la-sociedad-no-tiene-paciencia\/#article\",\"isPartOf\":{\"@id\":\"https:\/\/www.padreydecano.com\/cms\/entrevistas\/pacheco-la-sociedad-no-tiene-paciencia\/\"},\"author\":{\"name\":\"Moderador\",\"@id\":\"https:\/\/www.padreydecano.com\/cms\/#\/schema\/person\/d93e9e537230ae052c194251d9a1def2\"},\"headline\":\"Pacheco: \u00abLa sociedad no tiene paciencia\u00bb\",\"datePublished\":\"2015-04-21T18:31:35+00:00\",\"dateModified\":\"2015-04-23T18:29:12+00:00\",\"mainEntityOfPage\":{\"@id\":\"https:\/\/www.padreydecano.com\/cms\/entrevistas\/pacheco-la-sociedad-no-tiene-paciencia\/\"},\"wordCount\":383,\"commentCount\":119,\"publisher\":{\"@id\":\"https:\/\/www.padreydecano.com\/cms\/#organization\"},\"image\":{\"@id\":\"https:\/\/www.padreydecano.com\/cms\/entrevistas\/pacheco-la-sociedad-no-tiene-paciencia\/#primaryimage\"},\"thumbnailUrl\":\"https:\/\/www.padreydecano.com\/cms\/wp-content\/uploads\/2015\/04\/Pacheco_atenas.jpg\",\"articleSection\":[\"Entrevistas\"],\"inLanguage\":\"es\",\"potentialAction\":[{\"@type\":\"CommentAction\",\"name\":\"Comment\",\"target\":[\"https:\/\/www.padreydecano.com\/cms\/entrevistas\/pacheco-la-sociedad-no-tiene-paciencia\/#respond\"]}]},{\"@type\":\"WebPage\",\"@id\":\"https:\/\/www.padreydecano.com\/cms\/entrevistas\/pacheco-la-sociedad-no-tiene-paciencia\/\",\"url\":\"https:\/\/www.padreydecano.com\/cms\/entrevistas\/pacheco-la-sociedad-no-tiene-paciencia\/\",\"name\":\"Pacheco: \\\"La sociedad no tiene paciencia\\\" - Padre y Decano - El Sitio del Pueblo\",\"isPartOf\":{\"@id\":\"https:\/\/www.padreydecano.com\/cms\/#website\"},\"primaryImageOfPage\":{\"@id\":\"https:\/\/www.padreydecano.com\/cms\/entrevistas\/pacheco-la-sociedad-no-tiene-paciencia\/#primaryimage\"},\"image\":{\"@id\":\"https:\/\/www.padreydecano.com\/cms\/entrevistas\/pacheco-la-sociedad-no-tiene-paciencia\/#primaryimage\"},\"thumbnailUrl\":\"https:\/\/www.padreydecano.com\/cms\/wp-content\/uploads\/2015\/04\/Pacheco_atenas.jpg\",\"datePublished\":\"2015-04-21T18:31:35+00:00\",\"dateModified\":\"2015-04-23T18:29:12+00:00\",\"breadcrumb\":{\"@id\":\"https:\/\/www.padreydecano.com\/cms\/entrevistas\/pacheco-la-sociedad-no-tiene-paciencia\/#breadcrumb\"},\"inLanguage\":\"es\",\"potentialAction\":[{\"@type\":\"ReadAction\",\"target\":[\"https:\/\/www.padreydecano.com\/cms\/entrevistas\/pacheco-la-sociedad-no-tiene-paciencia\/\"]}]},{\"@type\":\"ImageObject\",\"inLanguage\":\"es\",\"@id\":\"https:\/\/www.padreydecano.com\/cms\/entrevistas\/pacheco-la-sociedad-no-tiene-paciencia\/#primaryimage\",\"url\":\"https:\/\/www.padreydecano.com\/cms\/wp-content\/uploads\/2015\/04\/Pacheco_atenas.jpg\",\"contentUrl\":\"https:\/\/www.padreydecano.com\/cms\/wp-content\/uploads\/2015\/04\/Pacheco_atenas.jpg\",\"width\":640,\"height\":250},{\"@type\":\"BreadcrumbList\",\"@id\":\"https:\/\/www.padreydecano.com\/cms\/entrevistas\/pacheco-la-sociedad-no-tiene-paciencia\/#breadcrumb\",\"itemListElement\":[{\"@type\":\"ListItem\",\"position\":1,\"name\":\"Portada\",\"item\":\"https:\/\/www.padreydecano.com\/cms\/\"},{\"@type\":\"ListItem\",\"position\":2,\"name\":\"Pacheco: \u00abLa sociedad no tiene paciencia\u00bb\"}]},{\"@type\":\"WebSite\",\"@id\":\"https:\/\/www.padreydecano.com\/cms\/#website\",\"url\":\"https:\/\/www.padreydecano.com\/cms\/\",\"name\":\"Padre y Decano - El Sitio del Pueblo\",\"description\":\"Club Atl\u00e9tico Pe\u00f1arol\",\"publisher\":{\"@id\":\"https:\/\/www.padreydecano.com\/cms\/#organization\"},\"potentialAction\":[{\"@type\":\"SearchAction\",\"target\":{\"@type\":\"EntryPoint\",\"urlTemplate\":\"https:\/\/www.padreydecano.com\/cms\/?s={search_term_string}\"},\"query-input\":\"required name=search_term_string\"}],\"inLanguage\":\"es\"},{\"@type\":\"Organization\",\"@id\":\"https:\/\/www.padreydecano.com\/cms\/#organization\",\"name\":\"Padre y Decano\",\"url\":\"https:\/\/www.padreydecano.com\/cms\/\",\"logo\":{\"@type\":\"ImageObject\",\"inLanguage\":\"es\",\"@id\":\"https:\/\/www.padreydecano.com\/cms\/#\/schema\/logo\/image\/\",\"url\":\"https:\/\/www.padreydecano.com\/cms\/wp-content\/uploads\/2022\/01\/avatar-square.png\",\"contentUrl\":\"https:\/\/www.padreydecano.com\/cms\/wp-content\/uploads\/2022\/01\/avatar-square.png\",\"width\":1500,\"height\":1500,\"caption\":\"Padre y Decano\"},\"image\":{\"@id\":\"https:\/\/www.padreydecano.com\/cms\/#\/schema\/logo\/image\/\"}},{\"@type\":\"Person\",\"@id\":\"https:\/\/www.padreydecano.com\/cms\/#\/schema\/person\/d93e9e537230ae052c194251d9a1def2\",\"name\":\"Moderador\",\"image\":{\"@type\":\"ImageObject\",\"inLanguage\":\"es\",\"@id\":\"https:\/\/www.padreydecano.com\/cms\/#\/schema\/person\/image\/\",\"url\":\"https:\/\/secure.gravatar.com\/avatar\/2587727bf8a53bd3da4ec49f01bea66e?s=96&d=https%3A%2F%2Fpadreydecano.com%2Fcms%2Fwp-content%2Fthemes%2Fpyd-theme%2Fimg%2Fdefault-avatar.png&r=g\",\"contentUrl\":\"https:\/\/secure.gravatar.com\/avatar\/2587727bf8a53bd3da4ec49f01bea66e?s=96&d=https%3A%2F%2Fpadreydecano.com%2Fcms%2Fwp-content%2Fthemes%2Fpyd-theme%2Fimg%2Fdefault-avatar.png&r=g\",\"caption\":\"Moderador\"}}]}<\/script>\n<!-- \/ Yoast SEO plugin. -->","yoast_head_json":{"title":"Pacheco: \"La sociedad no tiene paciencia\" - Padre y Decano - El Sitio del Pueblo","robots":{"index":"index","follow":"follow","max-snippet":"max-snippet:-1","max-image-preview":"max-image-preview:large","max-video-preview":"max-video-preview:-1"},"canonical":"https:\/\/www.padreydecano.com\/cms\/entrevistas\/pacheco-la-sociedad-no-tiene-paciencia\/","og_locale":"es_ES","og_type":"article","og_title":"Pacheco: \"La sociedad no tiene paciencia\" - Padre y Decano - El Sitio del Pueblo","og_description":"Antonio Pacheco atendi\u00f3 a los medios de prensa en Los Aromos. El capit\u00e1n de Pe\u00f1arol hizo referencia al encuentro y la paciencia de los hinchas.","og_url":"https:\/\/www.padreydecano.com\/cms\/entrevistas\/pacheco-la-sociedad-no-tiene-paciencia\/","og_site_name":"Padre y Decano - El Sitio del Pueblo","article_published_time":"2015-04-21T18:31:35+00:00","article_modified_time":"2015-04-23T18:29:12+00:00","og_image":[{"width":640,"height":250,"url":"https:\/\/www.padreydecano.com\/cms\/wp-content\/uploads\/2015\/04\/Pacheco_atenas.jpg","type":"image\/jpeg"}],"author":"Moderador","twitter_card":"summary_large_image","twitter_misc":{"Escrito por":"Moderador","Tiempo de lectura":"2 minutos"},"schema":{"@context":"https:\/\/schema.org","@graph":[{"@type":"Article","@id":"https:\/\/www.padreydecano.com\/cms\/entrevistas\/pacheco-la-sociedad-no-tiene-paciencia\/#article","isPartOf":{"@id":"https:\/\/www.padreydecano.com\/cms\/entrevistas\/pacheco-la-sociedad-no-tiene-paciencia\/"},"author":{"name":"Moderador","@id":"https:\/\/www.padreydecano.com\/cms\/#\/schema\/person\/d93e9e537230ae052c194251d9a1def2"},"headline":"Pacheco: \u00abLa sociedad no tiene paciencia\u00bb","datePublished":"2015-04-21T18:31:35+00:00","dateModified":"2015-04-23T18:29:12+00:00","mainEntityOfPage":{"@id":"https:\/\/www.padreydecano.com\/cms\/entrevistas\/pacheco-la-sociedad-no-tiene-paciencia\/"},"wordCount":383,"commentCount":119,"publisher":{"@id":"https:\/\/www.padreydecano.com\/cms\/#organization"},"image":{"@id":"https:\/\/www.padreydecano.com\/cms\/entrevistas\/pacheco-la-sociedad-no-tiene-paciencia\/#primaryimage"},"thumbnailUrl":"https:\/\/www.padreydecano.com\/cms\/wp-content\/uploads\/2015\/04\/Pacheco_atenas.jpg","articleSection":["Entrevistas"],"inLanguage":"es","potentialAction":[{"@type":"CommentAction","name":"Comment","target":["https:\/\/www.padreydecano.com\/cms\/entrevistas\/pacheco-la-sociedad-no-tiene-paciencia\/#respond"]}]},{"@type":"WebPage","@id":"https:\/\/www.padreydecano.com\/cms\/entrevistas\/pacheco-la-sociedad-no-tiene-paciencia\/","url":"https:\/\/www.padreydecano.com\/cms\/entrevistas\/pacheco-la-sociedad-no-tiene-paciencia\/","name":"Pacheco: \"La sociedad no tiene paciencia\" - Padre y Decano - El Sitio del Pueblo","isPartOf":{"@id":"https:\/\/www.padreydecano.com\/cms\/#website"},"primaryImageOfPage":{"@id":"https:\/\/www.padreydecano.com\/cms\/entrevistas\/pacheco-la-sociedad-no-tiene-paciencia\/#primaryimage"},"image":{"@id":"https:\/\/www.padreydecano.com\/cms\/entrevistas\/pacheco-la-sociedad-no-tiene-paciencia\/#primaryimage"},"thumbnailUrl":"https:\/\/www.padreydecano.com\/cms\/wp-content\/uploads\/2015\/04\/Pacheco_atenas.jpg","datePublished":"2015-04-21T18:31:35+00:00","dateModified":"2015-04-23T18:29:12+00:00","breadcrumb":{"@id":"https:\/\/www.padreydecano.com\/cms\/entrevistas\/pacheco-la-sociedad-no-tiene-paciencia\/#breadcrumb"},"inLanguage":"es","potentialAction":[{"@type":"ReadAction","target":["https:\/\/www.padreydecano.com\/cms\/entrevistas\/pacheco-la-sociedad-no-tiene-paciencia\/"]}]},{"@type":"ImageObject","inLanguage":"es","@id":"https:\/\/www.padreydecano.com\/cms\/entrevistas\/pacheco-la-sociedad-no-tiene-paciencia\/#primaryimage","url":"https:\/\/www.padreydecano.com\/cms\/wp-content\/uploads\/2015\/04\/Pacheco_atenas.jpg","contentUrl":"https:\/\/www.padreydecano.com\/cms\/wp-content\/uploads\/2015\/04\/Pacheco_atenas.jpg","width":640,"height":250},{"@type":"BreadcrumbList","@id":"https:\/\/www.padreydecano.com\/cms\/entrevistas\/pacheco-la-sociedad-no-tiene-paciencia\/#breadcrumb","itemListElement":[{"@type":"ListItem","position":1,"name":"Portada","item":"https:\/\/www.padreydecano.com\/cms\/"},{"@type":"ListItem","position":2,"name":"Pacheco: \u00abLa sociedad no tiene paciencia\u00bb"}]},{"@type":"WebSite","@id":"https:\/\/www.padreydecano.com\/cms\/#website","url":"https:\/\/www.padreydecano.com\/cms\/","name":"Padre y Decano - El Sitio del Pueblo","description":"Club Atl\u00e9tico Pe\u00f1arol","publisher":{"@id":"https:\/\/www.padreydecano.com\/cms\/#organization"},"potentialAction":[{"@type":"SearchAction","target":{"@type":"EntryPoint","urlTemplate":"https:\/\/www.padreydecano.com\/cms\/?s={search_term_string}"},"query-input":"required name=search_term_string"}],"inLanguage":"es"},{"@type":"Organization","@id":"https:\/\/www.padreydecano.com\/cms\/#organization","name":"Padre y Decano","url":"https:\/\/www.padreydecano.com\/cms\/","logo":{"@type":"ImageObject","inLanguage":"es","@id":"https:\/\/www.padreydecano.com\/cms\/#\/schema\/logo\/image\/","url":"https:\/\/www.padreydecano.com\/cms\/wp-content\/uploads\/2022\/01\/avatar-square.png","contentUrl":"https:\/\/www.padreydecano.com\/cms\/wp-content\/uploads\/2022\/01\/avatar-square.png","width":1500,"height":1500,"caption":"Padre y Decano"},"image":{"@id":"https:\/\/www.padreydecano.com\/cms\/#\/schema\/logo\/image\/"}},{"@type":"Person","@id":"https:\/\/www.padreydecano.com\/cms\/#\/schema\/person\/d93e9e537230ae052c194251d9a1def2","name":"Moderador","image":{"@type":"ImageObject","inLanguage":"es","@id":"https:\/\/www.padreydecano.com\/cms\/#\/schema\/person\/image\/","url":"https:\/\/secure.gravatar.com\/avatar\/2587727bf8a53bd3da4ec49f01bea66e?s=96&d=https%3A%2F%2Fpadreydecano.com%2Fcms%2Fwp-content%2Fthemes%2Fpyd-theme%2Fimg%2Fdefault-avatar.png&r=g","contentUrl":"https:\/\/secure.gravatar.com\/avatar\/2587727bf8a53bd3da4ec49f01bea66e?s=96&d=https%3A%2F%2Fpadreydecano.com%2Fcms%2Fwp-content%2Fthemes%2Fpyd-theme%2Fimg%2Fdefault-avatar.png&r=g","caption":"Moderador"}}]}},"_links":{"self":[{"href":"https:\/\/www.padreydecano.com\/cms\/wp-json\/wp\/v2\/posts\/52325"}],"collection":[{"href":"https:\/\/www.padreydecano.com\/cms\/wp-json\/wp\/v2\/posts"}],"about":[{"href":"https:\/\/www.padreydecano.com\/cms\/wp-json\/wp\/v2\/types\/post"}],"author":[{"embeddable":true,"href":"https:\/\/www.padreydecano.com\/cms\/wp-json\/wp\/v2\/users\/13"}],"replies":[{"embeddable":true,"href":"https:\/\/www.padreydecano.com\/cms\/wp-json\/wp\/v2\/comments?post=52325"}],"version-history":[{"count":0,"href":"https:\/\/www.padreydecano.com\/cms\/wp-json\/wp\/v2\/posts\/52325\/revisions"}],"wp:featuredmedia":[{"embeddable":true,"href":"https:\/\/www.padreydecano.com\/cms\/wp-json\/wp\/v2\/media\/52330"}],"wp:attachment":[{"href":"https:\/\/www.padreydecano.com\/cms\/wp-json\/wp\/v2\/media?parent=52325"}],"wp:term":[{"taxonomy":"category","embeddable":true,"href":"https:\/\/www.padreydecano.com\/cms\/wp-json\/wp\/v2\/categories?post=52325"},{"taxonomy":"post_tag","embeddable":true,"href":"https:\/\/www.padreydecano.com\/cms\/wp-json\/wp\/v2\/tags?post=52325"}],"curies":[{"name":"wp","href":"https:\/\/api.w.org\/{rel}","templated":true}]}}