{"id":52253,"date":"2015-04-17T09:44:39","date_gmt":"2015-04-17T12:44:39","guid":{"rendered":"http:\/\/www.padreydecano.com\/cms\/?p=52253"},"modified":"2015-04-17T10:11:55","modified_gmt":"2015-04-17T13:11:55","slug":"juan-pedro-damiani-valverde-es-innegociable","status":"publish","type":"post","link":"https:\/\/www.padreydecano.com\/cms\/entrevistas\/juan-pedro-damiani-valverde-es-innegociable\/","title":{"rendered":"Juan Pedro Damiani: \u00abValverde es innegociable\u00bb"},"content":{"rendered":"<p><a href=\"https:\/\/www.padreydecano.com\/cms\/wp-content\/uploads\/2014\/03\/DSCN3595.jpg\" rel=\"shadowbox[sbpost-52253];player=img;\"><img loading=\"lazy\" decoding=\"async\" class=\"aligncenter wp-image-45827\" src=\"https:\/\/www.padreydecano.com\/cms\/wp-content\/uploads\/2014\/03\/DSCN3595.jpg\" alt=\"Damiani\" width=\"604\" height=\"402\" \/><\/a><\/p>\n<p style=\"text-align: justify;\">El Presidente de Pe\u00f1arol, Juan Pedro Damiani, habl\u00f3 este jueves en Las Voces del F\u00fatbol (1410 AM) sobre el inter\u00e9s del Real Madrid por incorporar al juvenil <a href=\"https:\/\/www.padreydecano.com\/cms\/formativas\/federico-valverde-interesa-al-mercado-europeo\/\" target=\"_blank\">Federico Valverde<\/a>, gran promesa del semillero aurinegro.\u00a0Damiani\u00a0tambi\u00e9n hizo referencia a la obra del Estadio de Pe\u00f1arol \u00a0&#8211; que <a href=\"https:\/\/www.padreydecano.com\/cms\/noticias\/estadio-comenzo-el-sembrado-de-la-cancha\/\" target=\"_blank\">ya comenz\u00f3 con el sembrado de la cancha<\/a> &#8211; y del posible retorno del arquero Sebasti\u00e1n Sosa.<\/p>\n<p style=\"text-align: justify;\"><strong>El representante de Valverde, Gerardo Rabajda, recibi\u00f3 del equipo espa\u00f1ol\u00a0una interesante oferta de 5 millones de euros para hacerse con los servicios del volante de 16 a\u00f1os<\/strong>, que viene de ser figura con la Selecci\u00f3n Uruguaya en el Sudamericano Sub-17. De ese monto, Pe\u00f1arol percibir\u00eda 3,7 millones de euros libres (3.984.900 d\u00f3lares) y el jugador un 20%. <strong>Sin embargo, Damiani fue tajante y afirm\u00f3 que no tiene deseos de transferir a Valverde. Expres\u00f3, a su vez, que lo quiere ver debutar con Pe\u00f1arol<\/strong>.<\/p>\n<p style=\"text-align: justify;\"><strong><span style=\"color: #ffcc00;\">Valverde va a seguir en Pe\u00f1arol<\/span>:<\/strong> \u201cMucha gente dice que Pe\u00f1arol no inclu\u00eda juveniles, y ahora lo empezamos a hacer. Hace seis a\u00f1os comenzamos fuertemente con el Centro de Alto Rendimiento (C.A.R.), primero con V\u00edctor P\u00faa y luego con Juan Ahuntcha\u00edn. Por ese entonces no hab\u00eda valores, pero ahora por suerte salen los tr\u00e9boles de cuatro hojas. Ahora tenemos ese problema de que se los quieren llevar, pero los quiero disfrutar. Quiero que jueguen en Pe\u00f1arol\u201d.<\/p>\n<p style=\"text-align: justify;\"><span style=\"color: #ffcc00;\"><strong>Familia de Valverde<\/strong><\/span>: \u201cSe que est\u00e1 la posici\u00f3n de su mam\u00e1 y su familia. Es dif\u00edcil porque me pongo en el lugar de esta se\u00f1ora, que tuve el placer de estar con ellos y con el chico, que es un encanto, y te cuentan la historia de vida y es incre\u00edble, por los sacrificios que hizo esa madre para que el chico llegara. Una vez que tienen la posibilidad de que el cuento tenga un final feliz uno no quiere ser el malo, pero para mi es innegociable. Quiero que debute en Pe\u00f1arol\u201d.<\/p>\n<p style=\"text-align: justify;\"><span style=\"color: #ffcc00;\"><strong>Mejorar el contrato<\/strong><\/span>: \u201cPe\u00f1arol debe hacerle un buen contrato para darle m\u00e1s tranquilidad a su gente. Hay que contemplar lo de Pe\u00f1arol y la ansiedad de la familia\u201d.<\/p>\n<p style=\"text-align: justify;\"><span style=\"color: #ffcc00;\"><strong>Estadio<\/strong><\/span>: \u201cA veces uno va a la obra y piensa: \u2018\u00a1Qu\u00e9 locura haberse metido en este tema!\u2019 Ahora por suerte est\u00e1 todo equilibrado. Hab\u00eda que creer en las cosas. Hubo un mont\u00f3n de gente que crey\u00f3 conmigo, primero en los papeles y despu\u00e9s comprando palcos y butacas. Hay que visualizar e imaginar las cosas. Se crey\u00f3 y es muy importante. Mentir\u00eda si dijera que no me siento muy pleno y feliz por esta gran quijotada que en este pa\u00eds s\u00f3lo Pe\u00f1arol es capaz de lograr\u201d.<\/p>\n<p style=\"text-align: justify;\"><span style=\"color: #ffcc00;\"><strong>Sebasti\u00e1n Sosa<\/strong><\/span>: \u201cMe encanta por lo que es y porque se form\u00f3 en el club, pero tambi\u00e9n debemos darle posibilidades a nuestros arqueros. Tenemos jugadores j\u00f3venes para cubrir ese puesto por muchos a\u00f1os\u201d.<\/p>\n","protected":false},"excerpt":{"rendered":"<p>El Presidente de Pe\u00f1arol, Juan Pedro Damiani, habl\u00f3 este jueves en Las Voces del F\u00fatbol (1410 AM) sobre el inter\u00e9s del Real Madrid por incorporar al juvenil Federico Valverde, gran promesa del semillero aurinegro. <\/p>\n","protected":false},"author":19,"featured_media":45827,"comment_status":"open","ping_status":"closed","sticky":false,"template":"","format":"standard","meta":{"footnotes":""},"categories":[30],"tags":[],"yoast_head":"<!-- This site is optimized with the Yoast SEO plugin v23.2 - https:\/\/yoast.com\/wordpress\/plugins\/seo\/ -->\n<title>Juan Pedro Damiani: &quot;Valverde es innegociable&quot; - Padre y Decano - El Sitio del Pueblo<\/title>\n<meta name=\"robots\" content=\"index, follow, max-snippet:-1, max-image-preview:large, max-video-preview:-1\" \/>\n<link rel=\"canonical\" href=\"https:\/\/www.padreydecano.com\/cms\/entrevistas\/juan-pedro-damiani-valverde-es-innegociable\/\" \/>\n<meta property=\"og:locale\" content=\"es_ES\" \/>\n<meta property=\"og:type\" content=\"article\" \/>\n<meta property=\"og:title\" content=\"Juan Pedro Damiani: &quot;Valverde es innegociable&quot; - Padre y Decano - El Sitio del Pueblo\" \/>\n<meta property=\"og:description\" content=\"El Presidente de Pe\u00f1arol, Juan Pedro Damiani, habl\u00f3 este jueves en Las Voces del F\u00fatbol (1410 AM) sobre el inter\u00e9s del Real Madrid por incorporar al juvenil Federico Valverde, gran promesa del semillero aurinegro.\" \/>\n<meta property=\"og:url\" content=\"https:\/\/www.padreydecano.com\/cms\/entrevistas\/juan-pedro-damiani-valverde-es-innegociable\/\" \/>\n<meta property=\"og:site_name\" content=\"Padre y Decano - El Sitio del Pueblo\" \/>\n<meta property=\"article:published_time\" content=\"2015-04-17T12:44:39+00:00\" \/>\n<meta property=\"article:modified_time\" content=\"2015-04-17T13:11:55+00:00\" \/>\n<meta property=\"og:image\" content=\"https:\/\/www.padreydecano.com\/cms\/wp-content\/uploads\/2014\/03\/DSCN3595-e1433517902906.jpg\" \/>\n\t<meta property=\"og:image:width\" content=\"600\" \/>\n\t<meta property=\"og:image:height\" content=\"400\" \/>\n\t<meta property=\"og:image:type\" content=\"image\/jpeg\" \/>\n<meta name=\"author\" content=\"fedeleg\" \/>\n<meta name=\"twitter:card\" content=\"summary_large_image\" \/>\n<meta name=\"twitter:label1\" content=\"Escrito por\" \/>\n\t<meta name=\"twitter:data1\" content=\"fedeleg\" \/>\n\t<meta name=\"twitter:label2\" content=\"Tiempo de lectura\" \/>\n\t<meta name=\"twitter:data2\" content=\"3 minutos\" \/>\n<script type=\"application\/ld+json\" class=\"yoast-schema-graph\">{\"@context\":\"https:\/\/schema.org\",\"@graph\":[{\"@type\":\"Article\",\"@id\":\"https:\/\/www.padreydecano.com\/cms\/entrevistas\/juan-pedro-damiani-valverde-es-innegociable\/#article\",\"isPartOf\":{\"@id\":\"https:\/\/www.padreydecano.com\/cms\/entrevistas\/juan-pedro-damiani-valverde-es-innegociable\/\"},\"author\":{\"name\":\"fedeleg\",\"@id\":\"https:\/\/www.padreydecano.com\/cms\/#\/schema\/person\/63dbcc4defe876f5163e2fcbc6cbabd2\"},\"headline\":\"Juan Pedro Damiani: \u00abValverde es innegociable\u00bb\",\"datePublished\":\"2015-04-17T12:44:39+00:00\",\"dateModified\":\"2015-04-17T13:11:55+00:00\",\"mainEntityOfPage\":{\"@id\":\"https:\/\/www.padreydecano.com\/cms\/entrevistas\/juan-pedro-damiani-valverde-es-innegociable\/\"},\"wordCount\":507,\"commentCount\":30,\"publisher\":{\"@id\":\"https:\/\/www.padreydecano.com\/cms\/#organization\"},\"image\":{\"@id\":\"https:\/\/www.padreydecano.com\/cms\/entrevistas\/juan-pedro-damiani-valverde-es-innegociable\/#primaryimage\"},\"thumbnailUrl\":\"https:\/\/www.padreydecano.com\/cms\/wp-content\/uploads\/2014\/03\/DSCN3595-e1433517902906.jpg\",\"articleSection\":[\"Entrevistas\"],\"inLanguage\":\"es\",\"potentialAction\":[{\"@type\":\"CommentAction\",\"name\":\"Comment\",\"target\":[\"https:\/\/www.padreydecano.com\/cms\/entrevistas\/juan-pedro-damiani-valverde-es-innegociable\/#respond\"]}]},{\"@type\":\"WebPage\",\"@id\":\"https:\/\/www.padreydecano.com\/cms\/entrevistas\/juan-pedro-damiani-valverde-es-innegociable\/\",\"url\":\"https:\/\/www.padreydecano.com\/cms\/entrevistas\/juan-pedro-damiani-valverde-es-innegociable\/\",\"name\":\"Juan Pedro Damiani: \\\"Valverde es innegociable\\\" - Padre y Decano - El Sitio del Pueblo\",\"isPartOf\":{\"@id\":\"https:\/\/www.padreydecano.com\/cms\/#website\"},\"primaryImageOfPage\":{\"@id\":\"https:\/\/www.padreydecano.com\/cms\/entrevistas\/juan-pedro-damiani-valverde-es-innegociable\/#primaryimage\"},\"image\":{\"@id\":\"https:\/\/www.padreydecano.com\/cms\/entrevistas\/juan-pedro-damiani-valverde-es-innegociable\/#primaryimage\"},\"thumbnailUrl\":\"https:\/\/www.padreydecano.com\/cms\/wp-content\/uploads\/2014\/03\/DSCN3595-e1433517902906.jpg\",\"datePublished\":\"2015-04-17T12:44:39+00:00\",\"dateModified\":\"2015-04-17T13:11:55+00:00\",\"breadcrumb\":{\"@id\":\"https:\/\/www.padreydecano.com\/cms\/entrevistas\/juan-pedro-damiani-valverde-es-innegociable\/#breadcrumb\"},\"inLanguage\":\"es\",\"potentialAction\":[{\"@type\":\"ReadAction\",\"target\":[\"https:\/\/www.padreydecano.com\/cms\/entrevistas\/juan-pedro-damiani-valverde-es-innegociable\/\"]}]},{\"@type\":\"ImageObject\",\"inLanguage\":\"es\",\"@id\":\"https:\/\/www.padreydecano.com\/cms\/entrevistas\/juan-pedro-damiani-valverde-es-innegociable\/#primaryimage\",\"url\":\"https:\/\/www.padreydecano.com\/cms\/wp-content\/uploads\/2014\/03\/DSCN3595-e1433517902906.jpg\",\"contentUrl\":\"https:\/\/www.padreydecano.com\/cms\/wp-content\/uploads\/2014\/03\/DSCN3595-e1433517902906.jpg\",\"width\":600,\"height\":400},{\"@type\":\"BreadcrumbList\",\"@id\":\"https:\/\/www.padreydecano.com\/cms\/entrevistas\/juan-pedro-damiani-valverde-es-innegociable\/#breadcrumb\",\"itemListElement\":[{\"@type\":\"ListItem\",\"position\":1,\"name\":\"Portada\",\"item\":\"https:\/\/www.padreydecano.com\/cms\/\"},{\"@type\":\"ListItem\",\"position\":2,\"name\":\"Juan Pedro Damiani: \u00abValverde es innegociable\u00bb\"}]},{\"@type\":\"WebSite\",\"@id\":\"https:\/\/www.padreydecano.com\/cms\/#website\",\"url\":\"https:\/\/www.padreydecano.com\/cms\/\",\"name\":\"Padre y Decano - El Sitio del Pueblo\",\"description\":\"Club Atl\u00e9tico Pe\u00f1arol\",\"publisher\":{\"@id\":\"https:\/\/www.padreydecano.com\/cms\/#organization\"},\"potentialAction\":[{\"@type\":\"SearchAction\",\"target\":{\"@type\":\"EntryPoint\",\"urlTemplate\":\"https:\/\/www.padreydecano.com\/cms\/?s={search_term_string}\"},\"query-input\":\"required name=search_term_string\"}],\"inLanguage\":\"es\"},{\"@type\":\"Organization\",\"@id\":\"https:\/\/www.padreydecano.com\/cms\/#organization\",\"name\":\"Padre y Decano\",\"url\":\"https:\/\/www.padreydecano.com\/cms\/\",\"logo\":{\"@type\":\"ImageObject\",\"inLanguage\":\"es\",\"@id\":\"https:\/\/www.padreydecano.com\/cms\/#\/schema\/logo\/image\/\",\"url\":\"https:\/\/www.padreydecano.com\/cms\/wp-content\/uploads\/2022\/01\/avatar-square.png\",\"contentUrl\":\"https:\/\/www.padreydecano.com\/cms\/wp-content\/uploads\/2022\/01\/avatar-square.png\",\"width\":1500,\"height\":1500,\"caption\":\"Padre y Decano\"},\"image\":{\"@id\":\"https:\/\/www.padreydecano.com\/cms\/#\/schema\/logo\/image\/\"}},{\"@type\":\"Person\",\"@id\":\"https:\/\/www.padreydecano.com\/cms\/#\/schema\/person\/63dbcc4defe876f5163e2fcbc6cbabd2\",\"name\":\"fedeleg\",\"image\":{\"@type\":\"ImageObject\",\"inLanguage\":\"es\",\"@id\":\"https:\/\/www.padreydecano.com\/cms\/#\/schema\/person\/image\/\",\"url\":\"https:\/\/secure.gravatar.com\/avatar\/46b93e5ff163e0adc4585a3d8a2166f0?s=96&d=https%3A%2F%2Fpadreydecano.com%2Fcms%2Fwp-content%2Fthemes%2Fpyd-theme%2Fimg%2Fdefault-avatar.png&r=g\",\"contentUrl\":\"https:\/\/secure.gravatar.com\/avatar\/46b93e5ff163e0adc4585a3d8a2166f0?s=96&d=https%3A%2F%2Fpadreydecano.com%2Fcms%2Fwp-content%2Fthemes%2Fpyd-theme%2Fimg%2Fdefault-avatar.png&r=g\",\"caption\":\"fedeleg\"}}]}<\/script>\n<!-- \/ Yoast SEO plugin. -->","yoast_head_json":{"title":"Juan Pedro Damiani: \"Valverde es innegociable\" - Padre y Decano - El Sitio del Pueblo","robots":{"index":"index","follow":"follow","max-snippet":"max-snippet:-1","max-image-preview":"max-image-preview:large","max-video-preview":"max-video-preview:-1"},"canonical":"https:\/\/www.padreydecano.com\/cms\/entrevistas\/juan-pedro-damiani-valverde-es-innegociable\/","og_locale":"es_ES","og_type":"article","og_title":"Juan Pedro Damiani: \"Valverde es innegociable\" - Padre y Decano - El Sitio del Pueblo","og_description":"El Presidente de Pe\u00f1arol, Juan Pedro Damiani, habl\u00f3 este jueves en Las Voces del F\u00fatbol (1410 AM) sobre el inter\u00e9s del Real Madrid por incorporar al juvenil Federico Valverde, gran promesa del semillero aurinegro.","og_url":"https:\/\/www.padreydecano.com\/cms\/entrevistas\/juan-pedro-damiani-valverde-es-innegociable\/","og_site_name":"Padre y Decano - El Sitio del Pueblo","article_published_time":"2015-04-17T12:44:39+00:00","article_modified_time":"2015-04-17T13:11:55+00:00","og_image":[{"width":600,"height":400,"url":"https:\/\/www.padreydecano.com\/cms\/wp-content\/uploads\/2014\/03\/DSCN3595-e1433517902906.jpg","type":"image\/jpeg"}],"author":"fedeleg","twitter_card":"summary_large_image","twitter_misc":{"Escrito por":"fedeleg","Tiempo de lectura":"3 minutos"},"schema":{"@context":"https:\/\/schema.org","@graph":[{"@type":"Article","@id":"https:\/\/www.padreydecano.com\/cms\/entrevistas\/juan-pedro-damiani-valverde-es-innegociable\/#article","isPartOf":{"@id":"https:\/\/www.padreydecano.com\/cms\/entrevistas\/juan-pedro-damiani-valverde-es-innegociable\/"},"author":{"name":"fedeleg","@id":"https:\/\/www.padreydecano.com\/cms\/#\/schema\/person\/63dbcc4defe876f5163e2fcbc6cbabd2"},"headline":"Juan Pedro Damiani: \u00abValverde es innegociable\u00bb","datePublished":"2015-04-17T12:44:39+00:00","dateModified":"2015-04-17T13:11:55+00:00","mainEntityOfPage":{"@id":"https:\/\/www.padreydecano.com\/cms\/entrevistas\/juan-pedro-damiani-valverde-es-innegociable\/"},"wordCount":507,"commentCount":30,"publisher":{"@id":"https:\/\/www.padreydecano.com\/cms\/#organization"},"image":{"@id":"https:\/\/www.padreydecano.com\/cms\/entrevistas\/juan-pedro-damiani-valverde-es-innegociable\/#primaryimage"},"thumbnailUrl":"https:\/\/www.padreydecano.com\/cms\/wp-content\/uploads\/2014\/03\/DSCN3595-e1433517902906.jpg","articleSection":["Entrevistas"],"inLanguage":"es","potentialAction":[{"@type":"CommentAction","name":"Comment","target":["https:\/\/www.padreydecano.com\/cms\/entrevistas\/juan-pedro-damiani-valverde-es-innegociable\/#respond"]}]},{"@type":"WebPage","@id":"https:\/\/www.padreydecano.com\/cms\/entrevistas\/juan-pedro-damiani-valverde-es-innegociable\/","url":"https:\/\/www.padreydecano.com\/cms\/entrevistas\/juan-pedro-damiani-valverde-es-innegociable\/","name":"Juan Pedro Damiani: \"Valverde es innegociable\" - Padre y Decano - El Sitio del Pueblo","isPartOf":{"@id":"https:\/\/www.padreydecano.com\/cms\/#website"},"primaryImageOfPage":{"@id":"https:\/\/www.padreydecano.com\/cms\/entrevistas\/juan-pedro-damiani-valverde-es-innegociable\/#primaryimage"},"image":{"@id":"https:\/\/www.padreydecano.com\/cms\/entrevistas\/juan-pedro-damiani-valverde-es-innegociable\/#primaryimage"},"thumbnailUrl":"https:\/\/www.padreydecano.com\/cms\/wp-content\/uploads\/2014\/03\/DSCN3595-e1433517902906.jpg","datePublished":"2015-04-17T12:44:39+00:00","dateModified":"2015-04-17T13:11:55+00:00","breadcrumb":{"@id":"https:\/\/www.padreydecano.com\/cms\/entrevistas\/juan-pedro-damiani-valverde-es-innegociable\/#breadcrumb"},"inLanguage":"es","potentialAction":[{"@type":"ReadAction","target":["https:\/\/www.padreydecano.com\/cms\/entrevistas\/juan-pedro-damiani-valverde-es-innegociable\/"]}]},{"@type":"ImageObject","inLanguage":"es","@id":"https:\/\/www.padreydecano.com\/cms\/entrevistas\/juan-pedro-damiani-valverde-es-innegociable\/#primaryimage","url":"https:\/\/www.padreydecano.com\/cms\/wp-content\/uploads\/2014\/03\/DSCN3595-e1433517902906.jpg","contentUrl":"https:\/\/www.padreydecano.com\/cms\/wp-content\/uploads\/2014\/03\/DSCN3595-e1433517902906.jpg","width":600,"height":400},{"@type":"BreadcrumbList","@id":"https:\/\/www.padreydecano.com\/cms\/entrevistas\/juan-pedro-damiani-valverde-es-innegociable\/#breadcrumb","itemListElement":[{"@type":"ListItem","position":1,"name":"Portada","item":"https:\/\/www.padreydecano.com\/cms\/"},{"@type":"ListItem","position":2,"name":"Juan Pedro Damiani: \u00abValverde es innegociable\u00bb"}]},{"@type":"WebSite","@id":"https:\/\/www.padreydecano.com\/cms\/#website","url":"https:\/\/www.padreydecano.com\/cms\/","name":"Padre y Decano - El Sitio del Pueblo","description":"Club Atl\u00e9tico Pe\u00f1arol","publisher":{"@id":"https:\/\/www.padreydecano.com\/cms\/#organization"},"potentialAction":[{"@type":"SearchAction","target":{"@type":"EntryPoint","urlTemplate":"https:\/\/www.padreydecano.com\/cms\/?s={search_term_string}"},"query-input":"required name=search_term_string"}],"inLanguage":"es"},{"@type":"Organization","@id":"https:\/\/www.padreydecano.com\/cms\/#organization","name":"Padre y Decano","url":"https:\/\/www.padreydecano.com\/cms\/","logo":{"@type":"ImageObject","inLanguage":"es","@id":"https:\/\/www.padreydecano.com\/cms\/#\/schema\/logo\/image\/","url":"https:\/\/www.padreydecano.com\/cms\/wp-content\/uploads\/2022\/01\/avatar-square.png","contentUrl":"https:\/\/www.padreydecano.com\/cms\/wp-content\/uploads\/2022\/01\/avatar-square.png","width":1500,"height":1500,"caption":"Padre y Decano"},"image":{"@id":"https:\/\/www.padreydecano.com\/cms\/#\/schema\/logo\/image\/"}},{"@type":"Person","@id":"https:\/\/www.padreydecano.com\/cms\/#\/schema\/person\/63dbcc4defe876f5163e2fcbc6cbabd2","name":"fedeleg","image":{"@type":"ImageObject","inLanguage":"es","@id":"https:\/\/www.padreydecano.com\/cms\/#\/schema\/person\/image\/","url":"https:\/\/secure.gravatar.com\/avatar\/46b93e5ff163e0adc4585a3d8a2166f0?s=96&d=https%3A%2F%2Fpadreydecano.com%2Fcms%2Fwp-content%2Fthemes%2Fpyd-theme%2Fimg%2Fdefault-avatar.png&r=g","contentUrl":"https:\/\/secure.gravatar.com\/avatar\/46b93e5ff163e0adc4585a3d8a2166f0?s=96&d=https%3A%2F%2Fpadreydecano.com%2Fcms%2Fwp-content%2Fthemes%2Fpyd-theme%2Fimg%2Fdefault-avatar.png&r=g","caption":"fedeleg"}}]}},"_links":{"self":[{"href":"https:\/\/www.padreydecano.com\/cms\/wp-json\/wp\/v2\/posts\/52253"}],"collection":[{"href":"https:\/\/www.padreydecano.com\/cms\/wp-json\/wp\/v2\/posts"}],"about":[{"href":"https:\/\/www.padreydecano.com\/cms\/wp-json\/wp\/v2\/types\/post"}],"author":[{"embeddable":true,"href":"https:\/\/www.padreydecano.com\/cms\/wp-json\/wp\/v2\/users\/19"}],"replies":[{"embeddable":true,"href":"https:\/\/www.padreydecano.com\/cms\/wp-json\/wp\/v2\/comments?post=52253"}],"version-history":[{"count":0,"href":"https:\/\/www.padreydecano.com\/cms\/wp-json\/wp\/v2\/posts\/52253\/revisions"}],"wp:featuredmedia":[{"embeddable":true,"href":"https:\/\/www.padreydecano.com\/cms\/wp-json\/wp\/v2\/media\/45827"}],"wp:attachment":[{"href":"https:\/\/www.padreydecano.com\/cms\/wp-json\/wp\/v2\/media?parent=52253"}],"wp:term":[{"taxonomy":"category","embeddable":true,"href":"https:\/\/www.padreydecano.com\/cms\/wp-json\/wp\/v2\/categories?post=52253"},{"taxonomy":"post_tag","embeddable":true,"href":"https:\/\/www.padreydecano.com\/cms\/wp-json\/wp\/v2\/tags?post=52253"}],"curies":[{"name":"wp","href":"https:\/\/api.w.org\/{rel}","templated":true}]}}