{"id":52225,"date":"2015-04-14T10:26:50","date_gmt":"2015-04-14T13:26:50","guid":{"rendered":"http:\/\/www.padreydecano.com\/cms\/?p=52225"},"modified":"2015-04-14T10:26:50","modified_gmt":"2015-04-14T13:26:50","slug":"migliore-soy-de-decir-las-cosas-de-frente","status":"publish","type":"post","link":"https:\/\/www.padreydecano.com\/cms\/entrevistas\/migliore-soy-de-decir-las-cosas-de-frente\/","title":{"rendered":"Migliore: \u00abSoy de decir las cosas de frente\u00bb"},"content":{"rendered":"<p style=\"text-align: justify;\"><a href=\"https:\/\/www.padreydecano.com\/cms\/wp-content\/uploads\/2015\/04\/penarol-danubio-clausura-2015-mariano-alvez-31.jpg\" rel=\"shadowbox[sbpost-52225];player=img;\"><img loading=\"lazy\" decoding=\"async\" class=\"aligncenter  wp-image-52196\" src=\"https:\/\/www.padreydecano.com\/cms\/wp-content\/uploads\/2015\/04\/penarol-danubio-clausura-2015-mariano-alvez-31.jpg\" alt=\"\" width=\"612\" height=\"405\" srcset=\"https:\/\/www.padreydecano.com\/cms\/wp-content\/uploads\/2015\/04\/penarol-danubio-clausura-2015-mariano-alvez-31.jpg 900w, https:\/\/www.padreydecano.com\/cms\/wp-content\/uploads\/2015\/04\/penarol-danubio-clausura-2015-mariano-alvez-31-300x199.jpg 300w\" sizes=\"(max-width: 612px) 100vw, 612px\" \/><\/a>Pablo Migliore dio una conferencia de prensa en Los Aromos donde dej\u00f3 frases bastante interesantes. El disparador fue un tweet que el futbolista public\u00f3 antes del entrenamiento: <strong>\u201cMa\u00f1ana es a puertas abiertas en los Aromos invito a hablar a la persona q sea para darle una nota as\u00ed empiezan hablar bien de mi ta?\u201d.<\/strong><\/p>\n<p style=\"text-align: justify;\"><span style=\"color: #ffcc02;\"><strong>Relaci\u00f3n con la prensa:<\/strong><\/span> \u201cNo estoy molesto. A muchos no les hablo y piensan que tengo algo personal con ellos. Yo no tengo nada personal con nadie. En varios casos me entero que hablan de millones de cosas y errores. Yo los acepto, bienvenido sea, pero cada cosa como tiene que ser. Yo no ando dando notas para que hablen bien de m\u00ed o yendo a programas para que me tiren flores. Yo soy como soy (\u2026) No me gusta cuando te llevan a un lugar en una nota y te hacen recordar lo malo. He visto programas, te llevan, te acarician un poquito y antes de ir al corte te preguntan por aquella vez que ca\u00edste en cana, chocaste, o te pusiste en pedo. Yo soy de decir las cosas de frente. Al que le gusta bien, y al que no\u2026yo no obligo a nadie a hablar conmigo y tampoco soy de ir insistiendo (\u2026) yo no voy a hablar de fulano, sultano o mengano. Cada uno se hace cargo de lo que yo le digo (\u2026) me gusta estar quieto, tranquilo. No rompo los huevos, no los jodo. Si hago las cosas bien o si hago las cosas mal yo tambi\u00e9n lo s\u00e9. No necesito que me dediquen cosas en un programa o que me tengan alquilado en dos o tres canales para que despu\u00e9s venga y d\u00e9 una nota o me manden un mensaje y me pregunten por qu\u00e9 no habl\u00e1s as\u00ed bajamos la pelota\u201d.<\/p>\n<p style=\"text-align: justify;\"><span style=\"color: #ffcc02;\"><strong>Respaldo de la hinchada:<\/strong><\/span> \u201cA mi me contratan para venir y hacer las cosas de la mejor manera y dedicarme a esto. Desde que llegue a ac\u00e1 nadie puede decirme que me vio en un boliche o de noche o que anduve en pedo. Que puedo jugar bien o mal, est\u00e1 perfecto, y es por lo que a m\u00ed me traen. Yo con todos los hinchas que me cruzo estoy bien\u201d.<\/p>\n<p style=\"text-align: justify;\"><span style=\"color: #ffcc02;\"><strong>Rendimiento:<\/strong> <\/span>\u201cTengo la valla menos vencida. Estoy conforme. Es lo que tengo en la cabeza\u201d.<\/p>\n<p style=\"text-align: justify;\"><span style=\"color: #ffcc02;\"><strong>Goles:<\/strong><\/span> \u201cLa responsabilidad es de los 11 que entramos en la cancha siempre. Ni m\u00eda ni del otro ni de aquel. Yo no soy as\u00ed\u201d.<\/p>\n<p style=\"text-align: justify;\"><span style=\"color: #ffcc02;\"><strong>Salta la cadena en los partidos:<\/strong><\/span> \u201cYo no s\u00e9 si es la repercusi\u00f3n que tiene que yo haga las cosas\u2026el otro d\u00eda me com\u00ed una trompada en un corner y yo no vi todo este quilombo, de ir a preguntarle a un pibe de 18 a\u00f1os si se le salta la cadena. Es porque yo soy el loco Migliore\u201d.<\/p>\n<p style=\"text-align: justify;\"><span style=\"color: #ffcc02;\"><strong>Rendimiento del equipo:<\/strong><\/span> \u201cEs un campeonato que se puso interesante. Danubio, sin desmerecerlo, creo que se encontr\u00f3 con un resultado. Ni ellos se esperaban ir ganando 2 a 0 de arranque. A nosotros nos cost\u00f3 much\u00edsimo emparejar el resultado. Cuando nos encontramos con el 2-3, no es que se nos hizo imposible pero s\u00ed muy complicado entrarles, ellos estaban muy bien parados atr\u00e1s. Ahora empez\u00f3 otro campeonato m\u00e1s. Ellos saben que tenemos partidos dif\u00edciles y ellos tambi\u00e9n tienen que mantener un estilo de juego. Es dif\u00edcil llegar pero m\u00e1s dif\u00edcil es mantenerse\u201d.<\/p>\n<p style=\"text-align: justify;\"><span style=\"color: #ffcc02;\"><strong>Arbitrajes:<\/strong><\/span> \u201cEn el penal que nos cobran yo veo a Gonzalo de atr\u00e1s y en ning\u00fan momento tiene intenci\u00f3n, para m\u00ed. Lo puede interpretar el \u00e1rbitro, se puede equivocar\u201d.<\/p>\n<p style=\"text-align: justify;\"><span style=\"color: #ffcc02;\"><strong>Cl\u00e1sico:<\/strong> <\/span>\u201cEs lo m\u00e1s lindo para el hincha de Pe\u00f1arol. Me encantar\u00eda poder estar en el cl\u00e1sico y ganarlo. No lo tomo como una cuenta personal porque yo no tengo nada contra nadie. Me gustar\u00eda ganarlo porque me siento identificado con Pe\u00f1arol\u201d.<\/p>\n<p style=\"text-align: justify;\"><span style=\"color: #ffcc02;\"><strong>Choque de Ori\u00f3n y Carlos Bueno:<\/strong> <\/span>\u201cJugada desafortunada totalmente. La han analizado mil por mil y no hay mala intenci\u00f3n. Yo creo que hubiese salido peor. He salido en algunas jugadas y yo he terminado lesionado afuera de la cancha\u201d.<\/p>\n<p style=\"text-align: justify;\"><span style=\"color: #ffcc02;\"><strong>Declaraciones de Sebasti\u00e1n Sosa:<\/strong><\/span> \u201cYo s\u00e9 lo que es \u00e9l para Pe\u00f1arol. Se siente identificado con el club. Bienvenido sea. En ese sentido lo apoyo a \u00e9l y ojal\u00e1 se cumpla todo lo que \u00e9l desea\u201d.<\/p>\n","protected":false},"excerpt":{"rendered":"<p>Pablo Migliore dio una conferencia de prensa en Los Aromos donde dej\u00f3 frases bastante interesantes. El disparador fue un tweet que el futbolista public\u00f3 antes del entrenamiento:<\/p>\n","protected":false},"author":13,"featured_media":52226,"comment_status":"open","ping_status":"closed","sticky":false,"template":"","format":"standard","meta":{"footnotes":""},"categories":[30],"tags":[],"yoast_head":"<!-- This site is optimized with the Yoast SEO plugin v23.2 - https:\/\/yoast.com\/wordpress\/plugins\/seo\/ -->\n<title>Migliore: &quot;Soy de decir las cosas de frente&quot; - Padre y Decano - El Sitio del Pueblo<\/title>\n<meta name=\"robots\" content=\"index, follow, max-snippet:-1, max-image-preview:large, max-video-preview:-1\" \/>\n<link rel=\"canonical\" href=\"https:\/\/www.padreydecano.com\/cms\/entrevistas\/migliore-soy-de-decir-las-cosas-de-frente\/\" \/>\n<meta property=\"og:locale\" content=\"es_ES\" \/>\n<meta property=\"og:type\" content=\"article\" \/>\n<meta property=\"og:title\" content=\"Migliore: &quot;Soy de decir las cosas de frente&quot; - Padre y Decano - El Sitio del Pueblo\" \/>\n<meta property=\"og:description\" content=\"Pablo Migliore dio una conferencia de prensa en Los Aromos donde dej\u00f3 frases bastante interesantes. El disparador fue un tweet que el futbolista public\u00f3 antes del entrenamiento:\" \/>\n<meta property=\"og:url\" content=\"https:\/\/www.padreydecano.com\/cms\/entrevistas\/migliore-soy-de-decir-las-cosas-de-frente\/\" \/>\n<meta property=\"og:site_name\" content=\"Padre y Decano - El Sitio del Pueblo\" \/>\n<meta property=\"article:published_time\" content=\"2015-04-14T13:26:50+00:00\" \/>\n<meta property=\"og:image\" content=\"https:\/\/www.padreydecano.com\/cms\/wp-content\/uploads\/2015\/04\/pablo-migliore-chica.jpg\" \/>\n\t<meta property=\"og:image:width\" content=\"251\" \/>\n\t<meta property=\"og:image:height\" content=\"176\" \/>\n\t<meta property=\"og:image:type\" content=\"image\/jpeg\" \/>\n<meta name=\"author\" content=\"Moderador\" \/>\n<meta name=\"twitter:card\" content=\"summary_large_image\" \/>\n<meta name=\"twitter:label1\" content=\"Escrito por\" \/>\n\t<meta name=\"twitter:data1\" content=\"Moderador\" \/>\n\t<meta name=\"twitter:label2\" content=\"Tiempo de lectura\" \/>\n\t<meta name=\"twitter:data2\" content=\"4 minutos\" \/>\n<script type=\"application\/ld+json\" class=\"yoast-schema-graph\">{\"@context\":\"https:\/\/schema.org\",\"@graph\":[{\"@type\":\"Article\",\"@id\":\"https:\/\/www.padreydecano.com\/cms\/entrevistas\/migliore-soy-de-decir-las-cosas-de-frente\/#article\",\"isPartOf\":{\"@id\":\"https:\/\/www.padreydecano.com\/cms\/entrevistas\/migliore-soy-de-decir-las-cosas-de-frente\/\"},\"author\":{\"name\":\"Moderador\",\"@id\":\"https:\/\/www.padreydecano.com\/cms\/#\/schema\/person\/d93e9e537230ae052c194251d9a1def2\"},\"headline\":\"Migliore: \u00abSoy de decir las cosas de frente\u00bb\",\"datePublished\":\"2015-04-14T13:26:50+00:00\",\"dateModified\":\"2015-04-14T13:26:50+00:00\",\"mainEntityOfPage\":{\"@id\":\"https:\/\/www.padreydecano.com\/cms\/entrevistas\/migliore-soy-de-decir-las-cosas-de-frente\/\"},\"wordCount\":746,\"commentCount\":43,\"publisher\":{\"@id\":\"https:\/\/www.padreydecano.com\/cms\/#organization\"},\"image\":{\"@id\":\"https:\/\/www.padreydecano.com\/cms\/entrevistas\/migliore-soy-de-decir-las-cosas-de-frente\/#primaryimage\"},\"thumbnailUrl\":\"https:\/\/www.padreydecano.com\/cms\/wp-content\/uploads\/2015\/04\/pablo-migliore-chica.jpg\",\"articleSection\":[\"Entrevistas\"],\"inLanguage\":\"es\",\"potentialAction\":[{\"@type\":\"CommentAction\",\"name\":\"Comment\",\"target\":[\"https:\/\/www.padreydecano.com\/cms\/entrevistas\/migliore-soy-de-decir-las-cosas-de-frente\/#respond\"]}]},{\"@type\":\"WebPage\",\"@id\":\"https:\/\/www.padreydecano.com\/cms\/entrevistas\/migliore-soy-de-decir-las-cosas-de-frente\/\",\"url\":\"https:\/\/www.padreydecano.com\/cms\/entrevistas\/migliore-soy-de-decir-las-cosas-de-frente\/\",\"name\":\"Migliore: \\\"Soy de decir las cosas de frente\\\" - Padre y Decano - El Sitio del Pueblo\",\"isPartOf\":{\"@id\":\"https:\/\/www.padreydecano.com\/cms\/#website\"},\"primaryImageOfPage\":{\"@id\":\"https:\/\/www.padreydecano.com\/cms\/entrevistas\/migliore-soy-de-decir-las-cosas-de-frente\/#primaryimage\"},\"image\":{\"@id\":\"https:\/\/www.padreydecano.com\/cms\/entrevistas\/migliore-soy-de-decir-las-cosas-de-frente\/#primaryimage\"},\"thumbnailUrl\":\"https:\/\/www.padreydecano.com\/cms\/wp-content\/uploads\/2015\/04\/pablo-migliore-chica.jpg\",\"datePublished\":\"2015-04-14T13:26:50+00:00\",\"dateModified\":\"2015-04-14T13:26:50+00:00\",\"breadcrumb\":{\"@id\":\"https:\/\/www.padreydecano.com\/cms\/entrevistas\/migliore-soy-de-decir-las-cosas-de-frente\/#breadcrumb\"},\"inLanguage\":\"es\",\"potentialAction\":[{\"@type\":\"ReadAction\",\"target\":[\"https:\/\/www.padreydecano.com\/cms\/entrevistas\/migliore-soy-de-decir-las-cosas-de-frente\/\"]}]},{\"@type\":\"ImageObject\",\"inLanguage\":\"es\",\"@id\":\"https:\/\/www.padreydecano.com\/cms\/entrevistas\/migliore-soy-de-decir-las-cosas-de-frente\/#primaryimage\",\"url\":\"https:\/\/www.padreydecano.com\/cms\/wp-content\/uploads\/2015\/04\/pablo-migliore-chica.jpg\",\"contentUrl\":\"https:\/\/www.padreydecano.com\/cms\/wp-content\/uploads\/2015\/04\/pablo-migliore-chica.jpg\",\"width\":251,\"height\":176},{\"@type\":\"BreadcrumbList\",\"@id\":\"https:\/\/www.padreydecano.com\/cms\/entrevistas\/migliore-soy-de-decir-las-cosas-de-frente\/#breadcrumb\",\"itemListElement\":[{\"@type\":\"ListItem\",\"position\":1,\"name\":\"Portada\",\"item\":\"https:\/\/www.padreydecano.com\/cms\/\"},{\"@type\":\"ListItem\",\"position\":2,\"name\":\"Migliore: \u00abSoy de decir las cosas de frente\u00bb\"}]},{\"@type\":\"WebSite\",\"@id\":\"https:\/\/www.padreydecano.com\/cms\/#website\",\"url\":\"https:\/\/www.padreydecano.com\/cms\/\",\"name\":\"Padre y Decano - El Sitio del Pueblo\",\"description\":\"Club Atl\u00e9tico Pe\u00f1arol\",\"publisher\":{\"@id\":\"https:\/\/www.padreydecano.com\/cms\/#organization\"},\"potentialAction\":[{\"@type\":\"SearchAction\",\"target\":{\"@type\":\"EntryPoint\",\"urlTemplate\":\"https:\/\/www.padreydecano.com\/cms\/?s={search_term_string}\"},\"query-input\":\"required name=search_term_string\"}],\"inLanguage\":\"es\"},{\"@type\":\"Organization\",\"@id\":\"https:\/\/www.padreydecano.com\/cms\/#organization\",\"name\":\"Padre y Decano\",\"url\":\"https:\/\/www.padreydecano.com\/cms\/\",\"logo\":{\"@type\":\"ImageObject\",\"inLanguage\":\"es\",\"@id\":\"https:\/\/www.padreydecano.com\/cms\/#\/schema\/logo\/image\/\",\"url\":\"https:\/\/www.padreydecano.com\/cms\/wp-content\/uploads\/2022\/01\/avatar-square.png\",\"contentUrl\":\"https:\/\/www.padreydecano.com\/cms\/wp-content\/uploads\/2022\/01\/avatar-square.png\",\"width\":1500,\"height\":1500,\"caption\":\"Padre y Decano\"},\"image\":{\"@id\":\"https:\/\/www.padreydecano.com\/cms\/#\/schema\/logo\/image\/\"}},{\"@type\":\"Person\",\"@id\":\"https:\/\/www.padreydecano.com\/cms\/#\/schema\/person\/d93e9e537230ae052c194251d9a1def2\",\"name\":\"Moderador\",\"image\":{\"@type\":\"ImageObject\",\"inLanguage\":\"es\",\"@id\":\"https:\/\/www.padreydecano.com\/cms\/#\/schema\/person\/image\/\",\"url\":\"https:\/\/secure.gravatar.com\/avatar\/2587727bf8a53bd3da4ec49f01bea66e?s=96&d=https%3A%2F%2Fpadreydecano.com%2Fcms%2Fwp-content%2Fthemes%2Fpyd-theme%2Fimg%2Fdefault-avatar.png&r=g\",\"contentUrl\":\"https:\/\/secure.gravatar.com\/avatar\/2587727bf8a53bd3da4ec49f01bea66e?s=96&d=https%3A%2F%2Fpadreydecano.com%2Fcms%2Fwp-content%2Fthemes%2Fpyd-theme%2Fimg%2Fdefault-avatar.png&r=g\",\"caption\":\"Moderador\"}}]}<\/script>\n<!-- \/ Yoast SEO plugin. -->","yoast_head_json":{"title":"Migliore: \"Soy de decir las cosas de frente\" - Padre y Decano - El Sitio del Pueblo","robots":{"index":"index","follow":"follow","max-snippet":"max-snippet:-1","max-image-preview":"max-image-preview:large","max-video-preview":"max-video-preview:-1"},"canonical":"https:\/\/www.padreydecano.com\/cms\/entrevistas\/migliore-soy-de-decir-las-cosas-de-frente\/","og_locale":"es_ES","og_type":"article","og_title":"Migliore: \"Soy de decir las cosas de frente\" - Padre y Decano - El Sitio del Pueblo","og_description":"Pablo Migliore dio una conferencia de prensa en Los Aromos donde dej\u00f3 frases bastante interesantes. El disparador fue un tweet que el futbolista public\u00f3 antes del entrenamiento:","og_url":"https:\/\/www.padreydecano.com\/cms\/entrevistas\/migliore-soy-de-decir-las-cosas-de-frente\/","og_site_name":"Padre y Decano - El Sitio del Pueblo","article_published_time":"2015-04-14T13:26:50+00:00","og_image":[{"width":251,"height":176,"url":"https:\/\/www.padreydecano.com\/cms\/wp-content\/uploads\/2015\/04\/pablo-migliore-chica.jpg","type":"image\/jpeg"}],"author":"Moderador","twitter_card":"summary_large_image","twitter_misc":{"Escrito por":"Moderador","Tiempo de lectura":"4 minutos"},"schema":{"@context":"https:\/\/schema.org","@graph":[{"@type":"Article","@id":"https:\/\/www.padreydecano.com\/cms\/entrevistas\/migliore-soy-de-decir-las-cosas-de-frente\/#article","isPartOf":{"@id":"https:\/\/www.padreydecano.com\/cms\/entrevistas\/migliore-soy-de-decir-las-cosas-de-frente\/"},"author":{"name":"Moderador","@id":"https:\/\/www.padreydecano.com\/cms\/#\/schema\/person\/d93e9e537230ae052c194251d9a1def2"},"headline":"Migliore: \u00abSoy de decir las cosas de frente\u00bb","datePublished":"2015-04-14T13:26:50+00:00","dateModified":"2015-04-14T13:26:50+00:00","mainEntityOfPage":{"@id":"https:\/\/www.padreydecano.com\/cms\/entrevistas\/migliore-soy-de-decir-las-cosas-de-frente\/"},"wordCount":746,"commentCount":43,"publisher":{"@id":"https:\/\/www.padreydecano.com\/cms\/#organization"},"image":{"@id":"https:\/\/www.padreydecano.com\/cms\/entrevistas\/migliore-soy-de-decir-las-cosas-de-frente\/#primaryimage"},"thumbnailUrl":"https:\/\/www.padreydecano.com\/cms\/wp-content\/uploads\/2015\/04\/pablo-migliore-chica.jpg","articleSection":["Entrevistas"],"inLanguage":"es","potentialAction":[{"@type":"CommentAction","name":"Comment","target":["https:\/\/www.padreydecano.com\/cms\/entrevistas\/migliore-soy-de-decir-las-cosas-de-frente\/#respond"]}]},{"@type":"WebPage","@id":"https:\/\/www.padreydecano.com\/cms\/entrevistas\/migliore-soy-de-decir-las-cosas-de-frente\/","url":"https:\/\/www.padreydecano.com\/cms\/entrevistas\/migliore-soy-de-decir-las-cosas-de-frente\/","name":"Migliore: \"Soy de decir las cosas de frente\" - Padre y Decano - El Sitio del Pueblo","isPartOf":{"@id":"https:\/\/www.padreydecano.com\/cms\/#website"},"primaryImageOfPage":{"@id":"https:\/\/www.padreydecano.com\/cms\/entrevistas\/migliore-soy-de-decir-las-cosas-de-frente\/#primaryimage"},"image":{"@id":"https:\/\/www.padreydecano.com\/cms\/entrevistas\/migliore-soy-de-decir-las-cosas-de-frente\/#primaryimage"},"thumbnailUrl":"https:\/\/www.padreydecano.com\/cms\/wp-content\/uploads\/2015\/04\/pablo-migliore-chica.jpg","datePublished":"2015-04-14T13:26:50+00:00","dateModified":"2015-04-14T13:26:50+00:00","breadcrumb":{"@id":"https:\/\/www.padreydecano.com\/cms\/entrevistas\/migliore-soy-de-decir-las-cosas-de-frente\/#breadcrumb"},"inLanguage":"es","potentialAction":[{"@type":"ReadAction","target":["https:\/\/www.padreydecano.com\/cms\/entrevistas\/migliore-soy-de-decir-las-cosas-de-frente\/"]}]},{"@type":"ImageObject","inLanguage":"es","@id":"https:\/\/www.padreydecano.com\/cms\/entrevistas\/migliore-soy-de-decir-las-cosas-de-frente\/#primaryimage","url":"https:\/\/www.padreydecano.com\/cms\/wp-content\/uploads\/2015\/04\/pablo-migliore-chica.jpg","contentUrl":"https:\/\/www.padreydecano.com\/cms\/wp-content\/uploads\/2015\/04\/pablo-migliore-chica.jpg","width":251,"height":176},{"@type":"BreadcrumbList","@id":"https:\/\/www.padreydecano.com\/cms\/entrevistas\/migliore-soy-de-decir-las-cosas-de-frente\/#breadcrumb","itemListElement":[{"@type":"ListItem","position":1,"name":"Portada","item":"https:\/\/www.padreydecano.com\/cms\/"},{"@type":"ListItem","position":2,"name":"Migliore: \u00abSoy de decir las cosas de frente\u00bb"}]},{"@type":"WebSite","@id":"https:\/\/www.padreydecano.com\/cms\/#website","url":"https:\/\/www.padreydecano.com\/cms\/","name":"Padre y Decano - El Sitio del Pueblo","description":"Club Atl\u00e9tico Pe\u00f1arol","publisher":{"@id":"https:\/\/www.padreydecano.com\/cms\/#organization"},"potentialAction":[{"@type":"SearchAction","target":{"@type":"EntryPoint","urlTemplate":"https:\/\/www.padreydecano.com\/cms\/?s={search_term_string}"},"query-input":"required name=search_term_string"}],"inLanguage":"es"},{"@type":"Organization","@id":"https:\/\/www.padreydecano.com\/cms\/#organization","name":"Padre y Decano","url":"https:\/\/www.padreydecano.com\/cms\/","logo":{"@type":"ImageObject","inLanguage":"es","@id":"https:\/\/www.padreydecano.com\/cms\/#\/schema\/logo\/image\/","url":"https:\/\/www.padreydecano.com\/cms\/wp-content\/uploads\/2022\/01\/avatar-square.png","contentUrl":"https:\/\/www.padreydecano.com\/cms\/wp-content\/uploads\/2022\/01\/avatar-square.png","width":1500,"height":1500,"caption":"Padre y Decano"},"image":{"@id":"https:\/\/www.padreydecano.com\/cms\/#\/schema\/logo\/image\/"}},{"@type":"Person","@id":"https:\/\/www.padreydecano.com\/cms\/#\/schema\/person\/d93e9e537230ae052c194251d9a1def2","name":"Moderador","image":{"@type":"ImageObject","inLanguage":"es","@id":"https:\/\/www.padreydecano.com\/cms\/#\/schema\/person\/image\/","url":"https:\/\/secure.gravatar.com\/avatar\/2587727bf8a53bd3da4ec49f01bea66e?s=96&d=https%3A%2F%2Fpadreydecano.com%2Fcms%2Fwp-content%2Fthemes%2Fpyd-theme%2Fimg%2Fdefault-avatar.png&r=g","contentUrl":"https:\/\/secure.gravatar.com\/avatar\/2587727bf8a53bd3da4ec49f01bea66e?s=96&d=https%3A%2F%2Fpadreydecano.com%2Fcms%2Fwp-content%2Fthemes%2Fpyd-theme%2Fimg%2Fdefault-avatar.png&r=g","caption":"Moderador"}}]}},"_links":{"self":[{"href":"https:\/\/www.padreydecano.com\/cms\/wp-json\/wp\/v2\/posts\/52225"}],"collection":[{"href":"https:\/\/www.padreydecano.com\/cms\/wp-json\/wp\/v2\/posts"}],"about":[{"href":"https:\/\/www.padreydecano.com\/cms\/wp-json\/wp\/v2\/types\/post"}],"author":[{"embeddable":true,"href":"https:\/\/www.padreydecano.com\/cms\/wp-json\/wp\/v2\/users\/13"}],"replies":[{"embeddable":true,"href":"https:\/\/www.padreydecano.com\/cms\/wp-json\/wp\/v2\/comments?post=52225"}],"version-history":[{"count":0,"href":"https:\/\/www.padreydecano.com\/cms\/wp-json\/wp\/v2\/posts\/52225\/revisions"}],"wp:featuredmedia":[{"embeddable":true,"href":"https:\/\/www.padreydecano.com\/cms\/wp-json\/wp\/v2\/media\/52226"}],"wp:attachment":[{"href":"https:\/\/www.padreydecano.com\/cms\/wp-json\/wp\/v2\/media?parent=52225"}],"wp:term":[{"taxonomy":"category","embeddable":true,"href":"https:\/\/www.padreydecano.com\/cms\/wp-json\/wp\/v2\/categories?post=52225"},{"taxonomy":"post_tag","embeddable":true,"href":"https:\/\/www.padreydecano.com\/cms\/wp-json\/wp\/v2\/tags?post=52225"}],"curies":[{"name":"wp","href":"https:\/\/api.w.org\/{rel}","templated":true}]}}