{"id":51953,"date":"2015-03-28T21:36:23","date_gmt":"2015-03-29T00:36:23","guid":{"rendered":"http:\/\/www.padreydecano.com\/cms\/?p=51953"},"modified":"2015-03-30T20:25:40","modified_gmt":"2015-03-30T23:25:40","slug":"sufriendo-pero-primeros-2","status":"publish","type":"post","link":"https:\/\/www.padreydecano.com\/cms\/partidos\/sufriendo-pero-primeros-2\/","title":{"rendered":"Sufriendo pero primeros"},"content":{"rendered":"<p style=\"text-align: justify;\"><a href=\"https:\/\/www.padreydecano.com\/cms\/wp-content\/uploads\/2015\/03\/gol-leyes-penarol-tanque-clausura-2015-02.jpg\" rel=\"shadowbox[sbpost-51953];player=img;\"><img loading=\"lazy\" decoding=\"async\" class=\"aligncenter  wp-image-51954\" src=\"https:\/\/www.padreydecano.com\/cms\/wp-content\/uploads\/2015\/03\/gol-leyes-penarol-tanque-clausura-2015-02.jpg\" alt=\"gol-leyes-penarol-tanque-clausura-2015-02\" width=\"612\" height=\"408\" srcset=\"https:\/\/www.padreydecano.com\/cms\/wp-content\/uploads\/2015\/03\/gol-leyes-penarol-tanque-clausura-2015-02.jpg 900w, https:\/\/www.padreydecano.com\/cms\/wp-content\/uploads\/2015\/03\/gol-leyes-penarol-tanque-clausura-2015-02-300x200.jpg 300w\" sizes=\"(max-width: 612px) 100vw, 612px\" \/><\/a><\/p>\n<p style=\"text-align: justify;\">Pe\u00f1arol derrot\u00f3 2 a 1 a\u00a0El Tanque y se mantiene en la primera posici\u00f3n del Torneo Clausura. Gabriel Leyes y Sebasti\u00e1n Piriz hicieron los goles. El descuento del equipo visitante puso nervioso al conjunto de Bengeochea que termin\u00f3 metido atr\u00e1s sacando como sea todas las pelotas. Se sufri\u00f3 pero se gan\u00f3, que era lo que hab\u00eda que hacer.<\/p>\n<p style=\"text-align: justify;\"><a href=\"https:\/\/www.padreydecano.com\/cms\/wp-content\/uploads\/2015\/03\/Christian_Adinolfi_Pe\u00f1arol_Tanque_21.jpg\" rel=\"shadowbox[sbpost-51953];player=img;\"><img loading=\"lazy\" decoding=\"async\" class=\"alignright size-medium wp-image-51965\" src=\"https:\/\/www.padreydecano.com\/cms\/wp-content\/uploads\/2015\/03\/Christian_Adinolfi_Pe\u00f1arol_Tanque_21-300x200.jpg\" alt=\"Christian_Adinolfi_Pe\u00f1arol_Tanque_21\" width=\"300\" height=\"200\" srcset=\"https:\/\/www.padreydecano.com\/cms\/wp-content\/uploads\/2015\/03\/Christian_Adinolfi_Pe\u00f1arol_Tanque_21-300x200.jpg 300w, https:\/\/www.padreydecano.com\/cms\/wp-content\/uploads\/2015\/03\/Christian_Adinolfi_Pe\u00f1arol_Tanque_21.jpg 900w\" sizes=\"(max-width: 300px) 100vw, 300px\" \/><\/a>El primer tiempo tuvo varias situaciones de gol para cada lado. El conjunto fusionado avis\u00f3 primero con un tiro libre que dio en el palo y Pe\u00f1arol respondi\u00f3 de igual forma con un remate de Leyes que se estrella en el parante. En la primera mitad <strong>Pablo Migliore fue clave con un par de atajadas que evitaron la apertura del marcador para El Tanque.<\/strong><\/p>\n<p style=\"text-align: justify;\">Con el partido cerrado, Antonio Pacheco le coloc\u00f3 una gran pelota a Leyes, quien con todo el tiempo del mundo ingres\u00f3 al \u00e1rea rival y fusil\u00f3 al arquero para abrir el marcador. De esa forma, <strong>el 33 anot\u00f3 su primer tanto con la casaca aurinegra, y con una muy buen actuaci\u00f3n hoy, quiere presionar para obtener la titularidad.<\/strong><\/p>\n<p style=\"text-align: justify;\"><a href=\"https:\/\/www.padreydecano.com\/cms\/wp-content\/uploads\/2015\/03\/piriz-penarol-tanque-clausura-2015-01-3.jpg\" rel=\"shadowbox[sbpost-51953];player=img;\"><img loading=\"lazy\" decoding=\"async\" class=\"alignleft size-medium wp-image-51977\" src=\"https:\/\/www.padreydecano.com\/cms\/wp-content\/uploads\/2015\/03\/piriz-penarol-tanque-clausura-2015-01-3-300x199.jpg\" alt=\"piriz-penarol-tanque-clausura-2015-01 (3)\" width=\"300\" height=\"199\" srcset=\"https:\/\/www.padreydecano.com\/cms\/wp-content\/uploads\/2015\/03\/piriz-penarol-tanque-clausura-2015-01-3-300x199.jpg 300w, https:\/\/www.padreydecano.com\/cms\/wp-content\/uploads\/2015\/03\/piriz-penarol-tanque-clausura-2015-01-3.jpg 900w\" sizes=\"(max-width: 300px) 100vw, 300px\" \/><\/a>Cabe destacar que en esta primera mitad se disimul\u00f3 bastante bien la ausencia de Urretaviscaya. En el \u00e1rea rival Fogst avis\u00f3 con un cabezazo que pas\u00f3 cerca del travesa\u00f1o. En un tiro de esquina lleg\u00f3 el segundo tanto de la noche con <strong>un cabezazo de Sebasti\u00e1n P\u00edriz.<\/strong> El volante carbonero ya lleva 6 goles en el Campeonato Uruguayo y est\u00e1 a apenas a uno de Pacheco.<\/p>\n<p style=\"text-align: justify;\">Pe\u00f1arol se fue al descanso con un 2 a 0 que le daba tranquilidad por el resultado y el buen juego. M\u00e1s a\u00fan cuando en la primera del segundo tiempo sali\u00f3 una muy linda jugada con Zalayeta que desborda por derecha, tira el centro atr\u00e1s, Leyes que la deja pasar y el Japo que remata con fuerza; Silva evita el tercero de la noche.<\/p>\n<p style=\"text-align: justify;\">Un error en la salida desde el fondo y El Tanque descont\u00f3. Pacheco sin levantar la cabeza se la intenta pasar a Diogo, quien estaba corriendo hacia adelante para proyectarse al ataque. El cuadro qued\u00f3 mal parado y el conjunto fusionado anot\u00f3 el tanto que comenz\u00f3 a preocupar. A partir de ah\u00ed, Pe\u00f1arol pas\u00f3 a ser manejado por el nerviosismo.<\/p>\n<p style=\"text-align: justify;\">Pacheco sali\u00f3 por Marcel Novick, mientras que Leyes, fundido, dej\u00f3 la cancha por Hern\u00e1n Novick. El conjunto visitante comenz\u00f3 a crecer y manejar el partido. Sobre el final entr\u00f3 Viera para reforzar la \u00faltima zona, y el partido se fue con un sinf\u00edn de pelotas que cayeron en nuestra \u00e1rea, y que sacamos sistem\u00e1ticamente como pudimos. El equipo termin\u00f3 metido atr\u00e1s y dejando muchas dudas. Un gol de El Tanque hubiera sido lapidario, pero por suerte nunca lleg\u00f3, y obtuvimos tres puntos que son important\u00edsimos para seguir luchando por este Clausura.<\/p>\n\n\t\t<style type=\"text\/css\">\n\t\t\t#gallery-1 {\n\t\t\t\tmargin: auto;\n\t\t\t}\n\t\t\t#gallery-1 .gallery-item {\n\t\t\t\tfloat: left;\n\t\t\t\tmargin-top: 10px;\n\t\t\t\ttext-align: center;\n\t\t\t\twidth: 33%;\n\t\t\t}\n\t\t\t#gallery-1 img {\n\t\t\t\tborder: 2px solid #cfcfcf;\n\t\t\t}\n\t\t\t#gallery-1 .gallery-caption {\n\t\t\t\tmargin-left: 0;\n\t\t\t}\n\t\t\t\/* see gallery_shortcode() in wp-includes\/media.php *\/\n\t\t<\/style>\n\t\t<div id='gallery-1' class='gallery galleryid-51953 gallery-columns-3 gallery-size-thumbnail'><dl class='gallery-item'>\n\t\t\t<dt class='gallery-icon landscape'>\n\t\t\t\t<a href='https:\/\/www.padreydecano.com\/cms\/wp-content\/uploads\/2015\/03\/Pe\u00f1arolVsTanqueSisley-16-Copiar.jpg' rel='shadowbox[sbalbum-51957];player=img;'><img loading=\"lazy\" decoding=\"async\" width=\"150\" height=\"150\" src=\"https:\/\/www.padreydecano.com\/cms\/wp-content\/uploads\/2015\/03\/Pe\u00f1arolVsTanqueSisley-16-Copiar-150x150.jpg\" class=\"attachment-thumbnail size-thumbnail\" alt=\"Migliore-Pe\u00f1arolVsTanqueSisley-16 (Copiar)\" srcset=\"https:\/\/www.padreydecano.com\/cms\/wp-content\/uploads\/2015\/03\/Pe\u00f1arolVsTanqueSisley-16-Copiar-150x150.jpg 150w, https:\/\/www.padreydecano.com\/cms\/wp-content\/uploads\/2015\/03\/Pe\u00f1arolVsTanqueSisley-16-Copiar-36x36.jpg 36w, https:\/\/www.padreydecano.com\/cms\/wp-content\/uploads\/2015\/03\/Pe\u00f1arolVsTanqueSisley-16-Copiar-115x115.jpg 115w\" sizes=\"(max-width: 150px) 100vw, 150px\" \/><\/a>\n\t\t\t<\/dt><\/dl><dl class='gallery-item'>\n\t\t\t<dt class='gallery-icon landscape'>\n\t\t\t\t<a href='https:\/\/www.padreydecano.com\/cms\/wp-content\/uploads\/2015\/03\/Pe\u00f1arolVsTanqueSisley-21-Copiar-e1427635473936.jpg' rel='shadowbox[sbalbum-51957];player=img;'><img loading=\"lazy\" decoding=\"async\" width=\"150\" height=\"150\" src=\"https:\/\/www.padreydecano.com\/cms\/wp-content\/uploads\/2015\/03\/Pe\u00f1arolVsTanqueSisley-21-Copiar-150x150.jpg\" class=\"attachment-thumbnail size-thumbnail\" alt=\"Leyes-Pe\u00f1arolVsTanqueSisley-21 (Copiar)\" srcset=\"https:\/\/www.padreydecano.com\/cms\/wp-content\/uploads\/2015\/03\/Pe\u00f1arolVsTanqueSisley-21-Copiar-150x150.jpg 150w, https:\/\/www.padreydecano.com\/cms\/wp-content\/uploads\/2015\/03\/Pe\u00f1arolVsTanqueSisley-21-Copiar-36x36.jpg 36w, https:\/\/www.padreydecano.com\/cms\/wp-content\/uploads\/2015\/03\/Pe\u00f1arolVsTanqueSisley-21-Copiar-115x115.jpg 115w\" sizes=\"(max-width: 150px) 100vw, 150px\" \/><\/a>\n\t\t\t<\/dt><\/dl><dl class='gallery-item'>\n\t\t\t<dt class='gallery-icon landscape'>\n\t\t\t\t<a href='https:\/\/www.padreydecano.com\/cms\/wp-content\/uploads\/2015\/03\/penarol-tanque-clausura-2015-mariano-alvez-18.jpg' rel='shadowbox[sbalbum-51957];player=img;'><img loading=\"lazy\" decoding=\"async\" width=\"150\" height=\"150\" src=\"https:\/\/www.padreydecano.com\/cms\/wp-content\/uploads\/2015\/03\/penarol-tanque-clausura-2015-mariano-alvez-18-150x150.jpg\" class=\"attachment-thumbnail size-thumbnail\" alt=\"Pacheco-penarol-tanque-clausura-2015-mariano-alvez-18\" srcset=\"https:\/\/www.padreydecano.com\/cms\/wp-content\/uploads\/2015\/03\/penarol-tanque-clausura-2015-mariano-alvez-18-150x150.jpg 150w, https:\/\/www.padreydecano.com\/cms\/wp-content\/uploads\/2015\/03\/penarol-tanque-clausura-2015-mariano-alvez-18-36x36.jpg 36w, https:\/\/www.padreydecano.com\/cms\/wp-content\/uploads\/2015\/03\/penarol-tanque-clausura-2015-mariano-alvez-18-115x115.jpg 115w\" sizes=\"(max-width: 150px) 100vw, 150px\" \/><\/a>\n\t\t\t<\/dt><\/dl><br style=\"clear: both\" \/><dl class='gallery-item'>\n\t\t\t<dt class='gallery-icon landscape'>\n\t\t\t\t<a href='https:\/\/www.padreydecano.com\/cms\/wp-content\/uploads\/2015\/03\/penarol-tanque-clausura-2015-mariano-alvez-22.jpg' rel='shadowbox[sbalbum-51957];player=img;'><img loading=\"lazy\" decoding=\"async\" width=\"150\" height=\"150\" src=\"https:\/\/www.padreydecano.com\/cms\/wp-content\/uploads\/2015\/03\/penarol-tanque-clausura-2015-mariano-alvez-22-150x150.jpg\" class=\"attachment-thumbnail size-thumbnail\" alt=\"Hermanos-Novick-penarol-tanque-clausura-2015-mariano-alvez-22\" srcset=\"https:\/\/www.padreydecano.com\/cms\/wp-content\/uploads\/2015\/03\/penarol-tanque-clausura-2015-mariano-alvez-22-150x150.jpg 150w, https:\/\/www.padreydecano.com\/cms\/wp-content\/uploads\/2015\/03\/penarol-tanque-clausura-2015-mariano-alvez-22-36x36.jpg 36w, https:\/\/www.padreydecano.com\/cms\/wp-content\/uploads\/2015\/03\/penarol-tanque-clausura-2015-mariano-alvez-22-115x115.jpg 115w\" sizes=\"(max-width: 150px) 100vw, 150px\" \/><\/a>\n\t\t\t<\/dt><\/dl><dl class='gallery-item'>\n\t\t\t<dt class='gallery-icon landscape'>\n\t\t\t\t<a href='https:\/\/www.padreydecano.com\/cms\/wp-content\/uploads\/2015\/03\/penarol-tanque-clausura-2015-mariano-alvez-24.jpg' rel='shadowbox[sbalbum-51957];player=img;'><img loading=\"lazy\" decoding=\"async\" width=\"150\" height=\"150\" src=\"https:\/\/www.padreydecano.com\/cms\/wp-content\/uploads\/2015\/03\/penarol-tanque-clausura-2015-mariano-alvez-24-150x150.jpg\" class=\"attachment-thumbnail size-thumbnail\" alt=\"Hernan-novick-penarol-tanque-clausura-2015-mariano-alvez-24\" srcset=\"https:\/\/www.padreydecano.com\/cms\/wp-content\/uploads\/2015\/03\/penarol-tanque-clausura-2015-mariano-alvez-24-150x150.jpg 150w, https:\/\/www.padreydecano.com\/cms\/wp-content\/uploads\/2015\/03\/penarol-tanque-clausura-2015-mariano-alvez-24-36x36.jpg 36w, https:\/\/www.padreydecano.com\/cms\/wp-content\/uploads\/2015\/03\/penarol-tanque-clausura-2015-mariano-alvez-24-115x115.jpg 115w\" sizes=\"(max-width: 150px) 100vw, 150px\" \/><\/a>\n\t\t\t<\/dt><\/dl><dl class='gallery-item'>\n\t\t\t<dt class='gallery-icon portrait'>\n\t\t\t\t<a href='https:\/\/www.padreydecano.com\/cms\/wp-content\/uploads\/2015\/03\/penarol-tanque-clausura-2015-mariano-alvez-14.jpg' rel='shadowbox[sbalbum-51957];player=img;'><img loading=\"lazy\" decoding=\"async\" width=\"150\" height=\"150\" src=\"https:\/\/www.padreydecano.com\/cms\/wp-content\/uploads\/2015\/03\/penarol-tanque-clausura-2015-mariano-alvez-14-150x150.jpg\" class=\"attachment-thumbnail size-thumbnail\" alt=\"Emiliano-Albin-penarol-tanque-clausura-2015-mariano-alvez-14\" srcset=\"https:\/\/www.padreydecano.com\/cms\/wp-content\/uploads\/2015\/03\/penarol-tanque-clausura-2015-mariano-alvez-14-150x150.jpg 150w, https:\/\/www.padreydecano.com\/cms\/wp-content\/uploads\/2015\/03\/penarol-tanque-clausura-2015-mariano-alvez-14-36x36.jpg 36w, https:\/\/www.padreydecano.com\/cms\/wp-content\/uploads\/2015\/03\/penarol-tanque-clausura-2015-mariano-alvez-14-115x115.jpg 115w\" sizes=\"(max-width: 150px) 100vw, 150px\" \/><\/a>\n\t\t\t<\/dt><\/dl><br style=\"clear: both\" \/>\n\t\t<\/div>\n\n<p><span style=\"color: #ffcc02;\"><strong>Ficha del partido<\/strong><\/span><\/p>\n<p><strong>PE\u00d1AROL 2:1 EL TANQUE SISLEY<\/strong><\/p>\n<p><strong>Cancha:<\/strong> Estadio Centenario. <strong>Jueces:\u00a0<\/strong>Daniel Fedorczuk, Miguel Nievas y Hugo Collazo.<\/p>\n<p><strong>PE\u00d1AROL:<\/strong> Pablo Migliore, Emiliano Albin, Carlos Valdez, Emilio Mac Eachen, Diogo Silvestre, Sebasti\u00e1n P\u00edriz, Luis Aguiar, Jorge Rodr\u00edguez (86\u2032 Gonzalo Viera), Antonio Pacheco (62\u2032 Marcel Novick), Marcelo Zalayeta y Gabriel Leyes (64\u2032 Hern\u00e1n Novick). <strong>Suplentes:<\/strong> Washington Aguerre, Gianni Rodr\u00edguez, Santiago Silva y Juan Manuel Olivera.<\/p>\n<p><strong>EL TANQUE SISLEY:<\/strong>\u00a0Dar\u00edo Silva, Joaqu\u00edn Aguirre, Julio Ferr\u00f3n, Santiago Fogst, Yefferson Moreira; Diego Viera (69\u2032 Juan Pablo Fag\u00fandez), Mati\u00e1s Zunino, Pablo Lima (78\u2032 Maximiliano Borges), Nicol\u00e1s D\u00edaz (84\u2032 Franco L\u00f3pez), Juan Surraco, Miguel Murillo. <strong>Director T\u00e9cnico:<\/strong> Ricardo M\u00f6ller. <strong>Suplentes:<\/strong> Alvaro Garc\u00eda, \u00a0Juan Pablo P\u00e9ndola, Borys Barone, Gast\u00f3n Machado.<\/p>\n<p><strong>Goles:<\/strong> 20\u2032 Gabriel Leyes (P), 33\u2032 Sebasti\u00e1n P\u00edriz (P), 62\u2032 Mat\u00edas Zunino (ETS).<\/p>\n<p><strong>Tarjetas amarillas:<\/strong> 25\u2032 Juan Surraco (ETS), 32\u2032 Julio Ferr\u00f3n (ETS), 52\u2032 Diego Viera (ETS).<\/p>\n","protected":false},"excerpt":{"rendered":"<p>Pe\u00f1arol derrot\u00f3 2 a 1 a El Tanque y se mantiene en la primera posici\u00f3n del Torneo Clausura. Gabriel Leyes y Sebasti\u00e1n Piriz hicieron los goles.<\/p>\n","protected":false},"author":13,"featured_media":51955,"comment_status":"open","ping_status":"closed","sticky":false,"template":"","format":"standard","meta":{"footnotes":""},"categories":[13],"tags":[238],"yoast_head":"<!-- This site is optimized with the Yoast SEO plugin v23.2 - https:\/\/yoast.com\/wordpress\/plugins\/seo\/ -->\n<title>Sufriendo pero primeros - Padre y Decano - El Sitio del Pueblo<\/title>\n<meta name=\"robots\" content=\"index, follow, max-snippet:-1, max-image-preview:large, max-video-preview:-1\" \/>\n<link rel=\"canonical\" href=\"https:\/\/www.padreydecano.com\/cms\/partidos\/sufriendo-pero-primeros-2\/\" \/>\n<meta property=\"og:locale\" content=\"es_ES\" \/>\n<meta property=\"og:type\" content=\"article\" \/>\n<meta property=\"og:title\" content=\"Sufriendo pero primeros - Padre y Decano - El Sitio del Pueblo\" \/>\n<meta property=\"og:description\" content=\"Pe\u00f1arol derrot\u00f3 2 a 1 a El Tanque y se mantiene en la primera posici\u00f3n del Torneo Clausura. Gabriel Leyes y Sebasti\u00e1n Piriz hicieron los goles.\" \/>\n<meta property=\"og:url\" content=\"https:\/\/www.padreydecano.com\/cms\/partidos\/sufriendo-pero-primeros-2\/\" \/>\n<meta property=\"og:site_name\" content=\"Padre y Decano - El Sitio del Pueblo\" \/>\n<meta property=\"article:published_time\" content=\"2015-03-29T00:36:23+00:00\" \/>\n<meta property=\"article:modified_time\" content=\"2015-03-30T23:25:40+00:00\" \/>\n<meta property=\"og:image\" content=\"https:\/\/www.padreydecano.com\/cms\/wp-content\/uploads\/2015\/03\/gol-leyes-slider.jpg\" \/>\n\t<meta property=\"og:image:width\" content=\"900\" \/>\n\t<meta property=\"og:image:height\" content=\"318\" \/>\n\t<meta property=\"og:image:type\" content=\"image\/jpeg\" \/>\n<meta name=\"author\" content=\"Moderador\" \/>\n<meta name=\"twitter:card\" content=\"summary_large_image\" \/>\n<meta name=\"twitter:label1\" content=\"Escrito por\" \/>\n\t<meta name=\"twitter:data1\" content=\"Moderador\" \/>\n\t<meta name=\"twitter:label2\" content=\"Tiempo de lectura\" \/>\n\t<meta name=\"twitter:data2\" content=\"3 minutos\" \/>\n<script type=\"application\/ld+json\" class=\"yoast-schema-graph\">{\"@context\":\"https:\/\/schema.org\",\"@graph\":[{\"@type\":\"Article\",\"@id\":\"https:\/\/www.padreydecano.com\/cms\/partidos\/sufriendo-pero-primeros-2\/#article\",\"isPartOf\":{\"@id\":\"https:\/\/www.padreydecano.com\/cms\/partidos\/sufriendo-pero-primeros-2\/\"},\"author\":{\"name\":\"Moderador\",\"@id\":\"https:\/\/www.padreydecano.com\/cms\/#\/schema\/person\/d93e9e537230ae052c194251d9a1def2\"},\"headline\":\"Sufriendo pero primeros\",\"datePublished\":\"2015-03-29T00:36:23+00:00\",\"dateModified\":\"2015-03-30T23:25:40+00:00\",\"mainEntityOfPage\":{\"@id\":\"https:\/\/www.padreydecano.com\/cms\/partidos\/sufriendo-pero-primeros-2\/\"},\"wordCount\":632,\"commentCount\":82,\"publisher\":{\"@id\":\"https:\/\/www.padreydecano.com\/cms\/#organization\"},\"image\":{\"@id\":\"https:\/\/www.padreydecano.com\/cms\/partidos\/sufriendo-pero-primeros-2\/#primaryimage\"},\"thumbnailUrl\":\"https:\/\/www.padreydecano.com\/cms\/wp-content\/uploads\/2015\/03\/gol-leyes-slider.jpg\",\"keywords\":[\"Torneo Clausura 2015\"],\"articleSection\":[\"Partidos\"],\"inLanguage\":\"es\",\"potentialAction\":[{\"@type\":\"CommentAction\",\"name\":\"Comment\",\"target\":[\"https:\/\/www.padreydecano.com\/cms\/partidos\/sufriendo-pero-primeros-2\/#respond\"]}]},{\"@type\":\"WebPage\",\"@id\":\"https:\/\/www.padreydecano.com\/cms\/partidos\/sufriendo-pero-primeros-2\/\",\"url\":\"https:\/\/www.padreydecano.com\/cms\/partidos\/sufriendo-pero-primeros-2\/\",\"name\":\"Sufriendo pero primeros - Padre y Decano - El Sitio del Pueblo\",\"isPartOf\":{\"@id\":\"https:\/\/www.padreydecano.com\/cms\/#website\"},\"primaryImageOfPage\":{\"@id\":\"https:\/\/www.padreydecano.com\/cms\/partidos\/sufriendo-pero-primeros-2\/#primaryimage\"},\"image\":{\"@id\":\"https:\/\/www.padreydecano.com\/cms\/partidos\/sufriendo-pero-primeros-2\/#primaryimage\"},\"thumbnailUrl\":\"https:\/\/www.padreydecano.com\/cms\/wp-content\/uploads\/2015\/03\/gol-leyes-slider.jpg\",\"datePublished\":\"2015-03-29T00:36:23+00:00\",\"dateModified\":\"2015-03-30T23:25:40+00:00\",\"breadcrumb\":{\"@id\":\"https:\/\/www.padreydecano.com\/cms\/partidos\/sufriendo-pero-primeros-2\/#breadcrumb\"},\"inLanguage\":\"es\",\"potentialAction\":[{\"@type\":\"ReadAction\",\"target\":[\"https:\/\/www.padreydecano.com\/cms\/partidos\/sufriendo-pero-primeros-2\/\"]}]},{\"@type\":\"ImageObject\",\"inLanguage\":\"es\",\"@id\":\"https:\/\/www.padreydecano.com\/cms\/partidos\/sufriendo-pero-primeros-2\/#primaryimage\",\"url\":\"https:\/\/www.padreydecano.com\/cms\/wp-content\/uploads\/2015\/03\/gol-leyes-slider.jpg\",\"contentUrl\":\"https:\/\/www.padreydecano.com\/cms\/wp-content\/uploads\/2015\/03\/gol-leyes-slider.jpg\",\"width\":900,\"height\":318},{\"@type\":\"BreadcrumbList\",\"@id\":\"https:\/\/www.padreydecano.com\/cms\/partidos\/sufriendo-pero-primeros-2\/#breadcrumb\",\"itemListElement\":[{\"@type\":\"ListItem\",\"position\":1,\"name\":\"Portada\",\"item\":\"https:\/\/www.padreydecano.com\/cms\/\"},{\"@type\":\"ListItem\",\"position\":2,\"name\":\"Sufriendo pero primeros\"}]},{\"@type\":\"WebSite\",\"@id\":\"https:\/\/www.padreydecano.com\/cms\/#website\",\"url\":\"https:\/\/www.padreydecano.com\/cms\/\",\"name\":\"Padre y Decano - El Sitio del Pueblo\",\"description\":\"Club Atl\u00e9tico Pe\u00f1arol\",\"publisher\":{\"@id\":\"https:\/\/www.padreydecano.com\/cms\/#organization\"},\"potentialAction\":[{\"@type\":\"SearchAction\",\"target\":{\"@type\":\"EntryPoint\",\"urlTemplate\":\"https:\/\/www.padreydecano.com\/cms\/?s={search_term_string}\"},\"query-input\":\"required name=search_term_string\"}],\"inLanguage\":\"es\"},{\"@type\":\"Organization\",\"@id\":\"https:\/\/www.padreydecano.com\/cms\/#organization\",\"name\":\"Padre y Decano\",\"url\":\"https:\/\/www.padreydecano.com\/cms\/\",\"logo\":{\"@type\":\"ImageObject\",\"inLanguage\":\"es\",\"@id\":\"https:\/\/www.padreydecano.com\/cms\/#\/schema\/logo\/image\/\",\"url\":\"https:\/\/www.padreydecano.com\/cms\/wp-content\/uploads\/2022\/01\/avatar-square.png\",\"contentUrl\":\"https:\/\/www.padreydecano.com\/cms\/wp-content\/uploads\/2022\/01\/avatar-square.png\",\"width\":1500,\"height\":1500,\"caption\":\"Padre y Decano\"},\"image\":{\"@id\":\"https:\/\/www.padreydecano.com\/cms\/#\/schema\/logo\/image\/\"}},{\"@type\":\"Person\",\"@id\":\"https:\/\/www.padreydecano.com\/cms\/#\/schema\/person\/d93e9e537230ae052c194251d9a1def2\",\"name\":\"Moderador\",\"image\":{\"@type\":\"ImageObject\",\"inLanguage\":\"es\",\"@id\":\"https:\/\/www.padreydecano.com\/cms\/#\/schema\/person\/image\/\",\"url\":\"https:\/\/secure.gravatar.com\/avatar\/2587727bf8a53bd3da4ec49f01bea66e?s=96&d=https%3A%2F%2Fpadreydecano.com%2Fcms%2Fwp-content%2Fthemes%2Fpyd-theme%2Fimg%2Fdefault-avatar.png&r=g\",\"contentUrl\":\"https:\/\/secure.gravatar.com\/avatar\/2587727bf8a53bd3da4ec49f01bea66e?s=96&d=https%3A%2F%2Fpadreydecano.com%2Fcms%2Fwp-content%2Fthemes%2Fpyd-theme%2Fimg%2Fdefault-avatar.png&r=g\",\"caption\":\"Moderador\"}}]}<\/script>\n<!-- \/ Yoast SEO plugin. -->","yoast_head_json":{"title":"Sufriendo pero primeros - Padre y Decano - El Sitio del Pueblo","robots":{"index":"index","follow":"follow","max-snippet":"max-snippet:-1","max-image-preview":"max-image-preview:large","max-video-preview":"max-video-preview:-1"},"canonical":"https:\/\/www.padreydecano.com\/cms\/partidos\/sufriendo-pero-primeros-2\/","og_locale":"es_ES","og_type":"article","og_title":"Sufriendo pero primeros - Padre y Decano - El Sitio del Pueblo","og_description":"Pe\u00f1arol derrot\u00f3 2 a 1 a El Tanque y se mantiene en la primera posici\u00f3n del Torneo Clausura. Gabriel Leyes y Sebasti\u00e1n Piriz hicieron los goles.","og_url":"https:\/\/www.padreydecano.com\/cms\/partidos\/sufriendo-pero-primeros-2\/","og_site_name":"Padre y Decano - El Sitio del Pueblo","article_published_time":"2015-03-29T00:36:23+00:00","article_modified_time":"2015-03-30T23:25:40+00:00","og_image":[{"width":900,"height":318,"url":"https:\/\/www.padreydecano.com\/cms\/wp-content\/uploads\/2015\/03\/gol-leyes-slider.jpg","type":"image\/jpeg"}],"author":"Moderador","twitter_card":"summary_large_image","twitter_misc":{"Escrito por":"Moderador","Tiempo de lectura":"3 minutos"},"schema":{"@context":"https:\/\/schema.org","@graph":[{"@type":"Article","@id":"https:\/\/www.padreydecano.com\/cms\/partidos\/sufriendo-pero-primeros-2\/#article","isPartOf":{"@id":"https:\/\/www.padreydecano.com\/cms\/partidos\/sufriendo-pero-primeros-2\/"},"author":{"name":"Moderador","@id":"https:\/\/www.padreydecano.com\/cms\/#\/schema\/person\/d93e9e537230ae052c194251d9a1def2"},"headline":"Sufriendo pero primeros","datePublished":"2015-03-29T00:36:23+00:00","dateModified":"2015-03-30T23:25:40+00:00","mainEntityOfPage":{"@id":"https:\/\/www.padreydecano.com\/cms\/partidos\/sufriendo-pero-primeros-2\/"},"wordCount":632,"commentCount":82,"publisher":{"@id":"https:\/\/www.padreydecano.com\/cms\/#organization"},"image":{"@id":"https:\/\/www.padreydecano.com\/cms\/partidos\/sufriendo-pero-primeros-2\/#primaryimage"},"thumbnailUrl":"https:\/\/www.padreydecano.com\/cms\/wp-content\/uploads\/2015\/03\/gol-leyes-slider.jpg","keywords":["Torneo Clausura 2015"],"articleSection":["Partidos"],"inLanguage":"es","potentialAction":[{"@type":"CommentAction","name":"Comment","target":["https:\/\/www.padreydecano.com\/cms\/partidos\/sufriendo-pero-primeros-2\/#respond"]}]},{"@type":"WebPage","@id":"https:\/\/www.padreydecano.com\/cms\/partidos\/sufriendo-pero-primeros-2\/","url":"https:\/\/www.padreydecano.com\/cms\/partidos\/sufriendo-pero-primeros-2\/","name":"Sufriendo pero primeros - Padre y Decano - El Sitio del Pueblo","isPartOf":{"@id":"https:\/\/www.padreydecano.com\/cms\/#website"},"primaryImageOfPage":{"@id":"https:\/\/www.padreydecano.com\/cms\/partidos\/sufriendo-pero-primeros-2\/#primaryimage"},"image":{"@id":"https:\/\/www.padreydecano.com\/cms\/partidos\/sufriendo-pero-primeros-2\/#primaryimage"},"thumbnailUrl":"https:\/\/www.padreydecano.com\/cms\/wp-content\/uploads\/2015\/03\/gol-leyes-slider.jpg","datePublished":"2015-03-29T00:36:23+00:00","dateModified":"2015-03-30T23:25:40+00:00","breadcrumb":{"@id":"https:\/\/www.padreydecano.com\/cms\/partidos\/sufriendo-pero-primeros-2\/#breadcrumb"},"inLanguage":"es","potentialAction":[{"@type":"ReadAction","target":["https:\/\/www.padreydecano.com\/cms\/partidos\/sufriendo-pero-primeros-2\/"]}]},{"@type":"ImageObject","inLanguage":"es","@id":"https:\/\/www.padreydecano.com\/cms\/partidos\/sufriendo-pero-primeros-2\/#primaryimage","url":"https:\/\/www.padreydecano.com\/cms\/wp-content\/uploads\/2015\/03\/gol-leyes-slider.jpg","contentUrl":"https:\/\/www.padreydecano.com\/cms\/wp-content\/uploads\/2015\/03\/gol-leyes-slider.jpg","width":900,"height":318},{"@type":"BreadcrumbList","@id":"https:\/\/www.padreydecano.com\/cms\/partidos\/sufriendo-pero-primeros-2\/#breadcrumb","itemListElement":[{"@type":"ListItem","position":1,"name":"Portada","item":"https:\/\/www.padreydecano.com\/cms\/"},{"@type":"ListItem","position":2,"name":"Sufriendo pero primeros"}]},{"@type":"WebSite","@id":"https:\/\/www.padreydecano.com\/cms\/#website","url":"https:\/\/www.padreydecano.com\/cms\/","name":"Padre y Decano - El Sitio del Pueblo","description":"Club Atl\u00e9tico Pe\u00f1arol","publisher":{"@id":"https:\/\/www.padreydecano.com\/cms\/#organization"},"potentialAction":[{"@type":"SearchAction","target":{"@type":"EntryPoint","urlTemplate":"https:\/\/www.padreydecano.com\/cms\/?s={search_term_string}"},"query-input":"required name=search_term_string"}],"inLanguage":"es"},{"@type":"Organization","@id":"https:\/\/www.padreydecano.com\/cms\/#organization","name":"Padre y Decano","url":"https:\/\/www.padreydecano.com\/cms\/","logo":{"@type":"ImageObject","inLanguage":"es","@id":"https:\/\/www.padreydecano.com\/cms\/#\/schema\/logo\/image\/","url":"https:\/\/www.padreydecano.com\/cms\/wp-content\/uploads\/2022\/01\/avatar-square.png","contentUrl":"https:\/\/www.padreydecano.com\/cms\/wp-content\/uploads\/2022\/01\/avatar-square.png","width":1500,"height":1500,"caption":"Padre y Decano"},"image":{"@id":"https:\/\/www.padreydecano.com\/cms\/#\/schema\/logo\/image\/"}},{"@type":"Person","@id":"https:\/\/www.padreydecano.com\/cms\/#\/schema\/person\/d93e9e537230ae052c194251d9a1def2","name":"Moderador","image":{"@type":"ImageObject","inLanguage":"es","@id":"https:\/\/www.padreydecano.com\/cms\/#\/schema\/person\/image\/","url":"https:\/\/secure.gravatar.com\/avatar\/2587727bf8a53bd3da4ec49f01bea66e?s=96&d=https%3A%2F%2Fpadreydecano.com%2Fcms%2Fwp-content%2Fthemes%2Fpyd-theme%2Fimg%2Fdefault-avatar.png&r=g","contentUrl":"https:\/\/secure.gravatar.com\/avatar\/2587727bf8a53bd3da4ec49f01bea66e?s=96&d=https%3A%2F%2Fpadreydecano.com%2Fcms%2Fwp-content%2Fthemes%2Fpyd-theme%2Fimg%2Fdefault-avatar.png&r=g","caption":"Moderador"}}]}},"_links":{"self":[{"href":"https:\/\/www.padreydecano.com\/cms\/wp-json\/wp\/v2\/posts\/51953"}],"collection":[{"href":"https:\/\/www.padreydecano.com\/cms\/wp-json\/wp\/v2\/posts"}],"about":[{"href":"https:\/\/www.padreydecano.com\/cms\/wp-json\/wp\/v2\/types\/post"}],"author":[{"embeddable":true,"href":"https:\/\/www.padreydecano.com\/cms\/wp-json\/wp\/v2\/users\/13"}],"replies":[{"embeddable":true,"href":"https:\/\/www.padreydecano.com\/cms\/wp-json\/wp\/v2\/comments?post=51953"}],"version-history":[{"count":0,"href":"https:\/\/www.padreydecano.com\/cms\/wp-json\/wp\/v2\/posts\/51953\/revisions"}],"wp:featuredmedia":[{"embeddable":true,"href":"https:\/\/www.padreydecano.com\/cms\/wp-json\/wp\/v2\/media\/51955"}],"wp:attachment":[{"href":"https:\/\/www.padreydecano.com\/cms\/wp-json\/wp\/v2\/media?parent=51953"}],"wp:term":[{"taxonomy":"category","embeddable":true,"href":"https:\/\/www.padreydecano.com\/cms\/wp-json\/wp\/v2\/categories?post=51953"},{"taxonomy":"post_tag","embeddable":true,"href":"https:\/\/www.padreydecano.com\/cms\/wp-json\/wp\/v2\/tags?post=51953"}],"curies":[{"name":"wp","href":"https:\/\/api.w.org\/{rel}","templated":true}]}}