{"id":51798,"date":"2015-03-17T14:10:25","date_gmt":"2015-03-17T17:10:25","guid":{"rendered":"http:\/\/www.padreydecano.com\/cms\/?p=51798"},"modified":"2015-03-18T00:12:21","modified_gmt":"2015-03-18T03:12:21","slug":"futsal-penarol-disputo-torneo-internacional-en-argentina","status":"publish","type":"post","link":"https:\/\/www.padreydecano.com\/cms\/otras-disciplinas\/futsal-penarol-disputo-torneo-internacional-en-argentina\/","title":{"rendered":"Futsal: Disputamos torneo internacional en Argentina"},"content":{"rendered":"<p style=\"text-align: justify;\"><strong><a href=\"https:\/\/www.padreydecano.com\/cms\/wp-content\/uploads\/2015\/03\/pe\u00f1arol-pinocho-futsal.jpg\" rel=\"shadowbox[sbpost-51798];player=img;\"><img loading=\"lazy\" decoding=\"async\" class=\"alignright size-medium wp-image-51799\" src=\"https:\/\/www.padreydecano.com\/cms\/wp-content\/uploads\/2015\/03\/pe\u00f1arol-pinocho-futsal-300x169.jpg\" alt=\"pe\u00f1arol-pinocho-futsal\" width=\"300\" height=\"169\" srcset=\"https:\/\/www.padreydecano.com\/cms\/wp-content\/uploads\/2015\/03\/pe\u00f1arol-pinocho-futsal-300x169.jpg 300w, https:\/\/www.padreydecano.com\/cms\/wp-content\/uploads\/2015\/03\/pe\u00f1arol-pinocho-futsal-195x110.jpg 195w, https:\/\/www.padreydecano.com\/cms\/wp-content\/uploads\/2015\/03\/pe\u00f1arol-pinocho-futsal.jpg 592w\" sizes=\"(max-width: 300px) 100vw, 300px\" \/><\/a>Pe\u00f1arol disput\u00f3 en Argentina la Copa F\u00e9lix Zugasti organizada por el prestigioso Club Pinocho.<\/strong> El certamen internacional amistoso sirvi\u00f3 para obtener m\u00e1s rodaje de cara a la competencia local y a la <strong>Copa Libertadores que se jugar\u00e1 en mayo.<\/strong><\/p>\n<p style=\"text-align: justify;\">El aurinegro\u00a0particip\u00f3 en este torneo estando en plena pretemporada, con mucha carga de trabajos f\u00edsicos, pero se aprovech\u00f3 la oportunidad para que el plantel y el cuerpo t\u00e9cnico sacaran conclusiones de cara a lo que se viene en este 2015. Adem\u00e1s, <strong>es un enorme honor que un club con tanto prestigio en la disciplina nos haya invitado a participar.<\/strong><\/p>\n<p style=\"text-align: justify;\">El conjunto carbonero\u00a0se enfrent\u00f3 a Pinocho en el primer partido del cuadrangular. Fue un juego sumamente parejo,\u00a0ante el equipo m\u00e1s laureado del futsal argentino y que tiene serias aspiraciones de ser campe\u00f3n este 2015. <strong>En el tiempo reglamentario empatamos 2 a 2, por lo que se disput\u00f3 un alargue en el que Pinocho se llev\u00f3 la victoria anotado un tanto m\u00e1s.<\/strong><\/p>\n<p style=\"text-align: justify;\"><a href=\"https:\/\/www.padreydecano.com\/cms\/wp-content\/uploads\/2015\/03\/Futsal-Pe\u00f1a-Argentina.jpg\" rel=\"shadowbox[sbpost-51798];player=img;\"><img loading=\"lazy\" decoding=\"async\" class=\"alignleft  wp-image-51800\" src=\"https:\/\/www.padreydecano.com\/cms\/wp-content\/uploads\/2015\/03\/Futsal-Pe\u00f1a-Argentina-300x225.jpg\" alt=\"Futsal-Pe\u00f1a-Argentina\" width=\"279\" height=\"209\" srcset=\"https:\/\/www.padreydecano.com\/cms\/wp-content\/uploads\/2015\/03\/Futsal-Pe\u00f1a-Argentina-300x225.jpg 300w, https:\/\/www.padreydecano.com\/cms\/wp-content\/uploads\/2015\/03\/Futsal-Pe\u00f1a-Argentina.jpg 1024w\" sizes=\"(max-width: 279px) 100vw, 279px\" \/><\/a>En el segundo encuentro, Pe\u00f1arol se enfrent\u00f3 a Lomas Country que hab\u00eda sido derrotado por Villa La \u00d1ata 4 a 1. Fue otro encuentro de muy buen nivel, aunque lamentablemente Pe\u00f1arol fue derrotado 4 a 2.<\/p>\n<p style=\"text-align: justify;\">Cabe destacar que <strong>los\u00a0integrantes de la Pe\u00f1a Oro y Carb\u00f3n Argentina estuvieron acompa\u00f1ando a la delegaci\u00f3n de\u00a0Pe\u00f1arol durante toda su estad\u00eda y alentando en los partidos.<\/strong><\/p>\n<p style=\"text-align: justify;\">En el encuentro final, en un partido que tuvo de todo, Villa La \u00d1ata derrot\u00f3 7 a 6 en el \u00faltimo suspiro a Club Pinocho, llev\u00e1ndose a casa la Copa Feliz Zugasti.<\/p>\n\n\t\t<style type=\"text\/css\">\n\t\t\t#gallery-1 {\n\t\t\t\tmargin: auto;\n\t\t\t}\n\t\t\t#gallery-1 .gallery-item {\n\t\t\t\tfloat: left;\n\t\t\t\tmargin-top: 10px;\n\t\t\t\ttext-align: center;\n\t\t\t\twidth: 33%;\n\t\t\t}\n\t\t\t#gallery-1 img {\n\t\t\t\tborder: 2px solid #cfcfcf;\n\t\t\t}\n\t\t\t#gallery-1 .gallery-caption {\n\t\t\t\tmargin-left: 0;\n\t\t\t}\n\t\t\t\/* see gallery_shortcode() in wp-includes\/media.php *\/\n\t\t<\/style>\n\t\t<div id='gallery-1' class='gallery galleryid-51798 gallery-columns-3 gallery-size-thumbnail'><dl class='gallery-item'>\n\t\t\t<dt class='gallery-icon landscape'>\n\t\t\t\t<a href='https:\/\/www.padreydecano.com\/cms\/wp-content\/uploads\/2015\/03\/futsal-pe\u00f1arol.jpg' rel='shadowbox[sbalbum-51798];player=img;'><img loading=\"lazy\" decoding=\"async\" width=\"150\" height=\"150\" src=\"https:\/\/www.padreydecano.com\/cms\/wp-content\/uploads\/2015\/03\/futsal-pe\u00f1arol-150x150.jpg\" class=\"attachment-thumbnail size-thumbnail\" alt=\"futsal-pe\u00f1arol\" srcset=\"https:\/\/www.padreydecano.com\/cms\/wp-content\/uploads\/2015\/03\/futsal-pe\u00f1arol-150x150.jpg 150w, https:\/\/www.padreydecano.com\/cms\/wp-content\/uploads\/2015\/03\/futsal-pe\u00f1arol-36x36.jpg 36w, https:\/\/www.padreydecano.com\/cms\/wp-content\/uploads\/2015\/03\/futsal-pe\u00f1arol-115x115.jpg 115w\" sizes=\"(max-width: 150px) 100vw, 150px\" \/><\/a>\n\t\t\t<\/dt><\/dl><dl class='gallery-item'>\n\t\t\t<dt class='gallery-icon landscape'>\n\t\t\t\t<a href='https:\/\/www.padreydecano.com\/cms\/wp-content\/uploads\/2015\/03\/intercambio-futsal-delegacion.jpg' rel='shadowbox[sbalbum-51798];player=img;'><img loading=\"lazy\" decoding=\"async\" width=\"150\" height=\"150\" src=\"https:\/\/www.padreydecano.com\/cms\/wp-content\/uploads\/2015\/03\/intercambio-futsal-delegacion-150x150.jpg\" class=\"attachment-thumbnail size-thumbnail\" alt=\"intercambio-futsal-delegacion\" srcset=\"https:\/\/www.padreydecano.com\/cms\/wp-content\/uploads\/2015\/03\/intercambio-futsal-delegacion-150x150.jpg 150w, https:\/\/www.padreydecano.com\/cms\/wp-content\/uploads\/2015\/03\/intercambio-futsal-delegacion-36x36.jpg 36w, https:\/\/www.padreydecano.com\/cms\/wp-content\/uploads\/2015\/03\/intercambio-futsal-delegacion-115x115.jpg 115w\" sizes=\"(max-width: 150px) 100vw, 150px\" \/><\/a>\n\t\t\t<\/dt><\/dl><dl class='gallery-item'>\n\t\t\t<dt class='gallery-icon landscape'>\n\t\t\t\t<a href='https:\/\/www.padreydecano.com\/cms\/wp-content\/uploads\/2015\/03\/plaqueta-futsal.jpg' rel='shadowbox[sbalbum-51798];player=img;'><img loading=\"lazy\" decoding=\"async\" width=\"150\" height=\"150\" src=\"https:\/\/www.padreydecano.com\/cms\/wp-content\/uploads\/2015\/03\/plaqueta-futsal-150x150.jpg\" class=\"attachment-thumbnail size-thumbnail\" alt=\"plaqueta-futsal\" srcset=\"https:\/\/www.padreydecano.com\/cms\/wp-content\/uploads\/2015\/03\/plaqueta-futsal-150x150.jpg 150w, https:\/\/www.padreydecano.com\/cms\/wp-content\/uploads\/2015\/03\/plaqueta-futsal-36x36.jpg 36w, https:\/\/www.padreydecano.com\/cms\/wp-content\/uploads\/2015\/03\/plaqueta-futsal-115x115.jpg 115w\" sizes=\"(max-width: 150px) 100vw, 150px\" \/><\/a>\n\t\t\t<\/dt><\/dl><br style=\"clear: both\" \/>\n\t\t<\/div>\n\n<p><strong><span style=\"color: #ffcc02;\">Pe\u00f1arol F\u00fatbol Sala: resumen viaje a Buenos Aires &#8211; Copa F\u00e9lix Zugasti<\/span><\/strong><\/p>\n<div align=\"center\">\n<table class=\"video\">\n<tbody>\n<tr>\n<td>A<iframe loading=\"lazy\" src=\"https:\/\/www.youtube.com\/embed\/dZ4Uu9SwP3k?wmode=transparent\" width=\"560\" height=\"315\" frameborder=\"0\" allowfullscreen=\"allowfullscreen\"><\/iframe><\/td>\n<\/tr>\n<\/tbody>\n<\/table>\n<\/div>\n","protected":false},"excerpt":{"rendered":"<p>Pe\u00f1arol disput\u00f3 en Argentina la Copa F\u00e9lix Zugasti organizada por el prestigioso Club Pinocho. El certamen internacional amistoso sirvi\u00f3 para obtener m\u00e1s rodaje de cara a la competencia local y a la Copa Libertadores que se jugar\u00e1 en mayo. El aurinegro\u00a0particip\u00f3 en este torneo estando en plena pretemporada, con mucha carga de trabajos f\u00edsicos, pero [&hellip;]<\/p>\n","protected":false},"author":13,"featured_media":0,"comment_status":"open","ping_status":"closed","sticky":false,"template":"","format":"standard","meta":{"footnotes":""},"categories":[27],"tags":[34],"yoast_head":"<!-- This site is optimized with the Yoast SEO plugin v23.2 - https:\/\/yoast.com\/wordpress\/plugins\/seo\/ -->\n<title>Futsal: Disputamos torneo internacional en Argentina - Padre y Decano - El Sitio del Pueblo<\/title>\n<meta name=\"robots\" content=\"index, follow, max-snippet:-1, max-image-preview:large, max-video-preview:-1\" \/>\n<link rel=\"canonical\" href=\"https:\/\/www.padreydecano.com\/cms\/otras-disciplinas\/futsal-penarol-disputo-torneo-internacional-en-argentina\/\" \/>\n<meta property=\"og:locale\" content=\"es_ES\" \/>\n<meta property=\"og:type\" content=\"article\" \/>\n<meta property=\"og:title\" content=\"Futsal: Disputamos torneo internacional en Argentina - Padre y Decano - El Sitio del Pueblo\" \/>\n<meta property=\"og:description\" content=\"Pe\u00f1arol disput\u00f3 en Argentina la Copa F\u00e9lix Zugasti organizada por el prestigioso Club Pinocho. El certamen internacional amistoso sirvi\u00f3 para obtener m\u00e1s rodaje de cara a la competencia local y a la Copa Libertadores que se jugar\u00e1 en mayo. El aurinegro\u00a0particip\u00f3 en este torneo estando en plena pretemporada, con mucha carga de trabajos f\u00edsicos, pero [&hellip;]\" \/>\n<meta property=\"og:url\" content=\"https:\/\/www.padreydecano.com\/cms\/otras-disciplinas\/futsal-penarol-disputo-torneo-internacional-en-argentina\/\" \/>\n<meta property=\"og:site_name\" content=\"Padre y Decano - El Sitio del Pueblo\" \/>\n<meta property=\"article:published_time\" content=\"2015-03-17T17:10:25+00:00\" \/>\n<meta property=\"article:modified_time\" content=\"2015-03-18T03:12:21+00:00\" \/>\n<meta property=\"og:image\" content=\"https:\/\/www.padreydecano.com\/cms\/wp-content\/uploads\/2015\/03\/futsal-pe\u00f1arol-150x150.jpg\" \/>\n<meta name=\"author\" content=\"Moderador\" \/>\n<meta name=\"twitter:card\" content=\"summary_large_image\" \/>\n<meta name=\"twitter:label1\" content=\"Escrito por\" \/>\n\t<meta name=\"twitter:data1\" content=\"Moderador\" \/>\n\t<meta name=\"twitter:label2\" content=\"Tiempo de lectura\" \/>\n\t<meta name=\"twitter:data2\" content=\"1 minuto\" \/>\n<script type=\"application\/ld+json\" class=\"yoast-schema-graph\">{\"@context\":\"https:\/\/schema.org\",\"@graph\":[{\"@type\":\"Article\",\"@id\":\"https:\/\/www.padreydecano.com\/cms\/otras-disciplinas\/futsal-penarol-disputo-torneo-internacional-en-argentina\/#article\",\"isPartOf\":{\"@id\":\"https:\/\/www.padreydecano.com\/cms\/otras-disciplinas\/futsal-penarol-disputo-torneo-internacional-en-argentina\/\"},\"author\":{\"name\":\"Moderador\",\"@id\":\"https:\/\/www.padreydecano.com\/cms\/#\/schema\/person\/d93e9e537230ae052c194251d9a1def2\"},\"headline\":\"Futsal: Disputamos torneo internacional en Argentina\",\"datePublished\":\"2015-03-17T17:10:25+00:00\",\"dateModified\":\"2015-03-18T03:12:21+00:00\",\"mainEntityOfPage\":{\"@id\":\"https:\/\/www.padreydecano.com\/cms\/otras-disciplinas\/futsal-penarol-disputo-torneo-internacional-en-argentina\/\"},\"wordCount\":291,\"commentCount\":2,\"publisher\":{\"@id\":\"https:\/\/www.padreydecano.com\/cms\/#organization\"},\"keywords\":[\"Futsal\"],\"articleSection\":[\"Otras disciplinas\"],\"inLanguage\":\"es\",\"potentialAction\":[{\"@type\":\"CommentAction\",\"name\":\"Comment\",\"target\":[\"https:\/\/www.padreydecano.com\/cms\/otras-disciplinas\/futsal-penarol-disputo-torneo-internacional-en-argentina\/#respond\"]}]},{\"@type\":\"WebPage\",\"@id\":\"https:\/\/www.padreydecano.com\/cms\/otras-disciplinas\/futsal-penarol-disputo-torneo-internacional-en-argentina\/\",\"url\":\"https:\/\/www.padreydecano.com\/cms\/otras-disciplinas\/futsal-penarol-disputo-torneo-internacional-en-argentina\/\",\"name\":\"Futsal: Disputamos torneo internacional en Argentina - Padre y Decano - El Sitio del Pueblo\",\"isPartOf\":{\"@id\":\"https:\/\/www.padreydecano.com\/cms\/#website\"},\"datePublished\":\"2015-03-17T17:10:25+00:00\",\"dateModified\":\"2015-03-18T03:12:21+00:00\",\"breadcrumb\":{\"@id\":\"https:\/\/www.padreydecano.com\/cms\/otras-disciplinas\/futsal-penarol-disputo-torneo-internacional-en-argentina\/#breadcrumb\"},\"inLanguage\":\"es\",\"potentialAction\":[{\"@type\":\"ReadAction\",\"target\":[\"https:\/\/www.padreydecano.com\/cms\/otras-disciplinas\/futsal-penarol-disputo-torneo-internacional-en-argentina\/\"]}]},{\"@type\":\"BreadcrumbList\",\"@id\":\"https:\/\/www.padreydecano.com\/cms\/otras-disciplinas\/futsal-penarol-disputo-torneo-internacional-en-argentina\/#breadcrumb\",\"itemListElement\":[{\"@type\":\"ListItem\",\"position\":1,\"name\":\"Portada\",\"item\":\"https:\/\/www.padreydecano.com\/cms\/\"},{\"@type\":\"ListItem\",\"position\":2,\"name\":\"Futsal: Disputamos torneo internacional en Argentina\"}]},{\"@type\":\"WebSite\",\"@id\":\"https:\/\/www.padreydecano.com\/cms\/#website\",\"url\":\"https:\/\/www.padreydecano.com\/cms\/\",\"name\":\"Padre y Decano - El Sitio del Pueblo\",\"description\":\"Club Atl\u00e9tico Pe\u00f1arol\",\"publisher\":{\"@id\":\"https:\/\/www.padreydecano.com\/cms\/#organization\"},\"potentialAction\":[{\"@type\":\"SearchAction\",\"target\":{\"@type\":\"EntryPoint\",\"urlTemplate\":\"https:\/\/www.padreydecano.com\/cms\/?s={search_term_string}\"},\"query-input\":\"required name=search_term_string\"}],\"inLanguage\":\"es\"},{\"@type\":\"Organization\",\"@id\":\"https:\/\/www.padreydecano.com\/cms\/#organization\",\"name\":\"Padre y Decano\",\"url\":\"https:\/\/www.padreydecano.com\/cms\/\",\"logo\":{\"@type\":\"ImageObject\",\"inLanguage\":\"es\",\"@id\":\"https:\/\/www.padreydecano.com\/cms\/#\/schema\/logo\/image\/\",\"url\":\"https:\/\/www.padreydecano.com\/cms\/wp-content\/uploads\/2022\/01\/avatar-square.png\",\"contentUrl\":\"https:\/\/www.padreydecano.com\/cms\/wp-content\/uploads\/2022\/01\/avatar-square.png\",\"width\":1500,\"height\":1500,\"caption\":\"Padre y Decano\"},\"image\":{\"@id\":\"https:\/\/www.padreydecano.com\/cms\/#\/schema\/logo\/image\/\"}},{\"@type\":\"Person\",\"@id\":\"https:\/\/www.padreydecano.com\/cms\/#\/schema\/person\/d93e9e537230ae052c194251d9a1def2\",\"name\":\"Moderador\",\"image\":{\"@type\":\"ImageObject\",\"inLanguage\":\"es\",\"@id\":\"https:\/\/www.padreydecano.com\/cms\/#\/schema\/person\/image\/\",\"url\":\"https:\/\/secure.gravatar.com\/avatar\/2587727bf8a53bd3da4ec49f01bea66e?s=96&d=https%3A%2F%2Fpadreydecano.com%2Fcms%2Fwp-content%2Fthemes%2Fpyd-theme%2Fimg%2Fdefault-avatar.png&r=g\",\"contentUrl\":\"https:\/\/secure.gravatar.com\/avatar\/2587727bf8a53bd3da4ec49f01bea66e?s=96&d=https%3A%2F%2Fpadreydecano.com%2Fcms%2Fwp-content%2Fthemes%2Fpyd-theme%2Fimg%2Fdefault-avatar.png&r=g\",\"caption\":\"Moderador\"}}]}<\/script>\n<!-- \/ Yoast SEO plugin. -->","yoast_head_json":{"title":"Futsal: Disputamos torneo internacional en Argentina - Padre y Decano - El Sitio del Pueblo","robots":{"index":"index","follow":"follow","max-snippet":"max-snippet:-1","max-image-preview":"max-image-preview:large","max-video-preview":"max-video-preview:-1"},"canonical":"https:\/\/www.padreydecano.com\/cms\/otras-disciplinas\/futsal-penarol-disputo-torneo-internacional-en-argentina\/","og_locale":"es_ES","og_type":"article","og_title":"Futsal: Disputamos torneo internacional en Argentina - Padre y Decano - El Sitio del Pueblo","og_description":"Pe\u00f1arol disput\u00f3 en Argentina la Copa F\u00e9lix Zugasti organizada por el prestigioso Club Pinocho. El certamen internacional amistoso sirvi\u00f3 para obtener m\u00e1s rodaje de cara a la competencia local y a la Copa Libertadores que se jugar\u00e1 en mayo. El aurinegro\u00a0particip\u00f3 en este torneo estando en plena pretemporada, con mucha carga de trabajos f\u00edsicos, pero [&hellip;]","og_url":"https:\/\/www.padreydecano.com\/cms\/otras-disciplinas\/futsal-penarol-disputo-torneo-internacional-en-argentina\/","og_site_name":"Padre y Decano - El Sitio del Pueblo","article_published_time":"2015-03-17T17:10:25+00:00","article_modified_time":"2015-03-18T03:12:21+00:00","og_image":[{"url":"https:\/\/www.padreydecano.com\/cms\/wp-content\/uploads\/2015\/03\/futsal-pe\u00f1arol-150x150.jpg"}],"author":"Moderador","twitter_card":"summary_large_image","twitter_misc":{"Escrito por":"Moderador","Tiempo de lectura":"1 minuto"},"schema":{"@context":"https:\/\/schema.org","@graph":[{"@type":"Article","@id":"https:\/\/www.padreydecano.com\/cms\/otras-disciplinas\/futsal-penarol-disputo-torneo-internacional-en-argentina\/#article","isPartOf":{"@id":"https:\/\/www.padreydecano.com\/cms\/otras-disciplinas\/futsal-penarol-disputo-torneo-internacional-en-argentina\/"},"author":{"name":"Moderador","@id":"https:\/\/www.padreydecano.com\/cms\/#\/schema\/person\/d93e9e537230ae052c194251d9a1def2"},"headline":"Futsal: Disputamos torneo internacional en Argentina","datePublished":"2015-03-17T17:10:25+00:00","dateModified":"2015-03-18T03:12:21+00:00","mainEntityOfPage":{"@id":"https:\/\/www.padreydecano.com\/cms\/otras-disciplinas\/futsal-penarol-disputo-torneo-internacional-en-argentina\/"},"wordCount":291,"commentCount":2,"publisher":{"@id":"https:\/\/www.padreydecano.com\/cms\/#organization"},"keywords":["Futsal"],"articleSection":["Otras disciplinas"],"inLanguage":"es","potentialAction":[{"@type":"CommentAction","name":"Comment","target":["https:\/\/www.padreydecano.com\/cms\/otras-disciplinas\/futsal-penarol-disputo-torneo-internacional-en-argentina\/#respond"]}]},{"@type":"WebPage","@id":"https:\/\/www.padreydecano.com\/cms\/otras-disciplinas\/futsal-penarol-disputo-torneo-internacional-en-argentina\/","url":"https:\/\/www.padreydecano.com\/cms\/otras-disciplinas\/futsal-penarol-disputo-torneo-internacional-en-argentina\/","name":"Futsal: Disputamos torneo internacional en Argentina - Padre y Decano - El Sitio del Pueblo","isPartOf":{"@id":"https:\/\/www.padreydecano.com\/cms\/#website"},"datePublished":"2015-03-17T17:10:25+00:00","dateModified":"2015-03-18T03:12:21+00:00","breadcrumb":{"@id":"https:\/\/www.padreydecano.com\/cms\/otras-disciplinas\/futsal-penarol-disputo-torneo-internacional-en-argentina\/#breadcrumb"},"inLanguage":"es","potentialAction":[{"@type":"ReadAction","target":["https:\/\/www.padreydecano.com\/cms\/otras-disciplinas\/futsal-penarol-disputo-torneo-internacional-en-argentina\/"]}]},{"@type":"BreadcrumbList","@id":"https:\/\/www.padreydecano.com\/cms\/otras-disciplinas\/futsal-penarol-disputo-torneo-internacional-en-argentina\/#breadcrumb","itemListElement":[{"@type":"ListItem","position":1,"name":"Portada","item":"https:\/\/www.padreydecano.com\/cms\/"},{"@type":"ListItem","position":2,"name":"Futsal: Disputamos torneo internacional en Argentina"}]},{"@type":"WebSite","@id":"https:\/\/www.padreydecano.com\/cms\/#website","url":"https:\/\/www.padreydecano.com\/cms\/","name":"Padre y Decano - El Sitio del Pueblo","description":"Club Atl\u00e9tico Pe\u00f1arol","publisher":{"@id":"https:\/\/www.padreydecano.com\/cms\/#organization"},"potentialAction":[{"@type":"SearchAction","target":{"@type":"EntryPoint","urlTemplate":"https:\/\/www.padreydecano.com\/cms\/?s={search_term_string}"},"query-input":"required name=search_term_string"}],"inLanguage":"es"},{"@type":"Organization","@id":"https:\/\/www.padreydecano.com\/cms\/#organization","name":"Padre y Decano","url":"https:\/\/www.padreydecano.com\/cms\/","logo":{"@type":"ImageObject","inLanguage":"es","@id":"https:\/\/www.padreydecano.com\/cms\/#\/schema\/logo\/image\/","url":"https:\/\/www.padreydecano.com\/cms\/wp-content\/uploads\/2022\/01\/avatar-square.png","contentUrl":"https:\/\/www.padreydecano.com\/cms\/wp-content\/uploads\/2022\/01\/avatar-square.png","width":1500,"height":1500,"caption":"Padre y Decano"},"image":{"@id":"https:\/\/www.padreydecano.com\/cms\/#\/schema\/logo\/image\/"}},{"@type":"Person","@id":"https:\/\/www.padreydecano.com\/cms\/#\/schema\/person\/d93e9e537230ae052c194251d9a1def2","name":"Moderador","image":{"@type":"ImageObject","inLanguage":"es","@id":"https:\/\/www.padreydecano.com\/cms\/#\/schema\/person\/image\/","url":"https:\/\/secure.gravatar.com\/avatar\/2587727bf8a53bd3da4ec49f01bea66e?s=96&d=https%3A%2F%2Fpadreydecano.com%2Fcms%2Fwp-content%2Fthemes%2Fpyd-theme%2Fimg%2Fdefault-avatar.png&r=g","contentUrl":"https:\/\/secure.gravatar.com\/avatar\/2587727bf8a53bd3da4ec49f01bea66e?s=96&d=https%3A%2F%2Fpadreydecano.com%2Fcms%2Fwp-content%2Fthemes%2Fpyd-theme%2Fimg%2Fdefault-avatar.png&r=g","caption":"Moderador"}}]}},"_links":{"self":[{"href":"https:\/\/www.padreydecano.com\/cms\/wp-json\/wp\/v2\/posts\/51798"}],"collection":[{"href":"https:\/\/www.padreydecano.com\/cms\/wp-json\/wp\/v2\/posts"}],"about":[{"href":"https:\/\/www.padreydecano.com\/cms\/wp-json\/wp\/v2\/types\/post"}],"author":[{"embeddable":true,"href":"https:\/\/www.padreydecano.com\/cms\/wp-json\/wp\/v2\/users\/13"}],"replies":[{"embeddable":true,"href":"https:\/\/www.padreydecano.com\/cms\/wp-json\/wp\/v2\/comments?post=51798"}],"version-history":[{"count":0,"href":"https:\/\/www.padreydecano.com\/cms\/wp-json\/wp\/v2\/posts\/51798\/revisions"}],"wp:attachment":[{"href":"https:\/\/www.padreydecano.com\/cms\/wp-json\/wp\/v2\/media?parent=51798"}],"wp:term":[{"taxonomy":"category","embeddable":true,"href":"https:\/\/www.padreydecano.com\/cms\/wp-json\/wp\/v2\/categories?post=51798"},{"taxonomy":"post_tag","embeddable":true,"href":"https:\/\/www.padreydecano.com\/cms\/wp-json\/wp\/v2\/tags?post=51798"}],"curies":[{"name":"wp","href":"https:\/\/api.w.org\/{rel}","templated":true}]}}