{"id":51614,"date":"2015-03-09T10:45:49","date_gmt":"2015-03-09T13:45:49","guid":{"rendered":"http:\/\/www.padreydecano.com\/cms\/?p=51614"},"modified":"2015-03-09T10:45:49","modified_gmt":"2015-03-09T13:45:49","slug":"el-pajaro-pico-fuerte","status":"publish","type":"post","link":"https:\/\/www.padreydecano.com\/cms\/noticias\/el-pajaro-pico-fuerte\/","title":{"rendered":"El P\u00e1jaro pic\u00f3 fuerte"},"content":{"rendered":"<p style=\"text-align: justify;\">Uruguay derrot\u00f3 2 a 1 a Argentina por el Sudamericano Sub 17 con dos anotaciones de nuestro juvenil Federico Valverde. El \u00abP\u00e1jaro\u00bb abri\u00f3 la cuenta para la celeste con una jugada individual, dejando varios rivales por el camino y rematando ajustado contra el palo derecho del arquero argentino. En el complemento empat\u00f3 Argentina con un cabezazo pero sobre los 76 otra vez Valverde anot\u00f3, esta vez de penal.<\/p>\n<p style=\"text-align: justify;\">Tambi\u00e9n fueron titulares el arquero Renzo Rodr\u00edguez, el defensa Santiago Bueno y el delantero\u00a0Diego Rossi. Maxi Silveira y Mart\u00edn Chaves a\u00fan no han sumado minutos en el torneo.<\/p>\n<p style=\"text-align: justify;\">El equipo dirigido por Ostolaza obtuvo los 6 puntos que dispurt\u00f3, ya que en el debit hab\u00eda goleado 4 a 1 a Bolivia, con una anotaci\u00f3n tambi\u00e9n de Fede Valverde.<\/p>\n<div align=\"center\">\n<table class=\"video\">\n<tbody>\n<tr>\n<td><iframe loading=\"lazy\" src=\"https:\/\/www.youtube.com\/embed\/WSwEJhzlWBY?wmode=transparent\" width=\"560\" height=\"315\" frameborder=\"0\" allowfullscreen=\"allowfullscreen\"><\/iframe><\/td>\n<\/tr>\n<\/tbody>\n<\/table>\n<\/div>\n","protected":false},"excerpt":{"rendered":"<p>Uruguay derrot\u00f3 2 a 1 a Argentina por el Sudamericano Sub 17 con dos anotaciones de nuestro juvenil Federico Valverde. El \u00abP\u00e1jaro\u00bb abri\u00f3 la cuenta para la celeste con una jugada individual, dejando varios rivales por el camino y rematando ajustado contra el palo derecho del arquero argentino. En el complemento empat\u00f3 Argentina con un [&hellip;]<\/p>\n","protected":false},"author":13,"featured_media":51615,"comment_status":"open","ping_status":"closed","sticky":false,"template":"","format":"standard","meta":{"footnotes":""},"categories":[1],"tags":[105],"yoast_head":"<!-- This site is optimized with the Yoast SEO plugin v23.2 - https:\/\/yoast.com\/wordpress\/plugins\/seo\/ -->\n<title>El P\u00e1jaro pic\u00f3 fuerte - Padre y Decano - El Sitio del Pueblo<\/title>\n<meta name=\"robots\" content=\"index, follow, max-snippet:-1, max-image-preview:large, max-video-preview:-1\" \/>\n<link rel=\"canonical\" href=\"https:\/\/www.padreydecano.com\/cms\/noticias\/el-pajaro-pico-fuerte\/\" \/>\n<meta property=\"og:locale\" content=\"es_ES\" \/>\n<meta property=\"og:type\" content=\"article\" \/>\n<meta property=\"og:title\" content=\"El P\u00e1jaro pic\u00f3 fuerte - Padre y Decano - El Sitio del Pueblo\" \/>\n<meta property=\"og:description\" content=\"Uruguay derrot\u00f3 2 a 1 a Argentina por el Sudamericano Sub 17 con dos anotaciones de nuestro juvenil Federico Valverde. El \u00abP\u00e1jaro\u00bb abri\u00f3 la cuenta para la celeste con una jugada individual, dejando varios rivales por el camino y rematando ajustado contra el palo derecho del arquero argentino. En el complemento empat\u00f3 Argentina con un [&hellip;]\" \/>\n<meta property=\"og:url\" content=\"https:\/\/www.padreydecano.com\/cms\/noticias\/el-pajaro-pico-fuerte\/\" \/>\n<meta property=\"og:site_name\" content=\"Padre y Decano - El Sitio del Pueblo\" \/>\n<meta property=\"article:published_time\" content=\"2015-03-09T13:45:49+00:00\" \/>\n<meta property=\"og:image\" content=\"https:\/\/www.padreydecano.com\/cms\/wp-content\/uploads\/2015\/03\/federico-valverde-sub17-uruguay.jpg\" \/>\n\t<meta property=\"og:image:width\" content=\"599\" \/>\n\t<meta property=\"og:image:height\" content=\"337\" \/>\n\t<meta property=\"og:image:type\" content=\"image\/jpeg\" \/>\n<meta name=\"author\" content=\"Moderador\" \/>\n<meta name=\"twitter:card\" content=\"summary_large_image\" \/>\n<meta name=\"twitter:label1\" content=\"Escrito por\" \/>\n\t<meta name=\"twitter:data1\" content=\"Moderador\" \/>\n\t<meta name=\"twitter:label2\" content=\"Tiempo de lectura\" \/>\n\t<meta name=\"twitter:data2\" content=\"1 minuto\" \/>\n<script type=\"application\/ld+json\" class=\"yoast-schema-graph\">{\"@context\":\"https:\/\/schema.org\",\"@graph\":[{\"@type\":\"Article\",\"@id\":\"https:\/\/www.padreydecano.com\/cms\/noticias\/el-pajaro-pico-fuerte\/#article\",\"isPartOf\":{\"@id\":\"https:\/\/www.padreydecano.com\/cms\/noticias\/el-pajaro-pico-fuerte\/\"},\"author\":{\"name\":\"Moderador\",\"@id\":\"https:\/\/www.padreydecano.com\/cms\/#\/schema\/person\/d93e9e537230ae052c194251d9a1def2\"},\"headline\":\"El P\u00e1jaro pic\u00f3 fuerte\",\"datePublished\":\"2015-03-09T13:45:49+00:00\",\"dateModified\":\"2015-03-09T13:45:49+00:00\",\"mainEntityOfPage\":{\"@id\":\"https:\/\/www.padreydecano.com\/cms\/noticias\/el-pajaro-pico-fuerte\/\"},\"wordCount\":133,\"commentCount\":17,\"publisher\":{\"@id\":\"https:\/\/www.padreydecano.com\/cms\/#organization\"},\"image\":{\"@id\":\"https:\/\/www.padreydecano.com\/cms\/noticias\/el-pajaro-pico-fuerte\/#primaryimage\"},\"thumbnailUrl\":\"https:\/\/www.padreydecano.com\/cms\/wp-content\/uploads\/2015\/03\/federico-valverde-sub17-uruguay.jpg\",\"keywords\":[\"Selecci\u00f3n Uruguaya\"],\"articleSection\":[\"Noticias\"],\"inLanguage\":\"es\",\"potentialAction\":[{\"@type\":\"CommentAction\",\"name\":\"Comment\",\"target\":[\"https:\/\/www.padreydecano.com\/cms\/noticias\/el-pajaro-pico-fuerte\/#respond\"]}]},{\"@type\":\"WebPage\",\"@id\":\"https:\/\/www.padreydecano.com\/cms\/noticias\/el-pajaro-pico-fuerte\/\",\"url\":\"https:\/\/www.padreydecano.com\/cms\/noticias\/el-pajaro-pico-fuerte\/\",\"name\":\"El P\u00e1jaro pic\u00f3 fuerte - Padre y Decano - El Sitio del Pueblo\",\"isPartOf\":{\"@id\":\"https:\/\/www.padreydecano.com\/cms\/#website\"},\"primaryImageOfPage\":{\"@id\":\"https:\/\/www.padreydecano.com\/cms\/noticias\/el-pajaro-pico-fuerte\/#primaryimage\"},\"image\":{\"@id\":\"https:\/\/www.padreydecano.com\/cms\/noticias\/el-pajaro-pico-fuerte\/#primaryimage\"},\"thumbnailUrl\":\"https:\/\/www.padreydecano.com\/cms\/wp-content\/uploads\/2015\/03\/federico-valverde-sub17-uruguay.jpg\",\"datePublished\":\"2015-03-09T13:45:49+00:00\",\"dateModified\":\"2015-03-09T13:45:49+00:00\",\"breadcrumb\":{\"@id\":\"https:\/\/www.padreydecano.com\/cms\/noticias\/el-pajaro-pico-fuerte\/#breadcrumb\"},\"inLanguage\":\"es\",\"potentialAction\":[{\"@type\":\"ReadAction\",\"target\":[\"https:\/\/www.padreydecano.com\/cms\/noticias\/el-pajaro-pico-fuerte\/\"]}]},{\"@type\":\"ImageObject\",\"inLanguage\":\"es\",\"@id\":\"https:\/\/www.padreydecano.com\/cms\/noticias\/el-pajaro-pico-fuerte\/#primaryimage\",\"url\":\"https:\/\/www.padreydecano.com\/cms\/wp-content\/uploads\/2015\/03\/federico-valverde-sub17-uruguay.jpg\",\"contentUrl\":\"https:\/\/www.padreydecano.com\/cms\/wp-content\/uploads\/2015\/03\/federico-valverde-sub17-uruguay.jpg\",\"width\":599,\"height\":337},{\"@type\":\"BreadcrumbList\",\"@id\":\"https:\/\/www.padreydecano.com\/cms\/noticias\/el-pajaro-pico-fuerte\/#breadcrumb\",\"itemListElement\":[{\"@type\":\"ListItem\",\"position\":1,\"name\":\"Portada\",\"item\":\"https:\/\/www.padreydecano.com\/cms\/\"},{\"@type\":\"ListItem\",\"position\":2,\"name\":\"El P\u00e1jaro pic\u00f3 fuerte\"}]},{\"@type\":\"WebSite\",\"@id\":\"https:\/\/www.padreydecano.com\/cms\/#website\",\"url\":\"https:\/\/www.padreydecano.com\/cms\/\",\"name\":\"Padre y Decano - El Sitio del Pueblo\",\"description\":\"Club Atl\u00e9tico Pe\u00f1arol\",\"publisher\":{\"@id\":\"https:\/\/www.padreydecano.com\/cms\/#organization\"},\"potentialAction\":[{\"@type\":\"SearchAction\",\"target\":{\"@type\":\"EntryPoint\",\"urlTemplate\":\"https:\/\/www.padreydecano.com\/cms\/?s={search_term_string}\"},\"query-input\":\"required name=search_term_string\"}],\"inLanguage\":\"es\"},{\"@type\":\"Organization\",\"@id\":\"https:\/\/www.padreydecano.com\/cms\/#organization\",\"name\":\"Padre y Decano\",\"url\":\"https:\/\/www.padreydecano.com\/cms\/\",\"logo\":{\"@type\":\"ImageObject\",\"inLanguage\":\"es\",\"@id\":\"https:\/\/www.padreydecano.com\/cms\/#\/schema\/logo\/image\/\",\"url\":\"https:\/\/www.padreydecano.com\/cms\/wp-content\/uploads\/2022\/01\/avatar-square.png\",\"contentUrl\":\"https:\/\/www.padreydecano.com\/cms\/wp-content\/uploads\/2022\/01\/avatar-square.png\",\"width\":1500,\"height\":1500,\"caption\":\"Padre y Decano\"},\"image\":{\"@id\":\"https:\/\/www.padreydecano.com\/cms\/#\/schema\/logo\/image\/\"}},{\"@type\":\"Person\",\"@id\":\"https:\/\/www.padreydecano.com\/cms\/#\/schema\/person\/d93e9e537230ae052c194251d9a1def2\",\"name\":\"Moderador\",\"image\":{\"@type\":\"ImageObject\",\"inLanguage\":\"es\",\"@id\":\"https:\/\/www.padreydecano.com\/cms\/#\/schema\/person\/image\/\",\"url\":\"https:\/\/secure.gravatar.com\/avatar\/2587727bf8a53bd3da4ec49f01bea66e?s=96&d=https%3A%2F%2Fpadreydecano.com%2Fcms%2Fwp-content%2Fthemes%2Fpyd-theme%2Fimg%2Fdefault-avatar.png&r=g\",\"contentUrl\":\"https:\/\/secure.gravatar.com\/avatar\/2587727bf8a53bd3da4ec49f01bea66e?s=96&d=https%3A%2F%2Fpadreydecano.com%2Fcms%2Fwp-content%2Fthemes%2Fpyd-theme%2Fimg%2Fdefault-avatar.png&r=g\",\"caption\":\"Moderador\"}}]}<\/script>\n<!-- \/ Yoast SEO plugin. -->","yoast_head_json":{"title":"El P\u00e1jaro pic\u00f3 fuerte - Padre y Decano - El Sitio del Pueblo","robots":{"index":"index","follow":"follow","max-snippet":"max-snippet:-1","max-image-preview":"max-image-preview:large","max-video-preview":"max-video-preview:-1"},"canonical":"https:\/\/www.padreydecano.com\/cms\/noticias\/el-pajaro-pico-fuerte\/","og_locale":"es_ES","og_type":"article","og_title":"El P\u00e1jaro pic\u00f3 fuerte - Padre y Decano - El Sitio del Pueblo","og_description":"Uruguay derrot\u00f3 2 a 1 a Argentina por el Sudamericano Sub 17 con dos anotaciones de nuestro juvenil Federico Valverde. El \u00abP\u00e1jaro\u00bb abri\u00f3 la cuenta para la celeste con una jugada individual, dejando varios rivales por el camino y rematando ajustado contra el palo derecho del arquero argentino. En el complemento empat\u00f3 Argentina con un [&hellip;]","og_url":"https:\/\/www.padreydecano.com\/cms\/noticias\/el-pajaro-pico-fuerte\/","og_site_name":"Padre y Decano - El Sitio del Pueblo","article_published_time":"2015-03-09T13:45:49+00:00","og_image":[{"width":599,"height":337,"url":"https:\/\/www.padreydecano.com\/cms\/wp-content\/uploads\/2015\/03\/federico-valverde-sub17-uruguay.jpg","type":"image\/jpeg"}],"author":"Moderador","twitter_card":"summary_large_image","twitter_misc":{"Escrito por":"Moderador","Tiempo de lectura":"1 minuto"},"schema":{"@context":"https:\/\/schema.org","@graph":[{"@type":"Article","@id":"https:\/\/www.padreydecano.com\/cms\/noticias\/el-pajaro-pico-fuerte\/#article","isPartOf":{"@id":"https:\/\/www.padreydecano.com\/cms\/noticias\/el-pajaro-pico-fuerte\/"},"author":{"name":"Moderador","@id":"https:\/\/www.padreydecano.com\/cms\/#\/schema\/person\/d93e9e537230ae052c194251d9a1def2"},"headline":"El P\u00e1jaro pic\u00f3 fuerte","datePublished":"2015-03-09T13:45:49+00:00","dateModified":"2015-03-09T13:45:49+00:00","mainEntityOfPage":{"@id":"https:\/\/www.padreydecano.com\/cms\/noticias\/el-pajaro-pico-fuerte\/"},"wordCount":133,"commentCount":17,"publisher":{"@id":"https:\/\/www.padreydecano.com\/cms\/#organization"},"image":{"@id":"https:\/\/www.padreydecano.com\/cms\/noticias\/el-pajaro-pico-fuerte\/#primaryimage"},"thumbnailUrl":"https:\/\/www.padreydecano.com\/cms\/wp-content\/uploads\/2015\/03\/federico-valverde-sub17-uruguay.jpg","keywords":["Selecci\u00f3n Uruguaya"],"articleSection":["Noticias"],"inLanguage":"es","potentialAction":[{"@type":"CommentAction","name":"Comment","target":["https:\/\/www.padreydecano.com\/cms\/noticias\/el-pajaro-pico-fuerte\/#respond"]}]},{"@type":"WebPage","@id":"https:\/\/www.padreydecano.com\/cms\/noticias\/el-pajaro-pico-fuerte\/","url":"https:\/\/www.padreydecano.com\/cms\/noticias\/el-pajaro-pico-fuerte\/","name":"El P\u00e1jaro pic\u00f3 fuerte - Padre y Decano - El Sitio del Pueblo","isPartOf":{"@id":"https:\/\/www.padreydecano.com\/cms\/#website"},"primaryImageOfPage":{"@id":"https:\/\/www.padreydecano.com\/cms\/noticias\/el-pajaro-pico-fuerte\/#primaryimage"},"image":{"@id":"https:\/\/www.padreydecano.com\/cms\/noticias\/el-pajaro-pico-fuerte\/#primaryimage"},"thumbnailUrl":"https:\/\/www.padreydecano.com\/cms\/wp-content\/uploads\/2015\/03\/federico-valverde-sub17-uruguay.jpg","datePublished":"2015-03-09T13:45:49+00:00","dateModified":"2015-03-09T13:45:49+00:00","breadcrumb":{"@id":"https:\/\/www.padreydecano.com\/cms\/noticias\/el-pajaro-pico-fuerte\/#breadcrumb"},"inLanguage":"es","potentialAction":[{"@type":"ReadAction","target":["https:\/\/www.padreydecano.com\/cms\/noticias\/el-pajaro-pico-fuerte\/"]}]},{"@type":"ImageObject","inLanguage":"es","@id":"https:\/\/www.padreydecano.com\/cms\/noticias\/el-pajaro-pico-fuerte\/#primaryimage","url":"https:\/\/www.padreydecano.com\/cms\/wp-content\/uploads\/2015\/03\/federico-valverde-sub17-uruguay.jpg","contentUrl":"https:\/\/www.padreydecano.com\/cms\/wp-content\/uploads\/2015\/03\/federico-valverde-sub17-uruguay.jpg","width":599,"height":337},{"@type":"BreadcrumbList","@id":"https:\/\/www.padreydecano.com\/cms\/noticias\/el-pajaro-pico-fuerte\/#breadcrumb","itemListElement":[{"@type":"ListItem","position":1,"name":"Portada","item":"https:\/\/www.padreydecano.com\/cms\/"},{"@type":"ListItem","position":2,"name":"El P\u00e1jaro pic\u00f3 fuerte"}]},{"@type":"WebSite","@id":"https:\/\/www.padreydecano.com\/cms\/#website","url":"https:\/\/www.padreydecano.com\/cms\/","name":"Padre y Decano - El Sitio del Pueblo","description":"Club Atl\u00e9tico Pe\u00f1arol","publisher":{"@id":"https:\/\/www.padreydecano.com\/cms\/#organization"},"potentialAction":[{"@type":"SearchAction","target":{"@type":"EntryPoint","urlTemplate":"https:\/\/www.padreydecano.com\/cms\/?s={search_term_string}"},"query-input":"required name=search_term_string"}],"inLanguage":"es"},{"@type":"Organization","@id":"https:\/\/www.padreydecano.com\/cms\/#organization","name":"Padre y Decano","url":"https:\/\/www.padreydecano.com\/cms\/","logo":{"@type":"ImageObject","inLanguage":"es","@id":"https:\/\/www.padreydecano.com\/cms\/#\/schema\/logo\/image\/","url":"https:\/\/www.padreydecano.com\/cms\/wp-content\/uploads\/2022\/01\/avatar-square.png","contentUrl":"https:\/\/www.padreydecano.com\/cms\/wp-content\/uploads\/2022\/01\/avatar-square.png","width":1500,"height":1500,"caption":"Padre y Decano"},"image":{"@id":"https:\/\/www.padreydecano.com\/cms\/#\/schema\/logo\/image\/"}},{"@type":"Person","@id":"https:\/\/www.padreydecano.com\/cms\/#\/schema\/person\/d93e9e537230ae052c194251d9a1def2","name":"Moderador","image":{"@type":"ImageObject","inLanguage":"es","@id":"https:\/\/www.padreydecano.com\/cms\/#\/schema\/person\/image\/","url":"https:\/\/secure.gravatar.com\/avatar\/2587727bf8a53bd3da4ec49f01bea66e?s=96&d=https%3A%2F%2Fpadreydecano.com%2Fcms%2Fwp-content%2Fthemes%2Fpyd-theme%2Fimg%2Fdefault-avatar.png&r=g","contentUrl":"https:\/\/secure.gravatar.com\/avatar\/2587727bf8a53bd3da4ec49f01bea66e?s=96&d=https%3A%2F%2Fpadreydecano.com%2Fcms%2Fwp-content%2Fthemes%2Fpyd-theme%2Fimg%2Fdefault-avatar.png&r=g","caption":"Moderador"}}]}},"_links":{"self":[{"href":"https:\/\/www.padreydecano.com\/cms\/wp-json\/wp\/v2\/posts\/51614"}],"collection":[{"href":"https:\/\/www.padreydecano.com\/cms\/wp-json\/wp\/v2\/posts"}],"about":[{"href":"https:\/\/www.padreydecano.com\/cms\/wp-json\/wp\/v2\/types\/post"}],"author":[{"embeddable":true,"href":"https:\/\/www.padreydecano.com\/cms\/wp-json\/wp\/v2\/users\/13"}],"replies":[{"embeddable":true,"href":"https:\/\/www.padreydecano.com\/cms\/wp-json\/wp\/v2\/comments?post=51614"}],"version-history":[{"count":0,"href":"https:\/\/www.padreydecano.com\/cms\/wp-json\/wp\/v2\/posts\/51614\/revisions"}],"wp:featuredmedia":[{"embeddable":true,"href":"https:\/\/www.padreydecano.com\/cms\/wp-json\/wp\/v2\/media\/51615"}],"wp:attachment":[{"href":"https:\/\/www.padreydecano.com\/cms\/wp-json\/wp\/v2\/media?parent=51614"}],"wp:term":[{"taxonomy":"category","embeddable":true,"href":"https:\/\/www.padreydecano.com\/cms\/wp-json\/wp\/v2\/categories?post=51614"},{"taxonomy":"post_tag","embeddable":true,"href":"https:\/\/www.padreydecano.com\/cms\/wp-json\/wp\/v2\/tags?post=51614"}],"curies":[{"name":"wp","href":"https:\/\/api.w.org\/{rel}","templated":true}]}}