{"id":51471,"date":"2015-02-24T11:26:03","date_gmt":"2015-02-24T13:26:03","guid":{"rendered":"http:\/\/www.padreydecano.com\/cms\/?p=51471"},"modified":"2015-02-24T11:43:13","modified_gmt":"2015-02-24T13:43:13","slug":"facundo-rodriguez-estoy-cumpliendo-un-sueno","status":"publish","type":"post","link":"https:\/\/www.padreydecano.com\/cms\/entrevistas\/facundo-rodriguez-estoy-cumpliendo-un-sueno\/","title":{"rendered":"Facundo Rodr\u00edguez: \u00abEstoy cumpliendo un sue\u00f1o\u00bb"},"content":{"rendered":"<p style=\"text-align: justify;\"><a href=\"https:\/\/www.padreydecano.com\/cms\/wp-content\/uploads\/2015\/02\/facundo-rodriguez-penarol-juventud-clausura-2015-14.jpg\" rel=\"shadowbox[sbpost-51471];player=img;\"><img loading=\"lazy\" decoding=\"async\" class=\"alignright size-medium wp-image-51472\" src=\"https:\/\/www.padreydecano.com\/cms\/wp-content\/uploads\/2015\/02\/facundo-rodriguez-penarol-juventud-clausura-2015-14-223x300.jpg\" alt=\"facundo-rodriguez-penarol-juventud-clausura-2015-14\" width=\"223\" height=\"300\" srcset=\"https:\/\/www.padreydecano.com\/cms\/wp-content\/uploads\/2015\/02\/facundo-rodriguez-penarol-juventud-clausura-2015-14-223x300.jpg 223w, https:\/\/www.padreydecano.com\/cms\/wp-content\/uploads\/2015\/02\/facundo-rodriguez-penarol-juventud-clausura-2015-14.jpg 668w\" sizes=\"(max-width: 223px) 100vw, 223px\" \/><\/a><\/p>\n<p style=\"text-align: justify;\"><strong>Facundo Rodr\u00edguez, juvenil promesa de Pe\u00f1arol, habl\u00f3 en Rock &amp; Gol (1010 AM) sobre su actualidad en el plantel principal aurinegro, luego de haber jugado dos partidos oficiales como titular. \u201cEstoy cumpliendo un sue\u00f1o. Siempre de chico quise jugar en este club. No me lo esperaba, fue medio sorpresivo. Por suerte Pablo me dio la posibilidad y la estoy aprovechando\u201d.<\/strong><\/p>\n<p style=\"text-align: justify;\"><span style=\"color: #ffcc02;\"><strong>Primer equipo:<\/strong><\/span> \u201cSi digo la verdad, en ning\u00fan momento ve\u00eda la situaci\u00f3n que me est\u00e1 tocando ahora. Cuando vi que iba a jugar el partido contra Cerro no lo pod\u00eda creer. Hubo de todo un poco de todo, pero m\u00e1s ansiedad que nervios\u201d.<\/p>\n<p style=\"text-align: justify;\"><span style=\"color: #ffcc02;\"><strong>Posici\u00f3n:<\/strong><\/span> \u201cNormalmente en juveniles jug\u00e1bamos con dos delanteros y yo me tiraba a recibir la pelota a la mitad de la cancha. No soy 9 de \u00e1rea, m\u00e1s o menos media punta\u201d.<\/p>\n<p style=\"text-align: justify;\"><span style=\"color: #ffcc02;\"><strong>Adaptaci\u00f3n:<\/strong><\/span> \u201cAl principio estaba algo perdido, pero poco a poco le fui agarrando el gusto al puesto. Ahora cada d\u00eda que pasa me siento mejor en la posici\u00f3n. Nos juntamos con Diogo y con el Japo por ese lado, para lanzarme o para jugar en corto\u201d.<\/p>\n<p style=\"text-align: justify;\"><span style=\"color: #ffcc02;\"><strong>Penal vs Juventud:<\/strong><\/span> \u201cYo controlo la pelota y se me va un poco para arriba. Voy a tirar una chilena y cuando salto el jugador me empuja o me pecha y no me deja tirarla. Ah\u00ed me caigo para adelante. Yo creo que fue penal, capaz que fue sin querer porque ven\u00edamos los dos en velocidad y \u00e9l me golpea, pero el foul existe\u201d.<\/p>\n<p style=\"text-align: justify;\"><span style=\"color: #ffcc02;\"><strong>Llegada al club:<\/strong> <\/span>\u201cSoy de Montevideo, llegu\u00e9 a Pe\u00f1arol en Sexta Divisi\u00f3n. El ayudante t\u00e9cnico de la sub 15 del club que yo me cri\u00e9 me pregunt\u00f3 si quer\u00eda irme a probar a Pe\u00f1arol. Los que me tomaron fueron V\u00edctor P\u00faa y Claudio Listur\u201d.<\/p>\n<p style=\"text-align: justify;\"><span style=\"color: #ffcc02;\"><strong>Correcciones:<\/strong><\/span> \u201cEstoy trabajando mucho en mi postura, la cabeza se me va muy para adelante, soy medio jorobado. Con el profe tambi\u00e9n estoy trabajando la forma de correr. Es un arma fundamental\u201d.<\/p>\n<p style=\"text-align: justify;\"><span style=\"color: #ffcc02;\"><strong>Mundial Sub 20:<\/strong> <\/span>\u201cLa esperanza siempre est\u00e1. Yo estoy en Pe\u00f1arol y tengo que hacer lo mejor para el club. Si se da la oportunidad, bienvenida sea\u201d.<\/p>\n<p style=\"text-align: justify;\"><span style=\"color: #ffcc02;\"><strong>Popularidad:<\/strong><\/span> \u201cPor ahora puedo estar tranquilo y salir. En Los Aromos cuando las pr\u00e1cticas son abiertas me piden bastante fotos y aut\u00f3grafos pero en la calle a veces hay alguno que me reconoce y me saluda, pero tranquilo\u201d.<\/p>\n<p style=\"text-align: justify;\"><a href=\"https:\/\/www.padreydecano.com\/cms\/wp-content\/uploads\/2015\/02\/Pe\u00f1arol-vs-Juventud-de-las-Piedras-2\u00b0-Fecha-Clausura-2015-38-Copiar.jpg\" rel=\"shadowbox[sbpost-51471];player=img;\"><img loading=\"lazy\" decoding=\"async\" class=\"aligncenter  wp-image-51440\" src=\"https:\/\/www.padreydecano.com\/cms\/wp-content\/uploads\/2015\/02\/Pe\u00f1arol-vs-Juventud-de-las-Piedras-2\u00b0-Fecha-Clausura-2015-38-Copiar.jpg\" alt=\"\" width=\"606\" height=\"404\" srcset=\"https:\/\/www.padreydecano.com\/cms\/wp-content\/uploads\/2015\/02\/Pe\u00f1arol-vs-Juventud-de-las-Piedras-2\u00b0-Fecha-Clausura-2015-38-Copiar.jpg 900w, https:\/\/www.padreydecano.com\/cms\/wp-content\/uploads\/2015\/02\/Pe\u00f1arol-vs-Juventud-de-las-Piedras-2\u00b0-Fecha-Clausura-2015-38-Copiar-300x200.jpg 300w\" sizes=\"(max-width: 606px) 100vw, 606px\" \/><\/a><\/p>\n","protected":false},"excerpt":{"rendered":"<p>Facundo Rodr\u00edguez, juvenil promesa de Pe\u00f1arol, habl\u00f3 en Rock &amp; Gol (1010 AM) sobre su actualidad en el plantel principal aurinegro, luego de haber jugado dos partidos oficiales como titular. \u201cEstoy cumpliendo un sue\u00f1o. Siempre de chico quise jugar en este club. No me lo esperaba, fue medio sorpresivo. Por suerte Pablo me dio la [&hellip;]<\/p>\n","protected":false},"author":13,"featured_media":51473,"comment_status":"open","ping_status":"closed","sticky":false,"template":"","format":"standard","meta":{"footnotes":""},"categories":[30],"tags":[],"yoast_head":"<!-- This site is optimized with the Yoast SEO plugin v23.2 - https:\/\/yoast.com\/wordpress\/plugins\/seo\/ -->\n<title>Facundo Rodr\u00edguez: &quot;Estoy cumpliendo un sue\u00f1o&quot; - Padre y Decano - El Sitio del Pueblo<\/title>\n<meta name=\"robots\" content=\"index, follow, max-snippet:-1, max-image-preview:large, max-video-preview:-1\" \/>\n<link rel=\"canonical\" href=\"https:\/\/www.padreydecano.com\/cms\/entrevistas\/facundo-rodriguez-estoy-cumpliendo-un-sueno\/\" \/>\n<meta property=\"og:locale\" content=\"es_ES\" \/>\n<meta property=\"og:type\" content=\"article\" \/>\n<meta property=\"og:title\" content=\"Facundo Rodr\u00edguez: &quot;Estoy cumpliendo un sue\u00f1o&quot; - Padre y Decano - El Sitio del Pueblo\" \/>\n<meta property=\"og:description\" content=\"Facundo Rodr\u00edguez, juvenil promesa de Pe\u00f1arol, habl\u00f3 en Rock &amp; Gol (1010 AM) sobre su actualidad en el plantel principal aurinegro, luego de haber jugado dos partidos oficiales como titular. \u201cEstoy cumpliendo un sue\u00f1o. Siempre de chico quise jugar en este club. No me lo esperaba, fue medio sorpresivo. Por suerte Pablo me dio la [&hellip;]\" \/>\n<meta property=\"og:url\" content=\"https:\/\/www.padreydecano.com\/cms\/entrevistas\/facundo-rodriguez-estoy-cumpliendo-un-sueno\/\" \/>\n<meta property=\"og:site_name\" content=\"Padre y Decano - El Sitio del Pueblo\" \/>\n<meta property=\"article:published_time\" content=\"2015-02-24T13:26:03+00:00\" \/>\n<meta property=\"article:modified_time\" content=\"2015-02-24T13:43:13+00:00\" \/>\n<meta property=\"og:image\" content=\"https:\/\/www.padreydecano.com\/cms\/wp-content\/uploads\/2015\/02\/facundo-rodriguez-chica.jpg\" \/>\n\t<meta property=\"og:image:width\" content=\"367\" \/>\n\t<meta property=\"og:image:height\" content=\"201\" \/>\n\t<meta property=\"og:image:type\" content=\"image\/jpeg\" \/>\n<meta name=\"author\" content=\"Moderador\" \/>\n<meta name=\"twitter:card\" content=\"summary_large_image\" \/>\n<meta name=\"twitter:label1\" content=\"Escrito por\" \/>\n\t<meta name=\"twitter:data1\" content=\"Moderador\" \/>\n\t<meta name=\"twitter:label2\" content=\"Tiempo de lectura\" \/>\n\t<meta name=\"twitter:data2\" content=\"2 minutos\" \/>\n<script type=\"application\/ld+json\" class=\"yoast-schema-graph\">{\"@context\":\"https:\/\/schema.org\",\"@graph\":[{\"@type\":\"Article\",\"@id\":\"https:\/\/www.padreydecano.com\/cms\/entrevistas\/facundo-rodriguez-estoy-cumpliendo-un-sueno\/#article\",\"isPartOf\":{\"@id\":\"https:\/\/www.padreydecano.com\/cms\/entrevistas\/facundo-rodriguez-estoy-cumpliendo-un-sueno\/\"},\"author\":{\"name\":\"Moderador\",\"@id\":\"https:\/\/www.padreydecano.com\/cms\/#\/schema\/person\/d93e9e537230ae052c194251d9a1def2\"},\"headline\":\"Facundo Rodr\u00edguez: \u00abEstoy cumpliendo un sue\u00f1o\u00bb\",\"datePublished\":\"2015-02-24T13:26:03+00:00\",\"dateModified\":\"2015-02-24T13:43:13+00:00\",\"mainEntityOfPage\":{\"@id\":\"https:\/\/www.padreydecano.com\/cms\/entrevistas\/facundo-rodriguez-estoy-cumpliendo-un-sueno\/\"},\"wordCount\":416,\"commentCount\":16,\"publisher\":{\"@id\":\"https:\/\/www.padreydecano.com\/cms\/#organization\"},\"image\":{\"@id\":\"https:\/\/www.padreydecano.com\/cms\/entrevistas\/facundo-rodriguez-estoy-cumpliendo-un-sueno\/#primaryimage\"},\"thumbnailUrl\":\"https:\/\/www.padreydecano.com\/cms\/wp-content\/uploads\/2015\/02\/facundo-rodriguez-chica.jpg\",\"articleSection\":[\"Entrevistas\"],\"inLanguage\":\"es\",\"potentialAction\":[{\"@type\":\"CommentAction\",\"name\":\"Comment\",\"target\":[\"https:\/\/www.padreydecano.com\/cms\/entrevistas\/facundo-rodriguez-estoy-cumpliendo-un-sueno\/#respond\"]}]},{\"@type\":\"WebPage\",\"@id\":\"https:\/\/www.padreydecano.com\/cms\/entrevistas\/facundo-rodriguez-estoy-cumpliendo-un-sueno\/\",\"url\":\"https:\/\/www.padreydecano.com\/cms\/entrevistas\/facundo-rodriguez-estoy-cumpliendo-un-sueno\/\",\"name\":\"Facundo Rodr\u00edguez: \\\"Estoy cumpliendo un sue\u00f1o\\\" - Padre y Decano - El Sitio del Pueblo\",\"isPartOf\":{\"@id\":\"https:\/\/www.padreydecano.com\/cms\/#website\"},\"primaryImageOfPage\":{\"@id\":\"https:\/\/www.padreydecano.com\/cms\/entrevistas\/facundo-rodriguez-estoy-cumpliendo-un-sueno\/#primaryimage\"},\"image\":{\"@id\":\"https:\/\/www.padreydecano.com\/cms\/entrevistas\/facundo-rodriguez-estoy-cumpliendo-un-sueno\/#primaryimage\"},\"thumbnailUrl\":\"https:\/\/www.padreydecano.com\/cms\/wp-content\/uploads\/2015\/02\/facundo-rodriguez-chica.jpg\",\"datePublished\":\"2015-02-24T13:26:03+00:00\",\"dateModified\":\"2015-02-24T13:43:13+00:00\",\"breadcrumb\":{\"@id\":\"https:\/\/www.padreydecano.com\/cms\/entrevistas\/facundo-rodriguez-estoy-cumpliendo-un-sueno\/#breadcrumb\"},\"inLanguage\":\"es\",\"potentialAction\":[{\"@type\":\"ReadAction\",\"target\":[\"https:\/\/www.padreydecano.com\/cms\/entrevistas\/facundo-rodriguez-estoy-cumpliendo-un-sueno\/\"]}]},{\"@type\":\"ImageObject\",\"inLanguage\":\"es\",\"@id\":\"https:\/\/www.padreydecano.com\/cms\/entrevistas\/facundo-rodriguez-estoy-cumpliendo-un-sueno\/#primaryimage\",\"url\":\"https:\/\/www.padreydecano.com\/cms\/wp-content\/uploads\/2015\/02\/facundo-rodriguez-chica.jpg\",\"contentUrl\":\"https:\/\/www.padreydecano.com\/cms\/wp-content\/uploads\/2015\/02\/facundo-rodriguez-chica.jpg\",\"width\":367,\"height\":201},{\"@type\":\"BreadcrumbList\",\"@id\":\"https:\/\/www.padreydecano.com\/cms\/entrevistas\/facundo-rodriguez-estoy-cumpliendo-un-sueno\/#breadcrumb\",\"itemListElement\":[{\"@type\":\"ListItem\",\"position\":1,\"name\":\"Portada\",\"item\":\"https:\/\/www.padreydecano.com\/cms\/\"},{\"@type\":\"ListItem\",\"position\":2,\"name\":\"Facundo Rodr\u00edguez: \u00abEstoy cumpliendo un sue\u00f1o\u00bb\"}]},{\"@type\":\"WebSite\",\"@id\":\"https:\/\/www.padreydecano.com\/cms\/#website\",\"url\":\"https:\/\/www.padreydecano.com\/cms\/\",\"name\":\"Padre y Decano - El Sitio del Pueblo\",\"description\":\"Club Atl\u00e9tico Pe\u00f1arol\",\"publisher\":{\"@id\":\"https:\/\/www.padreydecano.com\/cms\/#organization\"},\"potentialAction\":[{\"@type\":\"SearchAction\",\"target\":{\"@type\":\"EntryPoint\",\"urlTemplate\":\"https:\/\/www.padreydecano.com\/cms\/?s={search_term_string}\"},\"query-input\":\"required name=search_term_string\"}],\"inLanguage\":\"es\"},{\"@type\":\"Organization\",\"@id\":\"https:\/\/www.padreydecano.com\/cms\/#organization\",\"name\":\"Padre y Decano\",\"url\":\"https:\/\/www.padreydecano.com\/cms\/\",\"logo\":{\"@type\":\"ImageObject\",\"inLanguage\":\"es\",\"@id\":\"https:\/\/www.padreydecano.com\/cms\/#\/schema\/logo\/image\/\",\"url\":\"https:\/\/www.padreydecano.com\/cms\/wp-content\/uploads\/2022\/01\/avatar-square.png\",\"contentUrl\":\"https:\/\/www.padreydecano.com\/cms\/wp-content\/uploads\/2022\/01\/avatar-square.png\",\"width\":1500,\"height\":1500,\"caption\":\"Padre y Decano\"},\"image\":{\"@id\":\"https:\/\/www.padreydecano.com\/cms\/#\/schema\/logo\/image\/\"}},{\"@type\":\"Person\",\"@id\":\"https:\/\/www.padreydecano.com\/cms\/#\/schema\/person\/d93e9e537230ae052c194251d9a1def2\",\"name\":\"Moderador\",\"image\":{\"@type\":\"ImageObject\",\"inLanguage\":\"es\",\"@id\":\"https:\/\/www.padreydecano.com\/cms\/#\/schema\/person\/image\/\",\"url\":\"https:\/\/secure.gravatar.com\/avatar\/2587727bf8a53bd3da4ec49f01bea66e?s=96&d=https%3A%2F%2Fpadreydecano.com%2Fcms%2Fwp-content%2Fthemes%2Fpyd-theme%2Fimg%2Fdefault-avatar.png&r=g\",\"contentUrl\":\"https:\/\/secure.gravatar.com\/avatar\/2587727bf8a53bd3da4ec49f01bea66e?s=96&d=https%3A%2F%2Fpadreydecano.com%2Fcms%2Fwp-content%2Fthemes%2Fpyd-theme%2Fimg%2Fdefault-avatar.png&r=g\",\"caption\":\"Moderador\"}}]}<\/script>\n<!-- \/ Yoast SEO plugin. -->","yoast_head_json":{"title":"Facundo Rodr\u00edguez: \"Estoy cumpliendo un sue\u00f1o\" - Padre y Decano - El Sitio del Pueblo","robots":{"index":"index","follow":"follow","max-snippet":"max-snippet:-1","max-image-preview":"max-image-preview:large","max-video-preview":"max-video-preview:-1"},"canonical":"https:\/\/www.padreydecano.com\/cms\/entrevistas\/facundo-rodriguez-estoy-cumpliendo-un-sueno\/","og_locale":"es_ES","og_type":"article","og_title":"Facundo Rodr\u00edguez: \"Estoy cumpliendo un sue\u00f1o\" - Padre y Decano - El Sitio del Pueblo","og_description":"Facundo Rodr\u00edguez, juvenil promesa de Pe\u00f1arol, habl\u00f3 en Rock &amp; Gol (1010 AM) sobre su actualidad en el plantel principal aurinegro, luego de haber jugado dos partidos oficiales como titular. \u201cEstoy cumpliendo un sue\u00f1o. Siempre de chico quise jugar en este club. No me lo esperaba, fue medio sorpresivo. Por suerte Pablo me dio la [&hellip;]","og_url":"https:\/\/www.padreydecano.com\/cms\/entrevistas\/facundo-rodriguez-estoy-cumpliendo-un-sueno\/","og_site_name":"Padre y Decano - El Sitio del Pueblo","article_published_time":"2015-02-24T13:26:03+00:00","article_modified_time":"2015-02-24T13:43:13+00:00","og_image":[{"width":367,"height":201,"url":"https:\/\/www.padreydecano.com\/cms\/wp-content\/uploads\/2015\/02\/facundo-rodriguez-chica.jpg","type":"image\/jpeg"}],"author":"Moderador","twitter_card":"summary_large_image","twitter_misc":{"Escrito por":"Moderador","Tiempo de lectura":"2 minutos"},"schema":{"@context":"https:\/\/schema.org","@graph":[{"@type":"Article","@id":"https:\/\/www.padreydecano.com\/cms\/entrevistas\/facundo-rodriguez-estoy-cumpliendo-un-sueno\/#article","isPartOf":{"@id":"https:\/\/www.padreydecano.com\/cms\/entrevistas\/facundo-rodriguez-estoy-cumpliendo-un-sueno\/"},"author":{"name":"Moderador","@id":"https:\/\/www.padreydecano.com\/cms\/#\/schema\/person\/d93e9e537230ae052c194251d9a1def2"},"headline":"Facundo Rodr\u00edguez: \u00abEstoy cumpliendo un sue\u00f1o\u00bb","datePublished":"2015-02-24T13:26:03+00:00","dateModified":"2015-02-24T13:43:13+00:00","mainEntityOfPage":{"@id":"https:\/\/www.padreydecano.com\/cms\/entrevistas\/facundo-rodriguez-estoy-cumpliendo-un-sueno\/"},"wordCount":416,"commentCount":16,"publisher":{"@id":"https:\/\/www.padreydecano.com\/cms\/#organization"},"image":{"@id":"https:\/\/www.padreydecano.com\/cms\/entrevistas\/facundo-rodriguez-estoy-cumpliendo-un-sueno\/#primaryimage"},"thumbnailUrl":"https:\/\/www.padreydecano.com\/cms\/wp-content\/uploads\/2015\/02\/facundo-rodriguez-chica.jpg","articleSection":["Entrevistas"],"inLanguage":"es","potentialAction":[{"@type":"CommentAction","name":"Comment","target":["https:\/\/www.padreydecano.com\/cms\/entrevistas\/facundo-rodriguez-estoy-cumpliendo-un-sueno\/#respond"]}]},{"@type":"WebPage","@id":"https:\/\/www.padreydecano.com\/cms\/entrevistas\/facundo-rodriguez-estoy-cumpliendo-un-sueno\/","url":"https:\/\/www.padreydecano.com\/cms\/entrevistas\/facundo-rodriguez-estoy-cumpliendo-un-sueno\/","name":"Facundo Rodr\u00edguez: \"Estoy cumpliendo un sue\u00f1o\" - Padre y Decano - El Sitio del Pueblo","isPartOf":{"@id":"https:\/\/www.padreydecano.com\/cms\/#website"},"primaryImageOfPage":{"@id":"https:\/\/www.padreydecano.com\/cms\/entrevistas\/facundo-rodriguez-estoy-cumpliendo-un-sueno\/#primaryimage"},"image":{"@id":"https:\/\/www.padreydecano.com\/cms\/entrevistas\/facundo-rodriguez-estoy-cumpliendo-un-sueno\/#primaryimage"},"thumbnailUrl":"https:\/\/www.padreydecano.com\/cms\/wp-content\/uploads\/2015\/02\/facundo-rodriguez-chica.jpg","datePublished":"2015-02-24T13:26:03+00:00","dateModified":"2015-02-24T13:43:13+00:00","breadcrumb":{"@id":"https:\/\/www.padreydecano.com\/cms\/entrevistas\/facundo-rodriguez-estoy-cumpliendo-un-sueno\/#breadcrumb"},"inLanguage":"es","potentialAction":[{"@type":"ReadAction","target":["https:\/\/www.padreydecano.com\/cms\/entrevistas\/facundo-rodriguez-estoy-cumpliendo-un-sueno\/"]}]},{"@type":"ImageObject","inLanguage":"es","@id":"https:\/\/www.padreydecano.com\/cms\/entrevistas\/facundo-rodriguez-estoy-cumpliendo-un-sueno\/#primaryimage","url":"https:\/\/www.padreydecano.com\/cms\/wp-content\/uploads\/2015\/02\/facundo-rodriguez-chica.jpg","contentUrl":"https:\/\/www.padreydecano.com\/cms\/wp-content\/uploads\/2015\/02\/facundo-rodriguez-chica.jpg","width":367,"height":201},{"@type":"BreadcrumbList","@id":"https:\/\/www.padreydecano.com\/cms\/entrevistas\/facundo-rodriguez-estoy-cumpliendo-un-sueno\/#breadcrumb","itemListElement":[{"@type":"ListItem","position":1,"name":"Portada","item":"https:\/\/www.padreydecano.com\/cms\/"},{"@type":"ListItem","position":2,"name":"Facundo Rodr\u00edguez: \u00abEstoy cumpliendo un sue\u00f1o\u00bb"}]},{"@type":"WebSite","@id":"https:\/\/www.padreydecano.com\/cms\/#website","url":"https:\/\/www.padreydecano.com\/cms\/","name":"Padre y Decano - El Sitio del Pueblo","description":"Club Atl\u00e9tico Pe\u00f1arol","publisher":{"@id":"https:\/\/www.padreydecano.com\/cms\/#organization"},"potentialAction":[{"@type":"SearchAction","target":{"@type":"EntryPoint","urlTemplate":"https:\/\/www.padreydecano.com\/cms\/?s={search_term_string}"},"query-input":"required name=search_term_string"}],"inLanguage":"es"},{"@type":"Organization","@id":"https:\/\/www.padreydecano.com\/cms\/#organization","name":"Padre y Decano","url":"https:\/\/www.padreydecano.com\/cms\/","logo":{"@type":"ImageObject","inLanguage":"es","@id":"https:\/\/www.padreydecano.com\/cms\/#\/schema\/logo\/image\/","url":"https:\/\/www.padreydecano.com\/cms\/wp-content\/uploads\/2022\/01\/avatar-square.png","contentUrl":"https:\/\/www.padreydecano.com\/cms\/wp-content\/uploads\/2022\/01\/avatar-square.png","width":1500,"height":1500,"caption":"Padre y Decano"},"image":{"@id":"https:\/\/www.padreydecano.com\/cms\/#\/schema\/logo\/image\/"}},{"@type":"Person","@id":"https:\/\/www.padreydecano.com\/cms\/#\/schema\/person\/d93e9e537230ae052c194251d9a1def2","name":"Moderador","image":{"@type":"ImageObject","inLanguage":"es","@id":"https:\/\/www.padreydecano.com\/cms\/#\/schema\/person\/image\/","url":"https:\/\/secure.gravatar.com\/avatar\/2587727bf8a53bd3da4ec49f01bea66e?s=96&d=https%3A%2F%2Fpadreydecano.com%2Fcms%2Fwp-content%2Fthemes%2Fpyd-theme%2Fimg%2Fdefault-avatar.png&r=g","contentUrl":"https:\/\/secure.gravatar.com\/avatar\/2587727bf8a53bd3da4ec49f01bea66e?s=96&d=https%3A%2F%2Fpadreydecano.com%2Fcms%2Fwp-content%2Fthemes%2Fpyd-theme%2Fimg%2Fdefault-avatar.png&r=g","caption":"Moderador"}}]}},"_links":{"self":[{"href":"https:\/\/www.padreydecano.com\/cms\/wp-json\/wp\/v2\/posts\/51471"}],"collection":[{"href":"https:\/\/www.padreydecano.com\/cms\/wp-json\/wp\/v2\/posts"}],"about":[{"href":"https:\/\/www.padreydecano.com\/cms\/wp-json\/wp\/v2\/types\/post"}],"author":[{"embeddable":true,"href":"https:\/\/www.padreydecano.com\/cms\/wp-json\/wp\/v2\/users\/13"}],"replies":[{"embeddable":true,"href":"https:\/\/www.padreydecano.com\/cms\/wp-json\/wp\/v2\/comments?post=51471"}],"version-history":[{"count":0,"href":"https:\/\/www.padreydecano.com\/cms\/wp-json\/wp\/v2\/posts\/51471\/revisions"}],"wp:featuredmedia":[{"embeddable":true,"href":"https:\/\/www.padreydecano.com\/cms\/wp-json\/wp\/v2\/media\/51473"}],"wp:attachment":[{"href":"https:\/\/www.padreydecano.com\/cms\/wp-json\/wp\/v2\/media?parent=51471"}],"wp:term":[{"taxonomy":"category","embeddable":true,"href":"https:\/\/www.padreydecano.com\/cms\/wp-json\/wp\/v2\/categories?post=51471"},{"taxonomy":"post_tag","embeddable":true,"href":"https:\/\/www.padreydecano.com\/cms\/wp-json\/wp\/v2\/tags?post=51471"}],"curies":[{"name":"wp","href":"https:\/\/api.w.org\/{rel}","templated":true}]}}