{"id":50937,"date":"2015-01-22T09:47:36","date_gmt":"2015-01-22T11:47:36","guid":{"rendered":"http:\/\/www.padreydecano.com\/cms\/?p=50937"},"modified":"2015-01-26T09:48:54","modified_gmt":"2015-01-26T11:48:54","slug":"mucho-ruido-y-pocas-nueces","status":"publish","type":"post","link":"https:\/\/www.padreydecano.com\/cms\/noticias\/mucho-ruido-y-pocas-nueces\/","title":{"rendered":"Mucho ruido y pocas nueces"},"content":{"rendered":"<p><a href=\"https:\/\/www.padreydecano.com\/cms\/wp-content\/uploads\/2015\/01\/fichajes20151.jpg\" rel=\"shadowbox[sbpost-50937];player=img;\"><img loading=\"lazy\" decoding=\"async\" class=\" size-full wp-image-50939 aligncenter\" src=\"https:\/\/www.padreydecano.com\/cms\/wp-content\/uploads\/2015\/01\/fichajes20151.jpg\" alt=\"fichajes20151\" width=\"605\" height=\"403\" srcset=\"https:\/\/www.padreydecano.com\/cms\/wp-content\/uploads\/2015\/01\/fichajes20151.jpg 605w, https:\/\/www.padreydecano.com\/cms\/wp-content\/uploads\/2015\/01\/fichajes20151-300x200.jpg 300w\" sizes=\"(max-width: 605px) 100vw, 605px\" \/><\/a><\/p>\n<p style=\"text-align: justify;\">Pablo Javier Bengoechea pidi\u00f3\u00a0hasta el 20 de enero para analizar el equipo y luego definir las incorporaciones necesarias para afrontar el pr\u00f3ximo Torneo Clausura. El plazo est\u00e1 cumplido.\u00a0En este tiempo, Pe\u00f1arol ha\u00a0afrontado 4 amistosos de preparaci\u00f3n en los que el t\u00e9cnico carbonero tuvo la posibilidad de probar\u00a0en cancha a diferentes jugadores, incluyendo juveniles,\u00a0con el fin de resolver sus dudas y pasar a la pr\u00f3xima etapa.<\/p>\n<p style=\"text-align: justify;\">En la<a title=\"\u201cLos jugadores que est\u00e1n en el plantel van a seguir\u201d\" href=\"https:\/\/www.padreydecano.com\/cms\/noticias\/los-jugadores-que-estan-en-el-plantel-van-a-seguir\/\" target=\"_blank\"> conferencia de prensa<\/a> luego de la derrota frente a Nacional de Paraguay, Bengoechea fue claro: <strong>\u00abtodos los jugadores que est\u00e1n actualmente en el plantel, van a seguir\u00bb.<\/strong><\/p>\n<p style=\"text-align: justify;\">En el marco de las incorporaciones, el Profesor\u00a0pidi\u00f3 \u00abuno o dos laterales\u00bb y adem\u00e1s mostr\u00f3 inter\u00e9s por incoporar un mediocampista y un delantero.<\/p>\n<p style=\"text-align: justify;\"><strong><span style=\"color: #ffcc00;\">Jonathan Urretavizcaya<\/span><\/strong><\/p>\n<p style=\"text-align: justify;\"><strong>El volante de 24 a\u00f1os ser\u00e1 la primera incorporaci\u00f3n de Pe\u00f1arol para afrontar el Campeonato Clausura<\/strong>. El futbolista que actualmente milita en Pa\u00e7os de Ferreira (Portugal) llegar\u00e1 en condici\u00f3n de cedido por 6 meses, aunque podr\u00eda extenderse a 1 a\u00f1o. <strong>El entrenador confirm\u00f3 que el jugador vendr\u00e1 al club.<\/strong><\/p>\n<p style=\"text-align: justify;\">Jonathan Urretavizcaya fue pedido especialmente por Pablo Javier Bengoechea para reforzar el equipo. <strong>El futbolista viene manteniendo continuidad en su actual equipo, donde ha disputado 12 de 14 partidos<\/strong>. El entrenador carbonero conoce muy bien al volante por su pasaje como ayudante t\u00e9cnico de River Plate en la temporada 2005-2006. Urreta expres\u00f3 en el programa A Fondo de la 1010 AM: \u201cA Bengoechea lo tuve muy cerca en River y me pone contento que me quiera en Pe\u00f1arol\u201d.<\/p>\n<p style=\"text-align: justify;\"><strong>Ser\u00e1 la tercera vez que Urretavizcaya vista la camiseta del cual es hincha<\/strong>. El volante fue Campe\u00f3n Uruguayo en el a\u00f1o 2010 y vicecampe\u00f3n de Am\u00e9rica en la recordada Copa Libertadores 2011.<\/p>\n<p style=\"text-align: justify;\"><strong><span style=\"color: #ffcc00;\">Ruben \u00abPollo\u00bb\u00a0Olivera<\/span><\/strong><\/p>\n<p style=\"text-align: justify;\"><strong>Pablo Javier Bengoechea hab\u00eda reconocido\u00a0su inter\u00e9s por el retorno de Ruben Olivera a Pe\u00f1arol y\u00a0en conferencia de prensa hab\u00eda manifestado que hubo\u00a0conversaciones con el jugador. Sin embargo, su\u00a0llegada se cay\u00f3.\u00a0<\/strong><\/p>\n<p style=\"text-align: justify;\">La principal traba para el regreso del \u201cPollo\u201d era un adeudo de\u00a06 meses de sueldo en Italia.\u00a0El futbolista dijo esta ma\u00f1ana en 100% Deporte (Sport 890 AM) que\u00a0<strong>\u00abayer habl\u00e9 con Pablo y le dije que no puedo ir a pesar del deseo, apareci\u00f3 el dinero y el club no me deja libre (&#8230;) si me hubieran llamado una semana antes podr\u00eda haber ido a Pe\u00f1arol, pero ahora es imposible\u00bb.<\/strong><\/p>\n<p style=\"text-align: justify;\">El centrocampista de 31 a\u00f1os milita actualmente en el Brescia de Italia y posee contrato hasta el 30 de junio de 2015. <strong>Olivera ha jugado 19 partidos en lo que va de la temporada, habiendo ingresado como titular en 15 de ellos<\/strong>. En la mayor\u00eda de los encuentros ha sido utilizado como doble cinco, aunque tambi\u00e9n fue posicionado en ocasiones como extremo y volante ofensivo.<\/p>\n<p style=\"text-align: justify;\"><strong><span style=\"color: #ffcc00;\">Carlos Diogo<\/span><\/strong><\/p>\n<p style=\"text-align: justify;\"><strong>El lateral-volante rescindi\u00f3 contrato con el Real Zaragoza (Espa\u00f1a) y despert\u00f3 el inter\u00e9s inmediato de Pe\u00f1arol<\/strong>. Bengoechea pidi\u00f3 la incorporaci\u00f3n de \u201cuno o dos laterales\u201d y el retorno de Diogo al aurinegro ser\u00eda una opci\u00f3n interesante\u00a0para ocupar esta posici\u00f3n.<\/p>\n<p style=\"text-align: justify;\">En caso de concretarse la incorporaci\u00f3n, el futbolista de 31 a\u00f1os volver\u00eda en condici\u00f3n de jugador libre. Carlos Diogo visti\u00f3 la camiseta de Pe\u00f1arol en el a\u00f1o 2004 y luego tuvo pasaje por River Plate de Argentina, Real Madrid y Real Zaragoza, entre otros.<\/p>\n<p style=\"text-align: justify;\"><span style=\"color: #ffcc00;\"><strong>Actualizaci\u00f3n (23 de enero de 2015):<\/strong><\/span> <strong>Se cay\u00f3 el retorno de Carlos Diogo. El mismo futbolista descart\u00f3 la posibilidad.<\/strong><\/p>\n<p style=\"text-align: justify;\"><strong><span style=\"color: #ffcc00;\">Luis Aguiar<\/span><\/strong><\/p>\n<p style=\"text-align: justify;\">El posible retorno de Aguiar a Pe\u00f1arol es otra de las noticias que suenan en el per\u00edodo de pases. <strong>El mediocampista actualmente est\u00e1 sin club y mostr\u00f3 inter\u00e9s en pegar la vuelta: \u201cTengo ganas de quedarme un buen tiempo en Uruguay y en Pe\u00f1arol\u201d, dijo<\/strong>.<\/p>\n<p style=\"text-align: justify;\">Por lo pronto, <strong>Luis Aguiar no es prioridad para Pablo Bengoechea<\/strong>. De todas formas no se descarta su llegada, pero lo cierto es que el t\u00e9cnico carbonero maneja otros nombres para ocupar esa posici\u00f3n.<\/p>\n<p style=\"text-align: justify;\">Ser\u00eda la cuarta vez que Aguiar vestir\u00eda la camiseta oro y carb\u00f3n. Anteriormente estuvo en 2011, 2012 y 2013\/2014 y, aunque no obtuvo t\u00edtulos en Pe\u00f1arol, fue part\u00edcipe del Vicecampeonato de Am\u00e9rica logrado en 2011 y tambi\u00e9n autor de goles cl\u00e1sicos, con participaciones destacadas en dichos partidos. Su \u00faltimo club fue el Vitoria de Bahia (Brasil), del cual se desvincul\u00f3 en noviembre de 2014 debido a no tener continuidad en el equipo. Desde ese entonces entrena por su cuenta.<\/p>\n<p style=\"text-align: justify;\"><strong><span style=\"color: #ffcc00;\">Michael Santos<\/span><\/strong><\/p>\n<p style=\"text-align: justify;\">Edgardo Buggiano manifest\u00f3 ayer en F\u00fatbol A lo Pe\u00f1arol (1010 AM) que\u00a0Michael Santos ser\u00eda el delantero que pretende Pablo Javier Bengoechea para el Campeonato Clausura.<\/p>\n<p style=\"text-align: justify;\"><strong>El jugador de River Plate (URU) tiene 21 a\u00f1os y se posicion\u00f3 segundo en la tabla de goleadores \u00a0del Torneo Apertura 2014 con 11 anotaciones en 15 partidos disputados. Adem\u00e1s, marc\u00f3 2 goles en 4 partidos por Copa Sudamericana<\/strong>.<\/p>\n<p style=\"text-align: justify;\"><strong><span style=\"color: #ffcc00;\">Mat\u00edas Aguirregaray:<\/span><\/strong><\/p>\n<p style=\"text-align: justify;\"><strong>El \u00abVasquito\u00bb es otro de los nombres que han transcurrido en las \u00faltimas horas. El lateral-volante nacido en Pe\u00f1arol, milita actualmente en Estudiantes de La Plata y su llegada puede tomar relevancia en caso de que no sea tenido en cuenta por el Pincharrata.<\/strong> Adem\u00e1s, su padre integra el actual cuerpo t\u00e9cnico\u00a0del Decano del F\u00fatbol Uruguayo.<\/p>\n<p style=\"text-align: justify;\">En el <strong><a href=\"http:\/\/www.ole.com.ar\/futbol-primera\/mercado-de-pases-futbol-argentino-2015_0_1275472744.html\" target=\"_blank\">Portal Ol\u00e9<\/a><\/strong> de Argentina aparece el nombre del \u00abVasquito\u00bb como uno de los jugadores que se ir\u00edan de Estudiantes.<\/p>\n<p style=\"text-align: justify;\">Ser\u00eda el tercer pasaje de Aguirregaray por Pe\u00f1arol, donde obtuvo dos campeonatos uruguayos.<\/p>\n","protected":false},"excerpt":{"rendered":"<p>Pablo Javier Bengoechea pidi\u00f3 hasta el 20 de enero para analizar el equipo y luego definir las incorporaciones necesarias para afrontar el pr\u00f3ximo Torneo Clausura. El plazo est\u00e1 cumplido.<\/p>\n","protected":false},"author":19,"featured_media":50941,"comment_status":"open","ping_status":"closed","sticky":false,"template":"","format":"standard","meta":{"footnotes":""},"categories":[1],"tags":[26],"yoast_head":"<!-- This site is optimized with the Yoast SEO plugin v23.2 - https:\/\/yoast.com\/wordpress\/plugins\/seo\/ -->\n<title>Mucho ruido y pocas nueces - Padre y Decano - El Sitio del Pueblo<\/title>\n<meta name=\"robots\" content=\"index, follow, max-snippet:-1, max-image-preview:large, max-video-preview:-1\" \/>\n<link rel=\"canonical\" href=\"https:\/\/www.padreydecano.com\/cms\/noticias\/mucho-ruido-y-pocas-nueces\/\" \/>\n<meta property=\"og:locale\" content=\"es_ES\" \/>\n<meta property=\"og:type\" content=\"article\" \/>\n<meta property=\"og:title\" content=\"Mucho ruido y pocas nueces - Padre y Decano - El Sitio del Pueblo\" \/>\n<meta property=\"og:description\" content=\"Pablo Javier Bengoechea pidi\u00f3 hasta el 20 de enero para analizar el equipo y luego definir las incorporaciones necesarias para afrontar el pr\u00f3ximo Torneo Clausura. El plazo est\u00e1 cumplido.\" \/>\n<meta property=\"og:url\" content=\"https:\/\/www.padreydecano.com\/cms\/noticias\/mucho-ruido-y-pocas-nueces\/\" \/>\n<meta property=\"og:site_name\" content=\"Padre y Decano - El Sitio del Pueblo\" \/>\n<meta property=\"article:published_time\" content=\"2015-01-22T11:47:36+00:00\" \/>\n<meta property=\"article:modified_time\" content=\"2015-01-26T11:48:54+00:00\" \/>\n<meta property=\"og:image\" content=\"https:\/\/www.padreydecano.com\/cms\/wp-content\/uploads\/2015\/01\/slider-incorporaciones.jpg\" \/>\n\t<meta property=\"og:image:width\" content=\"605\" \/>\n\t<meta property=\"og:image:height\" content=\"263\" \/>\n\t<meta property=\"og:image:type\" content=\"image\/jpeg\" \/>\n<meta name=\"author\" content=\"fedeleg\" \/>\n<meta name=\"twitter:card\" content=\"summary_large_image\" \/>\n<meta name=\"twitter:label1\" content=\"Escrito por\" \/>\n\t<meta name=\"twitter:data1\" content=\"fedeleg\" \/>\n\t<meta name=\"twitter:label2\" content=\"Tiempo de lectura\" \/>\n\t<meta name=\"twitter:data2\" content=\"5 minutos\" \/>\n<script type=\"application\/ld+json\" class=\"yoast-schema-graph\">{\"@context\":\"https:\/\/schema.org\",\"@graph\":[{\"@type\":\"Article\",\"@id\":\"https:\/\/www.padreydecano.com\/cms\/noticias\/mucho-ruido-y-pocas-nueces\/#article\",\"isPartOf\":{\"@id\":\"https:\/\/www.padreydecano.com\/cms\/noticias\/mucho-ruido-y-pocas-nueces\/\"},\"author\":{\"name\":\"fedeleg\",\"@id\":\"https:\/\/www.padreydecano.com\/cms\/#\/schema\/person\/63dbcc4defe876f5163e2fcbc6cbabd2\"},\"headline\":\"Mucho ruido y pocas nueces\",\"datePublished\":\"2015-01-22T11:47:36+00:00\",\"dateModified\":\"2015-01-26T11:48:54+00:00\",\"mainEntityOfPage\":{\"@id\":\"https:\/\/www.padreydecano.com\/cms\/noticias\/mucho-ruido-y-pocas-nueces\/\"},\"wordCount\":926,\"commentCount\":128,\"publisher\":{\"@id\":\"https:\/\/www.padreydecano.com\/cms\/#organization\"},\"image\":{\"@id\":\"https:\/\/www.padreydecano.com\/cms\/noticias\/mucho-ruido-y-pocas-nueces\/#primaryimage\"},\"thumbnailUrl\":\"https:\/\/www.padreydecano.com\/cms\/wp-content\/uploads\/2015\/01\/slider-incorporaciones.jpg\",\"keywords\":[\"Mercado de pases\"],\"articleSection\":[\"Noticias\"],\"inLanguage\":\"es\",\"potentialAction\":[{\"@type\":\"CommentAction\",\"name\":\"Comment\",\"target\":[\"https:\/\/www.padreydecano.com\/cms\/noticias\/mucho-ruido-y-pocas-nueces\/#respond\"]}]},{\"@type\":\"WebPage\",\"@id\":\"https:\/\/www.padreydecano.com\/cms\/noticias\/mucho-ruido-y-pocas-nueces\/\",\"url\":\"https:\/\/www.padreydecano.com\/cms\/noticias\/mucho-ruido-y-pocas-nueces\/\",\"name\":\"Mucho ruido y pocas nueces - Padre y Decano - El Sitio del Pueblo\",\"isPartOf\":{\"@id\":\"https:\/\/www.padreydecano.com\/cms\/#website\"},\"primaryImageOfPage\":{\"@id\":\"https:\/\/www.padreydecano.com\/cms\/noticias\/mucho-ruido-y-pocas-nueces\/#primaryimage\"},\"image\":{\"@id\":\"https:\/\/www.padreydecano.com\/cms\/noticias\/mucho-ruido-y-pocas-nueces\/#primaryimage\"},\"thumbnailUrl\":\"https:\/\/www.padreydecano.com\/cms\/wp-content\/uploads\/2015\/01\/slider-incorporaciones.jpg\",\"datePublished\":\"2015-01-22T11:47:36+00:00\",\"dateModified\":\"2015-01-26T11:48:54+00:00\",\"breadcrumb\":{\"@id\":\"https:\/\/www.padreydecano.com\/cms\/noticias\/mucho-ruido-y-pocas-nueces\/#breadcrumb\"},\"inLanguage\":\"es\",\"potentialAction\":[{\"@type\":\"ReadAction\",\"target\":[\"https:\/\/www.padreydecano.com\/cms\/noticias\/mucho-ruido-y-pocas-nueces\/\"]}]},{\"@type\":\"ImageObject\",\"inLanguage\":\"es\",\"@id\":\"https:\/\/www.padreydecano.com\/cms\/noticias\/mucho-ruido-y-pocas-nueces\/#primaryimage\",\"url\":\"https:\/\/www.padreydecano.com\/cms\/wp-content\/uploads\/2015\/01\/slider-incorporaciones.jpg\",\"contentUrl\":\"https:\/\/www.padreydecano.com\/cms\/wp-content\/uploads\/2015\/01\/slider-incorporaciones.jpg\",\"width\":605,\"height\":263},{\"@type\":\"BreadcrumbList\",\"@id\":\"https:\/\/www.padreydecano.com\/cms\/noticias\/mucho-ruido-y-pocas-nueces\/#breadcrumb\",\"itemListElement\":[{\"@type\":\"ListItem\",\"position\":1,\"name\":\"Portada\",\"item\":\"https:\/\/www.padreydecano.com\/cms\/\"},{\"@type\":\"ListItem\",\"position\":2,\"name\":\"Mucho ruido y pocas nueces\"}]},{\"@type\":\"WebSite\",\"@id\":\"https:\/\/www.padreydecano.com\/cms\/#website\",\"url\":\"https:\/\/www.padreydecano.com\/cms\/\",\"name\":\"Padre y Decano - El Sitio del Pueblo\",\"description\":\"Club Atl\u00e9tico Pe\u00f1arol\",\"publisher\":{\"@id\":\"https:\/\/www.padreydecano.com\/cms\/#organization\"},\"potentialAction\":[{\"@type\":\"SearchAction\",\"target\":{\"@type\":\"EntryPoint\",\"urlTemplate\":\"https:\/\/www.padreydecano.com\/cms\/?s={search_term_string}\"},\"query-input\":\"required name=search_term_string\"}],\"inLanguage\":\"es\"},{\"@type\":\"Organization\",\"@id\":\"https:\/\/www.padreydecano.com\/cms\/#organization\",\"name\":\"Padre y Decano\",\"url\":\"https:\/\/www.padreydecano.com\/cms\/\",\"logo\":{\"@type\":\"ImageObject\",\"inLanguage\":\"es\",\"@id\":\"https:\/\/www.padreydecano.com\/cms\/#\/schema\/logo\/image\/\",\"url\":\"https:\/\/www.padreydecano.com\/cms\/wp-content\/uploads\/2022\/01\/avatar-square.png\",\"contentUrl\":\"https:\/\/www.padreydecano.com\/cms\/wp-content\/uploads\/2022\/01\/avatar-square.png\",\"width\":1500,\"height\":1500,\"caption\":\"Padre y Decano\"},\"image\":{\"@id\":\"https:\/\/www.padreydecano.com\/cms\/#\/schema\/logo\/image\/\"}},{\"@type\":\"Person\",\"@id\":\"https:\/\/www.padreydecano.com\/cms\/#\/schema\/person\/63dbcc4defe876f5163e2fcbc6cbabd2\",\"name\":\"fedeleg\",\"image\":{\"@type\":\"ImageObject\",\"inLanguage\":\"es\",\"@id\":\"https:\/\/www.padreydecano.com\/cms\/#\/schema\/person\/image\/\",\"url\":\"https:\/\/secure.gravatar.com\/avatar\/46b93e5ff163e0adc4585a3d8a2166f0?s=96&d=https%3A%2F%2Fpadreydecano.com%2Fcms%2Fwp-content%2Fthemes%2Fpyd-theme%2Fimg%2Fdefault-avatar.png&r=g\",\"contentUrl\":\"https:\/\/secure.gravatar.com\/avatar\/46b93e5ff163e0adc4585a3d8a2166f0?s=96&d=https%3A%2F%2Fpadreydecano.com%2Fcms%2Fwp-content%2Fthemes%2Fpyd-theme%2Fimg%2Fdefault-avatar.png&r=g\",\"caption\":\"fedeleg\"}}]}<\/script>\n<!-- \/ Yoast SEO plugin. -->","yoast_head_json":{"title":"Mucho ruido y pocas nueces - Padre y Decano - El Sitio del Pueblo","robots":{"index":"index","follow":"follow","max-snippet":"max-snippet:-1","max-image-preview":"max-image-preview:large","max-video-preview":"max-video-preview:-1"},"canonical":"https:\/\/www.padreydecano.com\/cms\/noticias\/mucho-ruido-y-pocas-nueces\/","og_locale":"es_ES","og_type":"article","og_title":"Mucho ruido y pocas nueces - Padre y Decano - El Sitio del Pueblo","og_description":"Pablo Javier Bengoechea pidi\u00f3 hasta el 20 de enero para analizar el equipo y luego definir las incorporaciones necesarias para afrontar el pr\u00f3ximo Torneo Clausura. El plazo est\u00e1 cumplido.","og_url":"https:\/\/www.padreydecano.com\/cms\/noticias\/mucho-ruido-y-pocas-nueces\/","og_site_name":"Padre y Decano - El Sitio del Pueblo","article_published_time":"2015-01-22T11:47:36+00:00","article_modified_time":"2015-01-26T11:48:54+00:00","og_image":[{"width":605,"height":263,"url":"https:\/\/www.padreydecano.com\/cms\/wp-content\/uploads\/2015\/01\/slider-incorporaciones.jpg","type":"image\/jpeg"}],"author":"fedeleg","twitter_card":"summary_large_image","twitter_misc":{"Escrito por":"fedeleg","Tiempo de lectura":"5 minutos"},"schema":{"@context":"https:\/\/schema.org","@graph":[{"@type":"Article","@id":"https:\/\/www.padreydecano.com\/cms\/noticias\/mucho-ruido-y-pocas-nueces\/#article","isPartOf":{"@id":"https:\/\/www.padreydecano.com\/cms\/noticias\/mucho-ruido-y-pocas-nueces\/"},"author":{"name":"fedeleg","@id":"https:\/\/www.padreydecano.com\/cms\/#\/schema\/person\/63dbcc4defe876f5163e2fcbc6cbabd2"},"headline":"Mucho ruido y pocas nueces","datePublished":"2015-01-22T11:47:36+00:00","dateModified":"2015-01-26T11:48:54+00:00","mainEntityOfPage":{"@id":"https:\/\/www.padreydecano.com\/cms\/noticias\/mucho-ruido-y-pocas-nueces\/"},"wordCount":926,"commentCount":128,"publisher":{"@id":"https:\/\/www.padreydecano.com\/cms\/#organization"},"image":{"@id":"https:\/\/www.padreydecano.com\/cms\/noticias\/mucho-ruido-y-pocas-nueces\/#primaryimage"},"thumbnailUrl":"https:\/\/www.padreydecano.com\/cms\/wp-content\/uploads\/2015\/01\/slider-incorporaciones.jpg","keywords":["Mercado de pases"],"articleSection":["Noticias"],"inLanguage":"es","potentialAction":[{"@type":"CommentAction","name":"Comment","target":["https:\/\/www.padreydecano.com\/cms\/noticias\/mucho-ruido-y-pocas-nueces\/#respond"]}]},{"@type":"WebPage","@id":"https:\/\/www.padreydecano.com\/cms\/noticias\/mucho-ruido-y-pocas-nueces\/","url":"https:\/\/www.padreydecano.com\/cms\/noticias\/mucho-ruido-y-pocas-nueces\/","name":"Mucho ruido y pocas nueces - Padre y Decano - El Sitio del Pueblo","isPartOf":{"@id":"https:\/\/www.padreydecano.com\/cms\/#website"},"primaryImageOfPage":{"@id":"https:\/\/www.padreydecano.com\/cms\/noticias\/mucho-ruido-y-pocas-nueces\/#primaryimage"},"image":{"@id":"https:\/\/www.padreydecano.com\/cms\/noticias\/mucho-ruido-y-pocas-nueces\/#primaryimage"},"thumbnailUrl":"https:\/\/www.padreydecano.com\/cms\/wp-content\/uploads\/2015\/01\/slider-incorporaciones.jpg","datePublished":"2015-01-22T11:47:36+00:00","dateModified":"2015-01-26T11:48:54+00:00","breadcrumb":{"@id":"https:\/\/www.padreydecano.com\/cms\/noticias\/mucho-ruido-y-pocas-nueces\/#breadcrumb"},"inLanguage":"es","potentialAction":[{"@type":"ReadAction","target":["https:\/\/www.padreydecano.com\/cms\/noticias\/mucho-ruido-y-pocas-nueces\/"]}]},{"@type":"ImageObject","inLanguage":"es","@id":"https:\/\/www.padreydecano.com\/cms\/noticias\/mucho-ruido-y-pocas-nueces\/#primaryimage","url":"https:\/\/www.padreydecano.com\/cms\/wp-content\/uploads\/2015\/01\/slider-incorporaciones.jpg","contentUrl":"https:\/\/www.padreydecano.com\/cms\/wp-content\/uploads\/2015\/01\/slider-incorporaciones.jpg","width":605,"height":263},{"@type":"BreadcrumbList","@id":"https:\/\/www.padreydecano.com\/cms\/noticias\/mucho-ruido-y-pocas-nueces\/#breadcrumb","itemListElement":[{"@type":"ListItem","position":1,"name":"Portada","item":"https:\/\/www.padreydecano.com\/cms\/"},{"@type":"ListItem","position":2,"name":"Mucho ruido y pocas nueces"}]},{"@type":"WebSite","@id":"https:\/\/www.padreydecano.com\/cms\/#website","url":"https:\/\/www.padreydecano.com\/cms\/","name":"Padre y Decano - El Sitio del Pueblo","description":"Club Atl\u00e9tico Pe\u00f1arol","publisher":{"@id":"https:\/\/www.padreydecano.com\/cms\/#organization"},"potentialAction":[{"@type":"SearchAction","target":{"@type":"EntryPoint","urlTemplate":"https:\/\/www.padreydecano.com\/cms\/?s={search_term_string}"},"query-input":"required name=search_term_string"}],"inLanguage":"es"},{"@type":"Organization","@id":"https:\/\/www.padreydecano.com\/cms\/#organization","name":"Padre y Decano","url":"https:\/\/www.padreydecano.com\/cms\/","logo":{"@type":"ImageObject","inLanguage":"es","@id":"https:\/\/www.padreydecano.com\/cms\/#\/schema\/logo\/image\/","url":"https:\/\/www.padreydecano.com\/cms\/wp-content\/uploads\/2022\/01\/avatar-square.png","contentUrl":"https:\/\/www.padreydecano.com\/cms\/wp-content\/uploads\/2022\/01\/avatar-square.png","width":1500,"height":1500,"caption":"Padre y Decano"},"image":{"@id":"https:\/\/www.padreydecano.com\/cms\/#\/schema\/logo\/image\/"}},{"@type":"Person","@id":"https:\/\/www.padreydecano.com\/cms\/#\/schema\/person\/63dbcc4defe876f5163e2fcbc6cbabd2","name":"fedeleg","image":{"@type":"ImageObject","inLanguage":"es","@id":"https:\/\/www.padreydecano.com\/cms\/#\/schema\/person\/image\/","url":"https:\/\/secure.gravatar.com\/avatar\/46b93e5ff163e0adc4585a3d8a2166f0?s=96&d=https%3A%2F%2Fpadreydecano.com%2Fcms%2Fwp-content%2Fthemes%2Fpyd-theme%2Fimg%2Fdefault-avatar.png&r=g","contentUrl":"https:\/\/secure.gravatar.com\/avatar\/46b93e5ff163e0adc4585a3d8a2166f0?s=96&d=https%3A%2F%2Fpadreydecano.com%2Fcms%2Fwp-content%2Fthemes%2Fpyd-theme%2Fimg%2Fdefault-avatar.png&r=g","caption":"fedeleg"}}]}},"_links":{"self":[{"href":"https:\/\/www.padreydecano.com\/cms\/wp-json\/wp\/v2\/posts\/50937"}],"collection":[{"href":"https:\/\/www.padreydecano.com\/cms\/wp-json\/wp\/v2\/posts"}],"about":[{"href":"https:\/\/www.padreydecano.com\/cms\/wp-json\/wp\/v2\/types\/post"}],"author":[{"embeddable":true,"href":"https:\/\/www.padreydecano.com\/cms\/wp-json\/wp\/v2\/users\/19"}],"replies":[{"embeddable":true,"href":"https:\/\/www.padreydecano.com\/cms\/wp-json\/wp\/v2\/comments?post=50937"}],"version-history":[{"count":0,"href":"https:\/\/www.padreydecano.com\/cms\/wp-json\/wp\/v2\/posts\/50937\/revisions"}],"wp:featuredmedia":[{"embeddable":true,"href":"https:\/\/www.padreydecano.com\/cms\/wp-json\/wp\/v2\/media\/50941"}],"wp:attachment":[{"href":"https:\/\/www.padreydecano.com\/cms\/wp-json\/wp\/v2\/media?parent=50937"}],"wp:term":[{"taxonomy":"category","embeddable":true,"href":"https:\/\/www.padreydecano.com\/cms\/wp-json\/wp\/v2\/categories?post=50937"},{"taxonomy":"post_tag","embeddable":true,"href":"https:\/\/www.padreydecano.com\/cms\/wp-json\/wp\/v2\/tags?post=50937"}],"curies":[{"name":"wp","href":"https:\/\/api.w.org\/{rel}","templated":true}]}}