{"id":50893,"date":"2015-01-21T00:36:46","date_gmt":"2015-01-21T02:36:46","guid":{"rendered":"http:\/\/www.padreydecano.com\/cms\/?p=50893"},"modified":"2015-01-21T00:43:37","modified_gmt":"2015-01-21T02:43:37","slug":"los-jugadores-que-estan-en-el-plantel-van-a-seguir","status":"publish","type":"post","link":"https:\/\/www.padreydecano.com\/cms\/noticias\/los-jugadores-que-estan-en-el-plantel-van-a-seguir\/","title":{"rendered":"\u00abLos jugadores que est\u00e1n en el plantel van a seguir\u00bb"},"content":{"rendered":"<p style=\"text-align: justify;\"><a href=\"https:\/\/www.padreydecano.com\/cms\/wp-content\/uploads\/2015\/01\/cuerpo-tecnico-2015-penarol-nacional-paraguay-copa-antel-2015-mariano-alvez-01-2.jpg\" rel=\"shadowbox[sbpost-50893];player=img;\"><img loading=\"lazy\" decoding=\"async\" class=\"aligncenter  wp-image-50894\" src=\"https:\/\/www.padreydecano.com\/cms\/wp-content\/uploads\/2015\/01\/cuerpo-tecnico-2015-penarol-nacional-paraguay-copa-antel-2015-mariano-alvez-01-2.jpg\" alt=\"cuerpo-tecnico-2015-penarol-nacional-paraguay-copa-antel-2015-mariano-alvez-01 (2)\" width=\"607\" height=\"402\" srcset=\"https:\/\/www.padreydecano.com\/cms\/wp-content\/uploads\/2015\/01\/cuerpo-tecnico-2015-penarol-nacional-paraguay-copa-antel-2015-mariano-alvez-01-2.jpg 900w, https:\/\/www.padreydecano.com\/cms\/wp-content\/uploads\/2015\/01\/cuerpo-tecnico-2015-penarol-nacional-paraguay-copa-antel-2015-mariano-alvez-01-2-300x199.jpg 300w\" sizes=\"(max-width: 607px) 100vw, 607px\" \/><\/a><\/p>\n<p style=\"text-align: justify;\"><strong>Pablo Bengoechea habl\u00f3 en conferencia de prensa tras una <a title=\"Tercera derrota de verano\" href=\"https:\/\/www.padreydecano.com\/cms\/partidos\/tercera-derrota-de-verano\/\" target=\"_blank\">nueva derrota de Pe\u00f1arol<\/a> en la pretemporada. El entrenador aurinegro analiz\u00f3 la situaci\u00f3n actual del equipo e hizo referencia a posibles refuerzos para el plantel.<\/strong><\/p>\n<p style=\"text-align: justify;\"><span style=\"color: #ffcc02;\"><strong>Reflexi\u00f3n:<\/strong><\/span> \u201cSeguimos con partidos de pretemporada, tenemos bastante claro el material que hay. Obvio que tenemos much\u00edsimo por mejorar. Estamos preocupados con lo que le est\u00e1 pasando al grupo pero est\u00e1n trabajando bien. Pensamos que van a crecer y que el 14 de febrero vamos a llegar fuertes\u201d.<\/p>\n<p style=\"text-align: justify;\"><span style=\"color: #ffcc02;\"><strong>Limpieza:<\/strong> <\/span>\u201cLos jugadores que est\u00e1n en el plantel van a seguir todos, eso lo tenemos muy claro. Ya hemos hablando con los dirigentes algunas caracter\u00edsticas en alg\u00fan puesto. Est\u00e1n trabajando en el tema. En las pr\u00f3ximas horas habr\u00e1 novedades\u201d.<\/p>\n<p style=\"text-align: justify;\"><span style=\"color: #ffcc02;\"><strong>Incorporaciones:<\/strong><\/span> \u201cSi llegan el Pollo y Urreta estar\u00edamos muy conformes y contentos\u201d.<\/p>\n<p style=\"text-align: justify;\"><span style=\"color: #ffcc02;\"><strong><a href=\"https:\/\/www.padreydecano.com\/cms\/wp-content\/uploads\/2015\/01\/Christian_Adinolfi_Pe\u00f1arol_Nacional_71.jpg\" rel=\"shadowbox[sbpost-50893];player=img;\"><img loading=\"lazy\" decoding=\"async\" class=\"alignright size-medium wp-image-50895\" src=\"https:\/\/www.padreydecano.com\/cms\/wp-content\/uploads\/2015\/01\/Christian_Adinolfi_Pe\u00f1arol_Nacional_71-300x199.jpg\" alt=\"Christian_Adinolfi_Pe\u00f1arol_Nacional_7\" width=\"300\" height=\"199\" srcset=\"https:\/\/www.padreydecano.com\/cms\/wp-content\/uploads\/2015\/01\/Christian_Adinolfi_Pe\u00f1arol_Nacional_71-300x199.jpg 300w, https:\/\/www.padreydecano.com\/cms\/wp-content\/uploads\/2015\/01\/Christian_Adinolfi_Pe\u00f1arol_Nacional_71.jpg 900w\" sizes=\"(max-width: 300px) 100vw, 300px\" \/><\/a>Ruben\u00a0Olivera:<\/strong> <\/span>\u201cHemos charlado con el Pollo. Vamos a esperar. Tiene contrato por un a\u00f1o en Italia. La forma en que \u00e9l pueda salir del club se va a resolver en las pr\u00f3ximas horas. Le tienen que pagar lo que le deben y sino hay posibilidades. Quiere venir a Pe\u00f1arol\u201d.<\/p>\n<p style=\"text-align: justify;\"><span style=\"color: #ffcc02;\"><strong>Jonathan Urretaviscaya:<\/strong><\/span> \u201cVa a estar llegando en los pr\u00f3ximos d\u00edas. Queda alg\u00fan papel por hacer\u201d.<\/p>\n<p style=\"text-align: justify;\"><span style=\"color: #ffcc02;\"><strong>Christi\u00e1n Tab\u00f3:<\/strong> <\/span>\u201cQue tenga suerte. Hab\u00edamos hablado del tema. Pe\u00f1arol hizo gestiones, entr\u00f3 en una negociaci\u00f3n con Racing\u201d.<\/p>\n<p style=\"text-align: justify;\"><span style=\"color: #ffcc02;\"><strong>Luis Aguiar:<\/strong><\/span> \u201cEn las pr\u00f3ximas horas se va a definir. Todos los buenos jugadores tienen chance de llegar al club. Mucho m\u00e1s los que ya han jugado\u201d.<\/p>\n<p style=\"text-align: justify;\"><span style=\"color: #ffcc02;\"><strong>Fabi\u00e1n Estoyanoff:<\/strong> <\/span>\u201cHable con \u00e9l entre Navidad y fin de a\u00f1o\u201d.<\/p>\n<p style=\"text-align: justify;\"><span style=\"color: #ffcc02;\"><strong>Mat\u00edas Aguirregaray:<\/strong><\/span> \u201cEs un caso muy especial. Es hijo del ayudante y es amigo m\u00edo. Es muy dif\u00edcil que pueda venir. Tiene contrato vigente en Estudiantes. Pero no solo por ser hijo del Vasco ni por ser amigo. Supo ser campe\u00f3n y jugar bien en Pe\u00f1arol. Siempre tendr\u00e1 las puertas abiertas\u201d.<\/p>\n<p style=\"text-align: justify;\"><span style=\"color: #ffcc02;\"><strong>Referentes:<\/strong> <\/span>\u201cTenemos planificado que a partir del\u00a0 jueves Pacheco y Zalayeta se integren a todos los trabajos. Van a viajar a Paysand\u00fa. Valdez se va a integrar a la vuelta de Paysand\u00fa\u201d.<\/p>\n<p style=\"text-align: justify;\"><span style=\"color: #ffcc02;\"><strong>Objetivo:<\/strong><\/span> \u201cSi analizamos los resultados hay una preocupaci\u00f3n enorme. Nosotros el 23 de diciembre cuando asumimos ya empezamos a planificar el Clausura. Todav\u00eda esa fecha no ha llegado, vamos a ver qu\u00e9 rendimientos tendremos ese d\u00eda. Estamos muy ilusionados de que Pe\u00f1arol llegue fuerte al 14 de febrero. No puedo pensar s\u00f3lo en estos cuatro partidos. Hay jugadores que nos dan jerarqu\u00eda y calidad, que est\u00e1n entrenando, y van a empezar a jugar en los pr\u00f3ximos d\u00edas\u201d.<\/p>\n<p style=\"text-align: justify;\"><span style=\"color: #ffcc02;\"><strong>Estado an\u00edmico:<\/strong><\/span> \u201cEs un tema que estamos viendo. La psicolog\u00eda y el \u00e1nimo es algo que est\u00e1 en el deporte permanentemente. Creo que los jugadores son conscientes del club que representan. Tendr\u00eda que ser donde le dediquemos menos tiempo. Todos tenemos que ser conscientes de lo que tenemos por delante, una oportunidad \u00fanica de revertir lo sucedido en el semestre pasado\u201d.<\/p>\n","protected":false},"excerpt":{"rendered":"<p>Pablo Bengoechea habl\u00f3 en conferencia de prensa tras una nueva derrota de Pe\u00f1arol en la pretemporada. El entrenador aurinegro analiz\u00f3 la situaci\u00f3n actual del equipo.<\/p>\n","protected":false},"author":13,"featured_media":50896,"comment_status":"open","ping_status":"closed","sticky":false,"template":"","format":"standard","meta":{"footnotes":""},"categories":[1],"tags":[76],"yoast_head":"<!-- This site is optimized with the Yoast SEO plugin v23.2 - https:\/\/yoast.com\/wordpress\/plugins\/seo\/ -->\n<title>&quot;Los jugadores que est\u00e1n en el plantel van a seguir&quot; - Padre y Decano - El Sitio del Pueblo<\/title>\n<meta name=\"robots\" content=\"index, follow, max-snippet:-1, max-image-preview:large, max-video-preview:-1\" \/>\n<link rel=\"canonical\" href=\"https:\/\/www.padreydecano.com\/cms\/noticias\/los-jugadores-que-estan-en-el-plantel-van-a-seguir\/\" \/>\n<meta property=\"og:locale\" content=\"es_ES\" \/>\n<meta property=\"og:type\" content=\"article\" \/>\n<meta property=\"og:title\" content=\"&quot;Los jugadores que est\u00e1n en el plantel van a seguir&quot; - Padre y Decano - El Sitio del Pueblo\" \/>\n<meta property=\"og:description\" content=\"Pablo Bengoechea habl\u00f3 en conferencia de prensa tras una nueva derrota de Pe\u00f1arol en la pretemporada. El entrenador aurinegro analiz\u00f3 la situaci\u00f3n actual del equipo.\" \/>\n<meta property=\"og:url\" content=\"https:\/\/www.padreydecano.com\/cms\/noticias\/los-jugadores-que-estan-en-el-plantel-van-a-seguir\/\" \/>\n<meta property=\"og:site_name\" content=\"Padre y Decano - El Sitio del Pueblo\" \/>\n<meta property=\"article:published_time\" content=\"2015-01-21T02:36:46+00:00\" \/>\n<meta property=\"article:modified_time\" content=\"2015-01-21T02:43:37+00:00\" \/>\n<meta property=\"og:image\" content=\"https:\/\/www.padreydecano.com\/cms\/wp-content\/uploads\/2015\/01\/Christian_Adinolfi_Pe\u00f1arol_Nacional_1.jpg\" \/>\n\t<meta property=\"og:image:width\" content=\"900\" \/>\n\t<meta property=\"og:image:height\" content=\"596\" \/>\n\t<meta property=\"og:image:type\" content=\"image\/jpeg\" \/>\n<meta name=\"author\" content=\"Moderador\" \/>\n<meta name=\"twitter:card\" content=\"summary_large_image\" \/>\n<meta name=\"twitter:label1\" content=\"Escrito por\" \/>\n\t<meta name=\"twitter:data1\" content=\"Moderador\" \/>\n\t<meta name=\"twitter:label2\" content=\"Tiempo de lectura\" \/>\n\t<meta name=\"twitter:data2\" content=\"3 minutos\" \/>\n<script type=\"application\/ld+json\" class=\"yoast-schema-graph\">{\"@context\":\"https:\/\/schema.org\",\"@graph\":[{\"@type\":\"Article\",\"@id\":\"https:\/\/www.padreydecano.com\/cms\/noticias\/los-jugadores-que-estan-en-el-plantel-van-a-seguir\/#article\",\"isPartOf\":{\"@id\":\"https:\/\/www.padreydecano.com\/cms\/noticias\/los-jugadores-que-estan-en-el-plantel-van-a-seguir\/\"},\"author\":{\"name\":\"Moderador\",\"@id\":\"https:\/\/www.padreydecano.com\/cms\/#\/schema\/person\/d93e9e537230ae052c194251d9a1def2\"},\"headline\":\"\u00abLos jugadores que est\u00e1n en el plantel van a seguir\u00bb\",\"datePublished\":\"2015-01-21T02:36:46+00:00\",\"dateModified\":\"2015-01-21T02:43:37+00:00\",\"mainEntityOfPage\":{\"@id\":\"https:\/\/www.padreydecano.com\/cms\/noticias\/los-jugadores-que-estan-en-el-plantel-van-a-seguir\/\"},\"wordCount\":525,\"commentCount\":151,\"publisher\":{\"@id\":\"https:\/\/www.padreydecano.com\/cms\/#organization\"},\"image\":{\"@id\":\"https:\/\/www.padreydecano.com\/cms\/noticias\/los-jugadores-que-estan-en-el-plantel-van-a-seguir\/#primaryimage\"},\"thumbnailUrl\":\"https:\/\/www.padreydecano.com\/cms\/wp-content\/uploads\/2015\/01\/Christian_Adinolfi_Pe\u00f1arol_Nacional_1.jpg\",\"keywords\":[\"Voces del vestuario\"],\"articleSection\":[\"Noticias\"],\"inLanguage\":\"es\",\"potentialAction\":[{\"@type\":\"CommentAction\",\"name\":\"Comment\",\"target\":[\"https:\/\/www.padreydecano.com\/cms\/noticias\/los-jugadores-que-estan-en-el-plantel-van-a-seguir\/#respond\"]}]},{\"@type\":\"WebPage\",\"@id\":\"https:\/\/www.padreydecano.com\/cms\/noticias\/los-jugadores-que-estan-en-el-plantel-van-a-seguir\/\",\"url\":\"https:\/\/www.padreydecano.com\/cms\/noticias\/los-jugadores-que-estan-en-el-plantel-van-a-seguir\/\",\"name\":\"\\\"Los jugadores que est\u00e1n en el plantel van a seguir\\\" - Padre y Decano - El Sitio del Pueblo\",\"isPartOf\":{\"@id\":\"https:\/\/www.padreydecano.com\/cms\/#website\"},\"primaryImageOfPage\":{\"@id\":\"https:\/\/www.padreydecano.com\/cms\/noticias\/los-jugadores-que-estan-en-el-plantel-van-a-seguir\/#primaryimage\"},\"image\":{\"@id\":\"https:\/\/www.padreydecano.com\/cms\/noticias\/los-jugadores-que-estan-en-el-plantel-van-a-seguir\/#primaryimage\"},\"thumbnailUrl\":\"https:\/\/www.padreydecano.com\/cms\/wp-content\/uploads\/2015\/01\/Christian_Adinolfi_Pe\u00f1arol_Nacional_1.jpg\",\"datePublished\":\"2015-01-21T02:36:46+00:00\",\"dateModified\":\"2015-01-21T02:43:37+00:00\",\"breadcrumb\":{\"@id\":\"https:\/\/www.padreydecano.com\/cms\/noticias\/los-jugadores-que-estan-en-el-plantel-van-a-seguir\/#breadcrumb\"},\"inLanguage\":\"es\",\"potentialAction\":[{\"@type\":\"ReadAction\",\"target\":[\"https:\/\/www.padreydecano.com\/cms\/noticias\/los-jugadores-que-estan-en-el-plantel-van-a-seguir\/\"]}]},{\"@type\":\"ImageObject\",\"inLanguage\":\"es\",\"@id\":\"https:\/\/www.padreydecano.com\/cms\/noticias\/los-jugadores-que-estan-en-el-plantel-van-a-seguir\/#primaryimage\",\"url\":\"https:\/\/www.padreydecano.com\/cms\/wp-content\/uploads\/2015\/01\/Christian_Adinolfi_Pe\u00f1arol_Nacional_1.jpg\",\"contentUrl\":\"https:\/\/www.padreydecano.com\/cms\/wp-content\/uploads\/2015\/01\/Christian_Adinolfi_Pe\u00f1arol_Nacional_1.jpg\",\"width\":900,\"height\":596},{\"@type\":\"BreadcrumbList\",\"@id\":\"https:\/\/www.padreydecano.com\/cms\/noticias\/los-jugadores-que-estan-en-el-plantel-van-a-seguir\/#breadcrumb\",\"itemListElement\":[{\"@type\":\"ListItem\",\"position\":1,\"name\":\"Portada\",\"item\":\"https:\/\/www.padreydecano.com\/cms\/\"},{\"@type\":\"ListItem\",\"position\":2,\"name\":\"\u00abLos jugadores que est\u00e1n en el plantel van a seguir\u00bb\"}]},{\"@type\":\"WebSite\",\"@id\":\"https:\/\/www.padreydecano.com\/cms\/#website\",\"url\":\"https:\/\/www.padreydecano.com\/cms\/\",\"name\":\"Padre y Decano - El Sitio del Pueblo\",\"description\":\"Club Atl\u00e9tico Pe\u00f1arol\",\"publisher\":{\"@id\":\"https:\/\/www.padreydecano.com\/cms\/#organization\"},\"potentialAction\":[{\"@type\":\"SearchAction\",\"target\":{\"@type\":\"EntryPoint\",\"urlTemplate\":\"https:\/\/www.padreydecano.com\/cms\/?s={search_term_string}\"},\"query-input\":\"required name=search_term_string\"}],\"inLanguage\":\"es\"},{\"@type\":\"Organization\",\"@id\":\"https:\/\/www.padreydecano.com\/cms\/#organization\",\"name\":\"Padre y Decano\",\"url\":\"https:\/\/www.padreydecano.com\/cms\/\",\"logo\":{\"@type\":\"ImageObject\",\"inLanguage\":\"es\",\"@id\":\"https:\/\/www.padreydecano.com\/cms\/#\/schema\/logo\/image\/\",\"url\":\"https:\/\/www.padreydecano.com\/cms\/wp-content\/uploads\/2022\/01\/avatar-square.png\",\"contentUrl\":\"https:\/\/www.padreydecano.com\/cms\/wp-content\/uploads\/2022\/01\/avatar-square.png\",\"width\":1500,\"height\":1500,\"caption\":\"Padre y Decano\"},\"image\":{\"@id\":\"https:\/\/www.padreydecano.com\/cms\/#\/schema\/logo\/image\/\"}},{\"@type\":\"Person\",\"@id\":\"https:\/\/www.padreydecano.com\/cms\/#\/schema\/person\/d93e9e537230ae052c194251d9a1def2\",\"name\":\"Moderador\",\"image\":{\"@type\":\"ImageObject\",\"inLanguage\":\"es\",\"@id\":\"https:\/\/www.padreydecano.com\/cms\/#\/schema\/person\/image\/\",\"url\":\"https:\/\/secure.gravatar.com\/avatar\/2587727bf8a53bd3da4ec49f01bea66e?s=96&d=https%3A%2F%2Fpadreydecano.com%2Fcms%2Fwp-content%2Fthemes%2Fpyd-theme%2Fimg%2Fdefault-avatar.png&r=g\",\"contentUrl\":\"https:\/\/secure.gravatar.com\/avatar\/2587727bf8a53bd3da4ec49f01bea66e?s=96&d=https%3A%2F%2Fpadreydecano.com%2Fcms%2Fwp-content%2Fthemes%2Fpyd-theme%2Fimg%2Fdefault-avatar.png&r=g\",\"caption\":\"Moderador\"}}]}<\/script>\n<!-- \/ Yoast SEO plugin. -->","yoast_head_json":{"title":"\"Los jugadores que est\u00e1n en el plantel van a seguir\" - Padre y Decano - El Sitio del Pueblo","robots":{"index":"index","follow":"follow","max-snippet":"max-snippet:-1","max-image-preview":"max-image-preview:large","max-video-preview":"max-video-preview:-1"},"canonical":"https:\/\/www.padreydecano.com\/cms\/noticias\/los-jugadores-que-estan-en-el-plantel-van-a-seguir\/","og_locale":"es_ES","og_type":"article","og_title":"\"Los jugadores que est\u00e1n en el plantel van a seguir\" - Padre y Decano - El Sitio del Pueblo","og_description":"Pablo Bengoechea habl\u00f3 en conferencia de prensa tras una nueva derrota de Pe\u00f1arol en la pretemporada. El entrenador aurinegro analiz\u00f3 la situaci\u00f3n actual del equipo.","og_url":"https:\/\/www.padreydecano.com\/cms\/noticias\/los-jugadores-que-estan-en-el-plantel-van-a-seguir\/","og_site_name":"Padre y Decano - El Sitio del Pueblo","article_published_time":"2015-01-21T02:36:46+00:00","article_modified_time":"2015-01-21T02:43:37+00:00","og_image":[{"width":900,"height":596,"url":"https:\/\/www.padreydecano.com\/cms\/wp-content\/uploads\/2015\/01\/Christian_Adinolfi_Pe\u00f1arol_Nacional_1.jpg","type":"image\/jpeg"}],"author":"Moderador","twitter_card":"summary_large_image","twitter_misc":{"Escrito por":"Moderador","Tiempo de lectura":"3 minutos"},"schema":{"@context":"https:\/\/schema.org","@graph":[{"@type":"Article","@id":"https:\/\/www.padreydecano.com\/cms\/noticias\/los-jugadores-que-estan-en-el-plantel-van-a-seguir\/#article","isPartOf":{"@id":"https:\/\/www.padreydecano.com\/cms\/noticias\/los-jugadores-que-estan-en-el-plantel-van-a-seguir\/"},"author":{"name":"Moderador","@id":"https:\/\/www.padreydecano.com\/cms\/#\/schema\/person\/d93e9e537230ae052c194251d9a1def2"},"headline":"\u00abLos jugadores que est\u00e1n en el plantel van a seguir\u00bb","datePublished":"2015-01-21T02:36:46+00:00","dateModified":"2015-01-21T02:43:37+00:00","mainEntityOfPage":{"@id":"https:\/\/www.padreydecano.com\/cms\/noticias\/los-jugadores-que-estan-en-el-plantel-van-a-seguir\/"},"wordCount":525,"commentCount":151,"publisher":{"@id":"https:\/\/www.padreydecano.com\/cms\/#organization"},"image":{"@id":"https:\/\/www.padreydecano.com\/cms\/noticias\/los-jugadores-que-estan-en-el-plantel-van-a-seguir\/#primaryimage"},"thumbnailUrl":"https:\/\/www.padreydecano.com\/cms\/wp-content\/uploads\/2015\/01\/Christian_Adinolfi_Pe\u00f1arol_Nacional_1.jpg","keywords":["Voces del vestuario"],"articleSection":["Noticias"],"inLanguage":"es","potentialAction":[{"@type":"CommentAction","name":"Comment","target":["https:\/\/www.padreydecano.com\/cms\/noticias\/los-jugadores-que-estan-en-el-plantel-van-a-seguir\/#respond"]}]},{"@type":"WebPage","@id":"https:\/\/www.padreydecano.com\/cms\/noticias\/los-jugadores-que-estan-en-el-plantel-van-a-seguir\/","url":"https:\/\/www.padreydecano.com\/cms\/noticias\/los-jugadores-que-estan-en-el-plantel-van-a-seguir\/","name":"\"Los jugadores que est\u00e1n en el plantel van a seguir\" - Padre y Decano - El Sitio del Pueblo","isPartOf":{"@id":"https:\/\/www.padreydecano.com\/cms\/#website"},"primaryImageOfPage":{"@id":"https:\/\/www.padreydecano.com\/cms\/noticias\/los-jugadores-que-estan-en-el-plantel-van-a-seguir\/#primaryimage"},"image":{"@id":"https:\/\/www.padreydecano.com\/cms\/noticias\/los-jugadores-que-estan-en-el-plantel-van-a-seguir\/#primaryimage"},"thumbnailUrl":"https:\/\/www.padreydecano.com\/cms\/wp-content\/uploads\/2015\/01\/Christian_Adinolfi_Pe\u00f1arol_Nacional_1.jpg","datePublished":"2015-01-21T02:36:46+00:00","dateModified":"2015-01-21T02:43:37+00:00","breadcrumb":{"@id":"https:\/\/www.padreydecano.com\/cms\/noticias\/los-jugadores-que-estan-en-el-plantel-van-a-seguir\/#breadcrumb"},"inLanguage":"es","potentialAction":[{"@type":"ReadAction","target":["https:\/\/www.padreydecano.com\/cms\/noticias\/los-jugadores-que-estan-en-el-plantel-van-a-seguir\/"]}]},{"@type":"ImageObject","inLanguage":"es","@id":"https:\/\/www.padreydecano.com\/cms\/noticias\/los-jugadores-que-estan-en-el-plantel-van-a-seguir\/#primaryimage","url":"https:\/\/www.padreydecano.com\/cms\/wp-content\/uploads\/2015\/01\/Christian_Adinolfi_Pe\u00f1arol_Nacional_1.jpg","contentUrl":"https:\/\/www.padreydecano.com\/cms\/wp-content\/uploads\/2015\/01\/Christian_Adinolfi_Pe\u00f1arol_Nacional_1.jpg","width":900,"height":596},{"@type":"BreadcrumbList","@id":"https:\/\/www.padreydecano.com\/cms\/noticias\/los-jugadores-que-estan-en-el-plantel-van-a-seguir\/#breadcrumb","itemListElement":[{"@type":"ListItem","position":1,"name":"Portada","item":"https:\/\/www.padreydecano.com\/cms\/"},{"@type":"ListItem","position":2,"name":"\u00abLos jugadores que est\u00e1n en el plantel van a seguir\u00bb"}]},{"@type":"WebSite","@id":"https:\/\/www.padreydecano.com\/cms\/#website","url":"https:\/\/www.padreydecano.com\/cms\/","name":"Padre y Decano - El Sitio del Pueblo","description":"Club Atl\u00e9tico Pe\u00f1arol","publisher":{"@id":"https:\/\/www.padreydecano.com\/cms\/#organization"},"potentialAction":[{"@type":"SearchAction","target":{"@type":"EntryPoint","urlTemplate":"https:\/\/www.padreydecano.com\/cms\/?s={search_term_string}"},"query-input":"required name=search_term_string"}],"inLanguage":"es"},{"@type":"Organization","@id":"https:\/\/www.padreydecano.com\/cms\/#organization","name":"Padre y Decano","url":"https:\/\/www.padreydecano.com\/cms\/","logo":{"@type":"ImageObject","inLanguage":"es","@id":"https:\/\/www.padreydecano.com\/cms\/#\/schema\/logo\/image\/","url":"https:\/\/www.padreydecano.com\/cms\/wp-content\/uploads\/2022\/01\/avatar-square.png","contentUrl":"https:\/\/www.padreydecano.com\/cms\/wp-content\/uploads\/2022\/01\/avatar-square.png","width":1500,"height":1500,"caption":"Padre y Decano"},"image":{"@id":"https:\/\/www.padreydecano.com\/cms\/#\/schema\/logo\/image\/"}},{"@type":"Person","@id":"https:\/\/www.padreydecano.com\/cms\/#\/schema\/person\/d93e9e537230ae052c194251d9a1def2","name":"Moderador","image":{"@type":"ImageObject","inLanguage":"es","@id":"https:\/\/www.padreydecano.com\/cms\/#\/schema\/person\/image\/","url":"https:\/\/secure.gravatar.com\/avatar\/2587727bf8a53bd3da4ec49f01bea66e?s=96&d=https%3A%2F%2Fpadreydecano.com%2Fcms%2Fwp-content%2Fthemes%2Fpyd-theme%2Fimg%2Fdefault-avatar.png&r=g","contentUrl":"https:\/\/secure.gravatar.com\/avatar\/2587727bf8a53bd3da4ec49f01bea66e?s=96&d=https%3A%2F%2Fpadreydecano.com%2Fcms%2Fwp-content%2Fthemes%2Fpyd-theme%2Fimg%2Fdefault-avatar.png&r=g","caption":"Moderador"}}]}},"_links":{"self":[{"href":"https:\/\/www.padreydecano.com\/cms\/wp-json\/wp\/v2\/posts\/50893"}],"collection":[{"href":"https:\/\/www.padreydecano.com\/cms\/wp-json\/wp\/v2\/posts"}],"about":[{"href":"https:\/\/www.padreydecano.com\/cms\/wp-json\/wp\/v2\/types\/post"}],"author":[{"embeddable":true,"href":"https:\/\/www.padreydecano.com\/cms\/wp-json\/wp\/v2\/users\/13"}],"replies":[{"embeddable":true,"href":"https:\/\/www.padreydecano.com\/cms\/wp-json\/wp\/v2\/comments?post=50893"}],"version-history":[{"count":0,"href":"https:\/\/www.padreydecano.com\/cms\/wp-json\/wp\/v2\/posts\/50893\/revisions"}],"wp:featuredmedia":[{"embeddable":true,"href":"https:\/\/www.padreydecano.com\/cms\/wp-json\/wp\/v2\/media\/50896"}],"wp:attachment":[{"href":"https:\/\/www.padreydecano.com\/cms\/wp-json\/wp\/v2\/media?parent=50893"}],"wp:term":[{"taxonomy":"category","embeddable":true,"href":"https:\/\/www.padreydecano.com\/cms\/wp-json\/wp\/v2\/categories?post=50893"},{"taxonomy":"post_tag","embeddable":true,"href":"https:\/\/www.padreydecano.com\/cms\/wp-json\/wp\/v2\/tags?post=50893"}],"curies":[{"name":"wp","href":"https:\/\/api.w.org\/{rel}","templated":true}]}}