{"id":50330,"date":"2014-12-14T16:07:43","date_gmt":"2014-12-14T18:07:43","guid":{"rendered":"http:\/\/www.padreydecano.com\/cms\/?p=50330"},"modified":"2014-12-14T16:29:14","modified_gmt":"2014-12-14T18:29:14","slug":"asamblea-representativa","status":"publish","type":"post","link":"https:\/\/www.padreydecano.com\/cms\/noticias\/asamblea-representativa\/","title":{"rendered":"Integrantes de la Asamblea Representativa"},"content":{"rendered":"<p><a href=\"https:\/\/www.padreydecano.com\/cms\/wp-content\/uploads\/2014\/11\/Asamblea-Representativa-19.11-Copiar-e1416516965813.jpg\" rel=\"shadowbox[sbpost-50330];player=img;\"><img loading=\"lazy\" decoding=\"async\" class=\"aligncenter size-full wp-image-50047\" src=\"https:\/\/www.padreydecano.com\/cms\/wp-content\/uploads\/2014\/11\/Asamblea-Representativa-19.11-Copiar-e1416516965813.jpg\" alt=\"Asamblea Representativa 19.11 (Copiar)\" width=\"605\" height=\"454\" \/><\/a><\/p>\n<p style=\"text-align: justify;\">La elecci\u00f3n del d\u00eda de ayer, adem\u00e1s de definir los 11 cargos del Consejo Directivo, tambi\u00e9n eleg\u00eda a los 124 socios que nos van a representar en la Asamblea Representativa.<\/p>\n<p style=\"text-align: justify;\"><span style=\"color: #ffcc00;\"><strong>Quedaron repartidos de la siguiente manera:<\/strong><\/span><\/p>\n<ul style=\"text-align: justify;\">\n<li><strong>Oficialismo:<\/strong> 51 representantes (40 de la lista 10, 7 de la lista 5 y 4 de la lista 1987).<\/li>\n<li><strong>2809 &#8211; RA:<\/strong> 36 representantes (23 de la lista 2809, 8 de la lista 50 y 5 de la lista 53).<\/li>\n<li><strong>Sentimiento 1891:<\/strong> 20 representantes.<\/li>\n<li><strong>Lista 12:<\/strong> 17 representantes.<\/li>\n<\/ul>\n<p style=\"text-align: justify;\"><strong>Por lo tanto, la Asamblea Representativa de ahora en m\u00e1s estar\u00e1 formada por los asamble\u00edstas que detallamos a continuaci\u00f3n.<\/strong><\/p>\n<p><span style=\"color: #ffcc00;\"><strong>Por la lista 10:<\/strong><\/span><\/p>\n<ol>\n<li>Jorge Lepra<\/li>\n<li>Jorge Barrera<\/li>\n<li>Elazar Alfie<\/li>\n<li>Rafael Gim\u00e9nez Barbot<\/li>\n<li>Mois\u00e9s Cuenca<\/li>\n<li>Ver\u00f3nica Damiani Sobrero<\/li>\n<li>Juan Pedro Molla<\/li>\n<li>Juan Lema Benso<\/li>\n<li>Nicol\u00e1s Ghizzo<\/li>\n<li>Jos\u00e9 Luis Bringa<\/li>\n<li>Mireya Lopez<\/li>\n<li>Fernando Garc\u00eda Parada<\/li>\n<li>Pablo Schiavi<\/li>\n<li>Carlos Picos<\/li>\n<li>Diego Shaw<\/li>\n<li>Federico Fern\u00e1ndez Methol<\/li>\n<li>Milton Castillo<\/li>\n<li>Patricia Damiani Sobrero<\/li>\n<li>Fernando Errico<\/li>\n<li>Minas Apardian<\/li>\n<li>Salom\u00f3n Friesel<\/li>\n<li>Lidia Mascheroni<\/li>\n<li>Juan Berchesi<\/li>\n<li>\u00d3scar Fern\u00e1ndez<\/li>\n<li>Marcelo Marchesano<\/li>\n<li>Magela Damiani Sobrero<\/li>\n<li>Enrique Gonz\u00e1lez de Toro<\/li>\n<li>Gustavo Osta<\/li>\n<li>Gonzalo Mu\u00f1iz<\/li>\n<li>Angel Tucci<\/li>\n<li>Concepci\u00f3n Picarelli<\/li>\n<li>Constantino Viejo<\/li>\n<li>Lucas Cataldi<\/li>\n<li>Walter D\u00edaz<\/li>\n<li>Mario Pizzorno<\/li>\n<li>Walter Giordano<\/li>\n<li>Carlos Amegeiras<\/li>\n<li>Pablo Torres<\/li>\n<li>Jorge Freyre Bazzino<\/li>\n<li>Daniel Amor<\/li>\n<\/ol>\n<p><span style=\"color: #ffcc00;\"><strong>Por la lista 5:<\/strong><\/span><\/p>\n<ol>\n<li>\u00c1lvaro Lam\u00e9<\/li>\n<li>Fernando Folena<\/li>\n<li>Camilo Perrone<\/li>\n<li>Marcelo Solomita<\/li>\n<li>Dante Picarelli<\/li>\n<li>Gonzalo Santos<\/li>\n<li>Gonzalo Longo<\/li>\n<\/ol>\n<p><strong><span style=\"color: #ffcc00;\">Por la lista 1987:<\/span><\/strong><\/p>\n<ol>\n<li>Juan R. Robatto<\/li>\n<li>Alberto Sobrero<\/li>\n<li>Sergio Dans<\/li>\n<li>Milton Scaron<\/li>\n<\/ol>\n<p><span style=\"color: #ffcc00;\"><strong>Por la lista 2809:<\/strong><\/span><\/p>\n<ol>\n<li>Luciano \u00c1lvarez<\/li>\n<li>Carlos Scherschener<\/li>\n<li>Julio Herrera H\u00e9ber<\/li>\n<li>Juan Antonio Rodr\u00edguez<\/li>\n<li>Gladys Ruglio<\/li>\n<li>Carlos Larramendi<\/li>\n<li>Mauricio Steiner<\/li>\n<li>Juan Susena<\/li>\n<li>Luc\u00eda Areco<\/li>\n<li>Nicol\u00e1s Alonso<\/li>\n<li>Ivonne Rizzo<\/li>\n<li>Dominique Lazogue<\/li>\n<li>Gonzalo Monz\u00f3n<\/li>\n<li>\u00cdtalo Lauz<\/li>\n<li>Johon Torres<\/li>\n<li>Fernando Etcheverry<\/li>\n<li>Ernesto Lussheimer<\/li>\n<li>Leandro Garc\u00eda<\/li>\n<li>Marcelo Trigo<\/li>\n<li>Javier Vidal<\/li>\n<li>Uriel Cancela<\/li>\n<li>Carlos Colli Ruglio<\/li>\n<li>Mariana Colli<\/li>\n<\/ol>\n<p><span style=\"color: #ffcc00;\"><strong>Por la lista 50:<\/strong><\/span><\/p>\n<ol>\n<li>Roberto Improta<\/li>\n<li>Walter Picerno<\/li>\n<li>Gonzalo Moratorio<\/li>\n<li>Jos\u00e9 Pedro Dor\u00edn<\/li>\n<li>Gast\u00f3n Diz<\/li>\n<li>Pablo Sciarra<\/li>\n<li>Elbio de Agrela<\/li>\n<li>Nicol\u00e1s Scarela<\/li>\n<\/ol>\n<p><span style=\"color: #ffcc00;\"><strong>Por la lista 53:<\/strong><\/span><\/p>\n<ol>\n<li>Fernando Portal<\/li>\n<li>Santiago Foti<\/li>\n<li>Leonardo Hern\u00e1ndez<\/li>\n<li>Diego Collazo<\/li>\n<li>Nicol\u00e1s G\u00f3mez<\/li>\n<\/ol>\n<p><span style=\"color: #ffcc00;\"><strong>Por la lista 1891:<\/strong><\/span><\/p>\n<ol>\n<li>Gast\u00f3n Tealdi<\/li>\n<li>Leonel Degen<\/li>\n<li>V\u00edctor Manuel Bedrossi\u00e1n<\/li>\n<li>Ulises Laurito<\/li>\n<li>Juan Andr\u00e9s Santo<\/li>\n<li>Nicol\u00e1s Luna Ledesma<\/li>\n<li>Gonzalo Boragno<\/li>\n<li>Ignacio Gastambide<\/li>\n<li>Mart\u00edn Machado<\/li>\n<li>Sof\u00eda Sanguinetti<\/li>\n<li>Mart\u00edn Guerra<\/li>\n<li>Claudio Rivas<\/li>\n<li>Nicol\u00e1s Garc\u00eda<\/li>\n<li>Agust\u00edn Lopez<\/li>\n<li>Salvador Pintos<\/li>\n<li>Mart\u00edn Danieli<\/li>\n<li>Agustina Sanguinetti<\/li>\n<li>Mat\u00edas Giacomino<\/li>\n<li>Leonardo Vi\u00f1as<\/li>\n<li>Mart\u00edn Fleitas<\/li>\n<\/ol>\n<p><span style=\"color: #ffcc00;\"><strong>Por la lista 12:<\/strong><\/span><\/p>\n<ol>\n<li>Javier De Haedo<\/li>\n<li>Vito Atijas<\/li>\n<li>Jos\u00e9 Carlos Dom\u00ednguez<\/li>\n<li>Jorge Campomar Barrios<\/li>\n<li>Federico Welker<\/li>\n<li>Gimena Welker<\/li>\n<li>Juan Carlos Hermida<\/li>\n<li>Stefan Loblowitz<\/li>\n<li>Fernando Valls<\/li>\n<li>Carlos Freira<\/li>\n<li>Eduardo Zaidensztat<\/li>\n<li>Eduardo De Freitas<\/li>\n<li>Beatriz Remedio<\/li>\n<li>Panos Hadjaian<\/li>\n<li>Jorge Burgos<\/li>\n<li>Sebasti\u00e1n Sivera<\/li>\n<li>Juan F. Castro Lazaroff<\/li>\n<\/ol>\n<p>&nbsp;<\/p>\n","protected":false},"excerpt":{"rendered":"<p>La elecci\u00f3n del d\u00eda de ayer, adem\u00e1s de definir los 11 cargos del Consejo Directivo, tambi\u00e9n eleg\u00eda a los 124 socios que nos van a representar en la Asamblea Representativa. Quedaron repartidos de la siguiente manera: Oficialismo: 51 representantes (40 de la lista 10, 7 de la lista 5 y 4 de la lista 1987). [&hellip;]<\/p>\n","protected":false},"author":3,"featured_media":50047,"comment_status":"open","ping_status":"closed","sticky":false,"template":"","format":"standard","meta":{"footnotes":""},"categories":[1],"tags":[229],"yoast_head":"<!-- This site is optimized with the Yoast SEO plugin v23.2 - https:\/\/yoast.com\/wordpress\/plugins\/seo\/ -->\n<title>Integrantes de la Asamblea Representativa - Padre y Decano - El Sitio del Pueblo<\/title>\n<meta name=\"robots\" content=\"index, follow, max-snippet:-1, max-image-preview:large, max-video-preview:-1\" \/>\n<link rel=\"canonical\" href=\"https:\/\/www.padreydecano.com\/cms\/noticias\/asamblea-representativa\/\" \/>\n<meta property=\"og:locale\" content=\"es_ES\" \/>\n<meta property=\"og:type\" content=\"article\" \/>\n<meta property=\"og:title\" content=\"Integrantes de la Asamblea Representativa - Padre y Decano - El Sitio del Pueblo\" \/>\n<meta property=\"og:description\" content=\"La elecci\u00f3n del d\u00eda de ayer, adem\u00e1s de definir los 11 cargos del Consejo Directivo, tambi\u00e9n eleg\u00eda a los 124 socios que nos van a representar en la Asamblea Representativa. Quedaron repartidos de la siguiente manera: Oficialismo: 51 representantes (40 de la lista 10, 7 de la lista 5 y 4 de la lista 1987). [&hellip;]\" \/>\n<meta property=\"og:url\" content=\"https:\/\/www.padreydecano.com\/cms\/noticias\/asamblea-representativa\/\" \/>\n<meta property=\"og:site_name\" content=\"Padre y Decano - El Sitio del Pueblo\" \/>\n<meta property=\"article:published_time\" content=\"2014-12-14T18:07:43+00:00\" \/>\n<meta property=\"article:modified_time\" content=\"2014-12-14T18:29:14+00:00\" \/>\n<meta property=\"og:image\" content=\"https:\/\/www.padreydecano.com\/cms\/wp-content\/uploads\/2014\/11\/Asamblea-Representativa-19.11-Copiar-e1416516965813.jpg\" \/>\n\t<meta property=\"og:image:width\" content=\"605\" \/>\n\t<meta property=\"og:image:height\" content=\"454\" \/>\n\t<meta property=\"og:image:type\" content=\"image\/jpeg\" \/>\n<meta name=\"author\" content=\"1891\" \/>\n<meta name=\"twitter:card\" content=\"summary_large_image\" \/>\n<meta name=\"twitter:label1\" content=\"Escrito por\" \/>\n\t<meta name=\"twitter:data1\" content=\"1891\" \/>\n\t<meta name=\"twitter:label2\" content=\"Tiempo de lectura\" \/>\n\t<meta name=\"twitter:data2\" content=\"2 minutos\" \/>\n<script type=\"application\/ld+json\" class=\"yoast-schema-graph\">{\"@context\":\"https:\/\/schema.org\",\"@graph\":[{\"@type\":\"Article\",\"@id\":\"https:\/\/www.padreydecano.com\/cms\/noticias\/asamblea-representativa\/#article\",\"isPartOf\":{\"@id\":\"https:\/\/www.padreydecano.com\/cms\/noticias\/asamblea-representativa\/\"},\"author\":{\"name\":\"1891\",\"@id\":\"https:\/\/www.padreydecano.com\/cms\/#\/schema\/person\/5607c72c38a1537a151b24d1e67535e0\"},\"headline\":\"Integrantes de la Asamblea Representativa\",\"datePublished\":\"2014-12-14T18:07:43+00:00\",\"dateModified\":\"2014-12-14T18:29:14+00:00\",\"mainEntityOfPage\":{\"@id\":\"https:\/\/www.padreydecano.com\/cms\/noticias\/asamblea-representativa\/\"},\"wordCount\":437,\"commentCount\":2,\"publisher\":{\"@id\":\"https:\/\/www.padreydecano.com\/cms\/#organization\"},\"image\":{\"@id\":\"https:\/\/www.padreydecano.com\/cms\/noticias\/asamblea-representativa\/#primaryimage\"},\"thumbnailUrl\":\"https:\/\/www.padreydecano.com\/cms\/wp-content\/uploads\/2014\/11\/Asamblea-Representativa-19.11-Copiar-e1416516965813.jpg\",\"keywords\":[\"Elecciones 2014\"],\"articleSection\":[\"Noticias\"],\"inLanguage\":\"es\",\"potentialAction\":[{\"@type\":\"CommentAction\",\"name\":\"Comment\",\"target\":[\"https:\/\/www.padreydecano.com\/cms\/noticias\/asamblea-representativa\/#respond\"]}]},{\"@type\":\"WebPage\",\"@id\":\"https:\/\/www.padreydecano.com\/cms\/noticias\/asamblea-representativa\/\",\"url\":\"https:\/\/www.padreydecano.com\/cms\/noticias\/asamblea-representativa\/\",\"name\":\"Integrantes de la Asamblea Representativa - Padre y Decano - El Sitio del Pueblo\",\"isPartOf\":{\"@id\":\"https:\/\/www.padreydecano.com\/cms\/#website\"},\"primaryImageOfPage\":{\"@id\":\"https:\/\/www.padreydecano.com\/cms\/noticias\/asamblea-representativa\/#primaryimage\"},\"image\":{\"@id\":\"https:\/\/www.padreydecano.com\/cms\/noticias\/asamblea-representativa\/#primaryimage\"},\"thumbnailUrl\":\"https:\/\/www.padreydecano.com\/cms\/wp-content\/uploads\/2014\/11\/Asamblea-Representativa-19.11-Copiar-e1416516965813.jpg\",\"datePublished\":\"2014-12-14T18:07:43+00:00\",\"dateModified\":\"2014-12-14T18:29:14+00:00\",\"breadcrumb\":{\"@id\":\"https:\/\/www.padreydecano.com\/cms\/noticias\/asamblea-representativa\/#breadcrumb\"},\"inLanguage\":\"es\",\"potentialAction\":[{\"@type\":\"ReadAction\",\"target\":[\"https:\/\/www.padreydecano.com\/cms\/noticias\/asamblea-representativa\/\"]}]},{\"@type\":\"ImageObject\",\"inLanguage\":\"es\",\"@id\":\"https:\/\/www.padreydecano.com\/cms\/noticias\/asamblea-representativa\/#primaryimage\",\"url\":\"https:\/\/www.padreydecano.com\/cms\/wp-content\/uploads\/2014\/11\/Asamblea-Representativa-19.11-Copiar-e1416516965813.jpg\",\"contentUrl\":\"https:\/\/www.padreydecano.com\/cms\/wp-content\/uploads\/2014\/11\/Asamblea-Representativa-19.11-Copiar-e1416516965813.jpg\",\"width\":605,\"height\":454},{\"@type\":\"BreadcrumbList\",\"@id\":\"https:\/\/www.padreydecano.com\/cms\/noticias\/asamblea-representativa\/#breadcrumb\",\"itemListElement\":[{\"@type\":\"ListItem\",\"position\":1,\"name\":\"Portada\",\"item\":\"https:\/\/www.padreydecano.com\/cms\/\"},{\"@type\":\"ListItem\",\"position\":2,\"name\":\"Integrantes de la Asamblea Representativa\"}]},{\"@type\":\"WebSite\",\"@id\":\"https:\/\/www.padreydecano.com\/cms\/#website\",\"url\":\"https:\/\/www.padreydecano.com\/cms\/\",\"name\":\"Padre y Decano - El Sitio del Pueblo\",\"description\":\"Club Atl\u00e9tico Pe\u00f1arol\",\"publisher\":{\"@id\":\"https:\/\/www.padreydecano.com\/cms\/#organization\"},\"potentialAction\":[{\"@type\":\"SearchAction\",\"target\":{\"@type\":\"EntryPoint\",\"urlTemplate\":\"https:\/\/www.padreydecano.com\/cms\/?s={search_term_string}\"},\"query-input\":\"required name=search_term_string\"}],\"inLanguage\":\"es\"},{\"@type\":\"Organization\",\"@id\":\"https:\/\/www.padreydecano.com\/cms\/#organization\",\"name\":\"Padre y Decano\",\"url\":\"https:\/\/www.padreydecano.com\/cms\/\",\"logo\":{\"@type\":\"ImageObject\",\"inLanguage\":\"es\",\"@id\":\"https:\/\/www.padreydecano.com\/cms\/#\/schema\/logo\/image\/\",\"url\":\"https:\/\/www.padreydecano.com\/cms\/wp-content\/uploads\/2022\/01\/avatar-square.png\",\"contentUrl\":\"https:\/\/www.padreydecano.com\/cms\/wp-content\/uploads\/2022\/01\/avatar-square.png\",\"width\":1500,\"height\":1500,\"caption\":\"Padre y Decano\"},\"image\":{\"@id\":\"https:\/\/www.padreydecano.com\/cms\/#\/schema\/logo\/image\/\"}},{\"@type\":\"Person\",\"@id\":\"https:\/\/www.padreydecano.com\/cms\/#\/schema\/person\/5607c72c38a1537a151b24d1e67535e0\",\"name\":\"1891\",\"image\":{\"@type\":\"ImageObject\",\"inLanguage\":\"es\",\"@id\":\"https:\/\/www.padreydecano.com\/cms\/#\/schema\/person\/image\/\",\"url\":\"https:\/\/secure.gravatar.com\/avatar\/29d4d1b0d523a21898e8cf9585d259d3?s=96&d=https%3A%2F%2Fpadreydecano.com%2Fcms%2Fwp-content%2Fthemes%2Fpyd-theme%2Fimg%2Fdefault-avatar.png&r=g\",\"contentUrl\":\"https:\/\/secure.gravatar.com\/avatar\/29d4d1b0d523a21898e8cf9585d259d3?s=96&d=https%3A%2F%2Fpadreydecano.com%2Fcms%2Fwp-content%2Fthemes%2Fpyd-theme%2Fimg%2Fdefault-avatar.png&r=g\",\"caption\":\"1891\"}}]}<\/script>\n<!-- \/ Yoast SEO plugin. -->","yoast_head_json":{"title":"Integrantes de la Asamblea Representativa - Padre y Decano - El Sitio del Pueblo","robots":{"index":"index","follow":"follow","max-snippet":"max-snippet:-1","max-image-preview":"max-image-preview:large","max-video-preview":"max-video-preview:-1"},"canonical":"https:\/\/www.padreydecano.com\/cms\/noticias\/asamblea-representativa\/","og_locale":"es_ES","og_type":"article","og_title":"Integrantes de la Asamblea Representativa - Padre y Decano - El Sitio del Pueblo","og_description":"La elecci\u00f3n del d\u00eda de ayer, adem\u00e1s de definir los 11 cargos del Consejo Directivo, tambi\u00e9n eleg\u00eda a los 124 socios que nos van a representar en la Asamblea Representativa. Quedaron repartidos de la siguiente manera: Oficialismo: 51 representantes (40 de la lista 10, 7 de la lista 5 y 4 de la lista 1987). [&hellip;]","og_url":"https:\/\/www.padreydecano.com\/cms\/noticias\/asamblea-representativa\/","og_site_name":"Padre y Decano - El Sitio del Pueblo","article_published_time":"2014-12-14T18:07:43+00:00","article_modified_time":"2014-12-14T18:29:14+00:00","og_image":[{"width":605,"height":454,"url":"https:\/\/www.padreydecano.com\/cms\/wp-content\/uploads\/2014\/11\/Asamblea-Representativa-19.11-Copiar-e1416516965813.jpg","type":"image\/jpeg"}],"author":"1891","twitter_card":"summary_large_image","twitter_misc":{"Escrito por":"1891","Tiempo de lectura":"2 minutos"},"schema":{"@context":"https:\/\/schema.org","@graph":[{"@type":"Article","@id":"https:\/\/www.padreydecano.com\/cms\/noticias\/asamblea-representativa\/#article","isPartOf":{"@id":"https:\/\/www.padreydecano.com\/cms\/noticias\/asamblea-representativa\/"},"author":{"name":"1891","@id":"https:\/\/www.padreydecano.com\/cms\/#\/schema\/person\/5607c72c38a1537a151b24d1e67535e0"},"headline":"Integrantes de la Asamblea Representativa","datePublished":"2014-12-14T18:07:43+00:00","dateModified":"2014-12-14T18:29:14+00:00","mainEntityOfPage":{"@id":"https:\/\/www.padreydecano.com\/cms\/noticias\/asamblea-representativa\/"},"wordCount":437,"commentCount":2,"publisher":{"@id":"https:\/\/www.padreydecano.com\/cms\/#organization"},"image":{"@id":"https:\/\/www.padreydecano.com\/cms\/noticias\/asamblea-representativa\/#primaryimage"},"thumbnailUrl":"https:\/\/www.padreydecano.com\/cms\/wp-content\/uploads\/2014\/11\/Asamblea-Representativa-19.11-Copiar-e1416516965813.jpg","keywords":["Elecciones 2014"],"articleSection":["Noticias"],"inLanguage":"es","potentialAction":[{"@type":"CommentAction","name":"Comment","target":["https:\/\/www.padreydecano.com\/cms\/noticias\/asamblea-representativa\/#respond"]}]},{"@type":"WebPage","@id":"https:\/\/www.padreydecano.com\/cms\/noticias\/asamblea-representativa\/","url":"https:\/\/www.padreydecano.com\/cms\/noticias\/asamblea-representativa\/","name":"Integrantes de la Asamblea Representativa - Padre y Decano - El Sitio del Pueblo","isPartOf":{"@id":"https:\/\/www.padreydecano.com\/cms\/#website"},"primaryImageOfPage":{"@id":"https:\/\/www.padreydecano.com\/cms\/noticias\/asamblea-representativa\/#primaryimage"},"image":{"@id":"https:\/\/www.padreydecano.com\/cms\/noticias\/asamblea-representativa\/#primaryimage"},"thumbnailUrl":"https:\/\/www.padreydecano.com\/cms\/wp-content\/uploads\/2014\/11\/Asamblea-Representativa-19.11-Copiar-e1416516965813.jpg","datePublished":"2014-12-14T18:07:43+00:00","dateModified":"2014-12-14T18:29:14+00:00","breadcrumb":{"@id":"https:\/\/www.padreydecano.com\/cms\/noticias\/asamblea-representativa\/#breadcrumb"},"inLanguage":"es","potentialAction":[{"@type":"ReadAction","target":["https:\/\/www.padreydecano.com\/cms\/noticias\/asamblea-representativa\/"]}]},{"@type":"ImageObject","inLanguage":"es","@id":"https:\/\/www.padreydecano.com\/cms\/noticias\/asamblea-representativa\/#primaryimage","url":"https:\/\/www.padreydecano.com\/cms\/wp-content\/uploads\/2014\/11\/Asamblea-Representativa-19.11-Copiar-e1416516965813.jpg","contentUrl":"https:\/\/www.padreydecano.com\/cms\/wp-content\/uploads\/2014\/11\/Asamblea-Representativa-19.11-Copiar-e1416516965813.jpg","width":605,"height":454},{"@type":"BreadcrumbList","@id":"https:\/\/www.padreydecano.com\/cms\/noticias\/asamblea-representativa\/#breadcrumb","itemListElement":[{"@type":"ListItem","position":1,"name":"Portada","item":"https:\/\/www.padreydecano.com\/cms\/"},{"@type":"ListItem","position":2,"name":"Integrantes de la Asamblea Representativa"}]},{"@type":"WebSite","@id":"https:\/\/www.padreydecano.com\/cms\/#website","url":"https:\/\/www.padreydecano.com\/cms\/","name":"Padre y Decano - El Sitio del Pueblo","description":"Club Atl\u00e9tico Pe\u00f1arol","publisher":{"@id":"https:\/\/www.padreydecano.com\/cms\/#organization"},"potentialAction":[{"@type":"SearchAction","target":{"@type":"EntryPoint","urlTemplate":"https:\/\/www.padreydecano.com\/cms\/?s={search_term_string}"},"query-input":"required name=search_term_string"}],"inLanguage":"es"},{"@type":"Organization","@id":"https:\/\/www.padreydecano.com\/cms\/#organization","name":"Padre y Decano","url":"https:\/\/www.padreydecano.com\/cms\/","logo":{"@type":"ImageObject","inLanguage":"es","@id":"https:\/\/www.padreydecano.com\/cms\/#\/schema\/logo\/image\/","url":"https:\/\/www.padreydecano.com\/cms\/wp-content\/uploads\/2022\/01\/avatar-square.png","contentUrl":"https:\/\/www.padreydecano.com\/cms\/wp-content\/uploads\/2022\/01\/avatar-square.png","width":1500,"height":1500,"caption":"Padre y Decano"},"image":{"@id":"https:\/\/www.padreydecano.com\/cms\/#\/schema\/logo\/image\/"}},{"@type":"Person","@id":"https:\/\/www.padreydecano.com\/cms\/#\/schema\/person\/5607c72c38a1537a151b24d1e67535e0","name":"1891","image":{"@type":"ImageObject","inLanguage":"es","@id":"https:\/\/www.padreydecano.com\/cms\/#\/schema\/person\/image\/","url":"https:\/\/secure.gravatar.com\/avatar\/29d4d1b0d523a21898e8cf9585d259d3?s=96&d=https%3A%2F%2Fpadreydecano.com%2Fcms%2Fwp-content%2Fthemes%2Fpyd-theme%2Fimg%2Fdefault-avatar.png&r=g","contentUrl":"https:\/\/secure.gravatar.com\/avatar\/29d4d1b0d523a21898e8cf9585d259d3?s=96&d=https%3A%2F%2Fpadreydecano.com%2Fcms%2Fwp-content%2Fthemes%2Fpyd-theme%2Fimg%2Fdefault-avatar.png&r=g","caption":"1891"}}]}},"_links":{"self":[{"href":"https:\/\/www.padreydecano.com\/cms\/wp-json\/wp\/v2\/posts\/50330"}],"collection":[{"href":"https:\/\/www.padreydecano.com\/cms\/wp-json\/wp\/v2\/posts"}],"about":[{"href":"https:\/\/www.padreydecano.com\/cms\/wp-json\/wp\/v2\/types\/post"}],"author":[{"embeddable":true,"href":"https:\/\/www.padreydecano.com\/cms\/wp-json\/wp\/v2\/users\/3"}],"replies":[{"embeddable":true,"href":"https:\/\/www.padreydecano.com\/cms\/wp-json\/wp\/v2\/comments?post=50330"}],"version-history":[{"count":0,"href":"https:\/\/www.padreydecano.com\/cms\/wp-json\/wp\/v2\/posts\/50330\/revisions"}],"wp:featuredmedia":[{"embeddable":true,"href":"https:\/\/www.padreydecano.com\/cms\/wp-json\/wp\/v2\/media\/50047"}],"wp:attachment":[{"href":"https:\/\/www.padreydecano.com\/cms\/wp-json\/wp\/v2\/media?parent=50330"}],"wp:term":[{"taxonomy":"category","embeddable":true,"href":"https:\/\/www.padreydecano.com\/cms\/wp-json\/wp\/v2\/categories?post=50330"},{"taxonomy":"post_tag","embeddable":true,"href":"https:\/\/www.padreydecano.com\/cms\/wp-json\/wp\/v2\/tags?post=50330"}],"curies":[{"name":"wp","href":"https:\/\/api.w.org\/{rel}","templated":true}]}}