{"id":4961,"date":"2011-10-08T20:20:02","date_gmt":"2011-10-08T22:20:02","guid":{"rendered":"http:\/\/www.padreydecano.com\/cms\/?p=4961"},"modified":"2012-06-08T00:59:24","modified_gmt":"2012-06-08T03:59:24","slug":"duro-de-matar-penarol-2-fenix-1","status":"publish","type":"post","link":"https:\/\/www.padreydecano.com\/cms\/partidos\/duro-de-matar-penarol-2-fenix-1\/","title":{"rendered":"Duro de matar: Pe\u00f1arol 2 F\u00e9nix 1"},"content":{"rendered":"<p style=\"text-align: justify;\"><img decoding=\"async\" class=\"alignleft size-medium wp-image-5387\" src=\"https:\/\/www.padreydecano.com\/cms\/wp-content\/uploads\/2011\/10\/Vs.-Fenix-194-Copiar1-300x199.jpg\" alt=\"\" width=\"240\" srcset=\"https:\/\/www.padreydecano.com\/cms\/wp-content\/uploads\/2011\/10\/Vs.-Fenix-194-Copiar1-300x199.jpg 300w, https:\/\/www.padreydecano.com\/cms\/wp-content\/uploads\/2011\/10\/Vs.-Fenix-194-Copiar1.jpg 800w\" sizes=\"(max-width: 300px) 100vw, 300px\" \/>Por la novena fecha del Apertura, derrotamos 2 a 1 a F\u00e9nix en uno de los partidos m\u00e1s complicados del campeonato, con tantos de Joao Pedro y el capit\u00e1n Dar\u00edo Rodr\u00edguez. Por segunda vez en el torneo comenzamos abajo en el marcador (anterior ante Racing), pero a base de temperamento y empuje, supimos darlo vuelta y as\u00ed conseguir otros tres puntos vitales de cara al t\u00edtulo que todos ansiamos.<\/p>\n<p style=\"text-align: justify;\">En los \u00faltimos tiempos el F\u00e9nix de Rosario Mart\u00ednez hab\u00eda construido una imagen de cuadro duro, s\u00f3lido y fuerte atr\u00e1s, y en la tarde de hoy no fue la excepci\u00f3n. Nunca propuso salir a ganar el partido, sino que su juego fue el de ordenarse en defensa y poner obst\u00e1culos para que el conjunto de Gregorio no pudiera llegar con claridad al arco. A esto hay que sumarle que los jugadores carboneros no anduvieron claros con la pelota quieta en el primer tiempo, por lo que esta arma de gol parec\u00eda que no iba a dar sus frutos en esta tarde de fin de semana largo. El primer tiempo se iba empatado 0 a 0 con un equipo que marc\u00f3 y marc\u00f3, y otro, que quer\u00eda ganar el partido, pero no encontraba el camino.<\/p>\n<p style=\"text-align: justify;\">En la segunda parte hubo un intento de F\u00e9nix de proponer algo futbol\u00edsticamente, y se comenz\u00f3 a generar alg\u00fan espacio. La gente estaba irritada con el \u00e1rbitro Mart\u00ednez, quien parec\u00eda dejar pasar todas las faltas cometidas por los jugadores de Capurro. Por si fuera poco, inmerecidamente, lleg\u00f3 el gol de F\u00e9nix, cumpli\u00e9ndose la ley del ex. A los 54 minutos, el cuadro menor ejecut\u00f3 un contragolpe perfecto y el \u201cPelo\u201d Ortiz abri\u00f3 el marcador. Inmerecido, pero gol al fin, y en este deporte no se premian los m\u00e9ritos.<\/p>\n<p style=\"text-align: justify;\">Sin embargo, r\u00e1pidamente pudimos empatar el juego, ya que apenas 4 minutos despu\u00e9s lleg\u00f3 el tanto de Joao Pedro, luego de una gran pelota que le baja Zalayeta. El brasilero con su clase la coloca contra el palo m\u00e1s lejano, y de esa manera evacua cualquier tipo de dudas con respecto al partido. Faltaba media hora, y Pe\u00f1arol estaba en carrera.<\/p>\n<p style=\"text-align: justify;\">El ingreso del Maxi P\u00e9rez fue fundamental, y el equipo empez\u00f3 a crear f\u00fatbol ofensivamente, con m\u00e1s pase y claridad. A los 71 lleg\u00f3 el gol de la victoria por parte de Dar\u00edo Rodr\u00edguez, quien pesc\u00f3 un rebote tras el remate de P\u00e9rez, y de esa manera sentenci\u00f3 el encuentro.<\/p>\n<p style=\"text-align: justify;\">Pe\u00f1arol, sin estar muy claro, pero jugando mucho m\u00e1s que su rival, se lleva 3 puntos de oro, y espera tranquilo a lo que pueda suceder ma\u00f1ana en el encuentro entre Defensor Sp. y Cerro. El pr\u00f3ximo fin de semana, ante Cerro, se jugar\u00e1n puntos m\u00e1s que importantes en este torneo.<\/p>\n","protected":false},"excerpt":{"rendered":"<p>Por la novena fecha del Apertura, derrotamos 2 a 1 a F\u00e9nix en uno de los partidos m\u00e1s complicados del campeonato, con tantos de Joao Pedro y el capit\u00e1n Dar\u00edo Rodr\u00edguez. Por segunda vez en el torneo comenzamos abajo en el marcador (anterior ante Racing), pero a base de temperamento y empuje, supimos darlo vuelta [&hellip;]<\/p>\n","protected":false},"author":13,"featured_media":5385,"comment_status":"open","ping_status":"closed","sticky":false,"template":"","format":"standard","meta":{"footnotes":""},"categories":[13],"tags":[88],"yoast_head":"<!-- This site is optimized with the Yoast SEO plugin v23.2 - https:\/\/yoast.com\/wordpress\/plugins\/seo\/ -->\n<title>Duro de matar: Pe\u00f1arol 2 F\u00e9nix 1 - Padre y Decano - El Sitio del Pueblo<\/title>\n<meta name=\"robots\" content=\"index, follow, max-snippet:-1, max-image-preview:large, max-video-preview:-1\" \/>\n<link rel=\"canonical\" href=\"https:\/\/www.padreydecano.com\/cms\/partidos\/duro-de-matar-penarol-2-fenix-1\/\" \/>\n<meta property=\"og:locale\" content=\"es_ES\" \/>\n<meta property=\"og:type\" content=\"article\" \/>\n<meta property=\"og:title\" content=\"Duro de matar: Pe\u00f1arol 2 F\u00e9nix 1 - Padre y Decano - El Sitio del Pueblo\" \/>\n<meta property=\"og:description\" content=\"Por la novena fecha del Apertura, derrotamos 2 a 1 a F\u00e9nix en uno de los partidos m\u00e1s complicados del campeonato, con tantos de Joao Pedro y el capit\u00e1n Dar\u00edo Rodr\u00edguez. Por segunda vez en el torneo comenzamos abajo en el marcador (anterior ante Racing), pero a base de temperamento y empuje, supimos darlo vuelta [&hellip;]\" \/>\n<meta property=\"og:url\" content=\"https:\/\/www.padreydecano.com\/cms\/partidos\/duro-de-matar-penarol-2-fenix-1\/\" \/>\n<meta property=\"og:site_name\" content=\"Padre y Decano - El Sitio del Pueblo\" \/>\n<meta property=\"article:published_time\" content=\"2011-10-08T22:20:02+00:00\" \/>\n<meta property=\"article:modified_time\" content=\"2012-06-08T03:59:24+00:00\" \/>\n<meta property=\"og:image\" content=\"https:\/\/www.padreydecano.com\/cms\/wp-content\/uploads\/2011\/10\/Festejo.jpg\" \/>\n\t<meta property=\"og:image:width\" content=\"640\" \/>\n\t<meta property=\"og:image:height\" content=\"250\" \/>\n\t<meta property=\"og:image:type\" content=\"image\/jpeg\" \/>\n<meta name=\"author\" content=\"Moderador\" \/>\n<meta name=\"twitter:card\" content=\"summary_large_image\" \/>\n<meta name=\"twitter:label1\" content=\"Escrito por\" \/>\n\t<meta name=\"twitter:data1\" content=\"Moderador\" \/>\n\t<meta name=\"twitter:label2\" content=\"Tiempo de lectura\" \/>\n\t<meta name=\"twitter:data2\" content=\"2 minutos\" \/>\n<script type=\"application\/ld+json\" class=\"yoast-schema-graph\">{\"@context\":\"https:\/\/schema.org\",\"@graph\":[{\"@type\":\"Article\",\"@id\":\"https:\/\/www.padreydecano.com\/cms\/partidos\/duro-de-matar-penarol-2-fenix-1\/#article\",\"isPartOf\":{\"@id\":\"https:\/\/www.padreydecano.com\/cms\/partidos\/duro-de-matar-penarol-2-fenix-1\/\"},\"author\":{\"name\":\"Moderador\",\"@id\":\"https:\/\/www.padreydecano.com\/cms\/#\/schema\/person\/d93e9e537230ae052c194251d9a1def2\"},\"headline\":\"Duro de matar: Pe\u00f1arol 2 F\u00e9nix 1\",\"datePublished\":\"2011-10-08T22:20:02+00:00\",\"dateModified\":\"2012-06-08T03:59:24+00:00\",\"mainEntityOfPage\":{\"@id\":\"https:\/\/www.padreydecano.com\/cms\/partidos\/duro-de-matar-penarol-2-fenix-1\/\"},\"wordCount\":491,\"commentCount\":9,\"publisher\":{\"@id\":\"https:\/\/www.padreydecano.com\/cms\/#organization\"},\"image\":{\"@id\":\"https:\/\/www.padreydecano.com\/cms\/partidos\/duro-de-matar-penarol-2-fenix-1\/#primaryimage\"},\"thumbnailUrl\":\"https:\/\/www.padreydecano.com\/cms\/wp-content\/uploads\/2011\/10\/Festejo.jpg\",\"keywords\":[\"Torneo Apertura 2011\"],\"articleSection\":[\"Partidos\"],\"inLanguage\":\"es\",\"potentialAction\":[{\"@type\":\"CommentAction\",\"name\":\"Comment\",\"target\":[\"https:\/\/www.padreydecano.com\/cms\/partidos\/duro-de-matar-penarol-2-fenix-1\/#respond\"]}]},{\"@type\":\"WebPage\",\"@id\":\"https:\/\/www.padreydecano.com\/cms\/partidos\/duro-de-matar-penarol-2-fenix-1\/\",\"url\":\"https:\/\/www.padreydecano.com\/cms\/partidos\/duro-de-matar-penarol-2-fenix-1\/\",\"name\":\"Duro de matar: Pe\u00f1arol 2 F\u00e9nix 1 - Padre y Decano - El Sitio del Pueblo\",\"isPartOf\":{\"@id\":\"https:\/\/www.padreydecano.com\/cms\/#website\"},\"primaryImageOfPage\":{\"@id\":\"https:\/\/www.padreydecano.com\/cms\/partidos\/duro-de-matar-penarol-2-fenix-1\/#primaryimage\"},\"image\":{\"@id\":\"https:\/\/www.padreydecano.com\/cms\/partidos\/duro-de-matar-penarol-2-fenix-1\/#primaryimage\"},\"thumbnailUrl\":\"https:\/\/www.padreydecano.com\/cms\/wp-content\/uploads\/2011\/10\/Festejo.jpg\",\"datePublished\":\"2011-10-08T22:20:02+00:00\",\"dateModified\":\"2012-06-08T03:59:24+00:00\",\"breadcrumb\":{\"@id\":\"https:\/\/www.padreydecano.com\/cms\/partidos\/duro-de-matar-penarol-2-fenix-1\/#breadcrumb\"},\"inLanguage\":\"es\",\"potentialAction\":[{\"@type\":\"ReadAction\",\"target\":[\"https:\/\/www.padreydecano.com\/cms\/partidos\/duro-de-matar-penarol-2-fenix-1\/\"]}]},{\"@type\":\"ImageObject\",\"inLanguage\":\"es\",\"@id\":\"https:\/\/www.padreydecano.com\/cms\/partidos\/duro-de-matar-penarol-2-fenix-1\/#primaryimage\",\"url\":\"https:\/\/www.padreydecano.com\/cms\/wp-content\/uploads\/2011\/10\/Festejo.jpg\",\"contentUrl\":\"https:\/\/www.padreydecano.com\/cms\/wp-content\/uploads\/2011\/10\/Festejo.jpg\",\"width\":\"640\",\"height\":\"250\"},{\"@type\":\"BreadcrumbList\",\"@id\":\"https:\/\/www.padreydecano.com\/cms\/partidos\/duro-de-matar-penarol-2-fenix-1\/#breadcrumb\",\"itemListElement\":[{\"@type\":\"ListItem\",\"position\":1,\"name\":\"Portada\",\"item\":\"https:\/\/www.padreydecano.com\/cms\/\"},{\"@type\":\"ListItem\",\"position\":2,\"name\":\"Duro de matar: Pe\u00f1arol 2 F\u00e9nix 1\"}]},{\"@type\":\"WebSite\",\"@id\":\"https:\/\/www.padreydecano.com\/cms\/#website\",\"url\":\"https:\/\/www.padreydecano.com\/cms\/\",\"name\":\"Padre y Decano - El Sitio del Pueblo\",\"description\":\"Club Atl\u00e9tico Pe\u00f1arol\",\"publisher\":{\"@id\":\"https:\/\/www.padreydecano.com\/cms\/#organization\"},\"potentialAction\":[{\"@type\":\"SearchAction\",\"target\":{\"@type\":\"EntryPoint\",\"urlTemplate\":\"https:\/\/www.padreydecano.com\/cms\/?s={search_term_string}\"},\"query-input\":\"required name=search_term_string\"}],\"inLanguage\":\"es\"},{\"@type\":\"Organization\",\"@id\":\"https:\/\/www.padreydecano.com\/cms\/#organization\",\"name\":\"Padre y Decano\",\"url\":\"https:\/\/www.padreydecano.com\/cms\/\",\"logo\":{\"@type\":\"ImageObject\",\"inLanguage\":\"es\",\"@id\":\"https:\/\/www.padreydecano.com\/cms\/#\/schema\/logo\/image\/\",\"url\":\"https:\/\/www.padreydecano.com\/cms\/wp-content\/uploads\/2022\/01\/avatar-square.png\",\"contentUrl\":\"https:\/\/www.padreydecano.com\/cms\/wp-content\/uploads\/2022\/01\/avatar-square.png\",\"width\":1500,\"height\":1500,\"caption\":\"Padre y Decano\"},\"image\":{\"@id\":\"https:\/\/www.padreydecano.com\/cms\/#\/schema\/logo\/image\/\"}},{\"@type\":\"Person\",\"@id\":\"https:\/\/www.padreydecano.com\/cms\/#\/schema\/person\/d93e9e537230ae052c194251d9a1def2\",\"name\":\"Moderador\",\"image\":{\"@type\":\"ImageObject\",\"inLanguage\":\"es\",\"@id\":\"https:\/\/www.padreydecano.com\/cms\/#\/schema\/person\/image\/\",\"url\":\"https:\/\/secure.gravatar.com\/avatar\/2587727bf8a53bd3da4ec49f01bea66e?s=96&d=https%3A%2F%2Fpadreydecano.com%2Fcms%2Fwp-content%2Fthemes%2Fpyd-theme%2Fimg%2Fdefault-avatar.png&r=g\",\"contentUrl\":\"https:\/\/secure.gravatar.com\/avatar\/2587727bf8a53bd3da4ec49f01bea66e?s=96&d=https%3A%2F%2Fpadreydecano.com%2Fcms%2Fwp-content%2Fthemes%2Fpyd-theme%2Fimg%2Fdefault-avatar.png&r=g\",\"caption\":\"Moderador\"}}]}<\/script>\n<!-- \/ Yoast SEO plugin. -->","yoast_head_json":{"title":"Duro de matar: Pe\u00f1arol 2 F\u00e9nix 1 - Padre y Decano - El Sitio del Pueblo","robots":{"index":"index","follow":"follow","max-snippet":"max-snippet:-1","max-image-preview":"max-image-preview:large","max-video-preview":"max-video-preview:-1"},"canonical":"https:\/\/www.padreydecano.com\/cms\/partidos\/duro-de-matar-penarol-2-fenix-1\/","og_locale":"es_ES","og_type":"article","og_title":"Duro de matar: Pe\u00f1arol 2 F\u00e9nix 1 - Padre y Decano - El Sitio del Pueblo","og_description":"Por la novena fecha del Apertura, derrotamos 2 a 1 a F\u00e9nix en uno de los partidos m\u00e1s complicados del campeonato, con tantos de Joao Pedro y el capit\u00e1n Dar\u00edo Rodr\u00edguez. Por segunda vez en el torneo comenzamos abajo en el marcador (anterior ante Racing), pero a base de temperamento y empuje, supimos darlo vuelta [&hellip;]","og_url":"https:\/\/www.padreydecano.com\/cms\/partidos\/duro-de-matar-penarol-2-fenix-1\/","og_site_name":"Padre y Decano - El Sitio del Pueblo","article_published_time":"2011-10-08T22:20:02+00:00","article_modified_time":"2012-06-08T03:59:24+00:00","og_image":[{"width":640,"height":250,"url":"https:\/\/www.padreydecano.com\/cms\/wp-content\/uploads\/2011\/10\/Festejo.jpg","type":"image\/jpeg"}],"author":"Moderador","twitter_card":"summary_large_image","twitter_misc":{"Escrito por":"Moderador","Tiempo de lectura":"2 minutos"},"schema":{"@context":"https:\/\/schema.org","@graph":[{"@type":"Article","@id":"https:\/\/www.padreydecano.com\/cms\/partidos\/duro-de-matar-penarol-2-fenix-1\/#article","isPartOf":{"@id":"https:\/\/www.padreydecano.com\/cms\/partidos\/duro-de-matar-penarol-2-fenix-1\/"},"author":{"name":"Moderador","@id":"https:\/\/www.padreydecano.com\/cms\/#\/schema\/person\/d93e9e537230ae052c194251d9a1def2"},"headline":"Duro de matar: Pe\u00f1arol 2 F\u00e9nix 1","datePublished":"2011-10-08T22:20:02+00:00","dateModified":"2012-06-08T03:59:24+00:00","mainEntityOfPage":{"@id":"https:\/\/www.padreydecano.com\/cms\/partidos\/duro-de-matar-penarol-2-fenix-1\/"},"wordCount":491,"commentCount":9,"publisher":{"@id":"https:\/\/www.padreydecano.com\/cms\/#organization"},"image":{"@id":"https:\/\/www.padreydecano.com\/cms\/partidos\/duro-de-matar-penarol-2-fenix-1\/#primaryimage"},"thumbnailUrl":"https:\/\/www.padreydecano.com\/cms\/wp-content\/uploads\/2011\/10\/Festejo.jpg","keywords":["Torneo Apertura 2011"],"articleSection":["Partidos"],"inLanguage":"es","potentialAction":[{"@type":"CommentAction","name":"Comment","target":["https:\/\/www.padreydecano.com\/cms\/partidos\/duro-de-matar-penarol-2-fenix-1\/#respond"]}]},{"@type":"WebPage","@id":"https:\/\/www.padreydecano.com\/cms\/partidos\/duro-de-matar-penarol-2-fenix-1\/","url":"https:\/\/www.padreydecano.com\/cms\/partidos\/duro-de-matar-penarol-2-fenix-1\/","name":"Duro de matar: Pe\u00f1arol 2 F\u00e9nix 1 - Padre y Decano - El Sitio del Pueblo","isPartOf":{"@id":"https:\/\/www.padreydecano.com\/cms\/#website"},"primaryImageOfPage":{"@id":"https:\/\/www.padreydecano.com\/cms\/partidos\/duro-de-matar-penarol-2-fenix-1\/#primaryimage"},"image":{"@id":"https:\/\/www.padreydecano.com\/cms\/partidos\/duro-de-matar-penarol-2-fenix-1\/#primaryimage"},"thumbnailUrl":"https:\/\/www.padreydecano.com\/cms\/wp-content\/uploads\/2011\/10\/Festejo.jpg","datePublished":"2011-10-08T22:20:02+00:00","dateModified":"2012-06-08T03:59:24+00:00","breadcrumb":{"@id":"https:\/\/www.padreydecano.com\/cms\/partidos\/duro-de-matar-penarol-2-fenix-1\/#breadcrumb"},"inLanguage":"es","potentialAction":[{"@type":"ReadAction","target":["https:\/\/www.padreydecano.com\/cms\/partidos\/duro-de-matar-penarol-2-fenix-1\/"]}]},{"@type":"ImageObject","inLanguage":"es","@id":"https:\/\/www.padreydecano.com\/cms\/partidos\/duro-de-matar-penarol-2-fenix-1\/#primaryimage","url":"https:\/\/www.padreydecano.com\/cms\/wp-content\/uploads\/2011\/10\/Festejo.jpg","contentUrl":"https:\/\/www.padreydecano.com\/cms\/wp-content\/uploads\/2011\/10\/Festejo.jpg","width":"640","height":"250"},{"@type":"BreadcrumbList","@id":"https:\/\/www.padreydecano.com\/cms\/partidos\/duro-de-matar-penarol-2-fenix-1\/#breadcrumb","itemListElement":[{"@type":"ListItem","position":1,"name":"Portada","item":"https:\/\/www.padreydecano.com\/cms\/"},{"@type":"ListItem","position":2,"name":"Duro de matar: Pe\u00f1arol 2 F\u00e9nix 1"}]},{"@type":"WebSite","@id":"https:\/\/www.padreydecano.com\/cms\/#website","url":"https:\/\/www.padreydecano.com\/cms\/","name":"Padre y Decano - El Sitio del Pueblo","description":"Club Atl\u00e9tico Pe\u00f1arol","publisher":{"@id":"https:\/\/www.padreydecano.com\/cms\/#organization"},"potentialAction":[{"@type":"SearchAction","target":{"@type":"EntryPoint","urlTemplate":"https:\/\/www.padreydecano.com\/cms\/?s={search_term_string}"},"query-input":"required name=search_term_string"}],"inLanguage":"es"},{"@type":"Organization","@id":"https:\/\/www.padreydecano.com\/cms\/#organization","name":"Padre y Decano","url":"https:\/\/www.padreydecano.com\/cms\/","logo":{"@type":"ImageObject","inLanguage":"es","@id":"https:\/\/www.padreydecano.com\/cms\/#\/schema\/logo\/image\/","url":"https:\/\/www.padreydecano.com\/cms\/wp-content\/uploads\/2022\/01\/avatar-square.png","contentUrl":"https:\/\/www.padreydecano.com\/cms\/wp-content\/uploads\/2022\/01\/avatar-square.png","width":1500,"height":1500,"caption":"Padre y Decano"},"image":{"@id":"https:\/\/www.padreydecano.com\/cms\/#\/schema\/logo\/image\/"}},{"@type":"Person","@id":"https:\/\/www.padreydecano.com\/cms\/#\/schema\/person\/d93e9e537230ae052c194251d9a1def2","name":"Moderador","image":{"@type":"ImageObject","inLanguage":"es","@id":"https:\/\/www.padreydecano.com\/cms\/#\/schema\/person\/image\/","url":"https:\/\/secure.gravatar.com\/avatar\/2587727bf8a53bd3da4ec49f01bea66e?s=96&d=https%3A%2F%2Fpadreydecano.com%2Fcms%2Fwp-content%2Fthemes%2Fpyd-theme%2Fimg%2Fdefault-avatar.png&r=g","contentUrl":"https:\/\/secure.gravatar.com\/avatar\/2587727bf8a53bd3da4ec49f01bea66e?s=96&d=https%3A%2F%2Fpadreydecano.com%2Fcms%2Fwp-content%2Fthemes%2Fpyd-theme%2Fimg%2Fdefault-avatar.png&r=g","caption":"Moderador"}}]}},"_links":{"self":[{"href":"https:\/\/www.padreydecano.com\/cms\/wp-json\/wp\/v2\/posts\/4961"}],"collection":[{"href":"https:\/\/www.padreydecano.com\/cms\/wp-json\/wp\/v2\/posts"}],"about":[{"href":"https:\/\/www.padreydecano.com\/cms\/wp-json\/wp\/v2\/types\/post"}],"author":[{"embeddable":true,"href":"https:\/\/www.padreydecano.com\/cms\/wp-json\/wp\/v2\/users\/13"}],"replies":[{"embeddable":true,"href":"https:\/\/www.padreydecano.com\/cms\/wp-json\/wp\/v2\/comments?post=4961"}],"version-history":[{"count":0,"href":"https:\/\/www.padreydecano.com\/cms\/wp-json\/wp\/v2\/posts\/4961\/revisions"}],"wp:featuredmedia":[{"embeddable":true,"href":"https:\/\/www.padreydecano.com\/cms\/wp-json\/wp\/v2\/media\/5385"}],"wp:attachment":[{"href":"https:\/\/www.padreydecano.com\/cms\/wp-json\/wp\/v2\/media?parent=4961"}],"wp:term":[{"taxonomy":"category","embeddable":true,"href":"https:\/\/www.padreydecano.com\/cms\/wp-json\/wp\/v2\/categories?post=4961"},{"taxonomy":"post_tag","embeddable":true,"href":"https:\/\/www.padreydecano.com\/cms\/wp-json\/wp\/v2\/tags?post=4961"}],"curies":[{"name":"wp","href":"https:\/\/api.w.org\/{rel}","templated":true}]}}