{"id":48737,"date":"2014-09-19T12:07:11","date_gmt":"2014-09-19T15:07:11","guid":{"rendered":"http:\/\/www.padreydecano.com\/cms\/?p=48737"},"modified":"2014-09-19T16:11:13","modified_gmt":"2014-09-19T19:11:13","slug":"sorteamos-la-camiseta-del-jona-en-twitter","status":"publish","type":"post","link":"https:\/\/www.padreydecano.com\/cms\/noticias\/sorteamos-la-camiseta-del-jona-en-twitter\/","title":{"rendered":"Sorteamos la camiseta del Jona en Twitter"},"content":{"rendered":"<p style=\"text-align: justify;\">\n<p style=\"text-align: justify;\"><a href=\"https:\/\/www.padreydecano.com\/cms\/wp-content\/uploads\/2014\/09\/Jona-Tw.jpg\" rel=\"shadowbox[sbpost-48737];player=img;\"><img loading=\"lazy\" decoding=\"async\" class=\"aligncenter wp-image-48743\" src=\"https:\/\/www.padreydecano.com\/cms\/wp-content\/uploads\/2014\/09\/Jona-Tw.jpg\" alt=\"\" width=\"610\" height=\"407\" srcset=\"https:\/\/www.padreydecano.com\/cms\/wp-content\/uploads\/2014\/09\/Jona-Tw.jpg 900w, https:\/\/www.padreydecano.com\/cms\/wp-content\/uploads\/2014\/09\/Jona-Tw-300x200.jpg 300w\" sizes=\"(max-width: 610px) 100vw, 610px\" \/><\/a><\/p>\n<p style=\"text-align: justify;\"><strong>Ya superamos los 20.000 seguidores en Twitter.<\/strong>\u00a0D\u00eda a d\u00eda, nuestra cuenta crece gracias al apoyo de todos ustedes\u00a0y para festejar vamos a sortear la camiseta m\u00e1s gloriosa de todas entre todos nuestros seguidores. <strong>La camiseta la don\u00f3 la figura de Pe\u00f1arol Jonathan Rodr\u00edguez<\/strong>, con el n\u00famero 21 en la espalda puede ser tuya si segu\u00eds nuestra cuenta y le hac\u00e9s Retweet al siguiente tweet:<\/p>\n<blockquote class=\"twitter-tweet\" lang=\"es\"><p>\u00a1Retwitt\u00e9a este tweet y ten\u00e9s doble chance de ganar la remera! <a href=\"http:\/\/t.co\/CAiwDtKQyW\">pic.twitter.com\/CAiwDtKQyW<\/a><\/p>\n<p>\u2014 padreydecano.com (@padreydecanocom) <a href=\"https:\/\/twitter.com\/padreydecanocom\/status\/512248835398443009\">septiembre 17, 2014<\/a><\/p><\/blockquote>\n<p><script src=\"\/\/platform.twitter.com\/widgets.js\" async=\"\" charset=\"utf-8\"><\/script><br \/>\n<span style=\"color: #ffcc02;\"><strong>\u00a1Cuando lleguemos a los 1.500 RT realizamos el sorteo!<\/strong><\/span><\/p>\n<p style=\"text-align: justify;\">\u00bfQu\u00e9 esperas para seguir a <a href=\"https:\/\/twitter.com\/padreydecanocom\" target=\"_blank\">@padreydecanocom<\/a> en Twitter? El minuto a minuto de los partidos, todas las novedades de padreydecano.com en tiempo real y mucho m\u00e1s del Mundo Pe\u00f1arol en nuestra cuenta. Para seguir a Pe\u00f1arol e informarte de todo tenes que seguir a\u00a0<a href=\"https:\/\/twitter.com\/padreydecanocom\" target=\"_blank\">@padreydecanocom<\/a>.<\/p>\n","protected":false},"excerpt":{"rendered":"<p>Ya superamos los 20.000 seguidores en Twitter.\u00a0D\u00eda a d\u00eda, nuestra cuenta crece gracias al apoyo de todos ustedes\u00a0y para festejar vamos a sortear la camiseta m\u00e1s gloriosa de todas entre todos nuestros seguidores. La camiseta la don\u00f3 la figura de Pe\u00f1arol Jonathan Rodr\u00edguez, con el n\u00famero 21 en la espalda puede ser tuya si segu\u00eds [&hellip;]<\/p>\n","protected":false},"author":2,"featured_media":48741,"comment_status":"open","ping_status":"closed","sticky":false,"template":"","format":"standard","meta":{"footnotes":""},"categories":[1],"tags":[99],"yoast_head":"<!-- This site is optimized with the Yoast SEO plugin v23.2 - https:\/\/yoast.com\/wordpress\/plugins\/seo\/ -->\n<title>Sorteamos la camiseta del Jona en Twitter - Padre y Decano - El Sitio del Pueblo<\/title>\n<meta name=\"robots\" content=\"index, follow, max-snippet:-1, max-image-preview:large, max-video-preview:-1\" \/>\n<link rel=\"canonical\" href=\"https:\/\/www.padreydecano.com\/cms\/noticias\/sorteamos-la-camiseta-del-jona-en-twitter\/\" \/>\n<meta property=\"og:locale\" content=\"es_ES\" \/>\n<meta property=\"og:type\" content=\"article\" \/>\n<meta property=\"og:title\" content=\"Sorteamos la camiseta del Jona en Twitter - Padre y Decano - El Sitio del Pueblo\" \/>\n<meta property=\"og:description\" content=\"Ya superamos los 20.000 seguidores en Twitter.\u00a0D\u00eda a d\u00eda, nuestra cuenta crece gracias al apoyo de todos ustedes\u00a0y para festejar vamos a sortear la camiseta m\u00e1s gloriosa de todas entre todos nuestros seguidores. La camiseta la don\u00f3 la figura de Pe\u00f1arol Jonathan Rodr\u00edguez, con el n\u00famero 21 en la espalda puede ser tuya si segu\u00eds [&hellip;]\" \/>\n<meta property=\"og:url\" content=\"https:\/\/www.padreydecano.com\/cms\/noticias\/sorteamos-la-camiseta-del-jona-en-twitter\/\" \/>\n<meta property=\"og:site_name\" content=\"Padre y Decano - El Sitio del Pueblo\" \/>\n<meta property=\"article:published_time\" content=\"2014-09-19T15:07:11+00:00\" \/>\n<meta property=\"article:modified_time\" content=\"2014-09-19T19:11:13+00:00\" \/>\n<meta property=\"og:image\" content=\"https:\/\/www.padreydecano.com\/cms\/wp-content\/uploads\/2014\/09\/camiseta-jona.jpg\" \/>\n\t<meta property=\"og:image:width\" content=\"736\" \/>\n\t<meta property=\"og:image:height\" content=\"414\" \/>\n\t<meta property=\"og:image:type\" content=\"image\/jpeg\" \/>\n<meta name=\"author\" content=\"Gonzalo16\" \/>\n<meta name=\"twitter:card\" content=\"summary_large_image\" \/>\n<meta name=\"twitter:label1\" content=\"Escrito por\" \/>\n\t<meta name=\"twitter:data1\" content=\"Gonzalo16\" \/>\n\t<meta name=\"twitter:label2\" content=\"Tiempo de lectura\" \/>\n\t<meta name=\"twitter:data2\" content=\"1 minuto\" \/>\n<script type=\"application\/ld+json\" class=\"yoast-schema-graph\">{\"@context\":\"https:\/\/schema.org\",\"@graph\":[{\"@type\":\"Article\",\"@id\":\"https:\/\/www.padreydecano.com\/cms\/noticias\/sorteamos-la-camiseta-del-jona-en-twitter\/#article\",\"isPartOf\":{\"@id\":\"https:\/\/www.padreydecano.com\/cms\/noticias\/sorteamos-la-camiseta-del-jona-en-twitter\/\"},\"author\":{\"name\":\"Gonzalo16\",\"@id\":\"https:\/\/www.padreydecano.com\/cms\/#\/schema\/person\/7fe41e3e335700ebd387196df2f9a8d4\"},\"headline\":\"Sorteamos la camiseta del Jona en Twitter\",\"datePublished\":\"2014-09-19T15:07:11+00:00\",\"dateModified\":\"2014-09-19T19:11:13+00:00\",\"mainEntityOfPage\":{\"@id\":\"https:\/\/www.padreydecano.com\/cms\/noticias\/sorteamos-la-camiseta-del-jona-en-twitter\/\"},\"wordCount\":157,\"commentCount\":4,\"publisher\":{\"@id\":\"https:\/\/www.padreydecano.com\/cms\/#organization\"},\"image\":{\"@id\":\"https:\/\/www.padreydecano.com\/cms\/noticias\/sorteamos-la-camiseta-del-jona-en-twitter\/#primaryimage\"},\"thumbnailUrl\":\"https:\/\/www.padreydecano.com\/cms\/wp-content\/uploads\/2014\/09\/camiseta-jona.jpg\",\"keywords\":[\"Sorteos\"],\"articleSection\":[\"Noticias\"],\"inLanguage\":\"es\",\"potentialAction\":[{\"@type\":\"CommentAction\",\"name\":\"Comment\",\"target\":[\"https:\/\/www.padreydecano.com\/cms\/noticias\/sorteamos-la-camiseta-del-jona-en-twitter\/#respond\"]}]},{\"@type\":\"WebPage\",\"@id\":\"https:\/\/www.padreydecano.com\/cms\/noticias\/sorteamos-la-camiseta-del-jona-en-twitter\/\",\"url\":\"https:\/\/www.padreydecano.com\/cms\/noticias\/sorteamos-la-camiseta-del-jona-en-twitter\/\",\"name\":\"Sorteamos la camiseta del Jona en Twitter - Padre y Decano - El Sitio del Pueblo\",\"isPartOf\":{\"@id\":\"https:\/\/www.padreydecano.com\/cms\/#website\"},\"primaryImageOfPage\":{\"@id\":\"https:\/\/www.padreydecano.com\/cms\/noticias\/sorteamos-la-camiseta-del-jona-en-twitter\/#primaryimage\"},\"image\":{\"@id\":\"https:\/\/www.padreydecano.com\/cms\/noticias\/sorteamos-la-camiseta-del-jona-en-twitter\/#primaryimage\"},\"thumbnailUrl\":\"https:\/\/www.padreydecano.com\/cms\/wp-content\/uploads\/2014\/09\/camiseta-jona.jpg\",\"datePublished\":\"2014-09-19T15:07:11+00:00\",\"dateModified\":\"2014-09-19T19:11:13+00:00\",\"breadcrumb\":{\"@id\":\"https:\/\/www.padreydecano.com\/cms\/noticias\/sorteamos-la-camiseta-del-jona-en-twitter\/#breadcrumb\"},\"inLanguage\":\"es\",\"potentialAction\":[{\"@type\":\"ReadAction\",\"target\":[\"https:\/\/www.padreydecano.com\/cms\/noticias\/sorteamos-la-camiseta-del-jona-en-twitter\/\"]}]},{\"@type\":\"ImageObject\",\"inLanguage\":\"es\",\"@id\":\"https:\/\/www.padreydecano.com\/cms\/noticias\/sorteamos-la-camiseta-del-jona-en-twitter\/#primaryimage\",\"url\":\"https:\/\/www.padreydecano.com\/cms\/wp-content\/uploads\/2014\/09\/camiseta-jona.jpg\",\"contentUrl\":\"https:\/\/www.padreydecano.com\/cms\/wp-content\/uploads\/2014\/09\/camiseta-jona.jpg\",\"width\":736,\"height\":414},{\"@type\":\"BreadcrumbList\",\"@id\":\"https:\/\/www.padreydecano.com\/cms\/noticias\/sorteamos-la-camiseta-del-jona-en-twitter\/#breadcrumb\",\"itemListElement\":[{\"@type\":\"ListItem\",\"position\":1,\"name\":\"Portada\",\"item\":\"https:\/\/www.padreydecano.com\/cms\/\"},{\"@type\":\"ListItem\",\"position\":2,\"name\":\"Sorteamos la camiseta del Jona en Twitter\"}]},{\"@type\":\"WebSite\",\"@id\":\"https:\/\/www.padreydecano.com\/cms\/#website\",\"url\":\"https:\/\/www.padreydecano.com\/cms\/\",\"name\":\"Padre y Decano - El Sitio del Pueblo\",\"description\":\"Club Atl\u00e9tico Pe\u00f1arol\",\"publisher\":{\"@id\":\"https:\/\/www.padreydecano.com\/cms\/#organization\"},\"potentialAction\":[{\"@type\":\"SearchAction\",\"target\":{\"@type\":\"EntryPoint\",\"urlTemplate\":\"https:\/\/www.padreydecano.com\/cms\/?s={search_term_string}\"},\"query-input\":\"required name=search_term_string\"}],\"inLanguage\":\"es\"},{\"@type\":\"Organization\",\"@id\":\"https:\/\/www.padreydecano.com\/cms\/#organization\",\"name\":\"Padre y Decano\",\"url\":\"https:\/\/www.padreydecano.com\/cms\/\",\"logo\":{\"@type\":\"ImageObject\",\"inLanguage\":\"es\",\"@id\":\"https:\/\/www.padreydecano.com\/cms\/#\/schema\/logo\/image\/\",\"url\":\"https:\/\/www.padreydecano.com\/cms\/wp-content\/uploads\/2022\/01\/avatar-square.png\",\"contentUrl\":\"https:\/\/www.padreydecano.com\/cms\/wp-content\/uploads\/2022\/01\/avatar-square.png\",\"width\":1500,\"height\":1500,\"caption\":\"Padre y Decano\"},\"image\":{\"@id\":\"https:\/\/www.padreydecano.com\/cms\/#\/schema\/logo\/image\/\"}},{\"@type\":\"Person\",\"@id\":\"https:\/\/www.padreydecano.com\/cms\/#\/schema\/person\/7fe41e3e335700ebd387196df2f9a8d4\",\"name\":\"Gonzalo16\",\"image\":{\"@type\":\"ImageObject\",\"inLanguage\":\"es\",\"@id\":\"https:\/\/www.padreydecano.com\/cms\/#\/schema\/person\/image\/\",\"url\":\"https:\/\/secure.gravatar.com\/avatar\/4d5cdd49803a2313c01f77e3dfc05d81?s=96&d=https%3A%2F%2Fpadreydecano.com%2Fcms%2Fwp-content%2Fthemes%2Fpyd-theme%2Fimg%2Fdefault-avatar.png&r=g\",\"contentUrl\":\"https:\/\/secure.gravatar.com\/avatar\/4d5cdd49803a2313c01f77e3dfc05d81?s=96&d=https%3A%2F%2Fpadreydecano.com%2Fcms%2Fwp-content%2Fthemes%2Fpyd-theme%2Fimg%2Fdefault-avatar.png&r=g\",\"caption\":\"Gonzalo16\"}}]}<\/script>\n<!-- \/ Yoast SEO plugin. -->","yoast_head_json":{"title":"Sorteamos la camiseta del Jona en Twitter - Padre y Decano - El Sitio del Pueblo","robots":{"index":"index","follow":"follow","max-snippet":"max-snippet:-1","max-image-preview":"max-image-preview:large","max-video-preview":"max-video-preview:-1"},"canonical":"https:\/\/www.padreydecano.com\/cms\/noticias\/sorteamos-la-camiseta-del-jona-en-twitter\/","og_locale":"es_ES","og_type":"article","og_title":"Sorteamos la camiseta del Jona en Twitter - Padre y Decano - El Sitio del Pueblo","og_description":"Ya superamos los 20.000 seguidores en Twitter.\u00a0D\u00eda a d\u00eda, nuestra cuenta crece gracias al apoyo de todos ustedes\u00a0y para festejar vamos a sortear la camiseta m\u00e1s gloriosa de todas entre todos nuestros seguidores. La camiseta la don\u00f3 la figura de Pe\u00f1arol Jonathan Rodr\u00edguez, con el n\u00famero 21 en la espalda puede ser tuya si segu\u00eds [&hellip;]","og_url":"https:\/\/www.padreydecano.com\/cms\/noticias\/sorteamos-la-camiseta-del-jona-en-twitter\/","og_site_name":"Padre y Decano - El Sitio del Pueblo","article_published_time":"2014-09-19T15:07:11+00:00","article_modified_time":"2014-09-19T19:11:13+00:00","og_image":[{"width":736,"height":414,"url":"https:\/\/www.padreydecano.com\/cms\/wp-content\/uploads\/2014\/09\/camiseta-jona.jpg","type":"image\/jpeg"}],"author":"Gonzalo16","twitter_card":"summary_large_image","twitter_misc":{"Escrito por":"Gonzalo16","Tiempo de lectura":"1 minuto"},"schema":{"@context":"https:\/\/schema.org","@graph":[{"@type":"Article","@id":"https:\/\/www.padreydecano.com\/cms\/noticias\/sorteamos-la-camiseta-del-jona-en-twitter\/#article","isPartOf":{"@id":"https:\/\/www.padreydecano.com\/cms\/noticias\/sorteamos-la-camiseta-del-jona-en-twitter\/"},"author":{"name":"Gonzalo16","@id":"https:\/\/www.padreydecano.com\/cms\/#\/schema\/person\/7fe41e3e335700ebd387196df2f9a8d4"},"headline":"Sorteamos la camiseta del Jona en Twitter","datePublished":"2014-09-19T15:07:11+00:00","dateModified":"2014-09-19T19:11:13+00:00","mainEntityOfPage":{"@id":"https:\/\/www.padreydecano.com\/cms\/noticias\/sorteamos-la-camiseta-del-jona-en-twitter\/"},"wordCount":157,"commentCount":4,"publisher":{"@id":"https:\/\/www.padreydecano.com\/cms\/#organization"},"image":{"@id":"https:\/\/www.padreydecano.com\/cms\/noticias\/sorteamos-la-camiseta-del-jona-en-twitter\/#primaryimage"},"thumbnailUrl":"https:\/\/www.padreydecano.com\/cms\/wp-content\/uploads\/2014\/09\/camiseta-jona.jpg","keywords":["Sorteos"],"articleSection":["Noticias"],"inLanguage":"es","potentialAction":[{"@type":"CommentAction","name":"Comment","target":["https:\/\/www.padreydecano.com\/cms\/noticias\/sorteamos-la-camiseta-del-jona-en-twitter\/#respond"]}]},{"@type":"WebPage","@id":"https:\/\/www.padreydecano.com\/cms\/noticias\/sorteamos-la-camiseta-del-jona-en-twitter\/","url":"https:\/\/www.padreydecano.com\/cms\/noticias\/sorteamos-la-camiseta-del-jona-en-twitter\/","name":"Sorteamos la camiseta del Jona en Twitter - Padre y Decano - El Sitio del Pueblo","isPartOf":{"@id":"https:\/\/www.padreydecano.com\/cms\/#website"},"primaryImageOfPage":{"@id":"https:\/\/www.padreydecano.com\/cms\/noticias\/sorteamos-la-camiseta-del-jona-en-twitter\/#primaryimage"},"image":{"@id":"https:\/\/www.padreydecano.com\/cms\/noticias\/sorteamos-la-camiseta-del-jona-en-twitter\/#primaryimage"},"thumbnailUrl":"https:\/\/www.padreydecano.com\/cms\/wp-content\/uploads\/2014\/09\/camiseta-jona.jpg","datePublished":"2014-09-19T15:07:11+00:00","dateModified":"2014-09-19T19:11:13+00:00","breadcrumb":{"@id":"https:\/\/www.padreydecano.com\/cms\/noticias\/sorteamos-la-camiseta-del-jona-en-twitter\/#breadcrumb"},"inLanguage":"es","potentialAction":[{"@type":"ReadAction","target":["https:\/\/www.padreydecano.com\/cms\/noticias\/sorteamos-la-camiseta-del-jona-en-twitter\/"]}]},{"@type":"ImageObject","inLanguage":"es","@id":"https:\/\/www.padreydecano.com\/cms\/noticias\/sorteamos-la-camiseta-del-jona-en-twitter\/#primaryimage","url":"https:\/\/www.padreydecano.com\/cms\/wp-content\/uploads\/2014\/09\/camiseta-jona.jpg","contentUrl":"https:\/\/www.padreydecano.com\/cms\/wp-content\/uploads\/2014\/09\/camiseta-jona.jpg","width":736,"height":414},{"@type":"BreadcrumbList","@id":"https:\/\/www.padreydecano.com\/cms\/noticias\/sorteamos-la-camiseta-del-jona-en-twitter\/#breadcrumb","itemListElement":[{"@type":"ListItem","position":1,"name":"Portada","item":"https:\/\/www.padreydecano.com\/cms\/"},{"@type":"ListItem","position":2,"name":"Sorteamos la camiseta del Jona en Twitter"}]},{"@type":"WebSite","@id":"https:\/\/www.padreydecano.com\/cms\/#website","url":"https:\/\/www.padreydecano.com\/cms\/","name":"Padre y Decano - El Sitio del Pueblo","description":"Club Atl\u00e9tico Pe\u00f1arol","publisher":{"@id":"https:\/\/www.padreydecano.com\/cms\/#organization"},"potentialAction":[{"@type":"SearchAction","target":{"@type":"EntryPoint","urlTemplate":"https:\/\/www.padreydecano.com\/cms\/?s={search_term_string}"},"query-input":"required name=search_term_string"}],"inLanguage":"es"},{"@type":"Organization","@id":"https:\/\/www.padreydecano.com\/cms\/#organization","name":"Padre y Decano","url":"https:\/\/www.padreydecano.com\/cms\/","logo":{"@type":"ImageObject","inLanguage":"es","@id":"https:\/\/www.padreydecano.com\/cms\/#\/schema\/logo\/image\/","url":"https:\/\/www.padreydecano.com\/cms\/wp-content\/uploads\/2022\/01\/avatar-square.png","contentUrl":"https:\/\/www.padreydecano.com\/cms\/wp-content\/uploads\/2022\/01\/avatar-square.png","width":1500,"height":1500,"caption":"Padre y Decano"},"image":{"@id":"https:\/\/www.padreydecano.com\/cms\/#\/schema\/logo\/image\/"}},{"@type":"Person","@id":"https:\/\/www.padreydecano.com\/cms\/#\/schema\/person\/7fe41e3e335700ebd387196df2f9a8d4","name":"Gonzalo16","image":{"@type":"ImageObject","inLanguage":"es","@id":"https:\/\/www.padreydecano.com\/cms\/#\/schema\/person\/image\/","url":"https:\/\/secure.gravatar.com\/avatar\/4d5cdd49803a2313c01f77e3dfc05d81?s=96&d=https%3A%2F%2Fpadreydecano.com%2Fcms%2Fwp-content%2Fthemes%2Fpyd-theme%2Fimg%2Fdefault-avatar.png&r=g","contentUrl":"https:\/\/secure.gravatar.com\/avatar\/4d5cdd49803a2313c01f77e3dfc05d81?s=96&d=https%3A%2F%2Fpadreydecano.com%2Fcms%2Fwp-content%2Fthemes%2Fpyd-theme%2Fimg%2Fdefault-avatar.png&r=g","caption":"Gonzalo16"}}]}},"_links":{"self":[{"href":"https:\/\/www.padreydecano.com\/cms\/wp-json\/wp\/v2\/posts\/48737"}],"collection":[{"href":"https:\/\/www.padreydecano.com\/cms\/wp-json\/wp\/v2\/posts"}],"about":[{"href":"https:\/\/www.padreydecano.com\/cms\/wp-json\/wp\/v2\/types\/post"}],"author":[{"embeddable":true,"href":"https:\/\/www.padreydecano.com\/cms\/wp-json\/wp\/v2\/users\/2"}],"replies":[{"embeddable":true,"href":"https:\/\/www.padreydecano.com\/cms\/wp-json\/wp\/v2\/comments?post=48737"}],"version-history":[{"count":0,"href":"https:\/\/www.padreydecano.com\/cms\/wp-json\/wp\/v2\/posts\/48737\/revisions"}],"wp:featuredmedia":[{"embeddable":true,"href":"https:\/\/www.padreydecano.com\/cms\/wp-json\/wp\/v2\/media\/48741"}],"wp:attachment":[{"href":"https:\/\/www.padreydecano.com\/cms\/wp-json\/wp\/v2\/media?parent=48737"}],"wp:term":[{"taxonomy":"category","embeddable":true,"href":"https:\/\/www.padreydecano.com\/cms\/wp-json\/wp\/v2\/categories?post=48737"},{"taxonomy":"post_tag","embeddable":true,"href":"https:\/\/www.padreydecano.com\/cms\/wp-json\/wp\/v2\/tags?post=48737"}],"curies":[{"name":"wp","href":"https:\/\/api.w.org\/{rel}","templated":true}]}}