{"id":48615,"date":"2014-11-24T20:06:06","date_gmt":"2014-11-24T22:06:06","guid":{"rendered":"http:\/\/www.padreydecano.com\/cms\/?p=48615"},"modified":"2014-12-04T11:03:19","modified_gmt":"2014-12-04T13:03:19","slug":"quien-puede-votar-elecciones-2014","status":"publish","type":"post","link":"https:\/\/www.padreydecano.com\/cms\/noticias\/quien-puede-votar-elecciones-2014\/","title":{"rendered":"\u00bfQui\u00e9n puede votar? (Elecciones 2014)"},"content":{"rendered":"<p style=\"text-align: justify;\"><a href=\"https:\/\/www.padreydecano.com\/cms\/wp-content\/uploads\/2011\/11\/DSC_1133-Copy.jpg\" rel=\"shadowbox[sbpost-48615];player=img;\"><img loading=\"lazy\" decoding=\"async\" class=\"aligncenter wp-image-9286 size-full\" src=\"https:\/\/www.padreydecano.com\/cms\/wp-content\/uploads\/2011\/11\/DSC_1133-Copy-e1413781987139.jpg\" alt=\"Galer\u00eda de fotos de las Elecciones 2011\" width=\"605\" height=\"401\" \/><\/a><\/p>\n<p style=\"text-align: justify;\">En estas <a href=\"https:\/\/www.padreydecano.com\/cms\/tag\/elecciones-2014\/\">elecciones<\/a> del <a title=\"Decanato\" href=\"https:\/\/www.padreydecano.com\/cms\/penarol-decano-futbol-uruguayo\/\" target=\"_blank\">Decano del F\u00fatbol Uruguayo<\/a> podr\u00e1n votar 15.036\u00a0socios. Casi 8 mil m\u00e1s que en las de noviembre del 2011. Del total de habilitados, 11.639 mil son socios activos y 3.378 mil son socios vitalicios. Ambas categor\u00edas, junto con los socios honorarios, son las que podr\u00e1n\u00a0elegir las autoridades del Club y a formar parte de ellas.<\/p>\n<p style=\"text-align: justify;\"><span style=\"color: #ffcc02;\"><strong>C\u00f3mo llegar a ser Socio Activo (habilitado a votar) seg\u00fan la categor\u00eda:<\/strong><\/span><\/p>\n<ul>\n<li style=\"text-align: justify;\"><strong>Socio Suscriptor:<\/strong>\u00a0luego de\u00a03 a\u00f1os de afiliaci\u00f3n al club pasa autom\u00e1ticamente a ser Socio Activo.<\/li>\n<li style=\"text-align: justify;\"><strong>Socia Inscripta:<\/strong> luego de los 6 a\u00f1os pasa a ser Socio Activo (opcional).<\/li>\n<li style=\"text-align: justify;\"><strong>Socio Cooperador del interior:<\/strong> luego de los 10 a\u00f1os pasa a ser Socio Activo (opcional).<\/li>\n<li style=\"text-align: justify;\">Para ser Socio Activo se necesita ser mayor de 18 a\u00f1os sin importar la categor\u00eda de socio.<\/li>\n<\/ul>\n<p style=\"text-align: justify;\"><strong><span style=\"color: #ffcc02;\">C\u00f3mo llegar a ser Socio Vitalicio (habilitado a votar) seg\u00fan la categor\u00eda:<\/span><\/strong><\/p>\n<p style=\"text-align: justify;\">Adquirir\u00e1n esta categor\u00eda los socios Activos con treinta a\u00f1os de antig\u00fcedad en ese car\u00e1cter, y los de cualquier otra categor\u00eda, a los cuarenta a\u00f1os de permanencia.<\/p>\n<p style=\"text-align: justify;\"><strong><span style=\"color: #ffcc02;\">C\u00f3mo saber si estoy habilitado a votar:<\/span><\/strong><\/p>\n<p style=\"text-align: justify;\">En la web oficial ingresando en <a href=\"http:\/\/www.xn--pearol-xwa.org\/uc_908_1.html\" target=\"_blank\">Mi Cuenta<\/a>\u00a0pod\u00e9s corroborarlo\u00a0digitando\u00a0tu n\u00famero de socio.<\/p>\n<p style=\"text-align: justify;\"><span style=\"color: #ffcc02;\"><strong>Reglamento Interno del Club respecto a las Elecciones:<br \/>\n<\/strong><\/span><br \/>\n<strong>Habilitados a votar: Honorarios. Vitalicios. Activos.<\/strong><\/p>\n<p style=\"text-align: justify;\"><strong>Art. 5\u00ba<\/strong> &#8211; Los socios de una categor\u00eda determinada podr\u00e1n cambiarla de acuerdo a estas condiciones: a) Los socios activos pasar\u00e1n a ser Vitalicios cuando hayan permanecido por treinta a\u00f1os en aqu\u00e9lla categor\u00eda. b) Los socios suscritores pasar\u00e1n a ser activos al cumplir los tres a\u00f1os de afiliaci\u00f3n y tener 18 a\u00f1os de edad. c) Las inscritas podr\u00e1n convertirse en socios suscritores por simple aviso escrito y abonando desde ese momento la cuota que corresponda a aquellos. Igualmente adquirir\u00edan la categor\u00eda de socios Activo a los tres a\u00f1os de permanencia en car\u00e1cter de inscritas y tener 18 a\u00f1os de edad, abonando desde ese momento la cuota que corresponda a ellos. d) Los socios cadetes pasar\u00e1n a ser suscritores al llegar al m\u00e1ximo de edad fijado. e) Los socios Cooperadores pasar\u00e1n a ser activos a los 10 a\u00f1os de antig\u00fcedad, si as\u00ed lo desearen, debiendo en tal caso abonar la cuota que le corresponda a \u00e9stos. Podr\u00e1n convertirse en suscritores previo aviso por escrito y abonando la cuota fijada para \u00e9stos. Los socios de todas las categor\u00edas podr\u00e1n abonar sus cuotas por adelantado, por a\u00f1o o semestre, con la bonificaci\u00f3n que cada situaci\u00f3n amerite.<\/p>\n<p style=\"text-align: justify;\"><strong>Art. 6\u00ba<\/strong> &#8211; Las distintas categor\u00edas de socios acuerdan los siguientes derechos: a) Los socios honorarios, vitalicios y activos, podr\u00e1n formar parte de la Asamblea de Socios con voz y voto; tendr\u00e1n derecho a elegir las autoridades del Club y formar parte de ellas.<\/p>\n","protected":false},"excerpt":{"rendered":"<p>En estas elecciones del Decano del F\u00fatbol Uruguayo podr\u00e1n votar 15.036 socios. Casi 8 mil m\u00e1s que en las de noviembre del 2011. <\/p>\n","protected":false},"author":2,"featured_media":9286,"comment_status":"open","ping_status":"closed","sticky":false,"template":"","format":"standard","meta":{"footnotes":""},"categories":[228,1],"tags":[229],"yoast_head":"<!-- This site is optimized with the Yoast SEO plugin v23.2 - https:\/\/yoast.com\/wordpress\/plugins\/seo\/ -->\n<title>\u00bfQui\u00e9n puede votar? (Elecciones 2014) - Padre y Decano - El Sitio del Pueblo<\/title>\n<meta name=\"robots\" content=\"index, follow, max-snippet:-1, max-image-preview:large, max-video-preview:-1\" \/>\n<link rel=\"canonical\" href=\"https:\/\/www.padreydecano.com\/cms\/noticias\/quien-puede-votar-elecciones-2014\/\" \/>\n<meta property=\"og:locale\" content=\"es_ES\" \/>\n<meta property=\"og:type\" content=\"article\" \/>\n<meta property=\"og:title\" content=\"\u00bfQui\u00e9n puede votar? (Elecciones 2014) - Padre y Decano - El Sitio del Pueblo\" \/>\n<meta property=\"og:description\" content=\"En estas elecciones del Decano del F\u00fatbol Uruguayo podr\u00e1n votar 15.036 socios. Casi 8 mil m\u00e1s que en las de noviembre del 2011.\" \/>\n<meta property=\"og:url\" content=\"https:\/\/www.padreydecano.com\/cms\/noticias\/quien-puede-votar-elecciones-2014\/\" \/>\n<meta property=\"og:site_name\" content=\"Padre y Decano - El Sitio del Pueblo\" \/>\n<meta property=\"article:published_time\" content=\"2014-11-24T22:06:06+00:00\" \/>\n<meta property=\"article:modified_time\" content=\"2014-12-04T13:03:19+00:00\" \/>\n<meta property=\"og:image\" content=\"https:\/\/www.padreydecano.com\/cms\/wp-content\/uploads\/2011\/11\/DSC_1133-Copy-e1413781987139.jpg\" \/>\n\t<meta property=\"og:image:width\" content=\"605\" \/>\n\t<meta property=\"og:image:height\" content=\"401\" \/>\n\t<meta property=\"og:image:type\" content=\"image\/jpeg\" \/>\n<meta name=\"author\" content=\"Gonzalo16\" \/>\n<meta name=\"twitter:card\" content=\"summary_large_image\" \/>\n<meta name=\"twitter:label1\" content=\"Escrito por\" \/>\n\t<meta name=\"twitter:data1\" content=\"Gonzalo16\" \/>\n\t<meta name=\"twitter:label2\" content=\"Tiempo de lectura\" \/>\n\t<meta name=\"twitter:data2\" content=\"2 minutos\" \/>\n<script type=\"application\/ld+json\" class=\"yoast-schema-graph\">{\"@context\":\"https:\/\/schema.org\",\"@graph\":[{\"@type\":\"Article\",\"@id\":\"https:\/\/www.padreydecano.com\/cms\/noticias\/quien-puede-votar-elecciones-2014\/#article\",\"isPartOf\":{\"@id\":\"https:\/\/www.padreydecano.com\/cms\/noticias\/quien-puede-votar-elecciones-2014\/\"},\"author\":{\"name\":\"Gonzalo16\",\"@id\":\"https:\/\/www.padreydecano.com\/cms\/#\/schema\/person\/7fe41e3e335700ebd387196df2f9a8d4\"},\"headline\":\"\u00bfQui\u00e9n puede votar? (Elecciones 2014)\",\"datePublished\":\"2014-11-24T22:06:06+00:00\",\"dateModified\":\"2014-12-04T13:03:19+00:00\",\"mainEntityOfPage\":{\"@id\":\"https:\/\/www.padreydecano.com\/cms\/noticias\/quien-puede-votar-elecciones-2014\/\"},\"wordCount\":493,\"commentCount\":17,\"publisher\":{\"@id\":\"https:\/\/www.padreydecano.com\/cms\/#organization\"},\"image\":{\"@id\":\"https:\/\/www.padreydecano.com\/cms\/noticias\/quien-puede-votar-elecciones-2014\/#primaryimage\"},\"thumbnailUrl\":\"https:\/\/www.padreydecano.com\/cms\/wp-content\/uploads\/2011\/11\/DSC_1133-Copy-e1413781987139.jpg\",\"keywords\":[\"Elecciones 2014\"],\"articleSection\":[\"Elecciones\",\"Noticias\"],\"inLanguage\":\"es\",\"potentialAction\":[{\"@type\":\"CommentAction\",\"name\":\"Comment\",\"target\":[\"https:\/\/www.padreydecano.com\/cms\/noticias\/quien-puede-votar-elecciones-2014\/#respond\"]}]},{\"@type\":\"WebPage\",\"@id\":\"https:\/\/www.padreydecano.com\/cms\/noticias\/quien-puede-votar-elecciones-2014\/\",\"url\":\"https:\/\/www.padreydecano.com\/cms\/noticias\/quien-puede-votar-elecciones-2014\/\",\"name\":\"\u00bfQui\u00e9n puede votar? (Elecciones 2014) - Padre y Decano - El Sitio del Pueblo\",\"isPartOf\":{\"@id\":\"https:\/\/www.padreydecano.com\/cms\/#website\"},\"primaryImageOfPage\":{\"@id\":\"https:\/\/www.padreydecano.com\/cms\/noticias\/quien-puede-votar-elecciones-2014\/#primaryimage\"},\"image\":{\"@id\":\"https:\/\/www.padreydecano.com\/cms\/noticias\/quien-puede-votar-elecciones-2014\/#primaryimage\"},\"thumbnailUrl\":\"https:\/\/www.padreydecano.com\/cms\/wp-content\/uploads\/2011\/11\/DSC_1133-Copy-e1413781987139.jpg\",\"datePublished\":\"2014-11-24T22:06:06+00:00\",\"dateModified\":\"2014-12-04T13:03:19+00:00\",\"breadcrumb\":{\"@id\":\"https:\/\/www.padreydecano.com\/cms\/noticias\/quien-puede-votar-elecciones-2014\/#breadcrumb\"},\"inLanguage\":\"es\",\"potentialAction\":[{\"@type\":\"ReadAction\",\"target\":[\"https:\/\/www.padreydecano.com\/cms\/noticias\/quien-puede-votar-elecciones-2014\/\"]}]},{\"@type\":\"ImageObject\",\"inLanguage\":\"es\",\"@id\":\"https:\/\/www.padreydecano.com\/cms\/noticias\/quien-puede-votar-elecciones-2014\/#primaryimage\",\"url\":\"https:\/\/www.padreydecano.com\/cms\/wp-content\/uploads\/2011\/11\/DSC_1133-Copy-e1413781987139.jpg\",\"contentUrl\":\"https:\/\/www.padreydecano.com\/cms\/wp-content\/uploads\/2011\/11\/DSC_1133-Copy-e1413781987139.jpg\",\"width\":605,\"height\":401},{\"@type\":\"BreadcrumbList\",\"@id\":\"https:\/\/www.padreydecano.com\/cms\/noticias\/quien-puede-votar-elecciones-2014\/#breadcrumb\",\"itemListElement\":[{\"@type\":\"ListItem\",\"position\":1,\"name\":\"Portada\",\"item\":\"https:\/\/www.padreydecano.com\/cms\/\"},{\"@type\":\"ListItem\",\"position\":2,\"name\":\"\u00bfQui\u00e9n puede votar? (Elecciones 2014)\"}]},{\"@type\":\"WebSite\",\"@id\":\"https:\/\/www.padreydecano.com\/cms\/#website\",\"url\":\"https:\/\/www.padreydecano.com\/cms\/\",\"name\":\"Padre y Decano - El Sitio del Pueblo\",\"description\":\"Club Atl\u00e9tico Pe\u00f1arol\",\"publisher\":{\"@id\":\"https:\/\/www.padreydecano.com\/cms\/#organization\"},\"potentialAction\":[{\"@type\":\"SearchAction\",\"target\":{\"@type\":\"EntryPoint\",\"urlTemplate\":\"https:\/\/www.padreydecano.com\/cms\/?s={search_term_string}\"},\"query-input\":\"required name=search_term_string\"}],\"inLanguage\":\"es\"},{\"@type\":\"Organization\",\"@id\":\"https:\/\/www.padreydecano.com\/cms\/#organization\",\"name\":\"Padre y Decano\",\"url\":\"https:\/\/www.padreydecano.com\/cms\/\",\"logo\":{\"@type\":\"ImageObject\",\"inLanguage\":\"es\",\"@id\":\"https:\/\/www.padreydecano.com\/cms\/#\/schema\/logo\/image\/\",\"url\":\"https:\/\/www.padreydecano.com\/cms\/wp-content\/uploads\/2022\/01\/avatar-square.png\",\"contentUrl\":\"https:\/\/www.padreydecano.com\/cms\/wp-content\/uploads\/2022\/01\/avatar-square.png\",\"width\":1500,\"height\":1500,\"caption\":\"Padre y Decano\"},\"image\":{\"@id\":\"https:\/\/www.padreydecano.com\/cms\/#\/schema\/logo\/image\/\"}},{\"@type\":\"Person\",\"@id\":\"https:\/\/www.padreydecano.com\/cms\/#\/schema\/person\/7fe41e3e335700ebd387196df2f9a8d4\",\"name\":\"Gonzalo16\",\"image\":{\"@type\":\"ImageObject\",\"inLanguage\":\"es\",\"@id\":\"https:\/\/www.padreydecano.com\/cms\/#\/schema\/person\/image\/\",\"url\":\"https:\/\/secure.gravatar.com\/avatar\/4d5cdd49803a2313c01f77e3dfc05d81?s=96&d=https%3A%2F%2Fpadreydecano.com%2Fcms%2Fwp-content%2Fthemes%2Fpyd-theme%2Fimg%2Fdefault-avatar.png&r=g\",\"contentUrl\":\"https:\/\/secure.gravatar.com\/avatar\/4d5cdd49803a2313c01f77e3dfc05d81?s=96&d=https%3A%2F%2Fpadreydecano.com%2Fcms%2Fwp-content%2Fthemes%2Fpyd-theme%2Fimg%2Fdefault-avatar.png&r=g\",\"caption\":\"Gonzalo16\"}}]}<\/script>\n<!-- \/ Yoast SEO plugin. -->","yoast_head_json":{"title":"\u00bfQui\u00e9n puede votar? (Elecciones 2014) - Padre y Decano - El Sitio del Pueblo","robots":{"index":"index","follow":"follow","max-snippet":"max-snippet:-1","max-image-preview":"max-image-preview:large","max-video-preview":"max-video-preview:-1"},"canonical":"https:\/\/www.padreydecano.com\/cms\/noticias\/quien-puede-votar-elecciones-2014\/","og_locale":"es_ES","og_type":"article","og_title":"\u00bfQui\u00e9n puede votar? (Elecciones 2014) - Padre y Decano - El Sitio del Pueblo","og_description":"En estas elecciones del Decano del F\u00fatbol Uruguayo podr\u00e1n votar 15.036 socios. Casi 8 mil m\u00e1s que en las de noviembre del 2011.","og_url":"https:\/\/www.padreydecano.com\/cms\/noticias\/quien-puede-votar-elecciones-2014\/","og_site_name":"Padre y Decano - El Sitio del Pueblo","article_published_time":"2014-11-24T22:06:06+00:00","article_modified_time":"2014-12-04T13:03:19+00:00","og_image":[{"width":605,"height":401,"url":"https:\/\/www.padreydecano.com\/cms\/wp-content\/uploads\/2011\/11\/DSC_1133-Copy-e1413781987139.jpg","type":"image\/jpeg"}],"author":"Gonzalo16","twitter_card":"summary_large_image","twitter_misc":{"Escrito por":"Gonzalo16","Tiempo de lectura":"2 minutos"},"schema":{"@context":"https:\/\/schema.org","@graph":[{"@type":"Article","@id":"https:\/\/www.padreydecano.com\/cms\/noticias\/quien-puede-votar-elecciones-2014\/#article","isPartOf":{"@id":"https:\/\/www.padreydecano.com\/cms\/noticias\/quien-puede-votar-elecciones-2014\/"},"author":{"name":"Gonzalo16","@id":"https:\/\/www.padreydecano.com\/cms\/#\/schema\/person\/7fe41e3e335700ebd387196df2f9a8d4"},"headline":"\u00bfQui\u00e9n puede votar? (Elecciones 2014)","datePublished":"2014-11-24T22:06:06+00:00","dateModified":"2014-12-04T13:03:19+00:00","mainEntityOfPage":{"@id":"https:\/\/www.padreydecano.com\/cms\/noticias\/quien-puede-votar-elecciones-2014\/"},"wordCount":493,"commentCount":17,"publisher":{"@id":"https:\/\/www.padreydecano.com\/cms\/#organization"},"image":{"@id":"https:\/\/www.padreydecano.com\/cms\/noticias\/quien-puede-votar-elecciones-2014\/#primaryimage"},"thumbnailUrl":"https:\/\/www.padreydecano.com\/cms\/wp-content\/uploads\/2011\/11\/DSC_1133-Copy-e1413781987139.jpg","keywords":["Elecciones 2014"],"articleSection":["Elecciones","Noticias"],"inLanguage":"es","potentialAction":[{"@type":"CommentAction","name":"Comment","target":["https:\/\/www.padreydecano.com\/cms\/noticias\/quien-puede-votar-elecciones-2014\/#respond"]}]},{"@type":"WebPage","@id":"https:\/\/www.padreydecano.com\/cms\/noticias\/quien-puede-votar-elecciones-2014\/","url":"https:\/\/www.padreydecano.com\/cms\/noticias\/quien-puede-votar-elecciones-2014\/","name":"\u00bfQui\u00e9n puede votar? (Elecciones 2014) - Padre y Decano - El Sitio del Pueblo","isPartOf":{"@id":"https:\/\/www.padreydecano.com\/cms\/#website"},"primaryImageOfPage":{"@id":"https:\/\/www.padreydecano.com\/cms\/noticias\/quien-puede-votar-elecciones-2014\/#primaryimage"},"image":{"@id":"https:\/\/www.padreydecano.com\/cms\/noticias\/quien-puede-votar-elecciones-2014\/#primaryimage"},"thumbnailUrl":"https:\/\/www.padreydecano.com\/cms\/wp-content\/uploads\/2011\/11\/DSC_1133-Copy-e1413781987139.jpg","datePublished":"2014-11-24T22:06:06+00:00","dateModified":"2014-12-04T13:03:19+00:00","breadcrumb":{"@id":"https:\/\/www.padreydecano.com\/cms\/noticias\/quien-puede-votar-elecciones-2014\/#breadcrumb"},"inLanguage":"es","potentialAction":[{"@type":"ReadAction","target":["https:\/\/www.padreydecano.com\/cms\/noticias\/quien-puede-votar-elecciones-2014\/"]}]},{"@type":"ImageObject","inLanguage":"es","@id":"https:\/\/www.padreydecano.com\/cms\/noticias\/quien-puede-votar-elecciones-2014\/#primaryimage","url":"https:\/\/www.padreydecano.com\/cms\/wp-content\/uploads\/2011\/11\/DSC_1133-Copy-e1413781987139.jpg","contentUrl":"https:\/\/www.padreydecano.com\/cms\/wp-content\/uploads\/2011\/11\/DSC_1133-Copy-e1413781987139.jpg","width":605,"height":401},{"@type":"BreadcrumbList","@id":"https:\/\/www.padreydecano.com\/cms\/noticias\/quien-puede-votar-elecciones-2014\/#breadcrumb","itemListElement":[{"@type":"ListItem","position":1,"name":"Portada","item":"https:\/\/www.padreydecano.com\/cms\/"},{"@type":"ListItem","position":2,"name":"\u00bfQui\u00e9n puede votar? (Elecciones 2014)"}]},{"@type":"WebSite","@id":"https:\/\/www.padreydecano.com\/cms\/#website","url":"https:\/\/www.padreydecano.com\/cms\/","name":"Padre y Decano - El Sitio del Pueblo","description":"Club Atl\u00e9tico Pe\u00f1arol","publisher":{"@id":"https:\/\/www.padreydecano.com\/cms\/#organization"},"potentialAction":[{"@type":"SearchAction","target":{"@type":"EntryPoint","urlTemplate":"https:\/\/www.padreydecano.com\/cms\/?s={search_term_string}"},"query-input":"required name=search_term_string"}],"inLanguage":"es"},{"@type":"Organization","@id":"https:\/\/www.padreydecano.com\/cms\/#organization","name":"Padre y Decano","url":"https:\/\/www.padreydecano.com\/cms\/","logo":{"@type":"ImageObject","inLanguage":"es","@id":"https:\/\/www.padreydecano.com\/cms\/#\/schema\/logo\/image\/","url":"https:\/\/www.padreydecano.com\/cms\/wp-content\/uploads\/2022\/01\/avatar-square.png","contentUrl":"https:\/\/www.padreydecano.com\/cms\/wp-content\/uploads\/2022\/01\/avatar-square.png","width":1500,"height":1500,"caption":"Padre y Decano"},"image":{"@id":"https:\/\/www.padreydecano.com\/cms\/#\/schema\/logo\/image\/"}},{"@type":"Person","@id":"https:\/\/www.padreydecano.com\/cms\/#\/schema\/person\/7fe41e3e335700ebd387196df2f9a8d4","name":"Gonzalo16","image":{"@type":"ImageObject","inLanguage":"es","@id":"https:\/\/www.padreydecano.com\/cms\/#\/schema\/person\/image\/","url":"https:\/\/secure.gravatar.com\/avatar\/4d5cdd49803a2313c01f77e3dfc05d81?s=96&d=https%3A%2F%2Fpadreydecano.com%2Fcms%2Fwp-content%2Fthemes%2Fpyd-theme%2Fimg%2Fdefault-avatar.png&r=g","contentUrl":"https:\/\/secure.gravatar.com\/avatar\/4d5cdd49803a2313c01f77e3dfc05d81?s=96&d=https%3A%2F%2Fpadreydecano.com%2Fcms%2Fwp-content%2Fthemes%2Fpyd-theme%2Fimg%2Fdefault-avatar.png&r=g","caption":"Gonzalo16"}}]}},"_links":{"self":[{"href":"https:\/\/www.padreydecano.com\/cms\/wp-json\/wp\/v2\/posts\/48615"}],"collection":[{"href":"https:\/\/www.padreydecano.com\/cms\/wp-json\/wp\/v2\/posts"}],"about":[{"href":"https:\/\/www.padreydecano.com\/cms\/wp-json\/wp\/v2\/types\/post"}],"author":[{"embeddable":true,"href":"https:\/\/www.padreydecano.com\/cms\/wp-json\/wp\/v2\/users\/2"}],"replies":[{"embeddable":true,"href":"https:\/\/www.padreydecano.com\/cms\/wp-json\/wp\/v2\/comments?post=48615"}],"version-history":[{"count":0,"href":"https:\/\/www.padreydecano.com\/cms\/wp-json\/wp\/v2\/posts\/48615\/revisions"}],"wp:featuredmedia":[{"embeddable":true,"href":"https:\/\/www.padreydecano.com\/cms\/wp-json\/wp\/v2\/media\/9286"}],"wp:attachment":[{"href":"https:\/\/www.padreydecano.com\/cms\/wp-json\/wp\/v2\/media?parent=48615"}],"wp:term":[{"taxonomy":"category","embeddable":true,"href":"https:\/\/www.padreydecano.com\/cms\/wp-json\/wp\/v2\/categories?post=48615"},{"taxonomy":"post_tag","embeddable":true,"href":"https:\/\/www.padreydecano.com\/cms\/wp-json\/wp\/v2\/tags?post=48615"}],"curies":[{"name":"wp","href":"https:\/\/api.w.org\/{rel}","templated":true}]}}