{"id":4576,"date":"2011-10-05T14:30:31","date_gmt":"2011-10-05T16:30:31","guid":{"rendered":"http:\/\/www.padreydecano.com\/cms\/?p=4576"},"modified":"2011-10-05T11:50:38","modified_gmt":"2011-10-05T13:50:38","slug":"mano-a-mano-con-el-director-de-manyas-la-pelicula","status":"publish","type":"post","link":"https:\/\/www.padreydecano.com\/cms\/entrevistas\/mano-a-mano-con-el-director-de-manyas-la-pelicula\/","title":{"rendered":"Mano a Mano con el director de \u00abManyas: La pel\u00edcula\u00bb"},"content":{"rendered":"<p style=\"text-align: justify;\">Entrevistamos a <strong>Andr\u00e9s Benvenuto<\/strong>, director de <strong>\u00abManyas: La Pel\u00edcula\u00bb<\/strong> tras el exitoso <a title=\"Avant Premiere de \u201cManyas: La Pel\u00edcula\u201d\" href=\"https:\/\/www.padreydecano.com\/cms\/?p=4505\" target=\"_blank\">Avant Premiere<\/a> en el cine Alfabeta de Pocitos y en la previa a lo que ser\u00e1 el <a title=\"Entradas para \u201cManyas: La Pel\u00edcula\u201d\" href=\"https:\/\/www.padreydecano.com\/cms\/?p=3106\" target=\"_blank\">prestreno en el Palacio Pe\u00f1arol<\/a> esta noche. Queremos agradecer a Andr\u00e9s por habernos dado estos minutos y tambi\u00e9n por haber permitido que integrantes del staff de <strong>Padre y Decano<\/strong> pudieran participar de forma activa en la pel\u00edcula, tanto protagonistas como tambi\u00e9n acercando material e informaci\u00f3n pertinente.<\/p>\n<p style=\"text-align: justify;\">Les recomendamos que vayan a verla esta noche al Palacio Pe\u00f1arol, y sino desde el viernes en todos los cines del pa\u00eds.<\/p>\n<div align=\"center\">\n<table>\n<tbody>\n<tr>\n<td class=\"tabla-sin-formato\"><iframe loading=\"lazy\" src=\"http:\/\/www.youtube.com\/embed\/yxWx_zMhvNE\" frameborder=\"0\" width=\"420\" height=\"315\"><\/iframe><\/td>\n<\/tr>\n<\/tbody>\n<\/table>\n<\/div>\n","protected":false},"excerpt":{"rendered":"<p>Entrevistamos a Andr\u00e9s Benvenuto, director de \u00abManyas: La Pel\u00edcula\u00bb tras el exitoso Avant Premiere en el cine Alfabeta de Pocitos y en la previa a lo que ser\u00e1 el prestreno en el Palacio Pe\u00f1arol esta noche. Queremos agradecer a Andr\u00e9s por habernos dado estos minutos y tambi\u00e9n por haber permitido que integrantes del staff de [&hellip;]<\/p>\n","protected":false},"author":13,"featured_media":4584,"comment_status":"open","ping_status":"closed","sticky":false,"template":"","format":"standard","meta":{"footnotes":""},"categories":[30],"tags":[54],"yoast_head":"<!-- This site is optimized with the Yoast SEO plugin v23.2 - https:\/\/yoast.com\/wordpress\/plugins\/seo\/ -->\n<title>Mano a Mano con el director de &quot;Manyas: La pel\u00edcula&quot; - Padre y Decano - El Sitio del Pueblo<\/title>\n<meta name=\"robots\" content=\"index, follow, max-snippet:-1, max-image-preview:large, max-video-preview:-1\" \/>\n<link rel=\"canonical\" href=\"https:\/\/www.padreydecano.com\/cms\/entrevistas\/mano-a-mano-con-el-director-de-manyas-la-pelicula\/\" \/>\n<meta property=\"og:locale\" content=\"es_ES\" \/>\n<meta property=\"og:type\" content=\"article\" \/>\n<meta property=\"og:title\" content=\"Mano a Mano con el director de &quot;Manyas: La pel\u00edcula&quot; - Padre y Decano - El Sitio del Pueblo\" \/>\n<meta property=\"og:description\" content=\"Entrevistamos a Andr\u00e9s Benvenuto, director de \u00abManyas: La Pel\u00edcula\u00bb tras el exitoso Avant Premiere en el cine Alfabeta de Pocitos y en la previa a lo que ser\u00e1 el prestreno en el Palacio Pe\u00f1arol esta noche. Queremos agradecer a Andr\u00e9s por habernos dado estos minutos y tambi\u00e9n por haber permitido que integrantes del staff de [&hellip;]\" \/>\n<meta property=\"og:url\" content=\"https:\/\/www.padreydecano.com\/cms\/entrevistas\/mano-a-mano-con-el-director-de-manyas-la-pelicula\/\" \/>\n<meta property=\"og:site_name\" content=\"Padre y Decano - El Sitio del Pueblo\" \/>\n<meta property=\"article:published_time\" content=\"2011-10-05T16:30:31+00:00\" \/>\n<meta property=\"article:modified_time\" content=\"2011-10-05T13:50:38+00:00\" \/>\n<meta property=\"og:image\" content=\"https:\/\/www.padreydecano.com\/cms\/wp-content\/uploads\/2011\/10\/andres_benvenuto.jpg\" \/>\n\t<meta property=\"og:image:width\" content=\"1440\" \/>\n\t<meta property=\"og:image:height\" content=\"1080\" \/>\n\t<meta property=\"og:image:type\" content=\"image\/jpeg\" \/>\n<meta name=\"author\" content=\"Moderador\" \/>\n<meta name=\"twitter:card\" content=\"summary_large_image\" \/>\n<meta name=\"twitter:label1\" content=\"Escrito por\" \/>\n\t<meta name=\"twitter:data1\" content=\"Moderador\" \/>\n\t<meta name=\"twitter:label2\" content=\"Tiempo de lectura\" \/>\n\t<meta name=\"twitter:data2\" content=\"1 minuto\" \/>\n<script type=\"application\/ld+json\" class=\"yoast-schema-graph\">{\"@context\":\"https:\/\/schema.org\",\"@graph\":[{\"@type\":\"Article\",\"@id\":\"https:\/\/www.padreydecano.com\/cms\/entrevistas\/mano-a-mano-con-el-director-de-manyas-la-pelicula\/#article\",\"isPartOf\":{\"@id\":\"https:\/\/www.padreydecano.com\/cms\/entrevistas\/mano-a-mano-con-el-director-de-manyas-la-pelicula\/\"},\"author\":{\"name\":\"Moderador\",\"@id\":\"https:\/\/www.padreydecano.com\/cms\/#\/schema\/person\/d93e9e537230ae052c194251d9a1def2\"},\"headline\":\"Mano a Mano con el director de \u00abManyas: La pel\u00edcula\u00bb\",\"datePublished\":\"2011-10-05T16:30:31+00:00\",\"dateModified\":\"2011-10-05T13:50:38+00:00\",\"mainEntityOfPage\":{\"@id\":\"https:\/\/www.padreydecano.com\/cms\/entrevistas\/mano-a-mano-con-el-director-de-manyas-la-pelicula\/\"},\"wordCount\":118,\"commentCount\":4,\"publisher\":{\"@id\":\"https:\/\/www.padreydecano.com\/cms\/#organization\"},\"image\":{\"@id\":\"https:\/\/www.padreydecano.com\/cms\/entrevistas\/mano-a-mano-con-el-director-de-manyas-la-pelicula\/#primaryimage\"},\"thumbnailUrl\":\"https:\/\/www.padreydecano.com\/cms\/wp-content\/uploads\/2011\/10\/andres_benvenuto.jpg\",\"keywords\":[\"Manyas: La pel\u00edcula\"],\"articleSection\":[\"Entrevistas\"],\"inLanguage\":\"es\",\"potentialAction\":[{\"@type\":\"CommentAction\",\"name\":\"Comment\",\"target\":[\"https:\/\/www.padreydecano.com\/cms\/entrevistas\/mano-a-mano-con-el-director-de-manyas-la-pelicula\/#respond\"]}]},{\"@type\":\"WebPage\",\"@id\":\"https:\/\/www.padreydecano.com\/cms\/entrevistas\/mano-a-mano-con-el-director-de-manyas-la-pelicula\/\",\"url\":\"https:\/\/www.padreydecano.com\/cms\/entrevistas\/mano-a-mano-con-el-director-de-manyas-la-pelicula\/\",\"name\":\"Mano a Mano con el director de \\\"Manyas: La pel\u00edcula\\\" - Padre y Decano - El Sitio del Pueblo\",\"isPartOf\":{\"@id\":\"https:\/\/www.padreydecano.com\/cms\/#website\"},\"primaryImageOfPage\":{\"@id\":\"https:\/\/www.padreydecano.com\/cms\/entrevistas\/mano-a-mano-con-el-director-de-manyas-la-pelicula\/#primaryimage\"},\"image\":{\"@id\":\"https:\/\/www.padreydecano.com\/cms\/entrevistas\/mano-a-mano-con-el-director-de-manyas-la-pelicula\/#primaryimage\"},\"thumbnailUrl\":\"https:\/\/www.padreydecano.com\/cms\/wp-content\/uploads\/2011\/10\/andres_benvenuto.jpg\",\"datePublished\":\"2011-10-05T16:30:31+00:00\",\"dateModified\":\"2011-10-05T13:50:38+00:00\",\"breadcrumb\":{\"@id\":\"https:\/\/www.padreydecano.com\/cms\/entrevistas\/mano-a-mano-con-el-director-de-manyas-la-pelicula\/#breadcrumb\"},\"inLanguage\":\"es\",\"potentialAction\":[{\"@type\":\"ReadAction\",\"target\":[\"https:\/\/www.padreydecano.com\/cms\/entrevistas\/mano-a-mano-con-el-director-de-manyas-la-pelicula\/\"]}]},{\"@type\":\"ImageObject\",\"inLanguage\":\"es\",\"@id\":\"https:\/\/www.padreydecano.com\/cms\/entrevistas\/mano-a-mano-con-el-director-de-manyas-la-pelicula\/#primaryimage\",\"url\":\"https:\/\/www.padreydecano.com\/cms\/wp-content\/uploads\/2011\/10\/andres_benvenuto.jpg\",\"contentUrl\":\"https:\/\/www.padreydecano.com\/cms\/wp-content\/uploads\/2011\/10\/andres_benvenuto.jpg\",\"width\":\"1440\",\"height\":\"1080\"},{\"@type\":\"BreadcrumbList\",\"@id\":\"https:\/\/www.padreydecano.com\/cms\/entrevistas\/mano-a-mano-con-el-director-de-manyas-la-pelicula\/#breadcrumb\",\"itemListElement\":[{\"@type\":\"ListItem\",\"position\":1,\"name\":\"Portada\",\"item\":\"https:\/\/www.padreydecano.com\/cms\/\"},{\"@type\":\"ListItem\",\"position\":2,\"name\":\"Mano a Mano con el director de \u00abManyas: La pel\u00edcula\u00bb\"}]},{\"@type\":\"WebSite\",\"@id\":\"https:\/\/www.padreydecano.com\/cms\/#website\",\"url\":\"https:\/\/www.padreydecano.com\/cms\/\",\"name\":\"Padre y Decano - El Sitio del Pueblo\",\"description\":\"Club Atl\u00e9tico Pe\u00f1arol\",\"publisher\":{\"@id\":\"https:\/\/www.padreydecano.com\/cms\/#organization\"},\"potentialAction\":[{\"@type\":\"SearchAction\",\"target\":{\"@type\":\"EntryPoint\",\"urlTemplate\":\"https:\/\/www.padreydecano.com\/cms\/?s={search_term_string}\"},\"query-input\":\"required name=search_term_string\"}],\"inLanguage\":\"es\"},{\"@type\":\"Organization\",\"@id\":\"https:\/\/www.padreydecano.com\/cms\/#organization\",\"name\":\"Padre y Decano\",\"url\":\"https:\/\/www.padreydecano.com\/cms\/\",\"logo\":{\"@type\":\"ImageObject\",\"inLanguage\":\"es\",\"@id\":\"https:\/\/www.padreydecano.com\/cms\/#\/schema\/logo\/image\/\",\"url\":\"https:\/\/www.padreydecano.com\/cms\/wp-content\/uploads\/2022\/01\/avatar-square.png\",\"contentUrl\":\"https:\/\/www.padreydecano.com\/cms\/wp-content\/uploads\/2022\/01\/avatar-square.png\",\"width\":1500,\"height\":1500,\"caption\":\"Padre y Decano\"},\"image\":{\"@id\":\"https:\/\/www.padreydecano.com\/cms\/#\/schema\/logo\/image\/\"}},{\"@type\":\"Person\",\"@id\":\"https:\/\/www.padreydecano.com\/cms\/#\/schema\/person\/d93e9e537230ae052c194251d9a1def2\",\"name\":\"Moderador\",\"image\":{\"@type\":\"ImageObject\",\"inLanguage\":\"es\",\"@id\":\"https:\/\/www.padreydecano.com\/cms\/#\/schema\/person\/image\/\",\"url\":\"https:\/\/secure.gravatar.com\/avatar\/2587727bf8a53bd3da4ec49f01bea66e?s=96&d=https%3A%2F%2Fpadreydecano.com%2Fcms%2Fwp-content%2Fthemes%2Fpyd-theme%2Fimg%2Fdefault-avatar.png&r=g\",\"contentUrl\":\"https:\/\/secure.gravatar.com\/avatar\/2587727bf8a53bd3da4ec49f01bea66e?s=96&d=https%3A%2F%2Fpadreydecano.com%2Fcms%2Fwp-content%2Fthemes%2Fpyd-theme%2Fimg%2Fdefault-avatar.png&r=g\",\"caption\":\"Moderador\"}}]}<\/script>\n<!-- \/ Yoast SEO plugin. -->","yoast_head_json":{"title":"Mano a Mano con el director de \"Manyas: La pel\u00edcula\" - Padre y Decano - El Sitio del Pueblo","robots":{"index":"index","follow":"follow","max-snippet":"max-snippet:-1","max-image-preview":"max-image-preview:large","max-video-preview":"max-video-preview:-1"},"canonical":"https:\/\/www.padreydecano.com\/cms\/entrevistas\/mano-a-mano-con-el-director-de-manyas-la-pelicula\/","og_locale":"es_ES","og_type":"article","og_title":"Mano a Mano con el director de \"Manyas: La pel\u00edcula\" - Padre y Decano - El Sitio del Pueblo","og_description":"Entrevistamos a Andr\u00e9s Benvenuto, director de \u00abManyas: La Pel\u00edcula\u00bb tras el exitoso Avant Premiere en el cine Alfabeta de Pocitos y en la previa a lo que ser\u00e1 el prestreno en el Palacio Pe\u00f1arol esta noche. Queremos agradecer a Andr\u00e9s por habernos dado estos minutos y tambi\u00e9n por haber permitido que integrantes del staff de [&hellip;]","og_url":"https:\/\/www.padreydecano.com\/cms\/entrevistas\/mano-a-mano-con-el-director-de-manyas-la-pelicula\/","og_site_name":"Padre y Decano - El Sitio del Pueblo","article_published_time":"2011-10-05T16:30:31+00:00","article_modified_time":"2011-10-05T13:50:38+00:00","og_image":[{"width":1440,"height":1080,"url":"https:\/\/www.padreydecano.com\/cms\/wp-content\/uploads\/2011\/10\/andres_benvenuto.jpg","type":"image\/jpeg"}],"author":"Moderador","twitter_card":"summary_large_image","twitter_misc":{"Escrito por":"Moderador","Tiempo de lectura":"1 minuto"},"schema":{"@context":"https:\/\/schema.org","@graph":[{"@type":"Article","@id":"https:\/\/www.padreydecano.com\/cms\/entrevistas\/mano-a-mano-con-el-director-de-manyas-la-pelicula\/#article","isPartOf":{"@id":"https:\/\/www.padreydecano.com\/cms\/entrevistas\/mano-a-mano-con-el-director-de-manyas-la-pelicula\/"},"author":{"name":"Moderador","@id":"https:\/\/www.padreydecano.com\/cms\/#\/schema\/person\/d93e9e537230ae052c194251d9a1def2"},"headline":"Mano a Mano con el director de \u00abManyas: La pel\u00edcula\u00bb","datePublished":"2011-10-05T16:30:31+00:00","dateModified":"2011-10-05T13:50:38+00:00","mainEntityOfPage":{"@id":"https:\/\/www.padreydecano.com\/cms\/entrevistas\/mano-a-mano-con-el-director-de-manyas-la-pelicula\/"},"wordCount":118,"commentCount":4,"publisher":{"@id":"https:\/\/www.padreydecano.com\/cms\/#organization"},"image":{"@id":"https:\/\/www.padreydecano.com\/cms\/entrevistas\/mano-a-mano-con-el-director-de-manyas-la-pelicula\/#primaryimage"},"thumbnailUrl":"https:\/\/www.padreydecano.com\/cms\/wp-content\/uploads\/2011\/10\/andres_benvenuto.jpg","keywords":["Manyas: La pel\u00edcula"],"articleSection":["Entrevistas"],"inLanguage":"es","potentialAction":[{"@type":"CommentAction","name":"Comment","target":["https:\/\/www.padreydecano.com\/cms\/entrevistas\/mano-a-mano-con-el-director-de-manyas-la-pelicula\/#respond"]}]},{"@type":"WebPage","@id":"https:\/\/www.padreydecano.com\/cms\/entrevistas\/mano-a-mano-con-el-director-de-manyas-la-pelicula\/","url":"https:\/\/www.padreydecano.com\/cms\/entrevistas\/mano-a-mano-con-el-director-de-manyas-la-pelicula\/","name":"Mano a Mano con el director de \"Manyas: La pel\u00edcula\" - Padre y Decano - El Sitio del Pueblo","isPartOf":{"@id":"https:\/\/www.padreydecano.com\/cms\/#website"},"primaryImageOfPage":{"@id":"https:\/\/www.padreydecano.com\/cms\/entrevistas\/mano-a-mano-con-el-director-de-manyas-la-pelicula\/#primaryimage"},"image":{"@id":"https:\/\/www.padreydecano.com\/cms\/entrevistas\/mano-a-mano-con-el-director-de-manyas-la-pelicula\/#primaryimage"},"thumbnailUrl":"https:\/\/www.padreydecano.com\/cms\/wp-content\/uploads\/2011\/10\/andres_benvenuto.jpg","datePublished":"2011-10-05T16:30:31+00:00","dateModified":"2011-10-05T13:50:38+00:00","breadcrumb":{"@id":"https:\/\/www.padreydecano.com\/cms\/entrevistas\/mano-a-mano-con-el-director-de-manyas-la-pelicula\/#breadcrumb"},"inLanguage":"es","potentialAction":[{"@type":"ReadAction","target":["https:\/\/www.padreydecano.com\/cms\/entrevistas\/mano-a-mano-con-el-director-de-manyas-la-pelicula\/"]}]},{"@type":"ImageObject","inLanguage":"es","@id":"https:\/\/www.padreydecano.com\/cms\/entrevistas\/mano-a-mano-con-el-director-de-manyas-la-pelicula\/#primaryimage","url":"https:\/\/www.padreydecano.com\/cms\/wp-content\/uploads\/2011\/10\/andres_benvenuto.jpg","contentUrl":"https:\/\/www.padreydecano.com\/cms\/wp-content\/uploads\/2011\/10\/andres_benvenuto.jpg","width":"1440","height":"1080"},{"@type":"BreadcrumbList","@id":"https:\/\/www.padreydecano.com\/cms\/entrevistas\/mano-a-mano-con-el-director-de-manyas-la-pelicula\/#breadcrumb","itemListElement":[{"@type":"ListItem","position":1,"name":"Portada","item":"https:\/\/www.padreydecano.com\/cms\/"},{"@type":"ListItem","position":2,"name":"Mano a Mano con el director de \u00abManyas: La pel\u00edcula\u00bb"}]},{"@type":"WebSite","@id":"https:\/\/www.padreydecano.com\/cms\/#website","url":"https:\/\/www.padreydecano.com\/cms\/","name":"Padre y Decano - El Sitio del Pueblo","description":"Club Atl\u00e9tico Pe\u00f1arol","publisher":{"@id":"https:\/\/www.padreydecano.com\/cms\/#organization"},"potentialAction":[{"@type":"SearchAction","target":{"@type":"EntryPoint","urlTemplate":"https:\/\/www.padreydecano.com\/cms\/?s={search_term_string}"},"query-input":"required name=search_term_string"}],"inLanguage":"es"},{"@type":"Organization","@id":"https:\/\/www.padreydecano.com\/cms\/#organization","name":"Padre y Decano","url":"https:\/\/www.padreydecano.com\/cms\/","logo":{"@type":"ImageObject","inLanguage":"es","@id":"https:\/\/www.padreydecano.com\/cms\/#\/schema\/logo\/image\/","url":"https:\/\/www.padreydecano.com\/cms\/wp-content\/uploads\/2022\/01\/avatar-square.png","contentUrl":"https:\/\/www.padreydecano.com\/cms\/wp-content\/uploads\/2022\/01\/avatar-square.png","width":1500,"height":1500,"caption":"Padre y Decano"},"image":{"@id":"https:\/\/www.padreydecano.com\/cms\/#\/schema\/logo\/image\/"}},{"@type":"Person","@id":"https:\/\/www.padreydecano.com\/cms\/#\/schema\/person\/d93e9e537230ae052c194251d9a1def2","name":"Moderador","image":{"@type":"ImageObject","inLanguage":"es","@id":"https:\/\/www.padreydecano.com\/cms\/#\/schema\/person\/image\/","url":"https:\/\/secure.gravatar.com\/avatar\/2587727bf8a53bd3da4ec49f01bea66e?s=96&d=https%3A%2F%2Fpadreydecano.com%2Fcms%2Fwp-content%2Fthemes%2Fpyd-theme%2Fimg%2Fdefault-avatar.png&r=g","contentUrl":"https:\/\/secure.gravatar.com\/avatar\/2587727bf8a53bd3da4ec49f01bea66e?s=96&d=https%3A%2F%2Fpadreydecano.com%2Fcms%2Fwp-content%2Fthemes%2Fpyd-theme%2Fimg%2Fdefault-avatar.png&r=g","caption":"Moderador"}}]}},"_links":{"self":[{"href":"https:\/\/www.padreydecano.com\/cms\/wp-json\/wp\/v2\/posts\/4576"}],"collection":[{"href":"https:\/\/www.padreydecano.com\/cms\/wp-json\/wp\/v2\/posts"}],"about":[{"href":"https:\/\/www.padreydecano.com\/cms\/wp-json\/wp\/v2\/types\/post"}],"author":[{"embeddable":true,"href":"https:\/\/www.padreydecano.com\/cms\/wp-json\/wp\/v2\/users\/13"}],"replies":[{"embeddable":true,"href":"https:\/\/www.padreydecano.com\/cms\/wp-json\/wp\/v2\/comments?post=4576"}],"version-history":[{"count":0,"href":"https:\/\/www.padreydecano.com\/cms\/wp-json\/wp\/v2\/posts\/4576\/revisions"}],"wp:featuredmedia":[{"embeddable":true,"href":"https:\/\/www.padreydecano.com\/cms\/wp-json\/wp\/v2\/media\/4584"}],"wp:attachment":[{"href":"https:\/\/www.padreydecano.com\/cms\/wp-json\/wp\/v2\/media?parent=4576"}],"wp:term":[{"taxonomy":"category","embeddable":true,"href":"https:\/\/www.padreydecano.com\/cms\/wp-json\/wp\/v2\/categories?post=4576"},{"taxonomy":"post_tag","embeddable":true,"href":"https:\/\/www.padreydecano.com\/cms\/wp-json\/wp\/v2\/tags?post=4576"}],"curies":[{"name":"wp","href":"https:\/\/api.w.org\/{rel}","templated":true}]}}