{"id":45631,"date":"2014-03-21T11:34:28","date_gmt":"2014-03-21T14:34:28","guid":{"rendered":"http:\/\/www.padreydecano.com\/cms\/?p=45631"},"modified":"2014-03-22T21:58:06","modified_gmt":"2014-03-23T00:58:06","slug":"no-hay-descanso","status":"publish","type":"post","link":"https:\/\/www.padreydecano.com\/cms\/los-aromos\/no-hay-descanso\/","title":{"rendered":"No hay descanso"},"content":{"rendered":"<p style=\"text-align: justify;\"><span style=\"line-height: 1.5em;\"><strong><a href=\"https:\/\/www.padreydecano.com\/cms\/wp-content\/uploads\/2012\/09\/DSC_0568-Copiar.jpg\" rel=\"shadowbox[sbpost-45631];player=img;\"><img loading=\"lazy\" decoding=\"async\" class=\"alignright size-medium wp-image-30410\" alt=\"Fotos vs Cerro (Apertura 2012)\" src=\"https:\/\/www.padreydecano.com\/cms\/wp-content\/uploads\/2012\/09\/DSC_0568-Copiar-300x200.jpg\" width=\"300\" height=\"200\" srcset=\"https:\/\/www.padreydecano.com\/cms\/wp-content\/uploads\/2012\/09\/DSC_0568-Copiar-300x200.jpg 300w, https:\/\/www.padreydecano.com\/cms\/wp-content\/uploads\/2012\/09\/DSC_0568-Copiar.jpg 1000w\" sizes=\"(max-width: 300px) 100vw, 300px\" \/><\/a>Pe\u00f1arol enfrentar\u00e1 a\u00a0 Cerro el s\u00e1bado a las 19 en el Estadio Centenario y luego viajar\u00e1 a M\u00e9xico para jugar ante Santos Laguna.<\/strong> Fossati est\u00e1 con la encrucijada de administrar a los futbolistas para ambos partidos. Carlos Valdez vio la roja <a title=\"Sufriendo pero primeros\" href=\"https:\/\/www.padreydecano.com\/cms\/partidos\/sufriendo-pero-primeros\/\" target=\"_blank\">ante El Tanque<\/a> y Emiliano Albin lleg\u00f3 a la quinta amarilla, por lo que no estar\u00e1n. Por ser un partido de alto riesgo, <span style=\"color: #ffcc02;\"><strong>el s\u00e1bado no se venden entradas<\/strong><\/span>, por lo que <span style=\"color: #ffcc02;\"><strong>ten\u00e9s tiempo hasta hoy viernes de comprar o canjear tu entrada en Red Pagos.<\/strong><\/span><\/span><\/p>\n<p style=\"text-align: justify;\"><span style=\"color: #ffcc02;\"><strong>El equipo<\/strong><\/span><\/p>\n<p style=\"text-align: justify;\">Como nos tiene acostumbrados Fossati, el equipo a\u00fan no est\u00e1 confirmado. El posible equipo ser\u00eda con <strong>Juan Castillo, Dami\u00e1n\u00a0Macaluso, Dar\u00edo Rodr\u00edguez, Emilio Mac Eachen, Paolo Hurtado, Nahitan Nandez, Luis Aguiar, Jorge Rodr\u00edguez, Antonio Pacheco o Hern\u00e1n Novick, Marcelo Zalayeta y Jonathan Rodr\u00edguez o Javier Toledo.<\/strong><\/p>\n<p style=\"text-align: justify;\"><span style=\"color: #ffcc02;\"><strong>El plantel<\/strong><\/span><\/p>\n<p style=\"text-align: justify;\">El resto de los concentrados para el partido son <strong>Danilo Lerda, Joe Bizera, Nicol\u00e1s Raguso,\u00a0Marcel Novick, Sebasti\u00e1n P\u00edriz, Mauro Fern\u00e1ndez y Gabriel Leyes.<\/strong><\/p>\n<p style=\"text-align: justify;\"><span style=\"color: #ffcc02;\"><strong>El \u00e1rbitro<\/strong><\/span><\/p>\n<p style=\"text-align: justify;\">El \u00e1rbitro ser\u00e1 Andr\u00e9s Cunha, secundado por Carlos Pastorino y Javier Castro.<\/p>\n<p style=\"text-align: justify;\"><span style=\"color: #ffcc02;\"><strong>El rival<\/strong><\/span><\/p>\n<p style=\"text-align: justify;\">Cerro viene realizando una muy mala campa\u00f1a en el Torneo Clausura tras haber cosechado apenas 5 puntos. Sin embargo, viene de obtener su \u00fanica victoria en el campeonato, gan\u00e1ndole 3 a 1 a Defensor Sporting en el Franzini el fin de semana. Posteriormente cay\u00f3 2 a 1 ante River en el pico disputado entre semana.<\/p>\n<p style=\"text-align: justify;\"><span style=\"color: #ffcc02;\"><strong>Las entradas<\/strong><\/span><\/p>\n<p style=\"text-align: justify;\"><a title=\"Venta de entradas vs Cerro (Clausura 2014)\" href=\"https:\/\/www.padreydecano.com\/cms\/tribuna\/venta-de-entradas-vs-cerro-clausura-2014\/\" target=\"_blank\">Se venden y canjean en Red pagos hasta el viernes<\/a>. El s\u00e1bado no se venden entradas por ser un partido de alto riesgo. No te duermas y and\u00e1 a sacar la tuya YA.<\/p>\n","protected":false},"excerpt":{"rendered":"<p>Pe\u00f1arol enfrentar\u00e1 a  Cerro el s\u00e1bado a las 19 en el Estadio Centenario y luego viaja a M\u00e9xico.<\/p>\n","protected":false},"author":13,"featured_media":30410,"comment_status":"open","ping_status":"closed","sticky":false,"template":"","format":"standard","meta":{"footnotes":""},"categories":[7],"tags":[],"yoast_head":"<!-- This site is optimized with the Yoast SEO plugin v23.2 - https:\/\/yoast.com\/wordpress\/plugins\/seo\/ -->\n<title>No hay descanso - Padre y Decano - El Sitio del Pueblo<\/title>\n<meta name=\"robots\" content=\"index, follow, max-snippet:-1, max-image-preview:large, max-video-preview:-1\" \/>\n<link rel=\"canonical\" href=\"https:\/\/www.padreydecano.com\/cms\/los-aromos\/no-hay-descanso\/\" \/>\n<meta property=\"og:locale\" content=\"es_ES\" \/>\n<meta property=\"og:type\" content=\"article\" \/>\n<meta property=\"og:title\" content=\"No hay descanso - Padre y Decano - El Sitio del Pueblo\" \/>\n<meta property=\"og:description\" content=\"Pe\u00f1arol enfrentar\u00e1 a Cerro el s\u00e1bado a las 19 en el Estadio Centenario y luego viaja a M\u00e9xico.\" \/>\n<meta property=\"og:url\" content=\"https:\/\/www.padreydecano.com\/cms\/los-aromos\/no-hay-descanso\/\" \/>\n<meta property=\"og:site_name\" content=\"Padre y Decano - El Sitio del Pueblo\" \/>\n<meta property=\"article:published_time\" content=\"2014-03-21T14:34:28+00:00\" \/>\n<meta property=\"article:modified_time\" content=\"2014-03-23T00:58:06+00:00\" \/>\n<meta property=\"og:image\" content=\"https:\/\/www.padreydecano.com\/cms\/wp-content\/uploads\/2012\/09\/DSC_0568-Copiar.jpg\" \/>\n\t<meta property=\"og:image:width\" content=\"1000\" \/>\n\t<meta property=\"og:image:height\" content=\"667\" \/>\n\t<meta property=\"og:image:type\" content=\"image\/jpeg\" \/>\n<meta name=\"author\" content=\"Moderador\" \/>\n<meta name=\"twitter:card\" content=\"summary_large_image\" \/>\n<meta name=\"twitter:label1\" content=\"Escrito por\" \/>\n\t<meta name=\"twitter:data1\" content=\"Moderador\" \/>\n\t<meta name=\"twitter:label2\" content=\"Tiempo de lectura\" \/>\n\t<meta name=\"twitter:data2\" content=\"1 minuto\" \/>\n<script type=\"application\/ld+json\" class=\"yoast-schema-graph\">{\"@context\":\"https:\/\/schema.org\",\"@graph\":[{\"@type\":\"Article\",\"@id\":\"https:\/\/www.padreydecano.com\/cms\/los-aromos\/no-hay-descanso\/#article\",\"isPartOf\":{\"@id\":\"https:\/\/www.padreydecano.com\/cms\/los-aromos\/no-hay-descanso\/\"},\"author\":{\"name\":\"Moderador\",\"@id\":\"https:\/\/www.padreydecano.com\/cms\/#\/schema\/person\/d93e9e537230ae052c194251d9a1def2\"},\"headline\":\"No hay descanso\",\"datePublished\":\"2014-03-21T14:34:28+00:00\",\"dateModified\":\"2014-03-23T00:58:06+00:00\",\"mainEntityOfPage\":{\"@id\":\"https:\/\/www.padreydecano.com\/cms\/los-aromos\/no-hay-descanso\/\"},\"wordCount\":286,\"commentCount\":32,\"publisher\":{\"@id\":\"https:\/\/www.padreydecano.com\/cms\/#organization\"},\"image\":{\"@id\":\"https:\/\/www.padreydecano.com\/cms\/los-aromos\/no-hay-descanso\/#primaryimage\"},\"thumbnailUrl\":\"https:\/\/www.padreydecano.com\/cms\/wp-content\/uploads\/2012\/09\/DSC_0568-Copiar.jpg\",\"articleSection\":[\"Los Aromos\"],\"inLanguage\":\"es\",\"potentialAction\":[{\"@type\":\"CommentAction\",\"name\":\"Comment\",\"target\":[\"https:\/\/www.padreydecano.com\/cms\/los-aromos\/no-hay-descanso\/#respond\"]}]},{\"@type\":\"WebPage\",\"@id\":\"https:\/\/www.padreydecano.com\/cms\/los-aromos\/no-hay-descanso\/\",\"url\":\"https:\/\/www.padreydecano.com\/cms\/los-aromos\/no-hay-descanso\/\",\"name\":\"No hay descanso - Padre y Decano - El Sitio del Pueblo\",\"isPartOf\":{\"@id\":\"https:\/\/www.padreydecano.com\/cms\/#website\"},\"primaryImageOfPage\":{\"@id\":\"https:\/\/www.padreydecano.com\/cms\/los-aromos\/no-hay-descanso\/#primaryimage\"},\"image\":{\"@id\":\"https:\/\/www.padreydecano.com\/cms\/los-aromos\/no-hay-descanso\/#primaryimage\"},\"thumbnailUrl\":\"https:\/\/www.padreydecano.com\/cms\/wp-content\/uploads\/2012\/09\/DSC_0568-Copiar.jpg\",\"datePublished\":\"2014-03-21T14:34:28+00:00\",\"dateModified\":\"2014-03-23T00:58:06+00:00\",\"breadcrumb\":{\"@id\":\"https:\/\/www.padreydecano.com\/cms\/los-aromos\/no-hay-descanso\/#breadcrumb\"},\"inLanguage\":\"es\",\"potentialAction\":[{\"@type\":\"ReadAction\",\"target\":[\"https:\/\/www.padreydecano.com\/cms\/los-aromos\/no-hay-descanso\/\"]}]},{\"@type\":\"ImageObject\",\"inLanguage\":\"es\",\"@id\":\"https:\/\/www.padreydecano.com\/cms\/los-aromos\/no-hay-descanso\/#primaryimage\",\"url\":\"https:\/\/www.padreydecano.com\/cms\/wp-content\/uploads\/2012\/09\/DSC_0568-Copiar.jpg\",\"contentUrl\":\"https:\/\/www.padreydecano.com\/cms\/wp-content\/uploads\/2012\/09\/DSC_0568-Copiar.jpg\",\"width\":\"1000\",\"height\":\"667\"},{\"@type\":\"BreadcrumbList\",\"@id\":\"https:\/\/www.padreydecano.com\/cms\/los-aromos\/no-hay-descanso\/#breadcrumb\",\"itemListElement\":[{\"@type\":\"ListItem\",\"position\":1,\"name\":\"Portada\",\"item\":\"https:\/\/www.padreydecano.com\/cms\/\"},{\"@type\":\"ListItem\",\"position\":2,\"name\":\"No hay descanso\"}]},{\"@type\":\"WebSite\",\"@id\":\"https:\/\/www.padreydecano.com\/cms\/#website\",\"url\":\"https:\/\/www.padreydecano.com\/cms\/\",\"name\":\"Padre y Decano - El Sitio del Pueblo\",\"description\":\"Club Atl\u00e9tico Pe\u00f1arol\",\"publisher\":{\"@id\":\"https:\/\/www.padreydecano.com\/cms\/#organization\"},\"potentialAction\":[{\"@type\":\"SearchAction\",\"target\":{\"@type\":\"EntryPoint\",\"urlTemplate\":\"https:\/\/www.padreydecano.com\/cms\/?s={search_term_string}\"},\"query-input\":\"required name=search_term_string\"}],\"inLanguage\":\"es\"},{\"@type\":\"Organization\",\"@id\":\"https:\/\/www.padreydecano.com\/cms\/#organization\",\"name\":\"Padre y Decano\",\"url\":\"https:\/\/www.padreydecano.com\/cms\/\",\"logo\":{\"@type\":\"ImageObject\",\"inLanguage\":\"es\",\"@id\":\"https:\/\/www.padreydecano.com\/cms\/#\/schema\/logo\/image\/\",\"url\":\"https:\/\/www.padreydecano.com\/cms\/wp-content\/uploads\/2022\/01\/avatar-square.png\",\"contentUrl\":\"https:\/\/www.padreydecano.com\/cms\/wp-content\/uploads\/2022\/01\/avatar-square.png\",\"width\":1500,\"height\":1500,\"caption\":\"Padre y Decano\"},\"image\":{\"@id\":\"https:\/\/www.padreydecano.com\/cms\/#\/schema\/logo\/image\/\"}},{\"@type\":\"Person\",\"@id\":\"https:\/\/www.padreydecano.com\/cms\/#\/schema\/person\/d93e9e537230ae052c194251d9a1def2\",\"name\":\"Moderador\",\"image\":{\"@type\":\"ImageObject\",\"inLanguage\":\"es\",\"@id\":\"https:\/\/www.padreydecano.com\/cms\/#\/schema\/person\/image\/\",\"url\":\"https:\/\/secure.gravatar.com\/avatar\/2587727bf8a53bd3da4ec49f01bea66e?s=96&d=https%3A%2F%2Fpadreydecano.com%2Fcms%2Fwp-content%2Fthemes%2Fpyd-theme%2Fimg%2Fdefault-avatar.png&r=g\",\"contentUrl\":\"https:\/\/secure.gravatar.com\/avatar\/2587727bf8a53bd3da4ec49f01bea66e?s=96&d=https%3A%2F%2Fpadreydecano.com%2Fcms%2Fwp-content%2Fthemes%2Fpyd-theme%2Fimg%2Fdefault-avatar.png&r=g\",\"caption\":\"Moderador\"}}]}<\/script>\n<!-- \/ Yoast SEO plugin. -->","yoast_head_json":{"title":"No hay descanso - Padre y Decano - El Sitio del Pueblo","robots":{"index":"index","follow":"follow","max-snippet":"max-snippet:-1","max-image-preview":"max-image-preview:large","max-video-preview":"max-video-preview:-1"},"canonical":"https:\/\/www.padreydecano.com\/cms\/los-aromos\/no-hay-descanso\/","og_locale":"es_ES","og_type":"article","og_title":"No hay descanso - Padre y Decano - El Sitio del Pueblo","og_description":"Pe\u00f1arol enfrentar\u00e1 a Cerro el s\u00e1bado a las 19 en el Estadio Centenario y luego viaja a M\u00e9xico.","og_url":"https:\/\/www.padreydecano.com\/cms\/los-aromos\/no-hay-descanso\/","og_site_name":"Padre y Decano - El Sitio del Pueblo","article_published_time":"2014-03-21T14:34:28+00:00","article_modified_time":"2014-03-23T00:58:06+00:00","og_image":[{"width":1000,"height":667,"url":"https:\/\/www.padreydecano.com\/cms\/wp-content\/uploads\/2012\/09\/DSC_0568-Copiar.jpg","type":"image\/jpeg"}],"author":"Moderador","twitter_card":"summary_large_image","twitter_misc":{"Escrito por":"Moderador","Tiempo de lectura":"1 minuto"},"schema":{"@context":"https:\/\/schema.org","@graph":[{"@type":"Article","@id":"https:\/\/www.padreydecano.com\/cms\/los-aromos\/no-hay-descanso\/#article","isPartOf":{"@id":"https:\/\/www.padreydecano.com\/cms\/los-aromos\/no-hay-descanso\/"},"author":{"name":"Moderador","@id":"https:\/\/www.padreydecano.com\/cms\/#\/schema\/person\/d93e9e537230ae052c194251d9a1def2"},"headline":"No hay descanso","datePublished":"2014-03-21T14:34:28+00:00","dateModified":"2014-03-23T00:58:06+00:00","mainEntityOfPage":{"@id":"https:\/\/www.padreydecano.com\/cms\/los-aromos\/no-hay-descanso\/"},"wordCount":286,"commentCount":32,"publisher":{"@id":"https:\/\/www.padreydecano.com\/cms\/#organization"},"image":{"@id":"https:\/\/www.padreydecano.com\/cms\/los-aromos\/no-hay-descanso\/#primaryimage"},"thumbnailUrl":"https:\/\/www.padreydecano.com\/cms\/wp-content\/uploads\/2012\/09\/DSC_0568-Copiar.jpg","articleSection":["Los Aromos"],"inLanguage":"es","potentialAction":[{"@type":"CommentAction","name":"Comment","target":["https:\/\/www.padreydecano.com\/cms\/los-aromos\/no-hay-descanso\/#respond"]}]},{"@type":"WebPage","@id":"https:\/\/www.padreydecano.com\/cms\/los-aromos\/no-hay-descanso\/","url":"https:\/\/www.padreydecano.com\/cms\/los-aromos\/no-hay-descanso\/","name":"No hay descanso - Padre y Decano - El Sitio del Pueblo","isPartOf":{"@id":"https:\/\/www.padreydecano.com\/cms\/#website"},"primaryImageOfPage":{"@id":"https:\/\/www.padreydecano.com\/cms\/los-aromos\/no-hay-descanso\/#primaryimage"},"image":{"@id":"https:\/\/www.padreydecano.com\/cms\/los-aromos\/no-hay-descanso\/#primaryimage"},"thumbnailUrl":"https:\/\/www.padreydecano.com\/cms\/wp-content\/uploads\/2012\/09\/DSC_0568-Copiar.jpg","datePublished":"2014-03-21T14:34:28+00:00","dateModified":"2014-03-23T00:58:06+00:00","breadcrumb":{"@id":"https:\/\/www.padreydecano.com\/cms\/los-aromos\/no-hay-descanso\/#breadcrumb"},"inLanguage":"es","potentialAction":[{"@type":"ReadAction","target":["https:\/\/www.padreydecano.com\/cms\/los-aromos\/no-hay-descanso\/"]}]},{"@type":"ImageObject","inLanguage":"es","@id":"https:\/\/www.padreydecano.com\/cms\/los-aromos\/no-hay-descanso\/#primaryimage","url":"https:\/\/www.padreydecano.com\/cms\/wp-content\/uploads\/2012\/09\/DSC_0568-Copiar.jpg","contentUrl":"https:\/\/www.padreydecano.com\/cms\/wp-content\/uploads\/2012\/09\/DSC_0568-Copiar.jpg","width":"1000","height":"667"},{"@type":"BreadcrumbList","@id":"https:\/\/www.padreydecano.com\/cms\/los-aromos\/no-hay-descanso\/#breadcrumb","itemListElement":[{"@type":"ListItem","position":1,"name":"Portada","item":"https:\/\/www.padreydecano.com\/cms\/"},{"@type":"ListItem","position":2,"name":"No hay descanso"}]},{"@type":"WebSite","@id":"https:\/\/www.padreydecano.com\/cms\/#website","url":"https:\/\/www.padreydecano.com\/cms\/","name":"Padre y Decano - El Sitio del Pueblo","description":"Club Atl\u00e9tico Pe\u00f1arol","publisher":{"@id":"https:\/\/www.padreydecano.com\/cms\/#organization"},"potentialAction":[{"@type":"SearchAction","target":{"@type":"EntryPoint","urlTemplate":"https:\/\/www.padreydecano.com\/cms\/?s={search_term_string}"},"query-input":"required name=search_term_string"}],"inLanguage":"es"},{"@type":"Organization","@id":"https:\/\/www.padreydecano.com\/cms\/#organization","name":"Padre y Decano","url":"https:\/\/www.padreydecano.com\/cms\/","logo":{"@type":"ImageObject","inLanguage":"es","@id":"https:\/\/www.padreydecano.com\/cms\/#\/schema\/logo\/image\/","url":"https:\/\/www.padreydecano.com\/cms\/wp-content\/uploads\/2022\/01\/avatar-square.png","contentUrl":"https:\/\/www.padreydecano.com\/cms\/wp-content\/uploads\/2022\/01\/avatar-square.png","width":1500,"height":1500,"caption":"Padre y Decano"},"image":{"@id":"https:\/\/www.padreydecano.com\/cms\/#\/schema\/logo\/image\/"}},{"@type":"Person","@id":"https:\/\/www.padreydecano.com\/cms\/#\/schema\/person\/d93e9e537230ae052c194251d9a1def2","name":"Moderador","image":{"@type":"ImageObject","inLanguage":"es","@id":"https:\/\/www.padreydecano.com\/cms\/#\/schema\/person\/image\/","url":"https:\/\/secure.gravatar.com\/avatar\/2587727bf8a53bd3da4ec49f01bea66e?s=96&d=https%3A%2F%2Fpadreydecano.com%2Fcms%2Fwp-content%2Fthemes%2Fpyd-theme%2Fimg%2Fdefault-avatar.png&r=g","contentUrl":"https:\/\/secure.gravatar.com\/avatar\/2587727bf8a53bd3da4ec49f01bea66e?s=96&d=https%3A%2F%2Fpadreydecano.com%2Fcms%2Fwp-content%2Fthemes%2Fpyd-theme%2Fimg%2Fdefault-avatar.png&r=g","caption":"Moderador"}}]}},"_links":{"self":[{"href":"https:\/\/www.padreydecano.com\/cms\/wp-json\/wp\/v2\/posts\/45631"}],"collection":[{"href":"https:\/\/www.padreydecano.com\/cms\/wp-json\/wp\/v2\/posts"}],"about":[{"href":"https:\/\/www.padreydecano.com\/cms\/wp-json\/wp\/v2\/types\/post"}],"author":[{"embeddable":true,"href":"https:\/\/www.padreydecano.com\/cms\/wp-json\/wp\/v2\/users\/13"}],"replies":[{"embeddable":true,"href":"https:\/\/www.padreydecano.com\/cms\/wp-json\/wp\/v2\/comments?post=45631"}],"version-history":[{"count":0,"href":"https:\/\/www.padreydecano.com\/cms\/wp-json\/wp\/v2\/posts\/45631\/revisions"}],"wp:featuredmedia":[{"embeddable":true,"href":"https:\/\/www.padreydecano.com\/cms\/wp-json\/wp\/v2\/media\/30410"}],"wp:attachment":[{"href":"https:\/\/www.padreydecano.com\/cms\/wp-json\/wp\/v2\/media?parent=45631"}],"wp:term":[{"taxonomy":"category","embeddable":true,"href":"https:\/\/www.padreydecano.com\/cms\/wp-json\/wp\/v2\/categories?post=45631"},{"taxonomy":"post_tag","embeddable":true,"href":"https:\/\/www.padreydecano.com\/cms\/wp-json\/wp\/v2\/tags?post=45631"}],"curies":[{"name":"wp","href":"https:\/\/api.w.org\/{rel}","templated":true}]}}