{"id":45428,"date":"2014-03-15T01:10:25","date_gmt":"2014-03-15T04:10:25","guid":{"rendered":"http:\/\/www.padreydecano.com\/cms\/?p=45428"},"modified":"2014-03-15T01:10:25","modified_gmt":"2014-03-15T04:10:25","slug":"pydradio-programa-24","status":"publish","type":"post","link":"https:\/\/www.padreydecano.com\/cms\/pyd-radio\/pydradio-programa-24\/","title":{"rendered":"PyDRadio \u2013 Programa #24"},"content":{"rendered":"<p style=\"text-align: justify;\">Reci\u00e9n llegados de Buenos Aires, y poni\u00e9ndole el pecho a las balas, hicimos un nuevo programa de PYD Radio donde hablamos de la derrota ante Arsenal. Adem\u00e1s, Rodolfo Catino, Ricardo Rachetti y Carlos Scherschener analizaron el momento deportivo de Pe\u00f1arol, los errores cometidos por la dirigencia y c\u00f3mo salir adelante. Gracias por hacernos el aguante.<\/p>\n<p style=\"text-align: justify;\">Pod\u00e9s volver a escuchar el programa ac\u00e1:<\/p>\n<div align=\"center\">\n<table class=\"video\">\n<tbody>\n<tr>\n<td><iframe loading=\"lazy\" src=\"\/\/www.youtube.com\/embed\/Rx4ju_Bxcfs?wmode=transparent\" height=\"315\" width=\"420\" allowfullscreen=\"\" frameborder=\"0\"><\/iframe><\/td>\n<\/tr>\n<\/tbody>\n<\/table>\n<\/div>\n","protected":false},"excerpt":{"rendered":"<p>Reci\u00e9n llegados de Buenos Aires, y poni\u00e9ndole el pecho a las balas, hicimos un nuevo programa de PYD Radio donde hablamos de la derrota ante Arsenal. Adem\u00e1s, Rodolfo Catino, Ricardo Rachetti y Carlos Scherschener analizaron el momento deportivo de Pe\u00f1arol, los errores cometidos por la dirigencia y c\u00f3mo salir adelante. Gracias por hacernos el aguante. [&hellip;]<\/p>\n","protected":false},"author":13,"featured_media":45429,"comment_status":"open","ping_status":"closed","sticky":false,"template":"","format":"standard","meta":{"footnotes":""},"categories":[196],"tags":[],"yoast_head":"<!-- This site is optimized with the Yoast SEO plugin v23.2 - https:\/\/yoast.com\/wordpress\/plugins\/seo\/ -->\n<title>PyDRadio \u2013 Programa #24 - Padre y Decano - El Sitio del Pueblo<\/title>\n<meta name=\"robots\" content=\"index, follow, max-snippet:-1, max-image-preview:large, max-video-preview:-1\" \/>\n<link rel=\"canonical\" href=\"https:\/\/www.padreydecano.com\/cms\/pyd-radio\/pydradio-programa-24\/\" \/>\n<meta property=\"og:locale\" content=\"es_ES\" \/>\n<meta property=\"og:type\" content=\"article\" \/>\n<meta property=\"og:title\" content=\"PyDRadio \u2013 Programa #24 - Padre y Decano - El Sitio del Pueblo\" \/>\n<meta property=\"og:description\" content=\"Reci\u00e9n llegados de Buenos Aires, y poni\u00e9ndole el pecho a las balas, hicimos un nuevo programa de PYD Radio donde hablamos de la derrota ante Arsenal. Adem\u00e1s, Rodolfo Catino, Ricardo Rachetti y Carlos Scherschener analizaron el momento deportivo de Pe\u00f1arol, los errores cometidos por la dirigencia y c\u00f3mo salir adelante. Gracias por hacernos el aguante. [&hellip;]\" \/>\n<meta property=\"og:url\" content=\"https:\/\/www.padreydecano.com\/cms\/pyd-radio\/pydradio-programa-24\/\" \/>\n<meta property=\"og:site_name\" content=\"Padre y Decano - El Sitio del Pueblo\" \/>\n<meta property=\"article:published_time\" content=\"2014-03-15T04:10:25+00:00\" \/>\n<meta property=\"og:image\" content=\"https:\/\/www.padreydecano.com\/cms\/wp-content\/uploads\/2014\/03\/radio.jpg\" \/>\n\t<meta property=\"og:image:width\" content=\"981\" \/>\n\t<meta property=\"og:image:height\" content=\"552\" \/>\n\t<meta property=\"og:image:type\" content=\"image\/jpeg\" \/>\n<meta name=\"author\" content=\"Moderador\" \/>\n<meta name=\"twitter:card\" content=\"summary_large_image\" \/>\n<meta name=\"twitter:label1\" content=\"Escrito por\" \/>\n\t<meta name=\"twitter:data1\" content=\"Moderador\" \/>\n<script type=\"application\/ld+json\" class=\"yoast-schema-graph\">{\"@context\":\"https:\/\/schema.org\",\"@graph\":[{\"@type\":\"Article\",\"@id\":\"https:\/\/www.padreydecano.com\/cms\/pyd-radio\/pydradio-programa-24\/#article\",\"isPartOf\":{\"@id\":\"https:\/\/www.padreydecano.com\/cms\/pyd-radio\/pydradio-programa-24\/\"},\"author\":{\"name\":\"Moderador\",\"@id\":\"https:\/\/www.padreydecano.com\/cms\/#\/schema\/person\/d93e9e537230ae052c194251d9a1def2\"},\"headline\":\"PyDRadio \u2013 Programa #24\",\"datePublished\":\"2014-03-15T04:10:25+00:00\",\"dateModified\":\"2014-03-15T04:10:25+00:00\",\"mainEntityOfPage\":{\"@id\":\"https:\/\/www.padreydecano.com\/cms\/pyd-radio\/pydradio-programa-24\/\"},\"wordCount\":70,\"commentCount\":1,\"publisher\":{\"@id\":\"https:\/\/www.padreydecano.com\/cms\/#organization\"},\"image\":{\"@id\":\"https:\/\/www.padreydecano.com\/cms\/pyd-radio\/pydradio-programa-24\/#primaryimage\"},\"thumbnailUrl\":\"https:\/\/www.padreydecano.com\/cms\/wp-content\/uploads\/2014\/03\/radio.jpg\",\"articleSection\":[\"PYD Radio\"],\"inLanguage\":\"es\",\"potentialAction\":[{\"@type\":\"CommentAction\",\"name\":\"Comment\",\"target\":[\"https:\/\/www.padreydecano.com\/cms\/pyd-radio\/pydradio-programa-24\/#respond\"]}]},{\"@type\":\"WebPage\",\"@id\":\"https:\/\/www.padreydecano.com\/cms\/pyd-radio\/pydradio-programa-24\/\",\"url\":\"https:\/\/www.padreydecano.com\/cms\/pyd-radio\/pydradio-programa-24\/\",\"name\":\"PyDRadio \u2013 Programa #24 - Padre y Decano - El Sitio del Pueblo\",\"isPartOf\":{\"@id\":\"https:\/\/www.padreydecano.com\/cms\/#website\"},\"primaryImageOfPage\":{\"@id\":\"https:\/\/www.padreydecano.com\/cms\/pyd-radio\/pydradio-programa-24\/#primaryimage\"},\"image\":{\"@id\":\"https:\/\/www.padreydecano.com\/cms\/pyd-radio\/pydradio-programa-24\/#primaryimage\"},\"thumbnailUrl\":\"https:\/\/www.padreydecano.com\/cms\/wp-content\/uploads\/2014\/03\/radio.jpg\",\"datePublished\":\"2014-03-15T04:10:25+00:00\",\"dateModified\":\"2014-03-15T04:10:25+00:00\",\"breadcrumb\":{\"@id\":\"https:\/\/www.padreydecano.com\/cms\/pyd-radio\/pydradio-programa-24\/#breadcrumb\"},\"inLanguage\":\"es\",\"potentialAction\":[{\"@type\":\"ReadAction\",\"target\":[\"https:\/\/www.padreydecano.com\/cms\/pyd-radio\/pydradio-programa-24\/\"]}]},{\"@type\":\"ImageObject\",\"inLanguage\":\"es\",\"@id\":\"https:\/\/www.padreydecano.com\/cms\/pyd-radio\/pydradio-programa-24\/#primaryimage\",\"url\":\"https:\/\/www.padreydecano.com\/cms\/wp-content\/uploads\/2014\/03\/radio.jpg\",\"contentUrl\":\"https:\/\/www.padreydecano.com\/cms\/wp-content\/uploads\/2014\/03\/radio.jpg\",\"width\":981,\"height\":552},{\"@type\":\"BreadcrumbList\",\"@id\":\"https:\/\/www.padreydecano.com\/cms\/pyd-radio\/pydradio-programa-24\/#breadcrumb\",\"itemListElement\":[{\"@type\":\"ListItem\",\"position\":1,\"name\":\"Portada\",\"item\":\"https:\/\/www.padreydecano.com\/cms\/\"},{\"@type\":\"ListItem\",\"position\":2,\"name\":\"PyDRadio \u2013 Programa #24\"}]},{\"@type\":\"WebSite\",\"@id\":\"https:\/\/www.padreydecano.com\/cms\/#website\",\"url\":\"https:\/\/www.padreydecano.com\/cms\/\",\"name\":\"Padre y Decano - El Sitio del Pueblo\",\"description\":\"Club Atl\u00e9tico Pe\u00f1arol\",\"publisher\":{\"@id\":\"https:\/\/www.padreydecano.com\/cms\/#organization\"},\"potentialAction\":[{\"@type\":\"SearchAction\",\"target\":{\"@type\":\"EntryPoint\",\"urlTemplate\":\"https:\/\/www.padreydecano.com\/cms\/?s={search_term_string}\"},\"query-input\":\"required name=search_term_string\"}],\"inLanguage\":\"es\"},{\"@type\":\"Organization\",\"@id\":\"https:\/\/www.padreydecano.com\/cms\/#organization\",\"name\":\"Padre y Decano\",\"url\":\"https:\/\/www.padreydecano.com\/cms\/\",\"logo\":{\"@type\":\"ImageObject\",\"inLanguage\":\"es\",\"@id\":\"https:\/\/www.padreydecano.com\/cms\/#\/schema\/logo\/image\/\",\"url\":\"https:\/\/www.padreydecano.com\/cms\/wp-content\/uploads\/2022\/01\/avatar-square.png\",\"contentUrl\":\"https:\/\/www.padreydecano.com\/cms\/wp-content\/uploads\/2022\/01\/avatar-square.png\",\"width\":1500,\"height\":1500,\"caption\":\"Padre y Decano\"},\"image\":{\"@id\":\"https:\/\/www.padreydecano.com\/cms\/#\/schema\/logo\/image\/\"}},{\"@type\":\"Person\",\"@id\":\"https:\/\/www.padreydecano.com\/cms\/#\/schema\/person\/d93e9e537230ae052c194251d9a1def2\",\"name\":\"Moderador\",\"image\":{\"@type\":\"ImageObject\",\"inLanguage\":\"es\",\"@id\":\"https:\/\/www.padreydecano.com\/cms\/#\/schema\/person\/image\/\",\"url\":\"https:\/\/secure.gravatar.com\/avatar\/2587727bf8a53bd3da4ec49f01bea66e?s=96&d=https%3A%2F%2Fpadreydecano.com%2Fcms%2Fwp-content%2Fthemes%2Fpyd-theme%2Fimg%2Fdefault-avatar.png&r=g\",\"contentUrl\":\"https:\/\/secure.gravatar.com\/avatar\/2587727bf8a53bd3da4ec49f01bea66e?s=96&d=https%3A%2F%2Fpadreydecano.com%2Fcms%2Fwp-content%2Fthemes%2Fpyd-theme%2Fimg%2Fdefault-avatar.png&r=g\",\"caption\":\"Moderador\"}}]}<\/script>\n<!-- \/ Yoast SEO plugin. -->","yoast_head_json":{"title":"PyDRadio \u2013 Programa #24 - Padre y Decano - El Sitio del Pueblo","robots":{"index":"index","follow":"follow","max-snippet":"max-snippet:-1","max-image-preview":"max-image-preview:large","max-video-preview":"max-video-preview:-1"},"canonical":"https:\/\/www.padreydecano.com\/cms\/pyd-radio\/pydradio-programa-24\/","og_locale":"es_ES","og_type":"article","og_title":"PyDRadio \u2013 Programa #24 - Padre y Decano - El Sitio del Pueblo","og_description":"Reci\u00e9n llegados de Buenos Aires, y poni\u00e9ndole el pecho a las balas, hicimos un nuevo programa de PYD Radio donde hablamos de la derrota ante Arsenal. Adem\u00e1s, Rodolfo Catino, Ricardo Rachetti y Carlos Scherschener analizaron el momento deportivo de Pe\u00f1arol, los errores cometidos por la dirigencia y c\u00f3mo salir adelante. Gracias por hacernos el aguante. [&hellip;]","og_url":"https:\/\/www.padreydecano.com\/cms\/pyd-radio\/pydradio-programa-24\/","og_site_name":"Padre y Decano - El Sitio del Pueblo","article_published_time":"2014-03-15T04:10:25+00:00","og_image":[{"width":981,"height":552,"url":"https:\/\/www.padreydecano.com\/cms\/wp-content\/uploads\/2014\/03\/radio.jpg","type":"image\/jpeg"}],"author":"Moderador","twitter_card":"summary_large_image","twitter_misc":{"Escrito por":"Moderador"},"schema":{"@context":"https:\/\/schema.org","@graph":[{"@type":"Article","@id":"https:\/\/www.padreydecano.com\/cms\/pyd-radio\/pydradio-programa-24\/#article","isPartOf":{"@id":"https:\/\/www.padreydecano.com\/cms\/pyd-radio\/pydradio-programa-24\/"},"author":{"name":"Moderador","@id":"https:\/\/www.padreydecano.com\/cms\/#\/schema\/person\/d93e9e537230ae052c194251d9a1def2"},"headline":"PyDRadio \u2013 Programa #24","datePublished":"2014-03-15T04:10:25+00:00","dateModified":"2014-03-15T04:10:25+00:00","mainEntityOfPage":{"@id":"https:\/\/www.padreydecano.com\/cms\/pyd-radio\/pydradio-programa-24\/"},"wordCount":70,"commentCount":1,"publisher":{"@id":"https:\/\/www.padreydecano.com\/cms\/#organization"},"image":{"@id":"https:\/\/www.padreydecano.com\/cms\/pyd-radio\/pydradio-programa-24\/#primaryimage"},"thumbnailUrl":"https:\/\/www.padreydecano.com\/cms\/wp-content\/uploads\/2014\/03\/radio.jpg","articleSection":["PYD Radio"],"inLanguage":"es","potentialAction":[{"@type":"CommentAction","name":"Comment","target":["https:\/\/www.padreydecano.com\/cms\/pyd-radio\/pydradio-programa-24\/#respond"]}]},{"@type":"WebPage","@id":"https:\/\/www.padreydecano.com\/cms\/pyd-radio\/pydradio-programa-24\/","url":"https:\/\/www.padreydecano.com\/cms\/pyd-radio\/pydradio-programa-24\/","name":"PyDRadio \u2013 Programa #24 - Padre y Decano - El Sitio del Pueblo","isPartOf":{"@id":"https:\/\/www.padreydecano.com\/cms\/#website"},"primaryImageOfPage":{"@id":"https:\/\/www.padreydecano.com\/cms\/pyd-radio\/pydradio-programa-24\/#primaryimage"},"image":{"@id":"https:\/\/www.padreydecano.com\/cms\/pyd-radio\/pydradio-programa-24\/#primaryimage"},"thumbnailUrl":"https:\/\/www.padreydecano.com\/cms\/wp-content\/uploads\/2014\/03\/radio.jpg","datePublished":"2014-03-15T04:10:25+00:00","dateModified":"2014-03-15T04:10:25+00:00","breadcrumb":{"@id":"https:\/\/www.padreydecano.com\/cms\/pyd-radio\/pydradio-programa-24\/#breadcrumb"},"inLanguage":"es","potentialAction":[{"@type":"ReadAction","target":["https:\/\/www.padreydecano.com\/cms\/pyd-radio\/pydradio-programa-24\/"]}]},{"@type":"ImageObject","inLanguage":"es","@id":"https:\/\/www.padreydecano.com\/cms\/pyd-radio\/pydradio-programa-24\/#primaryimage","url":"https:\/\/www.padreydecano.com\/cms\/wp-content\/uploads\/2014\/03\/radio.jpg","contentUrl":"https:\/\/www.padreydecano.com\/cms\/wp-content\/uploads\/2014\/03\/radio.jpg","width":981,"height":552},{"@type":"BreadcrumbList","@id":"https:\/\/www.padreydecano.com\/cms\/pyd-radio\/pydradio-programa-24\/#breadcrumb","itemListElement":[{"@type":"ListItem","position":1,"name":"Portada","item":"https:\/\/www.padreydecano.com\/cms\/"},{"@type":"ListItem","position":2,"name":"PyDRadio \u2013 Programa #24"}]},{"@type":"WebSite","@id":"https:\/\/www.padreydecano.com\/cms\/#website","url":"https:\/\/www.padreydecano.com\/cms\/","name":"Padre y Decano - El Sitio del Pueblo","description":"Club Atl\u00e9tico Pe\u00f1arol","publisher":{"@id":"https:\/\/www.padreydecano.com\/cms\/#organization"},"potentialAction":[{"@type":"SearchAction","target":{"@type":"EntryPoint","urlTemplate":"https:\/\/www.padreydecano.com\/cms\/?s={search_term_string}"},"query-input":"required name=search_term_string"}],"inLanguage":"es"},{"@type":"Organization","@id":"https:\/\/www.padreydecano.com\/cms\/#organization","name":"Padre y Decano","url":"https:\/\/www.padreydecano.com\/cms\/","logo":{"@type":"ImageObject","inLanguage":"es","@id":"https:\/\/www.padreydecano.com\/cms\/#\/schema\/logo\/image\/","url":"https:\/\/www.padreydecano.com\/cms\/wp-content\/uploads\/2022\/01\/avatar-square.png","contentUrl":"https:\/\/www.padreydecano.com\/cms\/wp-content\/uploads\/2022\/01\/avatar-square.png","width":1500,"height":1500,"caption":"Padre y Decano"},"image":{"@id":"https:\/\/www.padreydecano.com\/cms\/#\/schema\/logo\/image\/"}},{"@type":"Person","@id":"https:\/\/www.padreydecano.com\/cms\/#\/schema\/person\/d93e9e537230ae052c194251d9a1def2","name":"Moderador","image":{"@type":"ImageObject","inLanguage":"es","@id":"https:\/\/www.padreydecano.com\/cms\/#\/schema\/person\/image\/","url":"https:\/\/secure.gravatar.com\/avatar\/2587727bf8a53bd3da4ec49f01bea66e?s=96&d=https%3A%2F%2Fpadreydecano.com%2Fcms%2Fwp-content%2Fthemes%2Fpyd-theme%2Fimg%2Fdefault-avatar.png&r=g","contentUrl":"https:\/\/secure.gravatar.com\/avatar\/2587727bf8a53bd3da4ec49f01bea66e?s=96&d=https%3A%2F%2Fpadreydecano.com%2Fcms%2Fwp-content%2Fthemes%2Fpyd-theme%2Fimg%2Fdefault-avatar.png&r=g","caption":"Moderador"}}]}},"_links":{"self":[{"href":"https:\/\/www.padreydecano.com\/cms\/wp-json\/wp\/v2\/posts\/45428"}],"collection":[{"href":"https:\/\/www.padreydecano.com\/cms\/wp-json\/wp\/v2\/posts"}],"about":[{"href":"https:\/\/www.padreydecano.com\/cms\/wp-json\/wp\/v2\/types\/post"}],"author":[{"embeddable":true,"href":"https:\/\/www.padreydecano.com\/cms\/wp-json\/wp\/v2\/users\/13"}],"replies":[{"embeddable":true,"href":"https:\/\/www.padreydecano.com\/cms\/wp-json\/wp\/v2\/comments?post=45428"}],"version-history":[{"count":0,"href":"https:\/\/www.padreydecano.com\/cms\/wp-json\/wp\/v2\/posts\/45428\/revisions"}],"wp:featuredmedia":[{"embeddable":true,"href":"https:\/\/www.padreydecano.com\/cms\/wp-json\/wp\/v2\/media\/45429"}],"wp:attachment":[{"href":"https:\/\/www.padreydecano.com\/cms\/wp-json\/wp\/v2\/media?parent=45428"}],"wp:term":[{"taxonomy":"category","embeddable":true,"href":"https:\/\/www.padreydecano.com\/cms\/wp-json\/wp\/v2\/categories?post=45428"},{"taxonomy":"post_tag","embeddable":true,"href":"https:\/\/www.padreydecano.com\/cms\/wp-json\/wp\/v2\/tags?post=45428"}],"curies":[{"name":"wp","href":"https:\/\/api.w.org\/{rel}","templated":true}]}}