{"id":4505,"date":"2011-10-04T23:35:26","date_gmt":"2011-10-05T01:35:26","guid":{"rendered":"http:\/\/www.padreydecano.com\/cms\/?p=4505"},"modified":"2011-10-05T11:50:43","modified_gmt":"2011-10-05T13:50:43","slug":"avant-premiere-de-manyas-la-pelicula","status":"publish","type":"post","link":"https:\/\/www.padreydecano.com\/cms\/noticias\/avant-premiere-de-manyas-la-pelicula\/","title":{"rendered":"Avant Premiere de \u00abManyas: La Pel\u00edcula\u00bb"},"content":{"rendered":"<p style=\"text-align: justify;\">Se hizo el lanzamiento de la pel\u00edcula dirigida por Andr\u00e9s Benvenuto y producida por Andr\u00e9s Rubino, y como no puede ser de otra manera, <strong><span style=\"color: #ffcc00;\">Padre y Decano<\/span><\/strong> estuvo en la cobertura del evento. Se emitieron dos funciones en el cine Alfabeta de Pocitos, ante un gran marco de p\u00fablico. Los protagonistas de la pel\u00edcula, los hinchas, estuvieron presentes en el cine, como tambi\u00e9n autoridades del club, entre las que se destacan <strong>Washington J. Cataldi y Fernando Errico<\/strong>. Tambi\u00e9n estuvieron presentes\u00a0<strong>Marcos Silvera Ant\u00fanez<\/strong> (historiador de Pe\u00f1arol), <strong>Marcelo Otero<\/strong>, <strong>Fernando \u00abPetete\u00bb Correa<\/strong>,<strong> Diego Alonso<\/strong>, <strong>Antonio Pacheco<\/strong> (ex jugadores del club), <strong>Gerardo Alcoba<\/strong>,<strong> Dar\u00edo Rodr\u00edguez<\/strong>,<strong> Marcelo Zalayeta<\/strong>,<strong> Walter L\u00f3pez<\/strong> (integrantes del plantel principal) y <strong>Jorge Gonc\u00e1lvez<\/strong>, entrenador de la tercera divisi\u00f3n.<\/p>\n<p style=\"text-align: justify;\">Los espectadores tuvieron la posibilidad de disfrutar de la pel\u00edcula con refresco y pop, como tambi\u00e9n previamente un brindis con un gran servicio de catering.<\/p>\n<p style=\"text-align: justify;\">De la pel\u00edcula no vamos a adelantar nada, la idea es que los hinchas vayan a verla ma\u00f1ana al Palacio Pe\u00f1arol, o desde el viernes en los cines del pa\u00eds, pero podemos decir que te vas a emocionar. Hay que remarcar que como dice su director, no es una pel\u00edcula de f\u00fatbol, es de sus hinchas.<\/p>\n<p style=\"text-align: justify;\">Desde <span style=\"color: #ffcc02;\"><strong>Padre y Decano<\/strong><\/span> queremos felicitar a todos los que trabajaron para que esta pel\u00edcula sea posible.<\/p>\n\n\t\t<style type=\"text\/css\">\n\t\t\t#gallery-1 {\n\t\t\t\tmargin: auto;\n\t\t\t}\n\t\t\t#gallery-1 .gallery-item {\n\t\t\t\tfloat: left;\n\t\t\t\tmargin-top: 10px;\n\t\t\t\ttext-align: center;\n\t\t\t\twidth: 33%;\n\t\t\t}\n\t\t\t#gallery-1 img {\n\t\t\t\tborder: 2px solid #cfcfcf;\n\t\t\t}\n\t\t\t#gallery-1 .gallery-caption {\n\t\t\t\tmargin-left: 0;\n\t\t\t}\n\t\t\t\/* see gallery_shortcode() in wp-includes\/media.php *\/\n\t\t<\/style>\n\t\t<div id='gallery-1' class='gallery galleryid-4505 gallery-columns-3 gallery-size-thumbnail'><dl class='gallery-item'>\n\t\t\t<dt class='gallery-icon landscape'>\n\t\t\t\t<a href='https:\/\/www.padreydecano.com\/cms\/wp-content\/uploads\/2011\/10\/Manyas1.jpg' rel='shadowbox[sbalbum-4505];player=img;'><img loading=\"lazy\" decoding=\"async\" width=\"150\" height=\"150\" src=\"https:\/\/www.padreydecano.com\/cms\/wp-content\/uploads\/2011\/10\/Manyas1-150x150.jpg\" class=\"attachment-thumbnail size-thumbnail\" alt=\"\" srcset=\"https:\/\/www.padreydecano.com\/cms\/wp-content\/uploads\/2011\/10\/Manyas1-150x150.jpg 150w, https:\/\/www.padreydecano.com\/cms\/wp-content\/uploads\/2011\/10\/Manyas1-36x36.jpg 36w, https:\/\/www.padreydecano.com\/cms\/wp-content\/uploads\/2011\/10\/Manyas1-115x115.jpg 115w\" sizes=\"(max-width: 150px) 100vw, 150px\" \/><\/a>\n\t\t\t<\/dt><\/dl><dl class='gallery-item'>\n\t\t\t<dt class='gallery-icon landscape'>\n\t\t\t\t<a href='https:\/\/www.padreydecano.com\/cms\/wp-content\/uploads\/2011\/10\/Manyas2.jpg' rel='shadowbox[sbalbum-4505];player=img;'><img loading=\"lazy\" decoding=\"async\" width=\"150\" height=\"150\" src=\"https:\/\/www.padreydecano.com\/cms\/wp-content\/uploads\/2011\/10\/Manyas2-150x150.jpg\" class=\"attachment-thumbnail size-thumbnail\" alt=\"\" srcset=\"https:\/\/www.padreydecano.com\/cms\/wp-content\/uploads\/2011\/10\/Manyas2-150x150.jpg 150w, https:\/\/www.padreydecano.com\/cms\/wp-content\/uploads\/2011\/10\/Manyas2-36x36.jpg 36w, https:\/\/www.padreydecano.com\/cms\/wp-content\/uploads\/2011\/10\/Manyas2-115x115.jpg 115w\" sizes=\"(max-width: 150px) 100vw, 150px\" \/><\/a>\n\t\t\t<\/dt><\/dl><dl class='gallery-item'>\n\t\t\t<dt class='gallery-icon landscape'>\n\t\t\t\t<a href='https:\/\/www.padreydecano.com\/cms\/wp-content\/uploads\/2011\/10\/Manyas13.jpg' rel='shadowbox[sbalbum-4505];player=img;'><img loading=\"lazy\" decoding=\"async\" width=\"150\" height=\"150\" src=\"https:\/\/www.padreydecano.com\/cms\/wp-content\/uploads\/2011\/10\/Manyas13-150x150.jpg\" class=\"attachment-thumbnail size-thumbnail\" alt=\"\" srcset=\"https:\/\/www.padreydecano.com\/cms\/wp-content\/uploads\/2011\/10\/Manyas13-150x150.jpg 150w, https:\/\/www.padreydecano.com\/cms\/wp-content\/uploads\/2011\/10\/Manyas13-36x36.jpg 36w, https:\/\/www.padreydecano.com\/cms\/wp-content\/uploads\/2011\/10\/Manyas13-115x115.jpg 115w\" sizes=\"(max-width: 150px) 100vw, 150px\" \/><\/a>\n\t\t\t<\/dt><\/dl><br style=\"clear: both\" \/><dl class='gallery-item'>\n\t\t\t<dt class='gallery-icon portrait'>\n\t\t\t\t<a href='https:\/\/www.padreydecano.com\/cms\/wp-content\/uploads\/2011\/10\/Manyas3.jpg' rel='shadowbox[sbalbum-4505];player=img;'><img loading=\"lazy\" decoding=\"async\" width=\"150\" height=\"150\" src=\"https:\/\/www.padreydecano.com\/cms\/wp-content\/uploads\/2011\/10\/Manyas3-150x150.jpg\" class=\"attachment-thumbnail size-thumbnail\" alt=\"\" srcset=\"https:\/\/www.padreydecano.com\/cms\/wp-content\/uploads\/2011\/10\/Manyas3-150x150.jpg 150w, https:\/\/www.padreydecano.com\/cms\/wp-content\/uploads\/2011\/10\/Manyas3-36x36.jpg 36w, https:\/\/www.padreydecano.com\/cms\/wp-content\/uploads\/2011\/10\/Manyas3-115x115.jpg 115w\" sizes=\"(max-width: 150px) 100vw, 150px\" \/><\/a>\n\t\t\t<\/dt><\/dl><dl class='gallery-item'>\n\t\t\t<dt class='gallery-icon landscape'>\n\t\t\t\t<a href='https:\/\/www.padreydecano.com\/cms\/wp-content\/uploads\/2011\/10\/Manyas16.jpg' rel='shadowbox[sbalbum-4505];player=img;'><img loading=\"lazy\" decoding=\"async\" width=\"150\" height=\"150\" src=\"https:\/\/www.padreydecano.com\/cms\/wp-content\/uploads\/2011\/10\/Manyas16-150x150.jpg\" class=\"attachment-thumbnail size-thumbnail\" alt=\"\" srcset=\"https:\/\/www.padreydecano.com\/cms\/wp-content\/uploads\/2011\/10\/Manyas16-150x150.jpg 150w, https:\/\/www.padreydecano.com\/cms\/wp-content\/uploads\/2011\/10\/Manyas16-36x36.jpg 36w, https:\/\/www.padreydecano.com\/cms\/wp-content\/uploads\/2011\/10\/Manyas16-115x115.jpg 115w\" sizes=\"(max-width: 150px) 100vw, 150px\" \/><\/a>\n\t\t\t<\/dt><\/dl><dl class='gallery-item'>\n\t\t\t<dt class='gallery-icon landscape'>\n\t\t\t\t<a href='https:\/\/www.padreydecano.com\/cms\/wp-content\/uploads\/2011\/10\/Manyas4.jpg' rel='shadowbox[sbalbum-4505];player=img;'><img loading=\"lazy\" decoding=\"async\" width=\"150\" height=\"150\" src=\"https:\/\/www.padreydecano.com\/cms\/wp-content\/uploads\/2011\/10\/Manyas4-150x150.jpg\" class=\"attachment-thumbnail size-thumbnail\" alt=\"\" srcset=\"https:\/\/www.padreydecano.com\/cms\/wp-content\/uploads\/2011\/10\/Manyas4-150x150.jpg 150w, https:\/\/www.padreydecano.com\/cms\/wp-content\/uploads\/2011\/10\/Manyas4-36x36.jpg 36w, https:\/\/www.padreydecano.com\/cms\/wp-content\/uploads\/2011\/10\/Manyas4-115x115.jpg 115w\" sizes=\"(max-width: 150px) 100vw, 150px\" \/><\/a>\n\t\t\t<\/dt><\/dl><br style=\"clear: both\" \/><dl class='gallery-item'>\n\t\t\t<dt class='gallery-icon landscape'>\n\t\t\t\t<a href='https:\/\/www.padreydecano.com\/cms\/wp-content\/uploads\/2011\/10\/Manyas5.jpg' rel='shadowbox[sbalbum-4505];player=img;'><img loading=\"lazy\" decoding=\"async\" width=\"150\" height=\"150\" src=\"https:\/\/www.padreydecano.com\/cms\/wp-content\/uploads\/2011\/10\/Manyas5-150x150.jpg\" class=\"attachment-thumbnail size-thumbnail\" alt=\"\" srcset=\"https:\/\/www.padreydecano.com\/cms\/wp-content\/uploads\/2011\/10\/Manyas5-150x150.jpg 150w, https:\/\/www.padreydecano.com\/cms\/wp-content\/uploads\/2011\/10\/Manyas5-36x36.jpg 36w, https:\/\/www.padreydecano.com\/cms\/wp-content\/uploads\/2011\/10\/Manyas5-115x115.jpg 115w\" sizes=\"(max-width: 150px) 100vw, 150px\" \/><\/a>\n\t\t\t<\/dt><\/dl><dl class='gallery-item'>\n\t\t\t<dt class='gallery-icon landscape'>\n\t\t\t\t<a href='https:\/\/www.padreydecano.com\/cms\/wp-content\/uploads\/2011\/10\/Manyas6.jpg' rel='shadowbox[sbalbum-4505];player=img;'><img loading=\"lazy\" decoding=\"async\" width=\"150\" height=\"150\" src=\"https:\/\/www.padreydecano.com\/cms\/wp-content\/uploads\/2011\/10\/Manyas6-150x150.jpg\" class=\"attachment-thumbnail size-thumbnail\" alt=\"\" srcset=\"https:\/\/www.padreydecano.com\/cms\/wp-content\/uploads\/2011\/10\/Manyas6-150x150.jpg 150w, https:\/\/www.padreydecano.com\/cms\/wp-content\/uploads\/2011\/10\/Manyas6-36x36.jpg 36w, https:\/\/www.padreydecano.com\/cms\/wp-content\/uploads\/2011\/10\/Manyas6-115x115.jpg 115w\" sizes=\"(max-width: 150px) 100vw, 150px\" \/><\/a>\n\t\t\t<\/dt><\/dl><dl class='gallery-item'>\n\t\t\t<dt class='gallery-icon landscape'>\n\t\t\t\t<a href='https:\/\/www.padreydecano.com\/cms\/wp-content\/uploads\/2011\/10\/Manyas34.jpg' rel='shadowbox[sbalbum-4505];player=img;'><img loading=\"lazy\" decoding=\"async\" width=\"150\" height=\"150\" src=\"https:\/\/www.padreydecano.com\/cms\/wp-content\/uploads\/2011\/10\/Manyas34-150x150.jpg\" class=\"attachment-thumbnail size-thumbnail\" alt=\"\" srcset=\"https:\/\/www.padreydecano.com\/cms\/wp-content\/uploads\/2011\/10\/Manyas34-150x150.jpg 150w, https:\/\/www.padreydecano.com\/cms\/wp-content\/uploads\/2011\/10\/Manyas34-36x36.jpg 36w, https:\/\/www.padreydecano.com\/cms\/wp-content\/uploads\/2011\/10\/Manyas34-115x115.jpg 115w\" sizes=\"(max-width: 150px) 100vw, 150px\" \/><\/a>\n\t\t\t<\/dt><\/dl><br style=\"clear: both\" \/><dl class='gallery-item'>\n\t\t\t<dt class='gallery-icon landscape'>\n\t\t\t\t<a href='https:\/\/www.padreydecano.com\/cms\/wp-content\/uploads\/2011\/10\/Manyas7.jpg' rel='shadowbox[sbalbum-4505];player=img;'><img loading=\"lazy\" decoding=\"async\" width=\"150\" height=\"150\" src=\"https:\/\/www.padreydecano.com\/cms\/wp-content\/uploads\/2011\/10\/Manyas7-150x150.jpg\" class=\"attachment-thumbnail size-thumbnail\" alt=\"\" srcset=\"https:\/\/www.padreydecano.com\/cms\/wp-content\/uploads\/2011\/10\/Manyas7-150x150.jpg 150w, https:\/\/www.padreydecano.com\/cms\/wp-content\/uploads\/2011\/10\/Manyas7-36x36.jpg 36w, https:\/\/www.padreydecano.com\/cms\/wp-content\/uploads\/2011\/10\/Manyas7-115x115.jpg 115w\" sizes=\"(max-width: 150px) 100vw, 150px\" \/><\/a>\n\t\t\t<\/dt><\/dl><dl class='gallery-item'>\n\t\t\t<dt class='gallery-icon landscape'>\n\t\t\t\t<a href='https:\/\/www.padreydecano.com\/cms\/wp-content\/uploads\/2011\/10\/Manyas33.jpg' rel='shadowbox[sbalbum-4505];player=img;'><img loading=\"lazy\" decoding=\"async\" width=\"150\" height=\"150\" src=\"https:\/\/www.padreydecano.com\/cms\/wp-content\/uploads\/2011\/10\/Manyas33-150x150.jpg\" class=\"attachment-thumbnail size-thumbnail\" alt=\"\" srcset=\"https:\/\/www.padreydecano.com\/cms\/wp-content\/uploads\/2011\/10\/Manyas33-150x150.jpg 150w, https:\/\/www.padreydecano.com\/cms\/wp-content\/uploads\/2011\/10\/Manyas33-36x36.jpg 36w, https:\/\/www.padreydecano.com\/cms\/wp-content\/uploads\/2011\/10\/Manyas33-115x115.jpg 115w\" sizes=\"(max-width: 150px) 100vw, 150px\" \/><\/a>\n\t\t\t<\/dt><\/dl><dl class='gallery-item'>\n\t\t\t<dt class='gallery-icon landscape'>\n\t\t\t\t<a href='https:\/\/www.padreydecano.com\/cms\/wp-content\/uploads\/2011\/10\/Manyas24.jpg' rel='shadowbox[sbalbum-4505];player=img;'><img loading=\"lazy\" decoding=\"async\" width=\"150\" height=\"150\" src=\"https:\/\/www.padreydecano.com\/cms\/wp-content\/uploads\/2011\/10\/Manyas24-150x150.jpg\" class=\"attachment-thumbnail size-thumbnail\" alt=\"\" srcset=\"https:\/\/www.padreydecano.com\/cms\/wp-content\/uploads\/2011\/10\/Manyas24-150x150.jpg 150w, https:\/\/www.padreydecano.com\/cms\/wp-content\/uploads\/2011\/10\/Manyas24-36x36.jpg 36w, https:\/\/www.padreydecano.com\/cms\/wp-content\/uploads\/2011\/10\/Manyas24-115x115.jpg 115w\" sizes=\"(max-width: 150px) 100vw, 150px\" \/><\/a>\n\t\t\t<\/dt><\/dl><br style=\"clear: both\" \/><dl class='gallery-item'>\n\t\t\t<dt class='gallery-icon landscape'>\n\t\t\t\t<a href='https:\/\/www.padreydecano.com\/cms\/wp-content\/uploads\/2011\/10\/Manyas26.jpg' rel='shadowbox[sbalbum-4505];player=img;'><img loading=\"lazy\" decoding=\"async\" width=\"150\" height=\"150\" src=\"https:\/\/www.padreydecano.com\/cms\/wp-content\/uploads\/2011\/10\/Manyas26-150x150.jpg\" class=\"attachment-thumbnail size-thumbnail\" alt=\"\" srcset=\"https:\/\/www.padreydecano.com\/cms\/wp-content\/uploads\/2011\/10\/Manyas26-150x150.jpg 150w, https:\/\/www.padreydecano.com\/cms\/wp-content\/uploads\/2011\/10\/Manyas26-36x36.jpg 36w, https:\/\/www.padreydecano.com\/cms\/wp-content\/uploads\/2011\/10\/Manyas26-115x115.jpg 115w\" sizes=\"(max-width: 150px) 100vw, 150px\" \/><\/a>\n\t\t\t<\/dt><\/dl><dl class='gallery-item'>\n\t\t\t<dt class='gallery-icon landscape'>\n\t\t\t\t<a href='https:\/\/www.padreydecano.com\/cms\/wp-content\/uploads\/2011\/10\/Manyas29.jpg' rel='shadowbox[sbalbum-4505];player=img;'><img loading=\"lazy\" decoding=\"async\" width=\"150\" height=\"150\" src=\"https:\/\/www.padreydecano.com\/cms\/wp-content\/uploads\/2011\/10\/Manyas29-150x150.jpg\" class=\"attachment-thumbnail size-thumbnail\" alt=\"\" srcset=\"https:\/\/www.padreydecano.com\/cms\/wp-content\/uploads\/2011\/10\/Manyas29-150x150.jpg 150w, https:\/\/www.padreydecano.com\/cms\/wp-content\/uploads\/2011\/10\/Manyas29-36x36.jpg 36w, https:\/\/www.padreydecano.com\/cms\/wp-content\/uploads\/2011\/10\/Manyas29-115x115.jpg 115w\" sizes=\"(max-width: 150px) 100vw, 150px\" \/><\/a>\n\t\t\t<\/dt><\/dl><dl class='gallery-item'>\n\t\t\t<dt class='gallery-icon landscape'>\n\t\t\t\t<a href='https:\/\/www.padreydecano.com\/cms\/wp-content\/uploads\/2011\/10\/Manyas28.jpg' rel='shadowbox[sbalbum-4505];player=img;'><img loading=\"lazy\" decoding=\"async\" width=\"150\" height=\"150\" src=\"https:\/\/www.padreydecano.com\/cms\/wp-content\/uploads\/2011\/10\/Manyas28-150x150.jpg\" class=\"attachment-thumbnail size-thumbnail\" alt=\"\" srcset=\"https:\/\/www.padreydecano.com\/cms\/wp-content\/uploads\/2011\/10\/Manyas28-150x150.jpg 150w, https:\/\/www.padreydecano.com\/cms\/wp-content\/uploads\/2011\/10\/Manyas28-36x36.jpg 36w, https:\/\/www.padreydecano.com\/cms\/wp-content\/uploads\/2011\/10\/Manyas28-115x115.jpg 115w\" sizes=\"(max-width: 150px) 100vw, 150px\" \/><\/a>\n\t\t\t<\/dt><\/dl><br style=\"clear: both\" \/><dl class='gallery-item'>\n\t\t\t<dt class='gallery-icon landscape'>\n\t\t\t\t<a href='https:\/\/www.padreydecano.com\/cms\/wp-content\/uploads\/2011\/10\/Manyas30.jpg' rel='shadowbox[sbalbum-4505];player=img;'><img loading=\"lazy\" decoding=\"async\" width=\"150\" height=\"150\" src=\"https:\/\/www.padreydecano.com\/cms\/wp-content\/uploads\/2011\/10\/Manyas30-150x150.jpg\" class=\"attachment-thumbnail size-thumbnail\" alt=\"\" srcset=\"https:\/\/www.padreydecano.com\/cms\/wp-content\/uploads\/2011\/10\/Manyas30-150x150.jpg 150w, https:\/\/www.padreydecano.com\/cms\/wp-content\/uploads\/2011\/10\/Manyas30-36x36.jpg 36w, https:\/\/www.padreydecano.com\/cms\/wp-content\/uploads\/2011\/10\/Manyas30-115x115.jpg 115w\" sizes=\"(max-width: 150px) 100vw, 150px\" \/><\/a>\n\t\t\t<\/dt><\/dl><dl class='gallery-item'>\n\t\t\t<dt class='gallery-icon landscape'>\n\t\t\t\t<a href='https:\/\/www.padreydecano.com\/cms\/wp-content\/uploads\/2011\/10\/Manyas10.jpg' rel='shadowbox[sbalbum-4505];player=img;'><img loading=\"lazy\" decoding=\"async\" width=\"150\" height=\"150\" src=\"https:\/\/www.padreydecano.com\/cms\/wp-content\/uploads\/2011\/10\/Manyas10-150x150.jpg\" class=\"attachment-thumbnail size-thumbnail\" alt=\"\" srcset=\"https:\/\/www.padreydecano.com\/cms\/wp-content\/uploads\/2011\/10\/Manyas10-150x150.jpg 150w, https:\/\/www.padreydecano.com\/cms\/wp-content\/uploads\/2011\/10\/Manyas10-36x36.jpg 36w, https:\/\/www.padreydecano.com\/cms\/wp-content\/uploads\/2011\/10\/Manyas10-115x115.jpg 115w\" sizes=\"(max-width: 150px) 100vw, 150px\" \/><\/a>\n\t\t\t<\/dt><\/dl><dl class='gallery-item'>\n\t\t\t<dt class='gallery-icon landscape'>\n\t\t\t\t<a href='https:\/\/www.padreydecano.com\/cms\/wp-content\/uploads\/2011\/10\/Manyas15.jpg' rel='shadowbox[sbalbum-4505];player=img;'><img loading=\"lazy\" decoding=\"async\" width=\"150\" height=\"150\" src=\"https:\/\/www.padreydecano.com\/cms\/wp-content\/uploads\/2011\/10\/Manyas15-150x150.jpg\" class=\"attachment-thumbnail size-thumbnail\" alt=\"\" srcset=\"https:\/\/www.padreydecano.com\/cms\/wp-content\/uploads\/2011\/10\/Manyas15-150x150.jpg 150w, https:\/\/www.padreydecano.com\/cms\/wp-content\/uploads\/2011\/10\/Manyas15-36x36.jpg 36w, https:\/\/www.padreydecano.com\/cms\/wp-content\/uploads\/2011\/10\/Manyas15-115x115.jpg 115w\" sizes=\"(max-width: 150px) 100vw, 150px\" \/><\/a>\n\t\t\t<\/dt><\/dl><br style=\"clear: both\" \/><dl class='gallery-item'>\n\t\t\t<dt class='gallery-icon landscape'>\n\t\t\t\t<a href='https:\/\/www.padreydecano.com\/cms\/wp-content\/uploads\/2011\/10\/Manyas14.jpg' rel='shadowbox[sbalbum-4505];player=img;'><img loading=\"lazy\" decoding=\"async\" width=\"150\" height=\"150\" src=\"https:\/\/www.padreydecano.com\/cms\/wp-content\/uploads\/2011\/10\/Manyas14-150x150.jpg\" class=\"attachment-thumbnail size-thumbnail\" alt=\"\" srcset=\"https:\/\/www.padreydecano.com\/cms\/wp-content\/uploads\/2011\/10\/Manyas14-150x150.jpg 150w, https:\/\/www.padreydecano.com\/cms\/wp-content\/uploads\/2011\/10\/Manyas14-36x36.jpg 36w, https:\/\/www.padreydecano.com\/cms\/wp-content\/uploads\/2011\/10\/Manyas14-115x115.jpg 115w\" sizes=\"(max-width: 150px) 100vw, 150px\" \/><\/a>\n\t\t\t<\/dt><\/dl><dl class='gallery-item'>\n\t\t\t<dt class='gallery-icon landscape'>\n\t\t\t\t<a href='https:\/\/www.padreydecano.com\/cms\/wp-content\/uploads\/2011\/10\/Manyas18.jpg' rel='shadowbox[sbalbum-4505];player=img;'><img loading=\"lazy\" decoding=\"async\" width=\"150\" height=\"150\" src=\"https:\/\/www.padreydecano.com\/cms\/wp-content\/uploads\/2011\/10\/Manyas18-150x150.jpg\" class=\"attachment-thumbnail size-thumbnail\" alt=\"\" srcset=\"https:\/\/www.padreydecano.com\/cms\/wp-content\/uploads\/2011\/10\/Manyas18-150x150.jpg 150w, https:\/\/www.padreydecano.com\/cms\/wp-content\/uploads\/2011\/10\/Manyas18-36x36.jpg 36w, https:\/\/www.padreydecano.com\/cms\/wp-content\/uploads\/2011\/10\/Manyas18-115x115.jpg 115w\" sizes=\"(max-width: 150px) 100vw, 150px\" \/><\/a>\n\t\t\t<\/dt><\/dl><dl class='gallery-item'>\n\t\t\t<dt class='gallery-icon landscape'>\n\t\t\t\t<a href='https:\/\/www.padreydecano.com\/cms\/wp-content\/uploads\/2011\/10\/Manyas8.jpg' rel='shadowbox[sbalbum-4505];player=img;'><img loading=\"lazy\" decoding=\"async\" width=\"150\" height=\"150\" src=\"https:\/\/www.padreydecano.com\/cms\/wp-content\/uploads\/2011\/10\/Manyas8-150x150.jpg\" class=\"attachment-thumbnail size-thumbnail\" alt=\"\" srcset=\"https:\/\/www.padreydecano.com\/cms\/wp-content\/uploads\/2011\/10\/Manyas8-150x150.jpg 150w, https:\/\/www.padreydecano.com\/cms\/wp-content\/uploads\/2011\/10\/Manyas8-36x36.jpg 36w, https:\/\/www.padreydecano.com\/cms\/wp-content\/uploads\/2011\/10\/Manyas8-115x115.jpg 115w\" sizes=\"(max-width: 150px) 100vw, 150px\" \/><\/a>\n\t\t\t<\/dt><\/dl><br style=\"clear: both\" \/><dl class='gallery-item'>\n\t\t\t<dt class='gallery-icon landscape'>\n\t\t\t\t<a href='https:\/\/www.padreydecano.com\/cms\/wp-content\/uploads\/2011\/10\/Manyas11.jpg' rel='shadowbox[sbalbum-4505];player=img;'><img loading=\"lazy\" decoding=\"async\" width=\"150\" height=\"150\" src=\"https:\/\/www.padreydecano.com\/cms\/wp-content\/uploads\/2011\/10\/Manyas11-150x150.jpg\" class=\"attachment-thumbnail size-thumbnail\" alt=\"\" srcset=\"https:\/\/www.padreydecano.com\/cms\/wp-content\/uploads\/2011\/10\/Manyas11-150x150.jpg 150w, https:\/\/www.padreydecano.com\/cms\/wp-content\/uploads\/2011\/10\/Manyas11-36x36.jpg 36w, https:\/\/www.padreydecano.com\/cms\/wp-content\/uploads\/2011\/10\/Manyas11-115x115.jpg 115w\" sizes=\"(max-width: 150px) 100vw, 150px\" \/><\/a>\n\t\t\t<\/dt><\/dl><dl class='gallery-item'>\n\t\t\t<dt class='gallery-icon landscape'>\n\t\t\t\t<a href='https:\/\/www.padreydecano.com\/cms\/wp-content\/uploads\/2011\/10\/Manyas9.jpg' rel='shadowbox[sbalbum-4505];player=img;'><img loading=\"lazy\" decoding=\"async\" width=\"150\" height=\"150\" src=\"https:\/\/www.padreydecano.com\/cms\/wp-content\/uploads\/2011\/10\/Manyas9-150x150.jpg\" class=\"attachment-thumbnail size-thumbnail\" alt=\"\" srcset=\"https:\/\/www.padreydecano.com\/cms\/wp-content\/uploads\/2011\/10\/Manyas9-150x150.jpg 150w, https:\/\/www.padreydecano.com\/cms\/wp-content\/uploads\/2011\/10\/Manyas9-36x36.jpg 36w, https:\/\/www.padreydecano.com\/cms\/wp-content\/uploads\/2011\/10\/Manyas9-115x115.jpg 115w\" sizes=\"(max-width: 150px) 100vw, 150px\" \/><\/a>\n\t\t\t<\/dt><\/dl><dl class='gallery-item'>\n\t\t\t<dt class='gallery-icon landscape'>\n\t\t\t\t<a href='https:\/\/www.padreydecano.com\/cms\/wp-content\/uploads\/2011\/10\/Manyas17.jpg' rel='shadowbox[sbalbum-4505];player=img;'><img loading=\"lazy\" decoding=\"async\" width=\"150\" height=\"150\" src=\"https:\/\/www.padreydecano.com\/cms\/wp-content\/uploads\/2011\/10\/Manyas17-150x150.jpg\" class=\"attachment-thumbnail size-thumbnail\" alt=\"\" srcset=\"https:\/\/www.padreydecano.com\/cms\/wp-content\/uploads\/2011\/10\/Manyas17-150x150.jpg 150w, https:\/\/www.padreydecano.com\/cms\/wp-content\/uploads\/2011\/10\/Manyas17-36x36.jpg 36w, https:\/\/www.padreydecano.com\/cms\/wp-content\/uploads\/2011\/10\/Manyas17-115x115.jpg 115w\" sizes=\"(max-width: 150px) 100vw, 150px\" \/><\/a>\n\t\t\t<\/dt><\/dl><br style=\"clear: both\" \/><dl class='gallery-item'>\n\t\t\t<dt class='gallery-icon landscape'>\n\t\t\t\t<a href='https:\/\/www.padreydecano.com\/cms\/wp-content\/uploads\/2011\/10\/Manyas19.jpg' rel='shadowbox[sbalbum-4505];player=img;'><img loading=\"lazy\" decoding=\"async\" width=\"150\" height=\"150\" src=\"https:\/\/www.padreydecano.com\/cms\/wp-content\/uploads\/2011\/10\/Manyas19-150x150.jpg\" class=\"attachment-thumbnail size-thumbnail\" alt=\"\" srcset=\"https:\/\/www.padreydecano.com\/cms\/wp-content\/uploads\/2011\/10\/Manyas19-150x150.jpg 150w, https:\/\/www.padreydecano.com\/cms\/wp-content\/uploads\/2011\/10\/Manyas19-36x36.jpg 36w, https:\/\/www.padreydecano.com\/cms\/wp-content\/uploads\/2011\/10\/Manyas19-115x115.jpg 115w\" sizes=\"(max-width: 150px) 100vw, 150px\" \/><\/a>\n\t\t\t<\/dt><\/dl><dl class='gallery-item'>\n\t\t\t<dt class='gallery-icon landscape'>\n\t\t\t\t<a href='https:\/\/www.padreydecano.com\/cms\/wp-content\/uploads\/2011\/10\/Manyas12.jpg' rel='shadowbox[sbalbum-4505];player=img;'><img loading=\"lazy\" decoding=\"async\" width=\"150\" height=\"150\" src=\"https:\/\/www.padreydecano.com\/cms\/wp-content\/uploads\/2011\/10\/Manyas12-150x150.jpg\" class=\"attachment-thumbnail size-thumbnail\" alt=\"\" srcset=\"https:\/\/www.padreydecano.com\/cms\/wp-content\/uploads\/2011\/10\/Manyas12-150x150.jpg 150w, https:\/\/www.padreydecano.com\/cms\/wp-content\/uploads\/2011\/10\/Manyas12-36x36.jpg 36w, https:\/\/www.padreydecano.com\/cms\/wp-content\/uploads\/2011\/10\/Manyas12-115x115.jpg 115w\" sizes=\"(max-width: 150px) 100vw, 150px\" \/><\/a>\n\t\t\t<\/dt><\/dl><dl class='gallery-item'>\n\t\t\t<dt class='gallery-icon landscape'>\n\t\t\t\t<a href='https:\/\/www.padreydecano.com\/cms\/wp-content\/uploads\/2011\/10\/Manyas32.jpg' rel='shadowbox[sbalbum-4505];player=img;'><img loading=\"lazy\" decoding=\"async\" width=\"150\" height=\"150\" src=\"https:\/\/www.padreydecano.com\/cms\/wp-content\/uploads\/2011\/10\/Manyas32-150x150.jpg\" class=\"attachment-thumbnail size-thumbnail\" alt=\"\" srcset=\"https:\/\/www.padreydecano.com\/cms\/wp-content\/uploads\/2011\/10\/Manyas32-150x150.jpg 150w, https:\/\/www.padreydecano.com\/cms\/wp-content\/uploads\/2011\/10\/Manyas32-36x36.jpg 36w, https:\/\/www.padreydecano.com\/cms\/wp-content\/uploads\/2011\/10\/Manyas32-115x115.jpg 115w\" sizes=\"(max-width: 150px) 100vw, 150px\" \/><\/a>\n\t\t\t<\/dt><\/dl><br style=\"clear: both\" \/>\n\t\t<\/div>\n\n","protected":false},"excerpt":{"rendered":"<p>Se hizo el lanzamiento de la pel\u00edcula dirigida por Andr\u00e9s Benvenuto y producida por Andr\u00e9s Rubino, y como no puede ser de otra manera, Padre y Decano estuvo en la cobertura del evento. Se emitieron dos funciones en el cine Alfabeta de Pocitos, ante un gran marco de p\u00fablico. Los protagonistas de la pel\u00edcula, los [&hellip;]<\/p>\n","protected":false},"author":13,"featured_media":0,"comment_status":"open","ping_status":"closed","sticky":false,"template":"","format":"standard","meta":{"footnotes":""},"categories":[1],"tags":[54],"yoast_head":"<!-- This site is optimized with the Yoast SEO plugin v23.2 - https:\/\/yoast.com\/wordpress\/plugins\/seo\/ -->\n<title>Avant Premiere de &quot;Manyas: La Pel\u00edcula&quot; - Padre y Decano - El Sitio del Pueblo<\/title>\n<meta name=\"robots\" content=\"index, follow, max-snippet:-1, max-image-preview:large, max-video-preview:-1\" \/>\n<link rel=\"canonical\" href=\"https:\/\/www.padreydecano.com\/cms\/noticias\/avant-premiere-de-manyas-la-pelicula\/\" \/>\n<meta property=\"og:locale\" content=\"es_ES\" \/>\n<meta property=\"og:type\" content=\"article\" \/>\n<meta property=\"og:title\" content=\"Avant Premiere de &quot;Manyas: La Pel\u00edcula&quot; - Padre y Decano - El Sitio del Pueblo\" \/>\n<meta property=\"og:description\" content=\"Se hizo el lanzamiento de la pel\u00edcula dirigida por Andr\u00e9s Benvenuto y producida por Andr\u00e9s Rubino, y como no puede ser de otra manera, Padre y Decano estuvo en la cobertura del evento. Se emitieron dos funciones en el cine Alfabeta de Pocitos, ante un gran marco de p\u00fablico. Los protagonistas de la pel\u00edcula, los [&hellip;]\" \/>\n<meta property=\"og:url\" content=\"https:\/\/www.padreydecano.com\/cms\/noticias\/avant-premiere-de-manyas-la-pelicula\/\" \/>\n<meta property=\"og:site_name\" content=\"Padre y Decano - El Sitio del Pueblo\" \/>\n<meta property=\"article:published_time\" content=\"2011-10-05T01:35:26+00:00\" \/>\n<meta property=\"article:modified_time\" content=\"2011-10-05T13:50:43+00:00\" \/>\n<meta property=\"og:image\" content=\"https:\/\/www.padreydecano.com\/cms\/wp-content\/uploads\/2011\/10\/Manyas1-150x150.jpg\" \/>\n<meta name=\"author\" content=\"Moderador\" \/>\n<meta name=\"twitter:card\" content=\"summary_large_image\" \/>\n<meta name=\"twitter:label1\" content=\"Escrito por\" \/>\n\t<meta name=\"twitter:data1\" content=\"Moderador\" \/>\n\t<meta name=\"twitter:label2\" content=\"Tiempo de lectura\" \/>\n\t<meta name=\"twitter:data2\" content=\"1 minuto\" \/>\n<script type=\"application\/ld+json\" class=\"yoast-schema-graph\">{\"@context\":\"https:\/\/schema.org\",\"@graph\":[{\"@type\":\"Article\",\"@id\":\"https:\/\/www.padreydecano.com\/cms\/noticias\/avant-premiere-de-manyas-la-pelicula\/#article\",\"isPartOf\":{\"@id\":\"https:\/\/www.padreydecano.com\/cms\/noticias\/avant-premiere-de-manyas-la-pelicula\/\"},\"author\":{\"name\":\"Moderador\",\"@id\":\"https:\/\/www.padreydecano.com\/cms\/#\/schema\/person\/d93e9e537230ae052c194251d9a1def2\"},\"headline\":\"Avant Premiere de \u00abManyas: La Pel\u00edcula\u00bb\",\"datePublished\":\"2011-10-05T01:35:26+00:00\",\"dateModified\":\"2011-10-05T13:50:43+00:00\",\"mainEntityOfPage\":{\"@id\":\"https:\/\/www.padreydecano.com\/cms\/noticias\/avant-premiere-de-manyas-la-pelicula\/\"},\"wordCount\":250,\"commentCount\":11,\"publisher\":{\"@id\":\"https:\/\/www.padreydecano.com\/cms\/#organization\"},\"keywords\":[\"Manyas: La pel\u00edcula\"],\"articleSection\":[\"Noticias\"],\"inLanguage\":\"es\",\"potentialAction\":[{\"@type\":\"CommentAction\",\"name\":\"Comment\",\"target\":[\"https:\/\/www.padreydecano.com\/cms\/noticias\/avant-premiere-de-manyas-la-pelicula\/#respond\"]}]},{\"@type\":\"WebPage\",\"@id\":\"https:\/\/www.padreydecano.com\/cms\/noticias\/avant-premiere-de-manyas-la-pelicula\/\",\"url\":\"https:\/\/www.padreydecano.com\/cms\/noticias\/avant-premiere-de-manyas-la-pelicula\/\",\"name\":\"Avant Premiere de \\\"Manyas: La Pel\u00edcula\\\" - Padre y Decano - El Sitio del Pueblo\",\"isPartOf\":{\"@id\":\"https:\/\/www.padreydecano.com\/cms\/#website\"},\"datePublished\":\"2011-10-05T01:35:26+00:00\",\"dateModified\":\"2011-10-05T13:50:43+00:00\",\"breadcrumb\":{\"@id\":\"https:\/\/www.padreydecano.com\/cms\/noticias\/avant-premiere-de-manyas-la-pelicula\/#breadcrumb\"},\"inLanguage\":\"es\",\"potentialAction\":[{\"@type\":\"ReadAction\",\"target\":[\"https:\/\/www.padreydecano.com\/cms\/noticias\/avant-premiere-de-manyas-la-pelicula\/\"]}]},{\"@type\":\"BreadcrumbList\",\"@id\":\"https:\/\/www.padreydecano.com\/cms\/noticias\/avant-premiere-de-manyas-la-pelicula\/#breadcrumb\",\"itemListElement\":[{\"@type\":\"ListItem\",\"position\":1,\"name\":\"Portada\",\"item\":\"https:\/\/www.padreydecano.com\/cms\/\"},{\"@type\":\"ListItem\",\"position\":2,\"name\":\"Avant Premiere de \u00abManyas: La Pel\u00edcula\u00bb\"}]},{\"@type\":\"WebSite\",\"@id\":\"https:\/\/www.padreydecano.com\/cms\/#website\",\"url\":\"https:\/\/www.padreydecano.com\/cms\/\",\"name\":\"Padre y Decano - El Sitio del Pueblo\",\"description\":\"Club Atl\u00e9tico Pe\u00f1arol\",\"publisher\":{\"@id\":\"https:\/\/www.padreydecano.com\/cms\/#organization\"},\"potentialAction\":[{\"@type\":\"SearchAction\",\"target\":{\"@type\":\"EntryPoint\",\"urlTemplate\":\"https:\/\/www.padreydecano.com\/cms\/?s={search_term_string}\"},\"query-input\":\"required name=search_term_string\"}],\"inLanguage\":\"es\"},{\"@type\":\"Organization\",\"@id\":\"https:\/\/www.padreydecano.com\/cms\/#organization\",\"name\":\"Padre y Decano\",\"url\":\"https:\/\/www.padreydecano.com\/cms\/\",\"logo\":{\"@type\":\"ImageObject\",\"inLanguage\":\"es\",\"@id\":\"https:\/\/www.padreydecano.com\/cms\/#\/schema\/logo\/image\/\",\"url\":\"https:\/\/www.padreydecano.com\/cms\/wp-content\/uploads\/2022\/01\/avatar-square.png\",\"contentUrl\":\"https:\/\/www.padreydecano.com\/cms\/wp-content\/uploads\/2022\/01\/avatar-square.png\",\"width\":1500,\"height\":1500,\"caption\":\"Padre y Decano\"},\"image\":{\"@id\":\"https:\/\/www.padreydecano.com\/cms\/#\/schema\/logo\/image\/\"}},{\"@type\":\"Person\",\"@id\":\"https:\/\/www.padreydecano.com\/cms\/#\/schema\/person\/d93e9e537230ae052c194251d9a1def2\",\"name\":\"Moderador\",\"image\":{\"@type\":\"ImageObject\",\"inLanguage\":\"es\",\"@id\":\"https:\/\/www.padreydecano.com\/cms\/#\/schema\/person\/image\/\",\"url\":\"https:\/\/secure.gravatar.com\/avatar\/2587727bf8a53bd3da4ec49f01bea66e?s=96&d=https%3A%2F%2Fpadreydecano.com%2Fcms%2Fwp-content%2Fthemes%2Fpyd-theme%2Fimg%2Fdefault-avatar.png&r=g\",\"contentUrl\":\"https:\/\/secure.gravatar.com\/avatar\/2587727bf8a53bd3da4ec49f01bea66e?s=96&d=https%3A%2F%2Fpadreydecano.com%2Fcms%2Fwp-content%2Fthemes%2Fpyd-theme%2Fimg%2Fdefault-avatar.png&r=g\",\"caption\":\"Moderador\"}}]}<\/script>\n<!-- \/ Yoast SEO plugin. -->","yoast_head_json":{"title":"Avant Premiere de \"Manyas: La Pel\u00edcula\" - Padre y Decano - El Sitio del Pueblo","robots":{"index":"index","follow":"follow","max-snippet":"max-snippet:-1","max-image-preview":"max-image-preview:large","max-video-preview":"max-video-preview:-1"},"canonical":"https:\/\/www.padreydecano.com\/cms\/noticias\/avant-premiere-de-manyas-la-pelicula\/","og_locale":"es_ES","og_type":"article","og_title":"Avant Premiere de \"Manyas: La Pel\u00edcula\" - Padre y Decano - El Sitio del Pueblo","og_description":"Se hizo el lanzamiento de la pel\u00edcula dirigida por Andr\u00e9s Benvenuto y producida por Andr\u00e9s Rubino, y como no puede ser de otra manera, Padre y Decano estuvo en la cobertura del evento. Se emitieron dos funciones en el cine Alfabeta de Pocitos, ante un gran marco de p\u00fablico. Los protagonistas de la pel\u00edcula, los [&hellip;]","og_url":"https:\/\/www.padreydecano.com\/cms\/noticias\/avant-premiere-de-manyas-la-pelicula\/","og_site_name":"Padre y Decano - El Sitio del Pueblo","article_published_time":"2011-10-05T01:35:26+00:00","article_modified_time":"2011-10-05T13:50:43+00:00","og_image":[{"url":"https:\/\/www.padreydecano.com\/cms\/wp-content\/uploads\/2011\/10\/Manyas1-150x150.jpg"}],"author":"Moderador","twitter_card":"summary_large_image","twitter_misc":{"Escrito por":"Moderador","Tiempo de lectura":"1 minuto"},"schema":{"@context":"https:\/\/schema.org","@graph":[{"@type":"Article","@id":"https:\/\/www.padreydecano.com\/cms\/noticias\/avant-premiere-de-manyas-la-pelicula\/#article","isPartOf":{"@id":"https:\/\/www.padreydecano.com\/cms\/noticias\/avant-premiere-de-manyas-la-pelicula\/"},"author":{"name":"Moderador","@id":"https:\/\/www.padreydecano.com\/cms\/#\/schema\/person\/d93e9e537230ae052c194251d9a1def2"},"headline":"Avant Premiere de \u00abManyas: La Pel\u00edcula\u00bb","datePublished":"2011-10-05T01:35:26+00:00","dateModified":"2011-10-05T13:50:43+00:00","mainEntityOfPage":{"@id":"https:\/\/www.padreydecano.com\/cms\/noticias\/avant-premiere-de-manyas-la-pelicula\/"},"wordCount":250,"commentCount":11,"publisher":{"@id":"https:\/\/www.padreydecano.com\/cms\/#organization"},"keywords":["Manyas: La pel\u00edcula"],"articleSection":["Noticias"],"inLanguage":"es","potentialAction":[{"@type":"CommentAction","name":"Comment","target":["https:\/\/www.padreydecano.com\/cms\/noticias\/avant-premiere-de-manyas-la-pelicula\/#respond"]}]},{"@type":"WebPage","@id":"https:\/\/www.padreydecano.com\/cms\/noticias\/avant-premiere-de-manyas-la-pelicula\/","url":"https:\/\/www.padreydecano.com\/cms\/noticias\/avant-premiere-de-manyas-la-pelicula\/","name":"Avant Premiere de \"Manyas: La Pel\u00edcula\" - Padre y Decano - El Sitio del Pueblo","isPartOf":{"@id":"https:\/\/www.padreydecano.com\/cms\/#website"},"datePublished":"2011-10-05T01:35:26+00:00","dateModified":"2011-10-05T13:50:43+00:00","breadcrumb":{"@id":"https:\/\/www.padreydecano.com\/cms\/noticias\/avant-premiere-de-manyas-la-pelicula\/#breadcrumb"},"inLanguage":"es","potentialAction":[{"@type":"ReadAction","target":["https:\/\/www.padreydecano.com\/cms\/noticias\/avant-premiere-de-manyas-la-pelicula\/"]}]},{"@type":"BreadcrumbList","@id":"https:\/\/www.padreydecano.com\/cms\/noticias\/avant-premiere-de-manyas-la-pelicula\/#breadcrumb","itemListElement":[{"@type":"ListItem","position":1,"name":"Portada","item":"https:\/\/www.padreydecano.com\/cms\/"},{"@type":"ListItem","position":2,"name":"Avant Premiere de \u00abManyas: La Pel\u00edcula\u00bb"}]},{"@type":"WebSite","@id":"https:\/\/www.padreydecano.com\/cms\/#website","url":"https:\/\/www.padreydecano.com\/cms\/","name":"Padre y Decano - El Sitio del Pueblo","description":"Club Atl\u00e9tico Pe\u00f1arol","publisher":{"@id":"https:\/\/www.padreydecano.com\/cms\/#organization"},"potentialAction":[{"@type":"SearchAction","target":{"@type":"EntryPoint","urlTemplate":"https:\/\/www.padreydecano.com\/cms\/?s={search_term_string}"},"query-input":"required name=search_term_string"}],"inLanguage":"es"},{"@type":"Organization","@id":"https:\/\/www.padreydecano.com\/cms\/#organization","name":"Padre y Decano","url":"https:\/\/www.padreydecano.com\/cms\/","logo":{"@type":"ImageObject","inLanguage":"es","@id":"https:\/\/www.padreydecano.com\/cms\/#\/schema\/logo\/image\/","url":"https:\/\/www.padreydecano.com\/cms\/wp-content\/uploads\/2022\/01\/avatar-square.png","contentUrl":"https:\/\/www.padreydecano.com\/cms\/wp-content\/uploads\/2022\/01\/avatar-square.png","width":1500,"height":1500,"caption":"Padre y Decano"},"image":{"@id":"https:\/\/www.padreydecano.com\/cms\/#\/schema\/logo\/image\/"}},{"@type":"Person","@id":"https:\/\/www.padreydecano.com\/cms\/#\/schema\/person\/d93e9e537230ae052c194251d9a1def2","name":"Moderador","image":{"@type":"ImageObject","inLanguage":"es","@id":"https:\/\/www.padreydecano.com\/cms\/#\/schema\/person\/image\/","url":"https:\/\/secure.gravatar.com\/avatar\/2587727bf8a53bd3da4ec49f01bea66e?s=96&d=https%3A%2F%2Fpadreydecano.com%2Fcms%2Fwp-content%2Fthemes%2Fpyd-theme%2Fimg%2Fdefault-avatar.png&r=g","contentUrl":"https:\/\/secure.gravatar.com\/avatar\/2587727bf8a53bd3da4ec49f01bea66e?s=96&d=https%3A%2F%2Fpadreydecano.com%2Fcms%2Fwp-content%2Fthemes%2Fpyd-theme%2Fimg%2Fdefault-avatar.png&r=g","caption":"Moderador"}}]}},"_links":{"self":[{"href":"https:\/\/www.padreydecano.com\/cms\/wp-json\/wp\/v2\/posts\/4505"}],"collection":[{"href":"https:\/\/www.padreydecano.com\/cms\/wp-json\/wp\/v2\/posts"}],"about":[{"href":"https:\/\/www.padreydecano.com\/cms\/wp-json\/wp\/v2\/types\/post"}],"author":[{"embeddable":true,"href":"https:\/\/www.padreydecano.com\/cms\/wp-json\/wp\/v2\/users\/13"}],"replies":[{"embeddable":true,"href":"https:\/\/www.padreydecano.com\/cms\/wp-json\/wp\/v2\/comments?post=4505"}],"version-history":[{"count":0,"href":"https:\/\/www.padreydecano.com\/cms\/wp-json\/wp\/v2\/posts\/4505\/revisions"}],"wp:attachment":[{"href":"https:\/\/www.padreydecano.com\/cms\/wp-json\/wp\/v2\/media?parent=4505"}],"wp:term":[{"taxonomy":"category","embeddable":true,"href":"https:\/\/www.padreydecano.com\/cms\/wp-json\/wp\/v2\/categories?post=4505"},{"taxonomy":"post_tag","embeddable":true,"href":"https:\/\/www.padreydecano.com\/cms\/wp-json\/wp\/v2\/tags?post=4505"}],"curies":[{"name":"wp","href":"https:\/\/api.w.org\/{rel}","templated":true}]}}