{"id":45043,"date":"2014-02-24T19:00:14","date_gmt":"2014-02-24T21:00:14","guid":{"rendered":"http:\/\/www.padreydecano.com\/cms\/?p=45043"},"modified":"2014-02-24T19:00:14","modified_gmt":"2014-02-24T21:00:14","slug":"pydradio-hablo-con-el-preparador-fisico-de-penarol","status":"publish","type":"post","link":"https:\/\/www.padreydecano.com\/cms\/entrevistas\/pydradio-hablo-con-el-preparador-fisico-de-penarol\/","title":{"rendered":"#PYDRadio habl\u00f3 con el Preparador F\u00edsico de Pe\u00f1arol"},"content":{"rendered":"<p style=\"text-align: justify;\">Padre y Decano Radio entrevist\u00f3 a Sebasti\u00e1n Avelino, preparador f\u00edsico del cuerpo t\u00e9cnico de Jorge Fossati, el viernes por la noche (antes de disputarse el partido ante Racing). El PF habl\u00f3 sobre los trabajos que se vienen realizando, metodolog\u00edas, y el cuidado que deben tener los jugadores. Escuch\u00e1 la entrevista con Avelino ac\u00e1:<\/p>\n<div align=\"center\">\n<table class=\"video\">\n<tbody>\n<tr>\n<td><iframe loading=\"lazy\" src=\"\/\/www.youtube.com\/embed\/83_ePj-vUhs?wmode=transparent\" height=\"315\" width=\"420\" allowfullscreen=\"\" frameborder=\"0\"><\/iframe><\/td>\n<\/tr>\n<\/tbody>\n<\/table>\n<\/div>\n","protected":false},"excerpt":{"rendered":"<p>Padre y Decano Radio entrevist\u00f3 a Sebasti\u00e1n Avelino, preparador f\u00edsico del cuerpo t\u00e9cnico de Jorge Fossati, el viernes por la noche (antes de disputarse el partido ante Racing). El PF habl\u00f3 sobre los trabajos que se vienen realizando, metodolog\u00edas, y el cuidado que deben tener los jugadores. Escuch\u00e1 la entrevista con Avelino ac\u00e1:<\/p>\n","protected":false},"author":13,"featured_media":45044,"comment_status":"open","ping_status":"closed","sticky":false,"template":"","format":"standard","meta":{"footnotes":""},"categories":[30,196],"tags":[],"yoast_head":"<!-- This site is optimized with the Yoast SEO plugin v23.2 - https:\/\/yoast.com\/wordpress\/plugins\/seo\/ -->\n<title>#PYDRadio habl\u00f3 con el Preparador F\u00edsico de Pe\u00f1arol - Padre y Decano - El Sitio del Pueblo<\/title>\n<meta name=\"robots\" content=\"index, follow, max-snippet:-1, max-image-preview:large, max-video-preview:-1\" \/>\n<link rel=\"canonical\" href=\"https:\/\/www.padreydecano.com\/cms\/entrevistas\/pydradio-hablo-con-el-preparador-fisico-de-penarol\/\" \/>\n<meta property=\"og:locale\" content=\"es_ES\" \/>\n<meta property=\"og:type\" content=\"article\" \/>\n<meta property=\"og:title\" content=\"#PYDRadio habl\u00f3 con el Preparador F\u00edsico de Pe\u00f1arol - Padre y Decano - El Sitio del Pueblo\" \/>\n<meta property=\"og:description\" content=\"Padre y Decano Radio entrevist\u00f3 a Sebasti\u00e1n Avelino, preparador f\u00edsico del cuerpo t\u00e9cnico de Jorge Fossati, el viernes por la noche (antes de disputarse el partido ante Racing). El PF habl\u00f3 sobre los trabajos que se vienen realizando, metodolog\u00edas, y el cuidado que deben tener los jugadores. Escuch\u00e1 la entrevista con Avelino ac\u00e1:\" \/>\n<meta property=\"og:url\" content=\"https:\/\/www.padreydecano.com\/cms\/entrevistas\/pydradio-hablo-con-el-preparador-fisico-de-penarol\/\" \/>\n<meta property=\"og:site_name\" content=\"Padre y Decano - El Sitio del Pueblo\" \/>\n<meta property=\"article:published_time\" content=\"2014-02-24T21:00:14+00:00\" \/>\n<meta property=\"og:image\" content=\"https:\/\/www.padreydecano.com\/cms\/wp-content\/uploads\/2014\/02\/avelino-chica.jpg\" \/>\n\t<meta property=\"og:image:width\" content=\"258\" \/>\n\t<meta property=\"og:image:height\" content=\"202\" \/>\n\t<meta property=\"og:image:type\" content=\"image\/jpeg\" \/>\n<meta name=\"author\" content=\"Moderador\" \/>\n<meta name=\"twitter:card\" content=\"summary_large_image\" \/>\n<meta name=\"twitter:label1\" content=\"Escrito por\" \/>\n\t<meta name=\"twitter:data1\" content=\"Moderador\" \/>\n<script type=\"application\/ld+json\" class=\"yoast-schema-graph\">{\"@context\":\"https:\/\/schema.org\",\"@graph\":[{\"@type\":\"Article\",\"@id\":\"https:\/\/www.padreydecano.com\/cms\/entrevistas\/pydradio-hablo-con-el-preparador-fisico-de-penarol\/#article\",\"isPartOf\":{\"@id\":\"https:\/\/www.padreydecano.com\/cms\/entrevistas\/pydradio-hablo-con-el-preparador-fisico-de-penarol\/\"},\"author\":{\"name\":\"Moderador\",\"@id\":\"https:\/\/www.padreydecano.com\/cms\/#\/schema\/person\/d93e9e537230ae052c194251d9a1def2\"},\"headline\":\"#PYDRadio habl\u00f3 con el Preparador F\u00edsico de Pe\u00f1arol\",\"datePublished\":\"2014-02-24T21:00:14+00:00\",\"dateModified\":\"2014-02-24T21:00:14+00:00\",\"mainEntityOfPage\":{\"@id\":\"https:\/\/www.padreydecano.com\/cms\/entrevistas\/pydradio-hablo-con-el-preparador-fisico-de-penarol\/\"},\"wordCount\":67,\"commentCount\":5,\"publisher\":{\"@id\":\"https:\/\/www.padreydecano.com\/cms\/#organization\"},\"image\":{\"@id\":\"https:\/\/www.padreydecano.com\/cms\/entrevistas\/pydradio-hablo-con-el-preparador-fisico-de-penarol\/#primaryimage\"},\"thumbnailUrl\":\"https:\/\/www.padreydecano.com\/cms\/wp-content\/uploads\/2014\/02\/avelino-chica.jpg\",\"articleSection\":[\"Entrevistas\",\"PYD Radio\"],\"inLanguage\":\"es\",\"potentialAction\":[{\"@type\":\"CommentAction\",\"name\":\"Comment\",\"target\":[\"https:\/\/www.padreydecano.com\/cms\/entrevistas\/pydradio-hablo-con-el-preparador-fisico-de-penarol\/#respond\"]}]},{\"@type\":\"WebPage\",\"@id\":\"https:\/\/www.padreydecano.com\/cms\/entrevistas\/pydradio-hablo-con-el-preparador-fisico-de-penarol\/\",\"url\":\"https:\/\/www.padreydecano.com\/cms\/entrevistas\/pydradio-hablo-con-el-preparador-fisico-de-penarol\/\",\"name\":\"#PYDRadio habl\u00f3 con el Preparador F\u00edsico de Pe\u00f1arol - Padre y Decano - El Sitio del Pueblo\",\"isPartOf\":{\"@id\":\"https:\/\/www.padreydecano.com\/cms\/#website\"},\"primaryImageOfPage\":{\"@id\":\"https:\/\/www.padreydecano.com\/cms\/entrevistas\/pydradio-hablo-con-el-preparador-fisico-de-penarol\/#primaryimage\"},\"image\":{\"@id\":\"https:\/\/www.padreydecano.com\/cms\/entrevistas\/pydradio-hablo-con-el-preparador-fisico-de-penarol\/#primaryimage\"},\"thumbnailUrl\":\"https:\/\/www.padreydecano.com\/cms\/wp-content\/uploads\/2014\/02\/avelino-chica.jpg\",\"datePublished\":\"2014-02-24T21:00:14+00:00\",\"dateModified\":\"2014-02-24T21:00:14+00:00\",\"breadcrumb\":{\"@id\":\"https:\/\/www.padreydecano.com\/cms\/entrevistas\/pydradio-hablo-con-el-preparador-fisico-de-penarol\/#breadcrumb\"},\"inLanguage\":\"es\",\"potentialAction\":[{\"@type\":\"ReadAction\",\"target\":[\"https:\/\/www.padreydecano.com\/cms\/entrevistas\/pydradio-hablo-con-el-preparador-fisico-de-penarol\/\"]}]},{\"@type\":\"ImageObject\",\"inLanguage\":\"es\",\"@id\":\"https:\/\/www.padreydecano.com\/cms\/entrevistas\/pydradio-hablo-con-el-preparador-fisico-de-penarol\/#primaryimage\",\"url\":\"https:\/\/www.padreydecano.com\/cms\/wp-content\/uploads\/2014\/02\/avelino-chica.jpg\",\"contentUrl\":\"https:\/\/www.padreydecano.com\/cms\/wp-content\/uploads\/2014\/02\/avelino-chica.jpg\",\"width\":258,\"height\":202},{\"@type\":\"BreadcrumbList\",\"@id\":\"https:\/\/www.padreydecano.com\/cms\/entrevistas\/pydradio-hablo-con-el-preparador-fisico-de-penarol\/#breadcrumb\",\"itemListElement\":[{\"@type\":\"ListItem\",\"position\":1,\"name\":\"Portada\",\"item\":\"https:\/\/www.padreydecano.com\/cms\/\"},{\"@type\":\"ListItem\",\"position\":2,\"name\":\"#PYDRadio habl\u00f3 con el Preparador F\u00edsico de Pe\u00f1arol\"}]},{\"@type\":\"WebSite\",\"@id\":\"https:\/\/www.padreydecano.com\/cms\/#website\",\"url\":\"https:\/\/www.padreydecano.com\/cms\/\",\"name\":\"Padre y Decano - El Sitio del Pueblo\",\"description\":\"Club Atl\u00e9tico Pe\u00f1arol\",\"publisher\":{\"@id\":\"https:\/\/www.padreydecano.com\/cms\/#organization\"},\"potentialAction\":[{\"@type\":\"SearchAction\",\"target\":{\"@type\":\"EntryPoint\",\"urlTemplate\":\"https:\/\/www.padreydecano.com\/cms\/?s={search_term_string}\"},\"query-input\":\"required name=search_term_string\"}],\"inLanguage\":\"es\"},{\"@type\":\"Organization\",\"@id\":\"https:\/\/www.padreydecano.com\/cms\/#organization\",\"name\":\"Padre y Decano\",\"url\":\"https:\/\/www.padreydecano.com\/cms\/\",\"logo\":{\"@type\":\"ImageObject\",\"inLanguage\":\"es\",\"@id\":\"https:\/\/www.padreydecano.com\/cms\/#\/schema\/logo\/image\/\",\"url\":\"https:\/\/www.padreydecano.com\/cms\/wp-content\/uploads\/2022\/01\/avatar-square.png\",\"contentUrl\":\"https:\/\/www.padreydecano.com\/cms\/wp-content\/uploads\/2022\/01\/avatar-square.png\",\"width\":1500,\"height\":1500,\"caption\":\"Padre y Decano\"},\"image\":{\"@id\":\"https:\/\/www.padreydecano.com\/cms\/#\/schema\/logo\/image\/\"}},{\"@type\":\"Person\",\"@id\":\"https:\/\/www.padreydecano.com\/cms\/#\/schema\/person\/d93e9e537230ae052c194251d9a1def2\",\"name\":\"Moderador\",\"image\":{\"@type\":\"ImageObject\",\"inLanguage\":\"es\",\"@id\":\"https:\/\/www.padreydecano.com\/cms\/#\/schema\/person\/image\/\",\"url\":\"https:\/\/secure.gravatar.com\/avatar\/2587727bf8a53bd3da4ec49f01bea66e?s=96&d=https%3A%2F%2Fpadreydecano.com%2Fcms%2Fwp-content%2Fthemes%2Fpyd-theme%2Fimg%2Fdefault-avatar.png&r=g\",\"contentUrl\":\"https:\/\/secure.gravatar.com\/avatar\/2587727bf8a53bd3da4ec49f01bea66e?s=96&d=https%3A%2F%2Fpadreydecano.com%2Fcms%2Fwp-content%2Fthemes%2Fpyd-theme%2Fimg%2Fdefault-avatar.png&r=g\",\"caption\":\"Moderador\"}}]}<\/script>\n<!-- \/ Yoast SEO plugin. -->","yoast_head_json":{"title":"#PYDRadio habl\u00f3 con el Preparador F\u00edsico de Pe\u00f1arol - Padre y Decano - El Sitio del Pueblo","robots":{"index":"index","follow":"follow","max-snippet":"max-snippet:-1","max-image-preview":"max-image-preview:large","max-video-preview":"max-video-preview:-1"},"canonical":"https:\/\/www.padreydecano.com\/cms\/entrevistas\/pydradio-hablo-con-el-preparador-fisico-de-penarol\/","og_locale":"es_ES","og_type":"article","og_title":"#PYDRadio habl\u00f3 con el Preparador F\u00edsico de Pe\u00f1arol - Padre y Decano - El Sitio del Pueblo","og_description":"Padre y Decano Radio entrevist\u00f3 a Sebasti\u00e1n Avelino, preparador f\u00edsico del cuerpo t\u00e9cnico de Jorge Fossati, el viernes por la noche (antes de disputarse el partido ante Racing). El PF habl\u00f3 sobre los trabajos que se vienen realizando, metodolog\u00edas, y el cuidado que deben tener los jugadores. Escuch\u00e1 la entrevista con Avelino ac\u00e1:","og_url":"https:\/\/www.padreydecano.com\/cms\/entrevistas\/pydradio-hablo-con-el-preparador-fisico-de-penarol\/","og_site_name":"Padre y Decano - El Sitio del Pueblo","article_published_time":"2014-02-24T21:00:14+00:00","og_image":[{"width":258,"height":202,"url":"https:\/\/www.padreydecano.com\/cms\/wp-content\/uploads\/2014\/02\/avelino-chica.jpg","type":"image\/jpeg"}],"author":"Moderador","twitter_card":"summary_large_image","twitter_misc":{"Escrito por":"Moderador"},"schema":{"@context":"https:\/\/schema.org","@graph":[{"@type":"Article","@id":"https:\/\/www.padreydecano.com\/cms\/entrevistas\/pydradio-hablo-con-el-preparador-fisico-de-penarol\/#article","isPartOf":{"@id":"https:\/\/www.padreydecano.com\/cms\/entrevistas\/pydradio-hablo-con-el-preparador-fisico-de-penarol\/"},"author":{"name":"Moderador","@id":"https:\/\/www.padreydecano.com\/cms\/#\/schema\/person\/d93e9e537230ae052c194251d9a1def2"},"headline":"#PYDRadio habl\u00f3 con el Preparador F\u00edsico de Pe\u00f1arol","datePublished":"2014-02-24T21:00:14+00:00","dateModified":"2014-02-24T21:00:14+00:00","mainEntityOfPage":{"@id":"https:\/\/www.padreydecano.com\/cms\/entrevistas\/pydradio-hablo-con-el-preparador-fisico-de-penarol\/"},"wordCount":67,"commentCount":5,"publisher":{"@id":"https:\/\/www.padreydecano.com\/cms\/#organization"},"image":{"@id":"https:\/\/www.padreydecano.com\/cms\/entrevistas\/pydradio-hablo-con-el-preparador-fisico-de-penarol\/#primaryimage"},"thumbnailUrl":"https:\/\/www.padreydecano.com\/cms\/wp-content\/uploads\/2014\/02\/avelino-chica.jpg","articleSection":["Entrevistas","PYD Radio"],"inLanguage":"es","potentialAction":[{"@type":"CommentAction","name":"Comment","target":["https:\/\/www.padreydecano.com\/cms\/entrevistas\/pydradio-hablo-con-el-preparador-fisico-de-penarol\/#respond"]}]},{"@type":"WebPage","@id":"https:\/\/www.padreydecano.com\/cms\/entrevistas\/pydradio-hablo-con-el-preparador-fisico-de-penarol\/","url":"https:\/\/www.padreydecano.com\/cms\/entrevistas\/pydradio-hablo-con-el-preparador-fisico-de-penarol\/","name":"#PYDRadio habl\u00f3 con el Preparador F\u00edsico de Pe\u00f1arol - Padre y Decano - El Sitio del Pueblo","isPartOf":{"@id":"https:\/\/www.padreydecano.com\/cms\/#website"},"primaryImageOfPage":{"@id":"https:\/\/www.padreydecano.com\/cms\/entrevistas\/pydradio-hablo-con-el-preparador-fisico-de-penarol\/#primaryimage"},"image":{"@id":"https:\/\/www.padreydecano.com\/cms\/entrevistas\/pydradio-hablo-con-el-preparador-fisico-de-penarol\/#primaryimage"},"thumbnailUrl":"https:\/\/www.padreydecano.com\/cms\/wp-content\/uploads\/2014\/02\/avelino-chica.jpg","datePublished":"2014-02-24T21:00:14+00:00","dateModified":"2014-02-24T21:00:14+00:00","breadcrumb":{"@id":"https:\/\/www.padreydecano.com\/cms\/entrevistas\/pydradio-hablo-con-el-preparador-fisico-de-penarol\/#breadcrumb"},"inLanguage":"es","potentialAction":[{"@type":"ReadAction","target":["https:\/\/www.padreydecano.com\/cms\/entrevistas\/pydradio-hablo-con-el-preparador-fisico-de-penarol\/"]}]},{"@type":"ImageObject","inLanguage":"es","@id":"https:\/\/www.padreydecano.com\/cms\/entrevistas\/pydradio-hablo-con-el-preparador-fisico-de-penarol\/#primaryimage","url":"https:\/\/www.padreydecano.com\/cms\/wp-content\/uploads\/2014\/02\/avelino-chica.jpg","contentUrl":"https:\/\/www.padreydecano.com\/cms\/wp-content\/uploads\/2014\/02\/avelino-chica.jpg","width":258,"height":202},{"@type":"BreadcrumbList","@id":"https:\/\/www.padreydecano.com\/cms\/entrevistas\/pydradio-hablo-con-el-preparador-fisico-de-penarol\/#breadcrumb","itemListElement":[{"@type":"ListItem","position":1,"name":"Portada","item":"https:\/\/www.padreydecano.com\/cms\/"},{"@type":"ListItem","position":2,"name":"#PYDRadio habl\u00f3 con el Preparador F\u00edsico de Pe\u00f1arol"}]},{"@type":"WebSite","@id":"https:\/\/www.padreydecano.com\/cms\/#website","url":"https:\/\/www.padreydecano.com\/cms\/","name":"Padre y Decano - El Sitio del Pueblo","description":"Club Atl\u00e9tico Pe\u00f1arol","publisher":{"@id":"https:\/\/www.padreydecano.com\/cms\/#organization"},"potentialAction":[{"@type":"SearchAction","target":{"@type":"EntryPoint","urlTemplate":"https:\/\/www.padreydecano.com\/cms\/?s={search_term_string}"},"query-input":"required name=search_term_string"}],"inLanguage":"es"},{"@type":"Organization","@id":"https:\/\/www.padreydecano.com\/cms\/#organization","name":"Padre y Decano","url":"https:\/\/www.padreydecano.com\/cms\/","logo":{"@type":"ImageObject","inLanguage":"es","@id":"https:\/\/www.padreydecano.com\/cms\/#\/schema\/logo\/image\/","url":"https:\/\/www.padreydecano.com\/cms\/wp-content\/uploads\/2022\/01\/avatar-square.png","contentUrl":"https:\/\/www.padreydecano.com\/cms\/wp-content\/uploads\/2022\/01\/avatar-square.png","width":1500,"height":1500,"caption":"Padre y Decano"},"image":{"@id":"https:\/\/www.padreydecano.com\/cms\/#\/schema\/logo\/image\/"}},{"@type":"Person","@id":"https:\/\/www.padreydecano.com\/cms\/#\/schema\/person\/d93e9e537230ae052c194251d9a1def2","name":"Moderador","image":{"@type":"ImageObject","inLanguage":"es","@id":"https:\/\/www.padreydecano.com\/cms\/#\/schema\/person\/image\/","url":"https:\/\/secure.gravatar.com\/avatar\/2587727bf8a53bd3da4ec49f01bea66e?s=96&d=https%3A%2F%2Fpadreydecano.com%2Fcms%2Fwp-content%2Fthemes%2Fpyd-theme%2Fimg%2Fdefault-avatar.png&r=g","contentUrl":"https:\/\/secure.gravatar.com\/avatar\/2587727bf8a53bd3da4ec49f01bea66e?s=96&d=https%3A%2F%2Fpadreydecano.com%2Fcms%2Fwp-content%2Fthemes%2Fpyd-theme%2Fimg%2Fdefault-avatar.png&r=g","caption":"Moderador"}}]}},"_links":{"self":[{"href":"https:\/\/www.padreydecano.com\/cms\/wp-json\/wp\/v2\/posts\/45043"}],"collection":[{"href":"https:\/\/www.padreydecano.com\/cms\/wp-json\/wp\/v2\/posts"}],"about":[{"href":"https:\/\/www.padreydecano.com\/cms\/wp-json\/wp\/v2\/types\/post"}],"author":[{"embeddable":true,"href":"https:\/\/www.padreydecano.com\/cms\/wp-json\/wp\/v2\/users\/13"}],"replies":[{"embeddable":true,"href":"https:\/\/www.padreydecano.com\/cms\/wp-json\/wp\/v2\/comments?post=45043"}],"version-history":[{"count":0,"href":"https:\/\/www.padreydecano.com\/cms\/wp-json\/wp\/v2\/posts\/45043\/revisions"}],"wp:featuredmedia":[{"embeddable":true,"href":"https:\/\/www.padreydecano.com\/cms\/wp-json\/wp\/v2\/media\/45044"}],"wp:attachment":[{"href":"https:\/\/www.padreydecano.com\/cms\/wp-json\/wp\/v2\/media?parent=45043"}],"wp:term":[{"taxonomy":"category","embeddable":true,"href":"https:\/\/www.padreydecano.com\/cms\/wp-json\/wp\/v2\/categories?post=45043"},{"taxonomy":"post_tag","embeddable":true,"href":"https:\/\/www.padreydecano.com\/cms\/wp-json\/wp\/v2\/tags?post=45043"}],"curies":[{"name":"wp","href":"https:\/\/api.w.org\/{rel}","templated":true}]}}