{"id":4442,"date":"2011-10-04T09:00:03","date_gmt":"2011-10-04T11:00:03","guid":{"rendered":"http:\/\/www.padreydecano.com\/cms\/?p=4442"},"modified":"2011-10-04T08:20:39","modified_gmt":"2011-10-04T10:20:39","slug":"4442","status":"publish","type":"post","link":"https:\/\/www.padreydecano.com\/cms\/entrevistas\/4442\/","title":{"rendered":"\u00abFaltaba hacer algo as\u00ed para todos los campeones\u00bb"},"content":{"rendered":"<p style=\"text-align: justify;\"><img loading=\"lazy\" decoding=\"async\" class=\"alignleft size-medium wp-image-3519\" title=\"\" src=\"https:\/\/www.padreydecano.com\/cms\/wp-content\/uploads\/2011\/10\/Penarol_120-118-Copiar-199x300.jpg\" alt=\"\" width=\"199\" height=\"300\" srcset=\"https:\/\/www.padreydecano.com\/cms\/wp-content\/uploads\/2011\/10\/Penarol_120-118-Copiar-199x300.jpg 199w, https:\/\/www.padreydecano.com\/cms\/wp-content\/uploads\/2011\/10\/Penarol_120-118-Copiar.jpg 533w\" sizes=\"(max-width: 199px) 100vw, 199px\" \/>Entrevistamos a Robert \u201cEl Bola\u201d Lima luego de haber recibido la medalla y el reconocimiento el pasado mi\u00e9rcoles en el Estadio Centenario con motivo del aniversario 120 del club. El temperamental jugador carbonero fue campe\u00f3n del segundo Quinquenio de Oro, entre los a\u00f1os 1993 y 1997.<\/p>\n<p style=\"text-align: justify;\"><span style=\"color: #ffcc02;\"><strong>\u00bfQu\u00e9 sentiste el mi\u00e9rcoles por la noche cuando fuiste premiado con el resto de tus compa\u00f1eros?<\/strong><\/span><\/p>\n<p style=\"text-align: justify;\">Pah, una sensaci\u00f3n muy fuerte, sobre todo por la gente que hab\u00eda en el Estadio, y todo lo que signific\u00f3 el espect\u00e1culo.\u00a0 Me puse muy contento realmente. Creo que faltaba hacer algo as\u00ed para todos los campeones de todas las \u00e9pocas. El club se deb\u00eda esa fiesta, y con la gente.<\/p>\n<p style=\"text-align: justify;\"><span style=\"color: #ffcc02;\"><strong>\u00bfQu\u00e9 es lo que m\u00e1s extra\u00f1\u00e1s de Pe\u00f1arol?<\/strong><\/span><\/p>\n<p style=\"text-align: justify;\">El estar dentro de una cancha para m\u00ed es todo. Es una sensaci\u00f3n \u00fanica, y en particular extra\u00f1o jugar un cl\u00e1sico. Ese partido que lo empez\u00e1s a vivir una semana antes, y que es muy especial. Por lo menos yo lo viv\u00eda as\u00ed.<\/p>\n<p style=\"text-align: justify;\"><strong><span style=\"color: #ffcc02;\">\u00bfAhora jug\u00e1s al f\u00fatbol de forma amateur o te abriste completamente?<\/span><\/strong><\/p>\n<p style=\"text-align: justify;\">Juego al f\u00fatbol 5 con mis amigos pero nunca dej\u00e9 de entrenar. L\u00f3gicamente estoy entrenando menos que antes, pero entreno siempre.<\/p>\n<p style=\"text-align: justify;\"><strong><span style=\"color: #ffcc02;\">\u00bfPens\u00e1s ser entrenador?<\/span><\/strong><\/p>\n<p style=\"text-align: justify;\">S\u00ed, estoy en eso. En apenas un mes ya me recibo. Ahora estoy dirigiendo la Octava divisi\u00f3n en Pe\u00f1arol.<\/p>\n<p style=\"text-align: justify;\"><span style=\"color: #ffcc02;\"><strong>\u00bfC\u00f3mo te ves al frente de un grupo de chicos?<\/strong><\/span><\/p>\n<p style=\"text-align: justify;\">Muy c\u00f3modo. Ya hace 1 a\u00f1o que estoy con los chicos, es una generaci\u00f3n muy buena. Los veo muy entusiasmados con querer aprender pero no es f\u00e1cil. De 30 chicos que tenemos, est\u00e1n los que quieren aprender y los que son m\u00e1s dif\u00edciles. El que no quiere aprender queda por el camino, pero esto es parte de lo que tiene el manejar un grupo.<\/p>\n<p style=\"text-align: justify;\"><span style=\"color: #ffcc02;\"><strong>\u00bfY so\u00f1\u00e1s con dirigir la primera alg\u00fan d\u00eda?<\/strong><\/span><\/p>\n<p style=\"text-align: justify;\">S\u00ed, claro. Esa es la meta, llegar a primera. Pero yo no me apuro y voy recorriendo mi propio camino.<\/p>\n","protected":false},"excerpt":{"rendered":"<p>Entrevistamos a Robert \u201cEl Bola\u201d Lima luego de haber recibido la medalla y el reconocimiento el pasado mi\u00e9rcoles en el Estadio Centenario con motivo del aniversario 120 del club. El temperamental jugador carbonero fue campe\u00f3n del segundo Quinquenio de Oro, entre los a\u00f1os 1993 y 1997. \u00bfQu\u00e9 sentiste el mi\u00e9rcoles por la noche cuando fuiste [&hellip;]<\/p>\n","protected":false},"author":13,"featured_media":3658,"comment_status":"open","ping_status":"closed","sticky":false,"template":"","format":"standard","meta":{"footnotes":""},"categories":[30],"tags":[],"yoast_head":"<!-- This site is optimized with the Yoast SEO plugin v23.2 - https:\/\/yoast.com\/wordpress\/plugins\/seo\/ -->\n<title>&quot;Faltaba hacer algo as\u00ed para todos los campeones&quot; - Padre y Decano - El Sitio del Pueblo<\/title>\n<meta name=\"robots\" content=\"index, follow, max-snippet:-1, max-image-preview:large, max-video-preview:-1\" \/>\n<link rel=\"canonical\" href=\"https:\/\/www.padreydecano.com\/cms\/entrevistas\/4442\/\" \/>\n<meta property=\"og:locale\" content=\"es_ES\" \/>\n<meta property=\"og:type\" content=\"article\" \/>\n<meta property=\"og:title\" content=\"&quot;Faltaba hacer algo as\u00ed para todos los campeones&quot; - Padre y Decano - El Sitio del Pueblo\" \/>\n<meta property=\"og:description\" content=\"Entrevistamos a Robert \u201cEl Bola\u201d Lima luego de haber recibido la medalla y el reconocimiento el pasado mi\u00e9rcoles en el Estadio Centenario con motivo del aniversario 120 del club. El temperamental jugador carbonero fue campe\u00f3n del segundo Quinquenio de Oro, entre los a\u00f1os 1993 y 1997. \u00bfQu\u00e9 sentiste el mi\u00e9rcoles por la noche cuando fuiste [&hellip;]\" \/>\n<meta property=\"og:url\" content=\"https:\/\/www.padreydecano.com\/cms\/entrevistas\/4442\/\" \/>\n<meta property=\"og:site_name\" content=\"Padre y Decano - El Sitio del Pueblo\" \/>\n<meta property=\"article:published_time\" content=\"2011-10-04T11:00:03+00:00\" \/>\n<meta property=\"article:modified_time\" content=\"2011-10-04T10:20:39+00:00\" \/>\n<meta property=\"og:image\" content=\"https:\/\/www.padreydecano.com\/cms\/wp-content\/uploads\/2011\/10\/Penarol_120-116-Copiar.jpg\" \/>\n\t<meta property=\"og:image:width\" content=\"800\" \/>\n\t<meta property=\"og:image:height\" content=\"533\" \/>\n\t<meta property=\"og:image:type\" content=\"image\/jpeg\" \/>\n<meta name=\"author\" content=\"Moderador\" \/>\n<meta name=\"twitter:card\" content=\"summary_large_image\" \/>\n<meta name=\"twitter:label1\" content=\"Escrito por\" \/>\n\t<meta name=\"twitter:data1\" content=\"Moderador\" \/>\n\t<meta name=\"twitter:label2\" content=\"Tiempo de lectura\" \/>\n\t<meta name=\"twitter:data2\" content=\"2 minutos\" \/>\n<script type=\"application\/ld+json\" class=\"yoast-schema-graph\">{\"@context\":\"https:\/\/schema.org\",\"@graph\":[{\"@type\":\"Article\",\"@id\":\"https:\/\/www.padreydecano.com\/cms\/entrevistas\/4442\/#article\",\"isPartOf\":{\"@id\":\"https:\/\/www.padreydecano.com\/cms\/entrevistas\/4442\/\"},\"author\":{\"name\":\"Moderador\",\"@id\":\"https:\/\/www.padreydecano.com\/cms\/#\/schema\/person\/d93e9e537230ae052c194251d9a1def2\"},\"headline\":\"\u00abFaltaba hacer algo as\u00ed para todos los campeones\u00bb\",\"datePublished\":\"2011-10-04T11:00:03+00:00\",\"dateModified\":\"2011-10-04T10:20:39+00:00\",\"mainEntityOfPage\":{\"@id\":\"https:\/\/www.padreydecano.com\/cms\/entrevistas\/4442\/\"},\"wordCount\":357,\"commentCount\":1,\"publisher\":{\"@id\":\"https:\/\/www.padreydecano.com\/cms\/#organization\"},\"image\":{\"@id\":\"https:\/\/www.padreydecano.com\/cms\/entrevistas\/4442\/#primaryimage\"},\"thumbnailUrl\":\"https:\/\/www.padreydecano.com\/cms\/wp-content\/uploads\/2011\/10\/Penarol_120-116-Copiar.jpg\",\"articleSection\":[\"Entrevistas\"],\"inLanguage\":\"es\",\"potentialAction\":[{\"@type\":\"CommentAction\",\"name\":\"Comment\",\"target\":[\"https:\/\/www.padreydecano.com\/cms\/entrevistas\/4442\/#respond\"]}]},{\"@type\":\"WebPage\",\"@id\":\"https:\/\/www.padreydecano.com\/cms\/entrevistas\/4442\/\",\"url\":\"https:\/\/www.padreydecano.com\/cms\/entrevistas\/4442\/\",\"name\":\"\\\"Faltaba hacer algo as\u00ed para todos los campeones\\\" - Padre y Decano - El Sitio del Pueblo\",\"isPartOf\":{\"@id\":\"https:\/\/www.padreydecano.com\/cms\/#website\"},\"primaryImageOfPage\":{\"@id\":\"https:\/\/www.padreydecano.com\/cms\/entrevistas\/4442\/#primaryimage\"},\"image\":{\"@id\":\"https:\/\/www.padreydecano.com\/cms\/entrevistas\/4442\/#primaryimage\"},\"thumbnailUrl\":\"https:\/\/www.padreydecano.com\/cms\/wp-content\/uploads\/2011\/10\/Penarol_120-116-Copiar.jpg\",\"datePublished\":\"2011-10-04T11:00:03+00:00\",\"dateModified\":\"2011-10-04T10:20:39+00:00\",\"breadcrumb\":{\"@id\":\"https:\/\/www.padreydecano.com\/cms\/entrevistas\/4442\/#breadcrumb\"},\"inLanguage\":\"es\",\"potentialAction\":[{\"@type\":\"ReadAction\",\"target\":[\"https:\/\/www.padreydecano.com\/cms\/entrevistas\/4442\/\"]}]},{\"@type\":\"ImageObject\",\"inLanguage\":\"es\",\"@id\":\"https:\/\/www.padreydecano.com\/cms\/entrevistas\/4442\/#primaryimage\",\"url\":\"https:\/\/www.padreydecano.com\/cms\/wp-content\/uploads\/2011\/10\/Penarol_120-116-Copiar.jpg\",\"contentUrl\":\"https:\/\/www.padreydecano.com\/cms\/wp-content\/uploads\/2011\/10\/Penarol_120-116-Copiar.jpg\",\"width\":\"800\",\"height\":\"533\"},{\"@type\":\"BreadcrumbList\",\"@id\":\"https:\/\/www.padreydecano.com\/cms\/entrevistas\/4442\/#breadcrumb\",\"itemListElement\":[{\"@type\":\"ListItem\",\"position\":1,\"name\":\"Portada\",\"item\":\"https:\/\/www.padreydecano.com\/cms\/\"},{\"@type\":\"ListItem\",\"position\":2,\"name\":\"\u00abFaltaba hacer algo as\u00ed para todos los campeones\u00bb\"}]},{\"@type\":\"WebSite\",\"@id\":\"https:\/\/www.padreydecano.com\/cms\/#website\",\"url\":\"https:\/\/www.padreydecano.com\/cms\/\",\"name\":\"Padre y Decano - El Sitio del Pueblo\",\"description\":\"Club Atl\u00e9tico Pe\u00f1arol\",\"publisher\":{\"@id\":\"https:\/\/www.padreydecano.com\/cms\/#organization\"},\"potentialAction\":[{\"@type\":\"SearchAction\",\"target\":{\"@type\":\"EntryPoint\",\"urlTemplate\":\"https:\/\/www.padreydecano.com\/cms\/?s={search_term_string}\"},\"query-input\":\"required name=search_term_string\"}],\"inLanguage\":\"es\"},{\"@type\":\"Organization\",\"@id\":\"https:\/\/www.padreydecano.com\/cms\/#organization\",\"name\":\"Padre y Decano\",\"url\":\"https:\/\/www.padreydecano.com\/cms\/\",\"logo\":{\"@type\":\"ImageObject\",\"inLanguage\":\"es\",\"@id\":\"https:\/\/www.padreydecano.com\/cms\/#\/schema\/logo\/image\/\",\"url\":\"https:\/\/www.padreydecano.com\/cms\/wp-content\/uploads\/2022\/01\/avatar-square.png\",\"contentUrl\":\"https:\/\/www.padreydecano.com\/cms\/wp-content\/uploads\/2022\/01\/avatar-square.png\",\"width\":1500,\"height\":1500,\"caption\":\"Padre y Decano\"},\"image\":{\"@id\":\"https:\/\/www.padreydecano.com\/cms\/#\/schema\/logo\/image\/\"}},{\"@type\":\"Person\",\"@id\":\"https:\/\/www.padreydecano.com\/cms\/#\/schema\/person\/d93e9e537230ae052c194251d9a1def2\",\"name\":\"Moderador\",\"image\":{\"@type\":\"ImageObject\",\"inLanguage\":\"es\",\"@id\":\"https:\/\/www.padreydecano.com\/cms\/#\/schema\/person\/image\/\",\"url\":\"https:\/\/secure.gravatar.com\/avatar\/2587727bf8a53bd3da4ec49f01bea66e?s=96&d=https%3A%2F%2Fpadreydecano.com%2Fcms%2Fwp-content%2Fthemes%2Fpyd-theme%2Fimg%2Fdefault-avatar.png&r=g\",\"contentUrl\":\"https:\/\/secure.gravatar.com\/avatar\/2587727bf8a53bd3da4ec49f01bea66e?s=96&d=https%3A%2F%2Fpadreydecano.com%2Fcms%2Fwp-content%2Fthemes%2Fpyd-theme%2Fimg%2Fdefault-avatar.png&r=g\",\"caption\":\"Moderador\"}}]}<\/script>\n<!-- \/ Yoast SEO plugin. -->","yoast_head_json":{"title":"\"Faltaba hacer algo as\u00ed para todos los campeones\" - Padre y Decano - El Sitio del Pueblo","robots":{"index":"index","follow":"follow","max-snippet":"max-snippet:-1","max-image-preview":"max-image-preview:large","max-video-preview":"max-video-preview:-1"},"canonical":"https:\/\/www.padreydecano.com\/cms\/entrevistas\/4442\/","og_locale":"es_ES","og_type":"article","og_title":"\"Faltaba hacer algo as\u00ed para todos los campeones\" - Padre y Decano - El Sitio del Pueblo","og_description":"Entrevistamos a Robert \u201cEl Bola\u201d Lima luego de haber recibido la medalla y el reconocimiento el pasado mi\u00e9rcoles en el Estadio Centenario con motivo del aniversario 120 del club. El temperamental jugador carbonero fue campe\u00f3n del segundo Quinquenio de Oro, entre los a\u00f1os 1993 y 1997. \u00bfQu\u00e9 sentiste el mi\u00e9rcoles por la noche cuando fuiste [&hellip;]","og_url":"https:\/\/www.padreydecano.com\/cms\/entrevistas\/4442\/","og_site_name":"Padre y Decano - El Sitio del Pueblo","article_published_time":"2011-10-04T11:00:03+00:00","article_modified_time":"2011-10-04T10:20:39+00:00","og_image":[{"width":800,"height":533,"url":"https:\/\/www.padreydecano.com\/cms\/wp-content\/uploads\/2011\/10\/Penarol_120-116-Copiar.jpg","type":"image\/jpeg"}],"author":"Moderador","twitter_card":"summary_large_image","twitter_misc":{"Escrito por":"Moderador","Tiempo de lectura":"2 minutos"},"schema":{"@context":"https:\/\/schema.org","@graph":[{"@type":"Article","@id":"https:\/\/www.padreydecano.com\/cms\/entrevistas\/4442\/#article","isPartOf":{"@id":"https:\/\/www.padreydecano.com\/cms\/entrevistas\/4442\/"},"author":{"name":"Moderador","@id":"https:\/\/www.padreydecano.com\/cms\/#\/schema\/person\/d93e9e537230ae052c194251d9a1def2"},"headline":"\u00abFaltaba hacer algo as\u00ed para todos los campeones\u00bb","datePublished":"2011-10-04T11:00:03+00:00","dateModified":"2011-10-04T10:20:39+00:00","mainEntityOfPage":{"@id":"https:\/\/www.padreydecano.com\/cms\/entrevistas\/4442\/"},"wordCount":357,"commentCount":1,"publisher":{"@id":"https:\/\/www.padreydecano.com\/cms\/#organization"},"image":{"@id":"https:\/\/www.padreydecano.com\/cms\/entrevistas\/4442\/#primaryimage"},"thumbnailUrl":"https:\/\/www.padreydecano.com\/cms\/wp-content\/uploads\/2011\/10\/Penarol_120-116-Copiar.jpg","articleSection":["Entrevistas"],"inLanguage":"es","potentialAction":[{"@type":"CommentAction","name":"Comment","target":["https:\/\/www.padreydecano.com\/cms\/entrevistas\/4442\/#respond"]}]},{"@type":"WebPage","@id":"https:\/\/www.padreydecano.com\/cms\/entrevistas\/4442\/","url":"https:\/\/www.padreydecano.com\/cms\/entrevistas\/4442\/","name":"\"Faltaba hacer algo as\u00ed para todos los campeones\" - Padre y Decano - El Sitio del Pueblo","isPartOf":{"@id":"https:\/\/www.padreydecano.com\/cms\/#website"},"primaryImageOfPage":{"@id":"https:\/\/www.padreydecano.com\/cms\/entrevistas\/4442\/#primaryimage"},"image":{"@id":"https:\/\/www.padreydecano.com\/cms\/entrevistas\/4442\/#primaryimage"},"thumbnailUrl":"https:\/\/www.padreydecano.com\/cms\/wp-content\/uploads\/2011\/10\/Penarol_120-116-Copiar.jpg","datePublished":"2011-10-04T11:00:03+00:00","dateModified":"2011-10-04T10:20:39+00:00","breadcrumb":{"@id":"https:\/\/www.padreydecano.com\/cms\/entrevistas\/4442\/#breadcrumb"},"inLanguage":"es","potentialAction":[{"@type":"ReadAction","target":["https:\/\/www.padreydecano.com\/cms\/entrevistas\/4442\/"]}]},{"@type":"ImageObject","inLanguage":"es","@id":"https:\/\/www.padreydecano.com\/cms\/entrevistas\/4442\/#primaryimage","url":"https:\/\/www.padreydecano.com\/cms\/wp-content\/uploads\/2011\/10\/Penarol_120-116-Copiar.jpg","contentUrl":"https:\/\/www.padreydecano.com\/cms\/wp-content\/uploads\/2011\/10\/Penarol_120-116-Copiar.jpg","width":"800","height":"533"},{"@type":"BreadcrumbList","@id":"https:\/\/www.padreydecano.com\/cms\/entrevistas\/4442\/#breadcrumb","itemListElement":[{"@type":"ListItem","position":1,"name":"Portada","item":"https:\/\/www.padreydecano.com\/cms\/"},{"@type":"ListItem","position":2,"name":"\u00abFaltaba hacer algo as\u00ed para todos los campeones\u00bb"}]},{"@type":"WebSite","@id":"https:\/\/www.padreydecano.com\/cms\/#website","url":"https:\/\/www.padreydecano.com\/cms\/","name":"Padre y Decano - El Sitio del Pueblo","description":"Club Atl\u00e9tico Pe\u00f1arol","publisher":{"@id":"https:\/\/www.padreydecano.com\/cms\/#organization"},"potentialAction":[{"@type":"SearchAction","target":{"@type":"EntryPoint","urlTemplate":"https:\/\/www.padreydecano.com\/cms\/?s={search_term_string}"},"query-input":"required name=search_term_string"}],"inLanguage":"es"},{"@type":"Organization","@id":"https:\/\/www.padreydecano.com\/cms\/#organization","name":"Padre y Decano","url":"https:\/\/www.padreydecano.com\/cms\/","logo":{"@type":"ImageObject","inLanguage":"es","@id":"https:\/\/www.padreydecano.com\/cms\/#\/schema\/logo\/image\/","url":"https:\/\/www.padreydecano.com\/cms\/wp-content\/uploads\/2022\/01\/avatar-square.png","contentUrl":"https:\/\/www.padreydecano.com\/cms\/wp-content\/uploads\/2022\/01\/avatar-square.png","width":1500,"height":1500,"caption":"Padre y Decano"},"image":{"@id":"https:\/\/www.padreydecano.com\/cms\/#\/schema\/logo\/image\/"}},{"@type":"Person","@id":"https:\/\/www.padreydecano.com\/cms\/#\/schema\/person\/d93e9e537230ae052c194251d9a1def2","name":"Moderador","image":{"@type":"ImageObject","inLanguage":"es","@id":"https:\/\/www.padreydecano.com\/cms\/#\/schema\/person\/image\/","url":"https:\/\/secure.gravatar.com\/avatar\/2587727bf8a53bd3da4ec49f01bea66e?s=96&d=https%3A%2F%2Fpadreydecano.com%2Fcms%2Fwp-content%2Fthemes%2Fpyd-theme%2Fimg%2Fdefault-avatar.png&r=g","contentUrl":"https:\/\/secure.gravatar.com\/avatar\/2587727bf8a53bd3da4ec49f01bea66e?s=96&d=https%3A%2F%2Fpadreydecano.com%2Fcms%2Fwp-content%2Fthemes%2Fpyd-theme%2Fimg%2Fdefault-avatar.png&r=g","caption":"Moderador"}}]}},"_links":{"self":[{"href":"https:\/\/www.padreydecano.com\/cms\/wp-json\/wp\/v2\/posts\/4442"}],"collection":[{"href":"https:\/\/www.padreydecano.com\/cms\/wp-json\/wp\/v2\/posts"}],"about":[{"href":"https:\/\/www.padreydecano.com\/cms\/wp-json\/wp\/v2\/types\/post"}],"author":[{"embeddable":true,"href":"https:\/\/www.padreydecano.com\/cms\/wp-json\/wp\/v2\/users\/13"}],"replies":[{"embeddable":true,"href":"https:\/\/www.padreydecano.com\/cms\/wp-json\/wp\/v2\/comments?post=4442"}],"version-history":[{"count":0,"href":"https:\/\/www.padreydecano.com\/cms\/wp-json\/wp\/v2\/posts\/4442\/revisions"}],"wp:featuredmedia":[{"embeddable":true,"href":"https:\/\/www.padreydecano.com\/cms\/wp-json\/wp\/v2\/media\/3658"}],"wp:attachment":[{"href":"https:\/\/www.padreydecano.com\/cms\/wp-json\/wp\/v2\/media?parent=4442"}],"wp:term":[{"taxonomy":"category","embeddable":true,"href":"https:\/\/www.padreydecano.com\/cms\/wp-json\/wp\/v2\/categories?post=4442"},{"taxonomy":"post_tag","embeddable":true,"href":"https:\/\/www.padreydecano.com\/cms\/wp-json\/wp\/v2\/tags?post=4442"}],"curies":[{"name":"wp","href":"https:\/\/api.w.org\/{rel}","templated":true}]}}