{"id":44253,"date":"2014-01-27T22:01:47","date_gmt":"2014-01-28T00:01:47","guid":{"rendered":"http:\/\/www.padreydecano.com\/cms\/?p=44253"},"modified":"2014-01-28T16:51:47","modified_gmt":"2014-01-28T18:51:47","slug":"jorge-fossati-es-el-nuevo-entrenador-de-penarol","status":"publish","type":"post","link":"https:\/\/www.padreydecano.com\/cms\/noticias\/jorge-fossati-es-el-nuevo-entrenador-de-penarol\/","title":{"rendered":"Jorge Fossati es el nuevo entrenador de Pe\u00f1arol"},"content":{"rendered":"<p style=\"text-align: justify;\"><a href=\"https:\/\/www.padreydecano.com\/cms\/wp-content\/uploads\/2014\/01\/Fossati.jpg\" rel=\"shadowbox[sbpost-44253];player=img;\"><img loading=\"lazy\" decoding=\"async\" class=\"alignright  wp-image-44255\" alt=\"Fossati\" src=\"https:\/\/www.padreydecano.com\/cms\/wp-content\/uploads\/2014\/01\/Fossati-300x218.jpg\" width=\"240\" height=\"174\" srcset=\"https:\/\/www.padreydecano.com\/cms\/wp-content\/uploads\/2014\/01\/Fossati-300x218.jpg 300w, https:\/\/www.padreydecano.com\/cms\/wp-content\/uploads\/2014\/01\/Fossati.jpg 486w\" sizes=\"(max-width: 240px) 100vw, 240px\" \/><\/a>Tras una extensa reuni\u00f3n de Consejo Directivo, Pe\u00f1arol design\u00f3 oficialmente a Jorge Fossati como nuevo entrenador, y suceder\u00e1 en el cargo a Jorge Goncalves. El \u00abflaco\u00bb llega al club luego de 18 a\u00f1os, ya que su anterior pasaje como entrenador fue en 1996, siendo Campe\u00f3n Uruguayo en el marco del <a title=\"El Segundo Quinquenio de Oro\" href=\"https:\/\/www.padreydecano.com\/cms\/campanas-historicas\/el-segundo-quinquenio-de-oro\/\" target=\"_blank\">Segundo Quinquenio de Oro.<\/a>\u00a0<strong>Ma\u00f1ana a las 9 dirigir\u00e1 su primera pr\u00e1ctica.\u00a0<\/strong><\/p>\n<p style=\"text-align: justify;\">Fossati fue arquero de Pe\u00f1arol entre 1973 y 1980, donde obtuvo 5 campeonatos uruguayos. Como entrenador, adem\u00e1s de dirigir al Decano del F\u00fatbol Uruguayo, estuvo entre otros lugares en Danubio, Cerro Porte\u00f1o, Liga de Quito, Inter de Porto Alegre y la Selecci\u00f3n Uruguaya.<\/p>\n<p style=\"text-align: justify;\">Seg\u00fan trascendidos, tanto Alejandro Silva como Diego Ifr\u00e1n podr\u00edan estar llegando con la vuelta de Fossati, y tambi\u00e9n volvi\u00f3 a sonar el nombre de Chevant\u00f3n, jugador que conoce muy bien el entrenador. De todas formas, estos son rumores y por el momento no queda otra que esperar.<\/p>\n<p style=\"text-align: justify;\">Otro aspecto que se manej\u00f3 fue que la llegada de Fossati generar\u00eda autom\u00e1ticamente el alejamiento de Fernando Morena como\u00a0director de\u00a0Relaciones Institucionales\u00a0y Deportivas. Sin embargo, se desminti\u00f3 esta versi\u00f3n, y sus diferencias estar\u00edan solucionadas.<\/p>\n<p style=\"text-align: justify;\">\u00bfQu\u00e9 opin\u00e1s de la llegada de Fossati?<\/p>\n","protected":false},"excerpt":{"rendered":"<p>Tras una extensa reuni\u00f3n de Consejo Directivo, Pe\u00f1arol design\u00f3 oficialmente a Jorge Fossati como nuevo entrenador, y suceder\u00e1 en el cargo a Jorge Goncalves. El \u00abflaco\u00bb llega al club luego de 18 a\u00f1os, ya que su anterior pasaje como entrenador fue en 1996, siendo Campe\u00f3n Uruguayo en el marco del Segundo Quinquenio de Oro.\u00a0Ma\u00f1ana a [&hellip;]<\/p>\n","protected":false},"author":13,"featured_media":44254,"comment_status":"open","ping_status":"closed","sticky":false,"template":"","format":"standard","meta":{"footnotes":""},"categories":[1],"tags":[],"yoast_head":"<!-- This site is optimized with the Yoast SEO plugin v23.2 - https:\/\/yoast.com\/wordpress\/plugins\/seo\/ -->\n<title>Jorge Fossati es el nuevo entrenador de Pe\u00f1arol - Padre y Decano - El Sitio del Pueblo<\/title>\n<meta name=\"robots\" content=\"index, follow, max-snippet:-1, max-image-preview:large, max-video-preview:-1\" \/>\n<link rel=\"canonical\" href=\"https:\/\/www.padreydecano.com\/cms\/noticias\/jorge-fossati-es-el-nuevo-entrenador-de-penarol\/\" \/>\n<meta property=\"og:locale\" content=\"es_ES\" \/>\n<meta property=\"og:type\" content=\"article\" \/>\n<meta property=\"og:title\" content=\"Jorge Fossati es el nuevo entrenador de Pe\u00f1arol - Padre y Decano - El Sitio del Pueblo\" \/>\n<meta property=\"og:description\" content=\"Tras una extensa reuni\u00f3n de Consejo Directivo, Pe\u00f1arol design\u00f3 oficialmente a Jorge Fossati como nuevo entrenador, y suceder\u00e1 en el cargo a Jorge Goncalves. El \u00abflaco\u00bb llega al club luego de 18 a\u00f1os, ya que su anterior pasaje como entrenador fue en 1996, siendo Campe\u00f3n Uruguayo en el marco del Segundo Quinquenio de Oro.\u00a0Ma\u00f1ana a [&hellip;]\" \/>\n<meta property=\"og:url\" content=\"https:\/\/www.padreydecano.com\/cms\/noticias\/jorge-fossati-es-el-nuevo-entrenador-de-penarol\/\" \/>\n<meta property=\"og:site_name\" content=\"Padre y Decano - El Sitio del Pueblo\" \/>\n<meta property=\"article:published_time\" content=\"2014-01-28T00:01:47+00:00\" \/>\n<meta property=\"article:modified_time\" content=\"2014-01-28T18:51:47+00:00\" \/>\n<meta property=\"og:image\" content=\"https:\/\/www.padreydecano.com\/cms\/wp-content\/uploads\/2014\/01\/Jorge_Fossatti.jpg\" \/>\n\t<meta property=\"og:image:width\" content=\"640\" \/>\n\t<meta property=\"og:image:height\" content=\"250\" \/>\n\t<meta property=\"og:image:type\" content=\"image\/jpeg\" \/>\n<meta name=\"author\" content=\"Moderador\" \/>\n<meta name=\"twitter:card\" content=\"summary_large_image\" \/>\n<meta name=\"twitter:label1\" content=\"Escrito por\" \/>\n\t<meta name=\"twitter:data1\" content=\"Moderador\" \/>\n\t<meta name=\"twitter:label2\" content=\"Tiempo de lectura\" \/>\n\t<meta name=\"twitter:data2\" content=\"1 minuto\" \/>\n<script type=\"application\/ld+json\" class=\"yoast-schema-graph\">{\"@context\":\"https:\/\/schema.org\",\"@graph\":[{\"@type\":\"Article\",\"@id\":\"https:\/\/www.padreydecano.com\/cms\/noticias\/jorge-fossati-es-el-nuevo-entrenador-de-penarol\/#article\",\"isPartOf\":{\"@id\":\"https:\/\/www.padreydecano.com\/cms\/noticias\/jorge-fossati-es-el-nuevo-entrenador-de-penarol\/\"},\"author\":{\"name\":\"Moderador\",\"@id\":\"https:\/\/www.padreydecano.com\/cms\/#\/schema\/person\/d93e9e537230ae052c194251d9a1def2\"},\"headline\":\"Jorge Fossati es el nuevo entrenador de Pe\u00f1arol\",\"datePublished\":\"2014-01-28T00:01:47+00:00\",\"dateModified\":\"2014-01-28T18:51:47+00:00\",\"mainEntityOfPage\":{\"@id\":\"https:\/\/www.padreydecano.com\/cms\/noticias\/jorge-fossati-es-el-nuevo-entrenador-de-penarol\/\"},\"wordCount\":219,\"commentCount\":38,\"publisher\":{\"@id\":\"https:\/\/www.padreydecano.com\/cms\/#organization\"},\"image\":{\"@id\":\"https:\/\/www.padreydecano.com\/cms\/noticias\/jorge-fossati-es-el-nuevo-entrenador-de-penarol\/#primaryimage\"},\"thumbnailUrl\":\"https:\/\/www.padreydecano.com\/cms\/wp-content\/uploads\/2014\/01\/Jorge_Fossatti.jpg\",\"articleSection\":[\"Noticias\"],\"inLanguage\":\"es\",\"potentialAction\":[{\"@type\":\"CommentAction\",\"name\":\"Comment\",\"target\":[\"https:\/\/www.padreydecano.com\/cms\/noticias\/jorge-fossati-es-el-nuevo-entrenador-de-penarol\/#respond\"]}]},{\"@type\":\"WebPage\",\"@id\":\"https:\/\/www.padreydecano.com\/cms\/noticias\/jorge-fossati-es-el-nuevo-entrenador-de-penarol\/\",\"url\":\"https:\/\/www.padreydecano.com\/cms\/noticias\/jorge-fossati-es-el-nuevo-entrenador-de-penarol\/\",\"name\":\"Jorge Fossati es el nuevo entrenador de Pe\u00f1arol - Padre y Decano - El Sitio del Pueblo\",\"isPartOf\":{\"@id\":\"https:\/\/www.padreydecano.com\/cms\/#website\"},\"primaryImageOfPage\":{\"@id\":\"https:\/\/www.padreydecano.com\/cms\/noticias\/jorge-fossati-es-el-nuevo-entrenador-de-penarol\/#primaryimage\"},\"image\":{\"@id\":\"https:\/\/www.padreydecano.com\/cms\/noticias\/jorge-fossati-es-el-nuevo-entrenador-de-penarol\/#primaryimage\"},\"thumbnailUrl\":\"https:\/\/www.padreydecano.com\/cms\/wp-content\/uploads\/2014\/01\/Jorge_Fossatti.jpg\",\"datePublished\":\"2014-01-28T00:01:47+00:00\",\"dateModified\":\"2014-01-28T18:51:47+00:00\",\"breadcrumb\":{\"@id\":\"https:\/\/www.padreydecano.com\/cms\/noticias\/jorge-fossati-es-el-nuevo-entrenador-de-penarol\/#breadcrumb\"},\"inLanguage\":\"es\",\"potentialAction\":[{\"@type\":\"ReadAction\",\"target\":[\"https:\/\/www.padreydecano.com\/cms\/noticias\/jorge-fossati-es-el-nuevo-entrenador-de-penarol\/\"]}]},{\"@type\":\"ImageObject\",\"inLanguage\":\"es\",\"@id\":\"https:\/\/www.padreydecano.com\/cms\/noticias\/jorge-fossati-es-el-nuevo-entrenador-de-penarol\/#primaryimage\",\"url\":\"https:\/\/www.padreydecano.com\/cms\/wp-content\/uploads\/2014\/01\/Jorge_Fossatti.jpg\",\"contentUrl\":\"https:\/\/www.padreydecano.com\/cms\/wp-content\/uploads\/2014\/01\/Jorge_Fossatti.jpg\",\"width\":640,\"height\":250},{\"@type\":\"BreadcrumbList\",\"@id\":\"https:\/\/www.padreydecano.com\/cms\/noticias\/jorge-fossati-es-el-nuevo-entrenador-de-penarol\/#breadcrumb\",\"itemListElement\":[{\"@type\":\"ListItem\",\"position\":1,\"name\":\"Portada\",\"item\":\"https:\/\/www.padreydecano.com\/cms\/\"},{\"@type\":\"ListItem\",\"position\":2,\"name\":\"Jorge Fossati es el nuevo entrenador de Pe\u00f1arol\"}]},{\"@type\":\"WebSite\",\"@id\":\"https:\/\/www.padreydecano.com\/cms\/#website\",\"url\":\"https:\/\/www.padreydecano.com\/cms\/\",\"name\":\"Padre y Decano - El Sitio del Pueblo\",\"description\":\"Club Atl\u00e9tico Pe\u00f1arol\",\"publisher\":{\"@id\":\"https:\/\/www.padreydecano.com\/cms\/#organization\"},\"potentialAction\":[{\"@type\":\"SearchAction\",\"target\":{\"@type\":\"EntryPoint\",\"urlTemplate\":\"https:\/\/www.padreydecano.com\/cms\/?s={search_term_string}\"},\"query-input\":\"required name=search_term_string\"}],\"inLanguage\":\"es\"},{\"@type\":\"Organization\",\"@id\":\"https:\/\/www.padreydecano.com\/cms\/#organization\",\"name\":\"Padre y Decano\",\"url\":\"https:\/\/www.padreydecano.com\/cms\/\",\"logo\":{\"@type\":\"ImageObject\",\"inLanguage\":\"es\",\"@id\":\"https:\/\/www.padreydecano.com\/cms\/#\/schema\/logo\/image\/\",\"url\":\"https:\/\/www.padreydecano.com\/cms\/wp-content\/uploads\/2022\/01\/avatar-square.png\",\"contentUrl\":\"https:\/\/www.padreydecano.com\/cms\/wp-content\/uploads\/2022\/01\/avatar-square.png\",\"width\":1500,\"height\":1500,\"caption\":\"Padre y Decano\"},\"image\":{\"@id\":\"https:\/\/www.padreydecano.com\/cms\/#\/schema\/logo\/image\/\"}},{\"@type\":\"Person\",\"@id\":\"https:\/\/www.padreydecano.com\/cms\/#\/schema\/person\/d93e9e537230ae052c194251d9a1def2\",\"name\":\"Moderador\",\"image\":{\"@type\":\"ImageObject\",\"inLanguage\":\"es\",\"@id\":\"https:\/\/www.padreydecano.com\/cms\/#\/schema\/person\/image\/\",\"url\":\"https:\/\/secure.gravatar.com\/avatar\/2587727bf8a53bd3da4ec49f01bea66e?s=96&d=https%3A%2F%2Fpadreydecano.com%2Fcms%2Fwp-content%2Fthemes%2Fpyd-theme%2Fimg%2Fdefault-avatar.png&r=g\",\"contentUrl\":\"https:\/\/secure.gravatar.com\/avatar\/2587727bf8a53bd3da4ec49f01bea66e?s=96&d=https%3A%2F%2Fpadreydecano.com%2Fcms%2Fwp-content%2Fthemes%2Fpyd-theme%2Fimg%2Fdefault-avatar.png&r=g\",\"caption\":\"Moderador\"}}]}<\/script>\n<!-- \/ Yoast SEO plugin. -->","yoast_head_json":{"title":"Jorge Fossati es el nuevo entrenador de Pe\u00f1arol - Padre y Decano - El Sitio del Pueblo","robots":{"index":"index","follow":"follow","max-snippet":"max-snippet:-1","max-image-preview":"max-image-preview:large","max-video-preview":"max-video-preview:-1"},"canonical":"https:\/\/www.padreydecano.com\/cms\/noticias\/jorge-fossati-es-el-nuevo-entrenador-de-penarol\/","og_locale":"es_ES","og_type":"article","og_title":"Jorge Fossati es el nuevo entrenador de Pe\u00f1arol - Padre y Decano - El Sitio del Pueblo","og_description":"Tras una extensa reuni\u00f3n de Consejo Directivo, Pe\u00f1arol design\u00f3 oficialmente a Jorge Fossati como nuevo entrenador, y suceder\u00e1 en el cargo a Jorge Goncalves. El \u00abflaco\u00bb llega al club luego de 18 a\u00f1os, ya que su anterior pasaje como entrenador fue en 1996, siendo Campe\u00f3n Uruguayo en el marco del Segundo Quinquenio de Oro.\u00a0Ma\u00f1ana a [&hellip;]","og_url":"https:\/\/www.padreydecano.com\/cms\/noticias\/jorge-fossati-es-el-nuevo-entrenador-de-penarol\/","og_site_name":"Padre y Decano - El Sitio del Pueblo","article_published_time":"2014-01-28T00:01:47+00:00","article_modified_time":"2014-01-28T18:51:47+00:00","og_image":[{"width":640,"height":250,"url":"https:\/\/www.padreydecano.com\/cms\/wp-content\/uploads\/2014\/01\/Jorge_Fossatti.jpg","type":"image\/jpeg"}],"author":"Moderador","twitter_card":"summary_large_image","twitter_misc":{"Escrito por":"Moderador","Tiempo de lectura":"1 minuto"},"schema":{"@context":"https:\/\/schema.org","@graph":[{"@type":"Article","@id":"https:\/\/www.padreydecano.com\/cms\/noticias\/jorge-fossati-es-el-nuevo-entrenador-de-penarol\/#article","isPartOf":{"@id":"https:\/\/www.padreydecano.com\/cms\/noticias\/jorge-fossati-es-el-nuevo-entrenador-de-penarol\/"},"author":{"name":"Moderador","@id":"https:\/\/www.padreydecano.com\/cms\/#\/schema\/person\/d93e9e537230ae052c194251d9a1def2"},"headline":"Jorge Fossati es el nuevo entrenador de Pe\u00f1arol","datePublished":"2014-01-28T00:01:47+00:00","dateModified":"2014-01-28T18:51:47+00:00","mainEntityOfPage":{"@id":"https:\/\/www.padreydecano.com\/cms\/noticias\/jorge-fossati-es-el-nuevo-entrenador-de-penarol\/"},"wordCount":219,"commentCount":38,"publisher":{"@id":"https:\/\/www.padreydecano.com\/cms\/#organization"},"image":{"@id":"https:\/\/www.padreydecano.com\/cms\/noticias\/jorge-fossati-es-el-nuevo-entrenador-de-penarol\/#primaryimage"},"thumbnailUrl":"https:\/\/www.padreydecano.com\/cms\/wp-content\/uploads\/2014\/01\/Jorge_Fossatti.jpg","articleSection":["Noticias"],"inLanguage":"es","potentialAction":[{"@type":"CommentAction","name":"Comment","target":["https:\/\/www.padreydecano.com\/cms\/noticias\/jorge-fossati-es-el-nuevo-entrenador-de-penarol\/#respond"]}]},{"@type":"WebPage","@id":"https:\/\/www.padreydecano.com\/cms\/noticias\/jorge-fossati-es-el-nuevo-entrenador-de-penarol\/","url":"https:\/\/www.padreydecano.com\/cms\/noticias\/jorge-fossati-es-el-nuevo-entrenador-de-penarol\/","name":"Jorge Fossati es el nuevo entrenador de Pe\u00f1arol - Padre y Decano - El Sitio del Pueblo","isPartOf":{"@id":"https:\/\/www.padreydecano.com\/cms\/#website"},"primaryImageOfPage":{"@id":"https:\/\/www.padreydecano.com\/cms\/noticias\/jorge-fossati-es-el-nuevo-entrenador-de-penarol\/#primaryimage"},"image":{"@id":"https:\/\/www.padreydecano.com\/cms\/noticias\/jorge-fossati-es-el-nuevo-entrenador-de-penarol\/#primaryimage"},"thumbnailUrl":"https:\/\/www.padreydecano.com\/cms\/wp-content\/uploads\/2014\/01\/Jorge_Fossatti.jpg","datePublished":"2014-01-28T00:01:47+00:00","dateModified":"2014-01-28T18:51:47+00:00","breadcrumb":{"@id":"https:\/\/www.padreydecano.com\/cms\/noticias\/jorge-fossati-es-el-nuevo-entrenador-de-penarol\/#breadcrumb"},"inLanguage":"es","potentialAction":[{"@type":"ReadAction","target":["https:\/\/www.padreydecano.com\/cms\/noticias\/jorge-fossati-es-el-nuevo-entrenador-de-penarol\/"]}]},{"@type":"ImageObject","inLanguage":"es","@id":"https:\/\/www.padreydecano.com\/cms\/noticias\/jorge-fossati-es-el-nuevo-entrenador-de-penarol\/#primaryimage","url":"https:\/\/www.padreydecano.com\/cms\/wp-content\/uploads\/2014\/01\/Jorge_Fossatti.jpg","contentUrl":"https:\/\/www.padreydecano.com\/cms\/wp-content\/uploads\/2014\/01\/Jorge_Fossatti.jpg","width":640,"height":250},{"@type":"BreadcrumbList","@id":"https:\/\/www.padreydecano.com\/cms\/noticias\/jorge-fossati-es-el-nuevo-entrenador-de-penarol\/#breadcrumb","itemListElement":[{"@type":"ListItem","position":1,"name":"Portada","item":"https:\/\/www.padreydecano.com\/cms\/"},{"@type":"ListItem","position":2,"name":"Jorge Fossati es el nuevo entrenador de Pe\u00f1arol"}]},{"@type":"WebSite","@id":"https:\/\/www.padreydecano.com\/cms\/#website","url":"https:\/\/www.padreydecano.com\/cms\/","name":"Padre y Decano - El Sitio del Pueblo","description":"Club Atl\u00e9tico Pe\u00f1arol","publisher":{"@id":"https:\/\/www.padreydecano.com\/cms\/#organization"},"potentialAction":[{"@type":"SearchAction","target":{"@type":"EntryPoint","urlTemplate":"https:\/\/www.padreydecano.com\/cms\/?s={search_term_string}"},"query-input":"required name=search_term_string"}],"inLanguage":"es"},{"@type":"Organization","@id":"https:\/\/www.padreydecano.com\/cms\/#organization","name":"Padre y Decano","url":"https:\/\/www.padreydecano.com\/cms\/","logo":{"@type":"ImageObject","inLanguage":"es","@id":"https:\/\/www.padreydecano.com\/cms\/#\/schema\/logo\/image\/","url":"https:\/\/www.padreydecano.com\/cms\/wp-content\/uploads\/2022\/01\/avatar-square.png","contentUrl":"https:\/\/www.padreydecano.com\/cms\/wp-content\/uploads\/2022\/01\/avatar-square.png","width":1500,"height":1500,"caption":"Padre y Decano"},"image":{"@id":"https:\/\/www.padreydecano.com\/cms\/#\/schema\/logo\/image\/"}},{"@type":"Person","@id":"https:\/\/www.padreydecano.com\/cms\/#\/schema\/person\/d93e9e537230ae052c194251d9a1def2","name":"Moderador","image":{"@type":"ImageObject","inLanguage":"es","@id":"https:\/\/www.padreydecano.com\/cms\/#\/schema\/person\/image\/","url":"https:\/\/secure.gravatar.com\/avatar\/2587727bf8a53bd3da4ec49f01bea66e?s=96&d=https%3A%2F%2Fpadreydecano.com%2Fcms%2Fwp-content%2Fthemes%2Fpyd-theme%2Fimg%2Fdefault-avatar.png&r=g","contentUrl":"https:\/\/secure.gravatar.com\/avatar\/2587727bf8a53bd3da4ec49f01bea66e?s=96&d=https%3A%2F%2Fpadreydecano.com%2Fcms%2Fwp-content%2Fthemes%2Fpyd-theme%2Fimg%2Fdefault-avatar.png&r=g","caption":"Moderador"}}]}},"_links":{"self":[{"href":"https:\/\/www.padreydecano.com\/cms\/wp-json\/wp\/v2\/posts\/44253"}],"collection":[{"href":"https:\/\/www.padreydecano.com\/cms\/wp-json\/wp\/v2\/posts"}],"about":[{"href":"https:\/\/www.padreydecano.com\/cms\/wp-json\/wp\/v2\/types\/post"}],"author":[{"embeddable":true,"href":"https:\/\/www.padreydecano.com\/cms\/wp-json\/wp\/v2\/users\/13"}],"replies":[{"embeddable":true,"href":"https:\/\/www.padreydecano.com\/cms\/wp-json\/wp\/v2\/comments?post=44253"}],"version-history":[{"count":0,"href":"https:\/\/www.padreydecano.com\/cms\/wp-json\/wp\/v2\/posts\/44253\/revisions"}],"wp:featuredmedia":[{"embeddable":true,"href":"https:\/\/www.padreydecano.com\/cms\/wp-json\/wp\/v2\/media\/44254"}],"wp:attachment":[{"href":"https:\/\/www.padreydecano.com\/cms\/wp-json\/wp\/v2\/media?parent=44253"}],"wp:term":[{"taxonomy":"category","embeddable":true,"href":"https:\/\/www.padreydecano.com\/cms\/wp-json\/wp\/v2\/categories?post=44253"},{"taxonomy":"post_tag","embeddable":true,"href":"https:\/\/www.padreydecano.com\/cms\/wp-json\/wp\/v2\/tags?post=44253"}],"curies":[{"name":"wp","href":"https:\/\/api.w.org\/{rel}","templated":true}]}}