{"id":44107,"date":"2014-01-24T08:00:27","date_gmt":"2014-01-24T10:00:27","guid":{"rendered":"http:\/\/www.padreydecano.com\/cms\/?p=44107"},"modified":"2014-01-24T14:22:31","modified_gmt":"2014-01-24T16:22:31","slug":"cambios-en-la-cuota-social-para-el-2014","status":"publish","type":"post","link":"https:\/\/www.padreydecano.com\/cms\/noticias\/cambios-en-la-cuota-social-para-el-2014\/","title":{"rendered":"Cambios en la cuota social para el 2014"},"content":{"rendered":"<p style=\"text-align: justify;\">Desde enero de 2014 se modifican los precios de la cuota social. Hay un aumento como todos los a\u00f1os, que var\u00eda seg\u00fan la forma de pago. Para los que pagan por d\u00e9bito autom\u00e1tico es menor. El <a title=\"Nueva categor\u00eda: Socio Adherente\" href=\"https:\/\/www.padreydecano.com\/cms\/noticias\/nueva-categoria-socio-adherente\/\" target=\"_blank\">socio adherente<\/a> no var\u00eda como as\u00ed tampoco el socio del exterior. El costo del carnet sigue siendo $200.<\/p>\n<p style=\"text-align: justify;\">El Club informa que los que deseen conocer m\u00e1s detalles sobre c\u00f3mo cambiar su forma de pago al sistema de d\u00e9bito, deber\u00e1n ingresar a\u00a0<a title=\"www.pe\u00f1arol.org\/socios\" href=\"http:\/\/www.pe\u00f1arol.org\/uc_98_1.html\" target=\"_blank\">www.pe\u00f1arol.org\/socios<\/a>, llamar al\u00a0<strong>2401 82 88<\/strong>\u00a0o mandar un correo electr\u00f3nico a\u00a0<strong>socios@capenarol.com.uy.<\/strong><\/p>\n<p style=\"text-align: center;\"><span style=\"color: #ffcc02;\"><strong>RedPagos, Cobradores y Palacio<\/strong><\/span><\/p>\n<div align=\"center\">\n<table class=\"comun\" width=\"300\">\n<tbody>\n<tr>\n<td><strong>Categor\u00eda<\/strong><\/td>\n<td>\n<div align=\"center\"><strong>Enero 2014<\/strong><\/div>\n<\/td>\n<\/tr>\n<tr>\n<td>Cadete<\/td>\n<td>\n<div align=\"center\">$180<\/div>\n<\/td>\n<\/tr>\n<tr>\n<td>Coop. Int<\/td>\n<td>\n<div align=\"center\">$200<\/div>\n<\/td>\n<\/tr>\n<tr>\n<td>Inscripta<\/td>\n<td>\n<div align=\"center\">$200<\/div>\n<\/td>\n<\/tr>\n<tr>\n<td>Suscriptor<\/td>\n<td>\n<div align=\"center\">$350<\/div>\n<\/td>\n<\/tr>\n<tr>\n<td>Activo<\/td>\n<td>\n<div align=\"center\">$350<\/div>\n<\/td>\n<\/tr>\n<\/tbody>\n<\/table>\n<\/div>\n<p style=\"text-align: center;\"><span style=\"color: #ffcc02;\"><strong>D\u00e9bito con tarjeta o d\u00e9bito a trav\u00e9s de Antel<\/strong><\/span><\/p>\n<div align=\"center\">\n<table class=\"comun\" width=\"300\">\n<tbody>\n<tr>\n<td><strong>Categor\u00eda<\/strong><\/td>\n<td>\n<div align=\"center\"><strong>Enero 2010<\/strong><\/div>\n<\/td>\n<\/tr>\n<tr>\n<td>Cadete<\/td>\n<td>\n<div align=\"center\">$160<\/div>\n<\/td>\n<\/tr>\n<tr>\n<td>Coop. Int<\/td>\n<td>\n<div align=\"center\">$150<\/div>\n<\/td>\n<\/tr>\n<tr>\n<td>Inscripta<\/td>\n<td>\n<div align=\"center\">$160<\/div>\n<\/td>\n<\/tr>\n<tr>\n<td>Suscriptor<\/td>\n<td>\n<div align=\"center\">$280<\/div>\n<\/td>\n<\/tr>\n<tr>\n<td>Activa<\/td>\n<td>\n<div align=\"center\">$280<\/div>\n<\/td>\n<\/tr>\n<\/tbody>\n<\/table>\n<\/div>\n<p><strong><span style=\"color: #ffcc02;\">A continuaci\u00f3n te dejamos todos los costos ya sea mensual, trimestral, semestral y anual:<\/span><\/strong><\/p>\n<p style=\"text-align: justify;\"><a href=\"https:\/\/www.padreydecano.com\/cms\/wp-content\/uploads\/2014\/01\/Cuota-Social-2014.jpg\" rel=\"shadowbox[sbpost-44107];player=img;\"><img loading=\"lazy\" decoding=\"async\" class=\"wp-image-44109 alignright\" alt=\"Cuota Social 2014\" src=\"https:\/\/www.padreydecano.com\/cms\/wp-content\/uploads\/2014\/01\/Cuota-Social-2014-300x211.jpg\" width=\"240\" height=\"169\" srcset=\"https:\/\/www.padreydecano.com\/cms\/wp-content\/uploads\/2014\/01\/Cuota-Social-2014-300x211.jpg 300w, https:\/\/www.padreydecano.com\/cms\/wp-content\/uploads\/2014\/01\/Cuota-Social-2014.jpg 654w\" sizes=\"(max-width: 240px) 100vw, 240px\" \/><\/a><br \/>\n<strong>Cadete sin cargo<br \/>\n<\/strong>de 0 a 5 a\u00f1os<\/p>\n<ul>\n<li>tendr\u00e1n libre acceso a todas las reparticiones sociales<\/li>\n<li>tendr\u00e1n entrada libre a los partidos cuando el Club es locatario<\/li>\n<\/ul>\n<p><strong>Cadete\u00a0<\/strong><br \/>\nde 6 a 11 a\u00f1os residentes en Montevideo<\/p>\n<ul>\n<li>tendr\u00e1n libre acceso a todas las reparticiones sociales<\/li>\n<li>tendr\u00e1n entrada libre a los partidos cuando el Club es locatario<\/li>\n<\/ul>\n<ul>\n<li>Cuota mensual $ 180 (Por d\u00e9bito autom\u00e1tico $160)<\/li>\n<li>Cuota trimestral $ 520 (Por d\u00e9bito autom\u00e1tico\u00a0$460)<\/li>\n<li>Cuota Semestral $ 990 (Por d\u00e9bito autom\u00e1tico\u00a0$880)<\/li>\n<li>Cuota anual $ 1.800\u00a0(Por d\u00e9bito autom\u00e1tico\u00a0$1.600)<\/li>\n<\/ul>\n<p><strong>Inscripta<br \/>\n<\/strong>damas a partir de los 11 a\u00f1os residentes en Montevideo<\/p>\n<ul>\n<li>tendr\u00e1n libre acceso a todas las reparticiones sociales<\/li>\n<li>tendr\u00e1n entrada libre a los partidos cuando el Club es locatario<\/li>\n<li>luego de 3 a\u00f1os pasa a ser activo (opcional) siendo mayor a 18 a\u00f1os<\/li>\n<\/ul>\n<ul>\n<li>Cuota mensual $ 200 (Por d\u00e9bito autom\u00e1tico $ 160)<\/li>\n<li>Cuota trimestral $ 570\u00a0(Por d\u00e9bito autom\u00e1tico $ 460)<\/li>\n<li>Cuota Semestral $ 1.100 (Por d\u00e9bito autom\u00e1tico $ 880)<\/li>\n<li>Cuota anual $ 2.000\u00a0(Por d\u00e9bito autom\u00e1tico $ 1.600)<\/li>\n<\/ul>\n<p><strong>Suscriptor<br \/>\n<\/strong>hombres a partir de los 11 a\u00f1os residentes en Montevideo.<\/p>\n<ul>\n<li>tendr\u00e1n libre acceso a todas las reparticiones sociales<\/li>\n<li>tendr\u00e1n entrada libre a los partidos cuando el Club es locatario<\/li>\n<li>luego de 3 a\u00f1os pasa a ser activo, siendo mayor a 18 a\u00f1os.<\/li>\n<\/ul>\n<ul>\n<li>Cuota mensual $ 350\u00a0(Por d\u00e9bito autom\u00e1tico $ 280)<\/li>\n<li>Cuota trimestral $ 1.000\u00a0(Por d\u00e9bito autom\u00e1tico $ 800)<\/li>\n<li>Cuota Semestral $ 1.925 (Por d\u00e9bito autom\u00e1tico $ 1.540)<\/li>\n<li>Cuota anual $ 3.500\u00a0(Por d\u00e9bito autom\u00e1tico $ 2.800)<\/li>\n<\/ul>\n<p><strong>Activo<br \/>\n<\/strong>a partir de los 18 a\u00f1os (Previa antig\u00fcedad en la categor\u00eda Inscripta, Suscriptor o Coop. del Interior)<\/p>\n<ul>\n<li>podr\u00e1n formar parte de la Asamblea de Socios con voz y voto<\/li>\n<li>tendr\u00e1n derecho a elegir las autoridades del Club y formar parte de ellas<\/li>\n<li>tendr\u00e1n libre acceso a todas las reparticiones sociales<\/li>\n<li>tendr\u00e1n entrada libre a los partidos cuando el Club es locatario<\/li>\n<\/ul>\n<ul>\n<li>Cuota mensual $ 350\u00a0(Por d\u00e9bito autom\u00e1tico $ 280)<\/li>\n<li>Cuota trimestral $ 1.000\u00a0(Por d\u00e9bito autom\u00e1tico $ 800)<\/li>\n<li>Cuota Semestral $ 1.925 (Por d\u00e9bito autom\u00e1tico $ 1.540)<\/li>\n<li>Cuota anual $ 3.500\u00a0(Por d\u00e9bito autom\u00e1tico $ 2.800)<\/li>\n<\/ul>\n<p><strong>Cooperador del interior<br \/>\n<\/strong>de 6 a\u00f1os en adelante residentes en el interior<\/p>\n<ul>\n<li>tendr\u00e1n libre acceso a todas las reparticiones sociales<\/li>\n<li>tendr\u00e1n entrada libre a los partidos cuando el Club es locatario<\/li>\n<li>luego de 10 a\u00f1os pasa a ser activo (opcional), siendo mayor a 18 a\u00f1os.<\/li>\n<\/ul>\n<ul>\n<li>Cuota mensual $ 200 (Por d\u00e9bito autom\u00e1tico $ 150)<\/li>\n<li>Cuota trimestral $ 570\u00a0(Por d\u00e9bito autom\u00e1tico $ 430)<\/li>\n<li>Cuota Semestral $ 1.100 (Por d\u00e9bito autom\u00e1tico $ 830)<\/li>\n<li>Cuota anual $ 2.000 (Por d\u00e9bito autom\u00e1tico $ 1.500)<\/li>\n<\/ul>\n<p><strong>Socio adherente<\/strong><\/p>\n<ul>\n<li>Una entrada al Campeonato Uruguayo de locatario a elecci\u00f3n<\/li>\n<li>30% de descuento en la compra de las entradas de locatario por el Campeonato Uruguayo<\/li>\n<li>D\u00eda preferencial de compra de entradas para los cl\u00e1sicos y los partidos de Copas Internacionales.<\/li>\n<li>Club de Beneficios: Pe\u00f1arol Tda+<\/li>\n<li>Descuentos en las Tiendas Oficiales<\/li>\n<li>Sorteos mensuales de Packs de Merchandising<\/li>\n<li>50% de descuento en la entrada al Museo<\/li>\n<li>Sorteo de 300 entradas por partido que Pe\u00f1arol oficie de locatario\n<ul>\n<li>$365 anuales (1 peso por d\u00eda)\u00a0<a href=\"https:\/\/www.padreydecano.com\/cms\/noticias\/nueva-categoria-socio-adherente\/\" target=\"_blank\">M\u00e1s informaci\u00f3n<\/a><\/li>\n<\/ul>\n<\/li>\n<\/ul>\n<p>Comunicarse al\u00a0<strong>24018288\u00a0<\/strong>o a\u00a0<a href=\"mailto:socios@capenarol.com.uy\">socios@capenarol.com.uy<\/a><\/p>\n","protected":false},"excerpt":{"rendered":"<p>Desde enero de 2014 se modifican los precios de la cuota social. Hay un aumento como todos los a\u00f1os, que var\u00eda seg\u00fan la forma de pago. Para los que pagan por d\u00e9bito autom\u00e1tico es menor. El socio adherente no var\u00eda como as\u00ed tampoco el socio del exterior. El costo del carnet sigue siendo $200. El [&hellip;]<\/p>\n","protected":false},"author":2,"featured_media":44109,"comment_status":"open","ping_status":"closed","sticky":false,"template":"","format":"standard","meta":{"footnotes":""},"categories":[1],"tags":[39],"yoast_head":"<!-- This site is optimized with the Yoast SEO plugin v23.2 - https:\/\/yoast.com\/wordpress\/plugins\/seo\/ -->\n<title>Cambios en la cuota social para el 2014 - Padre y Decano - El Sitio del Pueblo<\/title>\n<meta name=\"robots\" content=\"index, follow, max-snippet:-1, max-image-preview:large, max-video-preview:-1\" \/>\n<link rel=\"canonical\" href=\"https:\/\/www.padreydecano.com\/cms\/noticias\/cambios-en-la-cuota-social-para-el-2014\/\" \/>\n<meta property=\"og:locale\" content=\"es_ES\" \/>\n<meta property=\"og:type\" content=\"article\" \/>\n<meta property=\"og:title\" content=\"Cambios en la cuota social para el 2014 - Padre y Decano - El Sitio del Pueblo\" \/>\n<meta property=\"og:description\" content=\"Desde enero de 2014 se modifican los precios de la cuota social. Hay un aumento como todos los a\u00f1os, que var\u00eda seg\u00fan la forma de pago. Para los que pagan por d\u00e9bito autom\u00e1tico es menor. El socio adherente no var\u00eda como as\u00ed tampoco el socio del exterior. El costo del carnet sigue siendo $200. El [&hellip;]\" \/>\n<meta property=\"og:url\" content=\"https:\/\/www.padreydecano.com\/cms\/noticias\/cambios-en-la-cuota-social-para-el-2014\/\" \/>\n<meta property=\"og:site_name\" content=\"Padre y Decano - El Sitio del Pueblo\" \/>\n<meta property=\"article:published_time\" content=\"2014-01-24T10:00:27+00:00\" \/>\n<meta property=\"article:modified_time\" content=\"2014-01-24T16:22:31+00:00\" \/>\n<meta property=\"og:image\" content=\"https:\/\/www.padreydecano.com\/cms\/wp-content\/uploads\/2014\/01\/Cuota-Social-2014.jpg\" \/>\n\t<meta property=\"og:image:width\" content=\"654\" \/>\n\t<meta property=\"og:image:height\" content=\"462\" \/>\n\t<meta property=\"og:image:type\" content=\"image\/jpeg\" \/>\n<meta name=\"author\" content=\"Gonzalo16\" \/>\n<meta name=\"twitter:card\" content=\"summary_large_image\" \/>\n<meta name=\"twitter:label1\" content=\"Escrito por\" \/>\n\t<meta name=\"twitter:data1\" content=\"Gonzalo16\" \/>\n\t<meta name=\"twitter:label2\" content=\"Tiempo de lectura\" \/>\n\t<meta name=\"twitter:data2\" content=\"3 minutos\" \/>\n<script type=\"application\/ld+json\" class=\"yoast-schema-graph\">{\"@context\":\"https:\/\/schema.org\",\"@graph\":[{\"@type\":\"Article\",\"@id\":\"https:\/\/www.padreydecano.com\/cms\/noticias\/cambios-en-la-cuota-social-para-el-2014\/#article\",\"isPartOf\":{\"@id\":\"https:\/\/www.padreydecano.com\/cms\/noticias\/cambios-en-la-cuota-social-para-el-2014\/\"},\"author\":{\"name\":\"Gonzalo16\",\"@id\":\"https:\/\/www.padreydecano.com\/cms\/#\/schema\/person\/7fe41e3e335700ebd387196df2f9a8d4\"},\"headline\":\"Cambios en la cuota social para el 2014\",\"datePublished\":\"2014-01-24T10:00:27+00:00\",\"dateModified\":\"2014-01-24T16:22:31+00:00\",\"mainEntityOfPage\":{\"@id\":\"https:\/\/www.padreydecano.com\/cms\/noticias\/cambios-en-la-cuota-social-para-el-2014\/\"},\"wordCount\":658,\"commentCount\":12,\"publisher\":{\"@id\":\"https:\/\/www.padreydecano.com\/cms\/#organization\"},\"image\":{\"@id\":\"https:\/\/www.padreydecano.com\/cms\/noticias\/cambios-en-la-cuota-social-para-el-2014\/#primaryimage\"},\"thumbnailUrl\":\"https:\/\/www.padreydecano.com\/cms\/wp-content\/uploads\/2014\/01\/Cuota-Social-2014.jpg\",\"keywords\":[\"Institucionales\"],\"articleSection\":[\"Noticias\"],\"inLanguage\":\"es\",\"potentialAction\":[{\"@type\":\"CommentAction\",\"name\":\"Comment\",\"target\":[\"https:\/\/www.padreydecano.com\/cms\/noticias\/cambios-en-la-cuota-social-para-el-2014\/#respond\"]}]},{\"@type\":\"WebPage\",\"@id\":\"https:\/\/www.padreydecano.com\/cms\/noticias\/cambios-en-la-cuota-social-para-el-2014\/\",\"url\":\"https:\/\/www.padreydecano.com\/cms\/noticias\/cambios-en-la-cuota-social-para-el-2014\/\",\"name\":\"Cambios en la cuota social para el 2014 - Padre y Decano - El Sitio del Pueblo\",\"isPartOf\":{\"@id\":\"https:\/\/www.padreydecano.com\/cms\/#website\"},\"primaryImageOfPage\":{\"@id\":\"https:\/\/www.padreydecano.com\/cms\/noticias\/cambios-en-la-cuota-social-para-el-2014\/#primaryimage\"},\"image\":{\"@id\":\"https:\/\/www.padreydecano.com\/cms\/noticias\/cambios-en-la-cuota-social-para-el-2014\/#primaryimage\"},\"thumbnailUrl\":\"https:\/\/www.padreydecano.com\/cms\/wp-content\/uploads\/2014\/01\/Cuota-Social-2014.jpg\",\"datePublished\":\"2014-01-24T10:00:27+00:00\",\"dateModified\":\"2014-01-24T16:22:31+00:00\",\"breadcrumb\":{\"@id\":\"https:\/\/www.padreydecano.com\/cms\/noticias\/cambios-en-la-cuota-social-para-el-2014\/#breadcrumb\"},\"inLanguage\":\"es\",\"potentialAction\":[{\"@type\":\"ReadAction\",\"target\":[\"https:\/\/www.padreydecano.com\/cms\/noticias\/cambios-en-la-cuota-social-para-el-2014\/\"]}]},{\"@type\":\"ImageObject\",\"inLanguage\":\"es\",\"@id\":\"https:\/\/www.padreydecano.com\/cms\/noticias\/cambios-en-la-cuota-social-para-el-2014\/#primaryimage\",\"url\":\"https:\/\/www.padreydecano.com\/cms\/wp-content\/uploads\/2014\/01\/Cuota-Social-2014.jpg\",\"contentUrl\":\"https:\/\/www.padreydecano.com\/cms\/wp-content\/uploads\/2014\/01\/Cuota-Social-2014.jpg\",\"width\":654,\"height\":462},{\"@type\":\"BreadcrumbList\",\"@id\":\"https:\/\/www.padreydecano.com\/cms\/noticias\/cambios-en-la-cuota-social-para-el-2014\/#breadcrumb\",\"itemListElement\":[{\"@type\":\"ListItem\",\"position\":1,\"name\":\"Portada\",\"item\":\"https:\/\/www.padreydecano.com\/cms\/\"},{\"@type\":\"ListItem\",\"position\":2,\"name\":\"Cambios en la cuota social para el 2014\"}]},{\"@type\":\"WebSite\",\"@id\":\"https:\/\/www.padreydecano.com\/cms\/#website\",\"url\":\"https:\/\/www.padreydecano.com\/cms\/\",\"name\":\"Padre y Decano - El Sitio del Pueblo\",\"description\":\"Club Atl\u00e9tico Pe\u00f1arol\",\"publisher\":{\"@id\":\"https:\/\/www.padreydecano.com\/cms\/#organization\"},\"potentialAction\":[{\"@type\":\"SearchAction\",\"target\":{\"@type\":\"EntryPoint\",\"urlTemplate\":\"https:\/\/www.padreydecano.com\/cms\/?s={search_term_string}\"},\"query-input\":\"required name=search_term_string\"}],\"inLanguage\":\"es\"},{\"@type\":\"Organization\",\"@id\":\"https:\/\/www.padreydecano.com\/cms\/#organization\",\"name\":\"Padre y Decano\",\"url\":\"https:\/\/www.padreydecano.com\/cms\/\",\"logo\":{\"@type\":\"ImageObject\",\"inLanguage\":\"es\",\"@id\":\"https:\/\/www.padreydecano.com\/cms\/#\/schema\/logo\/image\/\",\"url\":\"https:\/\/www.padreydecano.com\/cms\/wp-content\/uploads\/2022\/01\/avatar-square.png\",\"contentUrl\":\"https:\/\/www.padreydecano.com\/cms\/wp-content\/uploads\/2022\/01\/avatar-square.png\",\"width\":1500,\"height\":1500,\"caption\":\"Padre y Decano\"},\"image\":{\"@id\":\"https:\/\/www.padreydecano.com\/cms\/#\/schema\/logo\/image\/\"}},{\"@type\":\"Person\",\"@id\":\"https:\/\/www.padreydecano.com\/cms\/#\/schema\/person\/7fe41e3e335700ebd387196df2f9a8d4\",\"name\":\"Gonzalo16\",\"image\":{\"@type\":\"ImageObject\",\"inLanguage\":\"es\",\"@id\":\"https:\/\/www.padreydecano.com\/cms\/#\/schema\/person\/image\/\",\"url\":\"https:\/\/secure.gravatar.com\/avatar\/4d5cdd49803a2313c01f77e3dfc05d81?s=96&d=https%3A%2F%2Fpadreydecano.com%2Fcms%2Fwp-content%2Fthemes%2Fpyd-theme%2Fimg%2Fdefault-avatar.png&r=g\",\"contentUrl\":\"https:\/\/secure.gravatar.com\/avatar\/4d5cdd49803a2313c01f77e3dfc05d81?s=96&d=https%3A%2F%2Fpadreydecano.com%2Fcms%2Fwp-content%2Fthemes%2Fpyd-theme%2Fimg%2Fdefault-avatar.png&r=g\",\"caption\":\"Gonzalo16\"}}]}<\/script>\n<!-- \/ Yoast SEO plugin. -->","yoast_head_json":{"title":"Cambios en la cuota social para el 2014 - Padre y Decano - El Sitio del Pueblo","robots":{"index":"index","follow":"follow","max-snippet":"max-snippet:-1","max-image-preview":"max-image-preview:large","max-video-preview":"max-video-preview:-1"},"canonical":"https:\/\/www.padreydecano.com\/cms\/noticias\/cambios-en-la-cuota-social-para-el-2014\/","og_locale":"es_ES","og_type":"article","og_title":"Cambios en la cuota social para el 2014 - Padre y Decano - El Sitio del Pueblo","og_description":"Desde enero de 2014 se modifican los precios de la cuota social. Hay un aumento como todos los a\u00f1os, que var\u00eda seg\u00fan la forma de pago. Para los que pagan por d\u00e9bito autom\u00e1tico es menor. El socio adherente no var\u00eda como as\u00ed tampoco el socio del exterior. El costo del carnet sigue siendo $200. El [&hellip;]","og_url":"https:\/\/www.padreydecano.com\/cms\/noticias\/cambios-en-la-cuota-social-para-el-2014\/","og_site_name":"Padre y Decano - El Sitio del Pueblo","article_published_time":"2014-01-24T10:00:27+00:00","article_modified_time":"2014-01-24T16:22:31+00:00","og_image":[{"width":654,"height":462,"url":"https:\/\/www.padreydecano.com\/cms\/wp-content\/uploads\/2014\/01\/Cuota-Social-2014.jpg","type":"image\/jpeg"}],"author":"Gonzalo16","twitter_card":"summary_large_image","twitter_misc":{"Escrito por":"Gonzalo16","Tiempo de lectura":"3 minutos"},"schema":{"@context":"https:\/\/schema.org","@graph":[{"@type":"Article","@id":"https:\/\/www.padreydecano.com\/cms\/noticias\/cambios-en-la-cuota-social-para-el-2014\/#article","isPartOf":{"@id":"https:\/\/www.padreydecano.com\/cms\/noticias\/cambios-en-la-cuota-social-para-el-2014\/"},"author":{"name":"Gonzalo16","@id":"https:\/\/www.padreydecano.com\/cms\/#\/schema\/person\/7fe41e3e335700ebd387196df2f9a8d4"},"headline":"Cambios en la cuota social para el 2014","datePublished":"2014-01-24T10:00:27+00:00","dateModified":"2014-01-24T16:22:31+00:00","mainEntityOfPage":{"@id":"https:\/\/www.padreydecano.com\/cms\/noticias\/cambios-en-la-cuota-social-para-el-2014\/"},"wordCount":658,"commentCount":12,"publisher":{"@id":"https:\/\/www.padreydecano.com\/cms\/#organization"},"image":{"@id":"https:\/\/www.padreydecano.com\/cms\/noticias\/cambios-en-la-cuota-social-para-el-2014\/#primaryimage"},"thumbnailUrl":"https:\/\/www.padreydecano.com\/cms\/wp-content\/uploads\/2014\/01\/Cuota-Social-2014.jpg","keywords":["Institucionales"],"articleSection":["Noticias"],"inLanguage":"es","potentialAction":[{"@type":"CommentAction","name":"Comment","target":["https:\/\/www.padreydecano.com\/cms\/noticias\/cambios-en-la-cuota-social-para-el-2014\/#respond"]}]},{"@type":"WebPage","@id":"https:\/\/www.padreydecano.com\/cms\/noticias\/cambios-en-la-cuota-social-para-el-2014\/","url":"https:\/\/www.padreydecano.com\/cms\/noticias\/cambios-en-la-cuota-social-para-el-2014\/","name":"Cambios en la cuota social para el 2014 - Padre y Decano - El Sitio del Pueblo","isPartOf":{"@id":"https:\/\/www.padreydecano.com\/cms\/#website"},"primaryImageOfPage":{"@id":"https:\/\/www.padreydecano.com\/cms\/noticias\/cambios-en-la-cuota-social-para-el-2014\/#primaryimage"},"image":{"@id":"https:\/\/www.padreydecano.com\/cms\/noticias\/cambios-en-la-cuota-social-para-el-2014\/#primaryimage"},"thumbnailUrl":"https:\/\/www.padreydecano.com\/cms\/wp-content\/uploads\/2014\/01\/Cuota-Social-2014.jpg","datePublished":"2014-01-24T10:00:27+00:00","dateModified":"2014-01-24T16:22:31+00:00","breadcrumb":{"@id":"https:\/\/www.padreydecano.com\/cms\/noticias\/cambios-en-la-cuota-social-para-el-2014\/#breadcrumb"},"inLanguage":"es","potentialAction":[{"@type":"ReadAction","target":["https:\/\/www.padreydecano.com\/cms\/noticias\/cambios-en-la-cuota-social-para-el-2014\/"]}]},{"@type":"ImageObject","inLanguage":"es","@id":"https:\/\/www.padreydecano.com\/cms\/noticias\/cambios-en-la-cuota-social-para-el-2014\/#primaryimage","url":"https:\/\/www.padreydecano.com\/cms\/wp-content\/uploads\/2014\/01\/Cuota-Social-2014.jpg","contentUrl":"https:\/\/www.padreydecano.com\/cms\/wp-content\/uploads\/2014\/01\/Cuota-Social-2014.jpg","width":654,"height":462},{"@type":"BreadcrumbList","@id":"https:\/\/www.padreydecano.com\/cms\/noticias\/cambios-en-la-cuota-social-para-el-2014\/#breadcrumb","itemListElement":[{"@type":"ListItem","position":1,"name":"Portada","item":"https:\/\/www.padreydecano.com\/cms\/"},{"@type":"ListItem","position":2,"name":"Cambios en la cuota social para el 2014"}]},{"@type":"WebSite","@id":"https:\/\/www.padreydecano.com\/cms\/#website","url":"https:\/\/www.padreydecano.com\/cms\/","name":"Padre y Decano - El Sitio del Pueblo","description":"Club Atl\u00e9tico Pe\u00f1arol","publisher":{"@id":"https:\/\/www.padreydecano.com\/cms\/#organization"},"potentialAction":[{"@type":"SearchAction","target":{"@type":"EntryPoint","urlTemplate":"https:\/\/www.padreydecano.com\/cms\/?s={search_term_string}"},"query-input":"required name=search_term_string"}],"inLanguage":"es"},{"@type":"Organization","@id":"https:\/\/www.padreydecano.com\/cms\/#organization","name":"Padre y Decano","url":"https:\/\/www.padreydecano.com\/cms\/","logo":{"@type":"ImageObject","inLanguage":"es","@id":"https:\/\/www.padreydecano.com\/cms\/#\/schema\/logo\/image\/","url":"https:\/\/www.padreydecano.com\/cms\/wp-content\/uploads\/2022\/01\/avatar-square.png","contentUrl":"https:\/\/www.padreydecano.com\/cms\/wp-content\/uploads\/2022\/01\/avatar-square.png","width":1500,"height":1500,"caption":"Padre y Decano"},"image":{"@id":"https:\/\/www.padreydecano.com\/cms\/#\/schema\/logo\/image\/"}},{"@type":"Person","@id":"https:\/\/www.padreydecano.com\/cms\/#\/schema\/person\/7fe41e3e335700ebd387196df2f9a8d4","name":"Gonzalo16","image":{"@type":"ImageObject","inLanguage":"es","@id":"https:\/\/www.padreydecano.com\/cms\/#\/schema\/person\/image\/","url":"https:\/\/secure.gravatar.com\/avatar\/4d5cdd49803a2313c01f77e3dfc05d81?s=96&d=https%3A%2F%2Fpadreydecano.com%2Fcms%2Fwp-content%2Fthemes%2Fpyd-theme%2Fimg%2Fdefault-avatar.png&r=g","contentUrl":"https:\/\/secure.gravatar.com\/avatar\/4d5cdd49803a2313c01f77e3dfc05d81?s=96&d=https%3A%2F%2Fpadreydecano.com%2Fcms%2Fwp-content%2Fthemes%2Fpyd-theme%2Fimg%2Fdefault-avatar.png&r=g","caption":"Gonzalo16"}}]}},"_links":{"self":[{"href":"https:\/\/www.padreydecano.com\/cms\/wp-json\/wp\/v2\/posts\/44107"}],"collection":[{"href":"https:\/\/www.padreydecano.com\/cms\/wp-json\/wp\/v2\/posts"}],"about":[{"href":"https:\/\/www.padreydecano.com\/cms\/wp-json\/wp\/v2\/types\/post"}],"author":[{"embeddable":true,"href":"https:\/\/www.padreydecano.com\/cms\/wp-json\/wp\/v2\/users\/2"}],"replies":[{"embeddable":true,"href":"https:\/\/www.padreydecano.com\/cms\/wp-json\/wp\/v2\/comments?post=44107"}],"version-history":[{"count":0,"href":"https:\/\/www.padreydecano.com\/cms\/wp-json\/wp\/v2\/posts\/44107\/revisions"}],"wp:featuredmedia":[{"embeddable":true,"href":"https:\/\/www.padreydecano.com\/cms\/wp-json\/wp\/v2\/media\/44109"}],"wp:attachment":[{"href":"https:\/\/www.padreydecano.com\/cms\/wp-json\/wp\/v2\/media?parent=44107"}],"wp:term":[{"taxonomy":"category","embeddable":true,"href":"https:\/\/www.padreydecano.com\/cms\/wp-json\/wp\/v2\/categories?post=44107"},{"taxonomy":"post_tag","embeddable":true,"href":"https:\/\/www.padreydecano.com\/cms\/wp-json\/wp\/v2\/tags?post=44107"}],"curies":[{"name":"wp","href":"https:\/\/api.w.org\/{rel}","templated":true}]}}