{"id":43502,"date":"2013-12-11T09:06:32","date_gmt":"2013-12-11T11:06:32","guid":{"rendered":"http:\/\/www.padreydecano.com\/cms\/?p=43502"},"modified":"2013-12-11T10:16:25","modified_gmt":"2013-12-11T12:16:25","slug":"actividades-solidarias-de-la-pena-de-san-jacinto","status":"publish","type":"post","link":"https:\/\/www.padreydecano.com\/cms\/penas\/actividades-solidarias-de-la-pena-de-san-jacinto\/","title":{"rendered":"Actividades solidarias de la Pe\u00f1a de San Jacinto"},"content":{"rendered":"<p style=\"text-align: justify;\">El 30 de Noviembre se realiz\u00f3 la segunda edici\u00f3n de las 5K y 10K \u00abCorriendo para ayudar\u00bb organizada\u00a0por la Pe\u00f1a de San Jacinto \u00abJorge y Nestor Goncalvez\u00bb. Mas all\u00e1 de la parte deportiva del evento, el fin fue poder ayudar a un ni\u00f1o, Nicol\u00e1s\u00a0Risso, quien padece paralisis mental y una enfermedad llamada vejiga neur\u00f3gena, por lo cual la recaudaci\u00f3n fue destinada completamente para Nico.<\/p>\n<p style=\"text-align: justify;\">M\u00e1s de 300 atletas, entre los cuales se encontraban corredores profesionales y vecinos que participaron para ayudar a Nicol\u00e1s, largaron juntos para darle el marco de participantes que merec\u00eda la prueba.<\/p>\n<p style=\"text-align: justify;\">El gran capit\u00e1n Nestor \u00abTito\u00bb Goncalvez se encarg\u00f3 de la entrega de premios, as\u00ed como las Pe\u00f1as vecinas, Santa Luc\u00eda,\u00a0Santa Rosa y San Ram\u00f3n, colaboraron desde un primer momento.<\/p>\n<p style=\"text-align: justify;\">Luego, a pocos d\u00edas de haber organizado la marat\u00f3n, pusieron manos a la obra para poder cumplirle\u00a0el sue\u00f1o a 5 familias necesitadas de tener un techo bajo el cual vivir y por ello junto a \u00abUn Techo Para mi Pa\u00eds\u00bb pudieron completar la construcci\u00f3n\u00a0de 5 viviendas para albergar a esas familias. Sin dudas que es un trabajo digno de destacar y\u00a0por ello felicitamos a los integrantes de esa Pe\u00f1a.<\/p>\n\n\t\t<style type=\"text\/css\">\n\t\t\t#gallery-1 {\n\t\t\t\tmargin: auto;\n\t\t\t}\n\t\t\t#gallery-1 .gallery-item {\n\t\t\t\tfloat: left;\n\t\t\t\tmargin-top: 10px;\n\t\t\t\ttext-align: center;\n\t\t\t\twidth: 33%;\n\t\t\t}\n\t\t\t#gallery-1 img {\n\t\t\t\tborder: 2px solid #cfcfcf;\n\t\t\t}\n\t\t\t#gallery-1 .gallery-caption {\n\t\t\t\tmargin-left: 0;\n\t\t\t}\n\t\t\t\/* see gallery_shortcode() in wp-includes\/media.php *\/\n\t\t<\/style>\n\t\t<div id='gallery-1' class='gallery galleryid-43502 gallery-columns-3 gallery-size-thumbnail'><dl class='gallery-item'>\n\t\t\t<dt class='gallery-icon landscape'>\n\t\t\t\t<a href='https:\/\/www.padreydecano.com\/cms\/wp-content\/uploads\/2013\/12\/1486741_612802078756829_978226313_n.jpg' rel='shadowbox[sbalbum-43502];player=img;'><img loading=\"lazy\" decoding=\"async\" width=\"150\" height=\"150\" src=\"https:\/\/www.padreydecano.com\/cms\/wp-content\/uploads\/2013\/12\/1486741_612802078756829_978226313_n-150x150.jpg\" class=\"attachment-thumbnail size-thumbnail\" alt=\"\" srcset=\"https:\/\/www.padreydecano.com\/cms\/wp-content\/uploads\/2013\/12\/1486741_612802078756829_978226313_n-150x150.jpg 150w, https:\/\/www.padreydecano.com\/cms\/wp-content\/uploads\/2013\/12\/1486741_612802078756829_978226313_n-36x36.jpg 36w, https:\/\/www.padreydecano.com\/cms\/wp-content\/uploads\/2013\/12\/1486741_612802078756829_978226313_n-115x115.jpg 115w\" sizes=\"(max-width: 150px) 100vw, 150px\" \/><\/a>\n\t\t\t<\/dt><\/dl><dl class='gallery-item'>\n\t\t\t<dt class='gallery-icon landscape'>\n\t\t\t\t<a href='https:\/\/www.padreydecano.com\/cms\/wp-content\/uploads\/2013\/12\/1454713_612802208756816_322259389_n.jpg' rel='shadowbox[sbalbum-43502];player=img;'><img loading=\"lazy\" decoding=\"async\" width=\"150\" height=\"150\" src=\"https:\/\/www.padreydecano.com\/cms\/wp-content\/uploads\/2013\/12\/1454713_612802208756816_322259389_n-150x150.jpg\" class=\"attachment-thumbnail size-thumbnail\" alt=\"\" srcset=\"https:\/\/www.padreydecano.com\/cms\/wp-content\/uploads\/2013\/12\/1454713_612802208756816_322259389_n-150x150.jpg 150w, https:\/\/www.padreydecano.com\/cms\/wp-content\/uploads\/2013\/12\/1454713_612802208756816_322259389_n-36x36.jpg 36w, https:\/\/www.padreydecano.com\/cms\/wp-content\/uploads\/2013\/12\/1454713_612802208756816_322259389_n-115x115.jpg 115w\" sizes=\"(max-width: 150px) 100vw, 150px\" \/><\/a>\n\t\t\t<\/dt><\/dl><dl class='gallery-item'>\n\t\t\t<dt class='gallery-icon landscape'>\n\t\t\t\t<a href='https:\/\/www.padreydecano.com\/cms\/wp-content\/uploads\/2013\/12\/1452290_612802365423467_1190485984_n.jpg' rel='shadowbox[sbalbum-43502];player=img;'><img loading=\"lazy\" decoding=\"async\" width=\"150\" height=\"150\" src=\"https:\/\/www.padreydecano.com\/cms\/wp-content\/uploads\/2013\/12\/1452290_612802365423467_1190485984_n-150x150.jpg\" class=\"attachment-thumbnail size-thumbnail\" alt=\"\" srcset=\"https:\/\/www.padreydecano.com\/cms\/wp-content\/uploads\/2013\/12\/1452290_612802365423467_1190485984_n-150x150.jpg 150w, https:\/\/www.padreydecano.com\/cms\/wp-content\/uploads\/2013\/12\/1452290_612802365423467_1190485984_n-36x36.jpg 36w, https:\/\/www.padreydecano.com\/cms\/wp-content\/uploads\/2013\/12\/1452290_612802365423467_1190485984_n-115x115.jpg 115w\" sizes=\"(max-width: 150px) 100vw, 150px\" \/><\/a>\n\t\t\t<\/dt><\/dl><br style=\"clear: both\" \/><dl class='gallery-item'>\n\t\t\t<dt class='gallery-icon landscape'>\n\t\t\t\t<a href='https:\/\/www.padreydecano.com\/cms\/wp-content\/uploads\/2013\/12\/1459111_610782592292111_1868591409_n.jpg' rel='shadowbox[sbalbum-43502];player=img;'><img loading=\"lazy\" decoding=\"async\" width=\"150\" height=\"150\" src=\"https:\/\/www.padreydecano.com\/cms\/wp-content\/uploads\/2013\/12\/1459111_610782592292111_1868591409_n-150x150.jpg\" class=\"attachment-thumbnail size-thumbnail\" alt=\"\" srcset=\"https:\/\/www.padreydecano.com\/cms\/wp-content\/uploads\/2013\/12\/1459111_610782592292111_1868591409_n-150x150.jpg 150w, https:\/\/www.padreydecano.com\/cms\/wp-content\/uploads\/2013\/12\/1459111_610782592292111_1868591409_n-36x36.jpg 36w, https:\/\/www.padreydecano.com\/cms\/wp-content\/uploads\/2013\/12\/1459111_610782592292111_1868591409_n-115x115.jpg 115w\" sizes=\"(max-width: 150px) 100vw, 150px\" \/><\/a>\n\t\t\t<\/dt><\/dl><dl class='gallery-item'>\n\t\t\t<dt class='gallery-icon portrait'>\n\t\t\t\t<a href='https:\/\/www.padreydecano.com\/cms\/wp-content\/uploads\/2013\/12\/1452397_610316885672015_1405092580_n.jpg' rel='shadowbox[sbalbum-43502];player=img;'><img loading=\"lazy\" decoding=\"async\" width=\"150\" height=\"150\" src=\"https:\/\/www.padreydecano.com\/cms\/wp-content\/uploads\/2013\/12\/1452397_610316885672015_1405092580_n-150x150.jpg\" class=\"attachment-thumbnail size-thumbnail\" alt=\"\" srcset=\"https:\/\/www.padreydecano.com\/cms\/wp-content\/uploads\/2013\/12\/1452397_610316885672015_1405092580_n-150x150.jpg 150w, https:\/\/www.padreydecano.com\/cms\/wp-content\/uploads\/2013\/12\/1452397_610316885672015_1405092580_n-36x36.jpg 36w, https:\/\/www.padreydecano.com\/cms\/wp-content\/uploads\/2013\/12\/1452397_610316885672015_1405092580_n-115x115.jpg 115w\" sizes=\"(max-width: 150px) 100vw, 150px\" \/><\/a>\n\t\t\t<\/dt><\/dl><dl class='gallery-item'>\n\t\t\t<dt class='gallery-icon landscape'>\n\t\t\t\t<a href='https:\/\/www.padreydecano.com\/cms\/wp-content\/uploads\/2013\/12\/996979_610755112294859_1383863153_n.jpg' rel='shadowbox[sbalbum-43502];player=img;'><img loading=\"lazy\" decoding=\"async\" width=\"150\" height=\"150\" src=\"https:\/\/www.padreydecano.com\/cms\/wp-content\/uploads\/2013\/12\/996979_610755112294859_1383863153_n-150x150.jpg\" class=\"attachment-thumbnail size-thumbnail\" alt=\"\" srcset=\"https:\/\/www.padreydecano.com\/cms\/wp-content\/uploads\/2013\/12\/996979_610755112294859_1383863153_n-150x150.jpg 150w, https:\/\/www.padreydecano.com\/cms\/wp-content\/uploads\/2013\/12\/996979_610755112294859_1383863153_n-36x36.jpg 36w, https:\/\/www.padreydecano.com\/cms\/wp-content\/uploads\/2013\/12\/996979_610755112294859_1383863153_n-115x115.jpg 115w\" sizes=\"(max-width: 150px) 100vw, 150px\" \/><\/a>\n\t\t\t<\/dt><\/dl><br style=\"clear: both\" \/>\n\t\t<\/div>\n\n","protected":false},"excerpt":{"rendered":"<p>El 30 de Noviembre se realiz\u00f3 la segunda edici\u00f3n de las 5K y 10K \u00abCorriendo para ayudar\u00bb organizada\u00a0por la Pe\u00f1a de San Jacinto \u00abJorge y Nestor Goncalvez\u00bb. Mas all\u00e1 de la parte deportiva del evento, el fin fue poder ayudar a un ni\u00f1o, Nicol\u00e1s\u00a0Risso, quien padece paralisis mental y una enfermedad llamada vejiga neur\u00f3gena, por [&hellip;]<\/p>\n","protected":false},"author":10,"featured_media":43504,"comment_status":"open","ping_status":"closed","sticky":false,"template":"","format":"standard","meta":{"footnotes":""},"categories":[42],"tags":[101],"yoast_head":"<!-- This site is optimized with the Yoast SEO plugin v23.2 - https:\/\/yoast.com\/wordpress\/plugins\/seo\/ -->\n<title>Actividades solidarias de la Pe\u00f1a de San Jacinto - Padre y Decano - El Sitio del Pueblo<\/title>\n<meta name=\"robots\" content=\"index, follow, max-snippet:-1, max-image-preview:large, max-video-preview:-1\" \/>\n<link rel=\"canonical\" href=\"https:\/\/www.padreydecano.com\/cms\/penas\/actividades-solidarias-de-la-pena-de-san-jacinto\/\" \/>\n<meta property=\"og:locale\" content=\"es_ES\" \/>\n<meta property=\"og:type\" content=\"article\" \/>\n<meta property=\"og:title\" content=\"Actividades solidarias de la Pe\u00f1a de San Jacinto - Padre y Decano - El Sitio del Pueblo\" \/>\n<meta property=\"og:description\" content=\"El 30 de Noviembre se realiz\u00f3 la segunda edici\u00f3n de las 5K y 10K \u00abCorriendo para ayudar\u00bb organizada\u00a0por la Pe\u00f1a de San Jacinto \u00abJorge y Nestor Goncalvez\u00bb. Mas all\u00e1 de la parte deportiva del evento, el fin fue poder ayudar a un ni\u00f1o, Nicol\u00e1s\u00a0Risso, quien padece paralisis mental y una enfermedad llamada vejiga neur\u00f3gena, por [&hellip;]\" \/>\n<meta property=\"og:url\" content=\"https:\/\/www.padreydecano.com\/cms\/penas\/actividades-solidarias-de-la-pena-de-san-jacinto\/\" \/>\n<meta property=\"og:site_name\" content=\"Padre y Decano - El Sitio del Pueblo\" \/>\n<meta property=\"article:published_time\" content=\"2013-12-11T11:06:32+00:00\" \/>\n<meta property=\"article:modified_time\" content=\"2013-12-11T12:16:25+00:00\" \/>\n<meta property=\"og:image\" content=\"https:\/\/www.padreydecano.com\/cms\/wp-content\/uploads\/2013\/12\/1452397_610316885672015_1405092580_n.jpg\" \/>\n\t<meta property=\"og:image:width\" content=\"540\" \/>\n\t<meta property=\"og:image:height\" content=\"720\" \/>\n\t<meta property=\"og:image:type\" content=\"image\/jpeg\" \/>\n<meta name=\"author\" content=\"fishoapyd\" \/>\n<meta name=\"twitter:card\" content=\"summary_large_image\" \/>\n<meta name=\"twitter:label1\" content=\"Escrito por\" \/>\n\t<meta name=\"twitter:data1\" content=\"fishoapyd\" \/>\n\t<meta name=\"twitter:label2\" content=\"Tiempo de lectura\" \/>\n\t<meta name=\"twitter:data2\" content=\"1 minuto\" \/>\n<script type=\"application\/ld+json\" class=\"yoast-schema-graph\">{\"@context\":\"https:\/\/schema.org\",\"@graph\":[{\"@type\":\"Article\",\"@id\":\"https:\/\/www.padreydecano.com\/cms\/penas\/actividades-solidarias-de-la-pena-de-san-jacinto\/#article\",\"isPartOf\":{\"@id\":\"https:\/\/www.padreydecano.com\/cms\/penas\/actividades-solidarias-de-la-pena-de-san-jacinto\/\"},\"author\":{\"name\":\"fishoapyd\",\"@id\":\"https:\/\/www.padreydecano.com\/cms\/#\/schema\/person\/1376f1ec91158cca7aeef6d2109f929d\"},\"headline\":\"Actividades solidarias de la Pe\u00f1a de San Jacinto\",\"datePublished\":\"2013-12-11T11:06:32+00:00\",\"dateModified\":\"2013-12-11T12:16:25+00:00\",\"mainEntityOfPage\":{\"@id\":\"https:\/\/www.padreydecano.com\/cms\/penas\/actividades-solidarias-de-la-pena-de-san-jacinto\/\"},\"wordCount\":225,\"commentCount\":2,\"publisher\":{\"@id\":\"https:\/\/www.padreydecano.com\/cms\/#organization\"},\"image\":{\"@id\":\"https:\/\/www.padreydecano.com\/cms\/penas\/actividades-solidarias-de-la-pena-de-san-jacinto\/#primaryimage\"},\"thumbnailUrl\":\"https:\/\/www.padreydecano.com\/cms\/wp-content\/uploads\/2013\/12\/1452397_610316885672015_1405092580_n.jpg\",\"keywords\":[\"Movidas Solidarias\"],\"articleSection\":[\"Pe\u00f1as\"],\"inLanguage\":\"es\",\"potentialAction\":[{\"@type\":\"CommentAction\",\"name\":\"Comment\",\"target\":[\"https:\/\/www.padreydecano.com\/cms\/penas\/actividades-solidarias-de-la-pena-de-san-jacinto\/#respond\"]}]},{\"@type\":\"WebPage\",\"@id\":\"https:\/\/www.padreydecano.com\/cms\/penas\/actividades-solidarias-de-la-pena-de-san-jacinto\/\",\"url\":\"https:\/\/www.padreydecano.com\/cms\/penas\/actividades-solidarias-de-la-pena-de-san-jacinto\/\",\"name\":\"Actividades solidarias de la Pe\u00f1a de San Jacinto - Padre y Decano - El Sitio del Pueblo\",\"isPartOf\":{\"@id\":\"https:\/\/www.padreydecano.com\/cms\/#website\"},\"primaryImageOfPage\":{\"@id\":\"https:\/\/www.padreydecano.com\/cms\/penas\/actividades-solidarias-de-la-pena-de-san-jacinto\/#primaryimage\"},\"image\":{\"@id\":\"https:\/\/www.padreydecano.com\/cms\/penas\/actividades-solidarias-de-la-pena-de-san-jacinto\/#primaryimage\"},\"thumbnailUrl\":\"https:\/\/www.padreydecano.com\/cms\/wp-content\/uploads\/2013\/12\/1452397_610316885672015_1405092580_n.jpg\",\"datePublished\":\"2013-12-11T11:06:32+00:00\",\"dateModified\":\"2013-12-11T12:16:25+00:00\",\"breadcrumb\":{\"@id\":\"https:\/\/www.padreydecano.com\/cms\/penas\/actividades-solidarias-de-la-pena-de-san-jacinto\/#breadcrumb\"},\"inLanguage\":\"es\",\"potentialAction\":[{\"@type\":\"ReadAction\",\"target\":[\"https:\/\/www.padreydecano.com\/cms\/penas\/actividades-solidarias-de-la-pena-de-san-jacinto\/\"]}]},{\"@type\":\"ImageObject\",\"inLanguage\":\"es\",\"@id\":\"https:\/\/www.padreydecano.com\/cms\/penas\/actividades-solidarias-de-la-pena-de-san-jacinto\/#primaryimage\",\"url\":\"https:\/\/www.padreydecano.com\/cms\/wp-content\/uploads\/2013\/12\/1452397_610316885672015_1405092580_n.jpg\",\"contentUrl\":\"https:\/\/www.padreydecano.com\/cms\/wp-content\/uploads\/2013\/12\/1452397_610316885672015_1405092580_n.jpg\",\"width\":540,\"height\":720},{\"@type\":\"BreadcrumbList\",\"@id\":\"https:\/\/www.padreydecano.com\/cms\/penas\/actividades-solidarias-de-la-pena-de-san-jacinto\/#breadcrumb\",\"itemListElement\":[{\"@type\":\"ListItem\",\"position\":1,\"name\":\"Portada\",\"item\":\"https:\/\/www.padreydecano.com\/cms\/\"},{\"@type\":\"ListItem\",\"position\":2,\"name\":\"Actividades solidarias de la Pe\u00f1a de San Jacinto\"}]},{\"@type\":\"WebSite\",\"@id\":\"https:\/\/www.padreydecano.com\/cms\/#website\",\"url\":\"https:\/\/www.padreydecano.com\/cms\/\",\"name\":\"Padre y Decano - El Sitio del Pueblo\",\"description\":\"Club Atl\u00e9tico Pe\u00f1arol\",\"publisher\":{\"@id\":\"https:\/\/www.padreydecano.com\/cms\/#organization\"},\"potentialAction\":[{\"@type\":\"SearchAction\",\"target\":{\"@type\":\"EntryPoint\",\"urlTemplate\":\"https:\/\/www.padreydecano.com\/cms\/?s={search_term_string}\"},\"query-input\":\"required name=search_term_string\"}],\"inLanguage\":\"es\"},{\"@type\":\"Organization\",\"@id\":\"https:\/\/www.padreydecano.com\/cms\/#organization\",\"name\":\"Padre y Decano\",\"url\":\"https:\/\/www.padreydecano.com\/cms\/\",\"logo\":{\"@type\":\"ImageObject\",\"inLanguage\":\"es\",\"@id\":\"https:\/\/www.padreydecano.com\/cms\/#\/schema\/logo\/image\/\",\"url\":\"https:\/\/www.padreydecano.com\/cms\/wp-content\/uploads\/2022\/01\/avatar-square.png\",\"contentUrl\":\"https:\/\/www.padreydecano.com\/cms\/wp-content\/uploads\/2022\/01\/avatar-square.png\",\"width\":1500,\"height\":1500,\"caption\":\"Padre y Decano\"},\"image\":{\"@id\":\"https:\/\/www.padreydecano.com\/cms\/#\/schema\/logo\/image\/\"}},{\"@type\":\"Person\",\"@id\":\"https:\/\/www.padreydecano.com\/cms\/#\/schema\/person\/1376f1ec91158cca7aeef6d2109f929d\",\"name\":\"fishoapyd\",\"image\":{\"@type\":\"ImageObject\",\"inLanguage\":\"es\",\"@id\":\"https:\/\/www.padreydecano.com\/cms\/#\/schema\/person\/image\/\",\"url\":\"https:\/\/www.padreydecano.com\/cms\/wp-content\/uploads\/2022\/12\/avatar-square-1.png\",\"contentUrl\":\"https:\/\/www.padreydecano.com\/cms\/wp-content\/uploads\/2022\/12\/avatar-square-1.png\",\"caption\":\"fishoapyd\"},\"sameAs\":[\"http:\/\/www.padreydecano.com\"]}]}<\/script>\n<!-- \/ Yoast SEO plugin. -->","yoast_head_json":{"title":"Actividades solidarias de la Pe\u00f1a de San Jacinto - Padre y Decano - El Sitio del Pueblo","robots":{"index":"index","follow":"follow","max-snippet":"max-snippet:-1","max-image-preview":"max-image-preview:large","max-video-preview":"max-video-preview:-1"},"canonical":"https:\/\/www.padreydecano.com\/cms\/penas\/actividades-solidarias-de-la-pena-de-san-jacinto\/","og_locale":"es_ES","og_type":"article","og_title":"Actividades solidarias de la Pe\u00f1a de San Jacinto - Padre y Decano - El Sitio del Pueblo","og_description":"El 30 de Noviembre se realiz\u00f3 la segunda edici\u00f3n de las 5K y 10K \u00abCorriendo para ayudar\u00bb organizada\u00a0por la Pe\u00f1a de San Jacinto \u00abJorge y Nestor Goncalvez\u00bb. Mas all\u00e1 de la parte deportiva del evento, el fin fue poder ayudar a un ni\u00f1o, Nicol\u00e1s\u00a0Risso, quien padece paralisis mental y una enfermedad llamada vejiga neur\u00f3gena, por [&hellip;]","og_url":"https:\/\/www.padreydecano.com\/cms\/penas\/actividades-solidarias-de-la-pena-de-san-jacinto\/","og_site_name":"Padre y Decano - El Sitio del Pueblo","article_published_time":"2013-12-11T11:06:32+00:00","article_modified_time":"2013-12-11T12:16:25+00:00","og_image":[{"width":540,"height":720,"url":"https:\/\/www.padreydecano.com\/cms\/wp-content\/uploads\/2013\/12\/1452397_610316885672015_1405092580_n.jpg","type":"image\/jpeg"}],"author":"fishoapyd","twitter_card":"summary_large_image","twitter_misc":{"Escrito por":"fishoapyd","Tiempo de lectura":"1 minuto"},"schema":{"@context":"https:\/\/schema.org","@graph":[{"@type":"Article","@id":"https:\/\/www.padreydecano.com\/cms\/penas\/actividades-solidarias-de-la-pena-de-san-jacinto\/#article","isPartOf":{"@id":"https:\/\/www.padreydecano.com\/cms\/penas\/actividades-solidarias-de-la-pena-de-san-jacinto\/"},"author":{"name":"fishoapyd","@id":"https:\/\/www.padreydecano.com\/cms\/#\/schema\/person\/1376f1ec91158cca7aeef6d2109f929d"},"headline":"Actividades solidarias de la Pe\u00f1a de San Jacinto","datePublished":"2013-12-11T11:06:32+00:00","dateModified":"2013-12-11T12:16:25+00:00","mainEntityOfPage":{"@id":"https:\/\/www.padreydecano.com\/cms\/penas\/actividades-solidarias-de-la-pena-de-san-jacinto\/"},"wordCount":225,"commentCount":2,"publisher":{"@id":"https:\/\/www.padreydecano.com\/cms\/#organization"},"image":{"@id":"https:\/\/www.padreydecano.com\/cms\/penas\/actividades-solidarias-de-la-pena-de-san-jacinto\/#primaryimage"},"thumbnailUrl":"https:\/\/www.padreydecano.com\/cms\/wp-content\/uploads\/2013\/12\/1452397_610316885672015_1405092580_n.jpg","keywords":["Movidas Solidarias"],"articleSection":["Pe\u00f1as"],"inLanguage":"es","potentialAction":[{"@type":"CommentAction","name":"Comment","target":["https:\/\/www.padreydecano.com\/cms\/penas\/actividades-solidarias-de-la-pena-de-san-jacinto\/#respond"]}]},{"@type":"WebPage","@id":"https:\/\/www.padreydecano.com\/cms\/penas\/actividades-solidarias-de-la-pena-de-san-jacinto\/","url":"https:\/\/www.padreydecano.com\/cms\/penas\/actividades-solidarias-de-la-pena-de-san-jacinto\/","name":"Actividades solidarias de la Pe\u00f1a de San Jacinto - Padre y Decano - El Sitio del Pueblo","isPartOf":{"@id":"https:\/\/www.padreydecano.com\/cms\/#website"},"primaryImageOfPage":{"@id":"https:\/\/www.padreydecano.com\/cms\/penas\/actividades-solidarias-de-la-pena-de-san-jacinto\/#primaryimage"},"image":{"@id":"https:\/\/www.padreydecano.com\/cms\/penas\/actividades-solidarias-de-la-pena-de-san-jacinto\/#primaryimage"},"thumbnailUrl":"https:\/\/www.padreydecano.com\/cms\/wp-content\/uploads\/2013\/12\/1452397_610316885672015_1405092580_n.jpg","datePublished":"2013-12-11T11:06:32+00:00","dateModified":"2013-12-11T12:16:25+00:00","breadcrumb":{"@id":"https:\/\/www.padreydecano.com\/cms\/penas\/actividades-solidarias-de-la-pena-de-san-jacinto\/#breadcrumb"},"inLanguage":"es","potentialAction":[{"@type":"ReadAction","target":["https:\/\/www.padreydecano.com\/cms\/penas\/actividades-solidarias-de-la-pena-de-san-jacinto\/"]}]},{"@type":"ImageObject","inLanguage":"es","@id":"https:\/\/www.padreydecano.com\/cms\/penas\/actividades-solidarias-de-la-pena-de-san-jacinto\/#primaryimage","url":"https:\/\/www.padreydecano.com\/cms\/wp-content\/uploads\/2013\/12\/1452397_610316885672015_1405092580_n.jpg","contentUrl":"https:\/\/www.padreydecano.com\/cms\/wp-content\/uploads\/2013\/12\/1452397_610316885672015_1405092580_n.jpg","width":540,"height":720},{"@type":"BreadcrumbList","@id":"https:\/\/www.padreydecano.com\/cms\/penas\/actividades-solidarias-de-la-pena-de-san-jacinto\/#breadcrumb","itemListElement":[{"@type":"ListItem","position":1,"name":"Portada","item":"https:\/\/www.padreydecano.com\/cms\/"},{"@type":"ListItem","position":2,"name":"Actividades solidarias de la Pe\u00f1a de San Jacinto"}]},{"@type":"WebSite","@id":"https:\/\/www.padreydecano.com\/cms\/#website","url":"https:\/\/www.padreydecano.com\/cms\/","name":"Padre y Decano - El Sitio del Pueblo","description":"Club Atl\u00e9tico Pe\u00f1arol","publisher":{"@id":"https:\/\/www.padreydecano.com\/cms\/#organization"},"potentialAction":[{"@type":"SearchAction","target":{"@type":"EntryPoint","urlTemplate":"https:\/\/www.padreydecano.com\/cms\/?s={search_term_string}"},"query-input":"required name=search_term_string"}],"inLanguage":"es"},{"@type":"Organization","@id":"https:\/\/www.padreydecano.com\/cms\/#organization","name":"Padre y Decano","url":"https:\/\/www.padreydecano.com\/cms\/","logo":{"@type":"ImageObject","inLanguage":"es","@id":"https:\/\/www.padreydecano.com\/cms\/#\/schema\/logo\/image\/","url":"https:\/\/www.padreydecano.com\/cms\/wp-content\/uploads\/2022\/01\/avatar-square.png","contentUrl":"https:\/\/www.padreydecano.com\/cms\/wp-content\/uploads\/2022\/01\/avatar-square.png","width":1500,"height":1500,"caption":"Padre y Decano"},"image":{"@id":"https:\/\/www.padreydecano.com\/cms\/#\/schema\/logo\/image\/"}},{"@type":"Person","@id":"https:\/\/www.padreydecano.com\/cms\/#\/schema\/person\/1376f1ec91158cca7aeef6d2109f929d","name":"fishoapyd","image":{"@type":"ImageObject","inLanguage":"es","@id":"https:\/\/www.padreydecano.com\/cms\/#\/schema\/person\/image\/","url":"https:\/\/www.padreydecano.com\/cms\/wp-content\/uploads\/2022\/12\/avatar-square-1.png","contentUrl":"https:\/\/www.padreydecano.com\/cms\/wp-content\/uploads\/2022\/12\/avatar-square-1.png","caption":"fishoapyd"},"sameAs":["http:\/\/www.padreydecano.com"]}]}},"_links":{"self":[{"href":"https:\/\/www.padreydecano.com\/cms\/wp-json\/wp\/v2\/posts\/43502"}],"collection":[{"href":"https:\/\/www.padreydecano.com\/cms\/wp-json\/wp\/v2\/posts"}],"about":[{"href":"https:\/\/www.padreydecano.com\/cms\/wp-json\/wp\/v2\/types\/post"}],"author":[{"embeddable":true,"href":"https:\/\/www.padreydecano.com\/cms\/wp-json\/wp\/v2\/users\/10"}],"replies":[{"embeddable":true,"href":"https:\/\/www.padreydecano.com\/cms\/wp-json\/wp\/v2\/comments?post=43502"}],"version-history":[{"count":0,"href":"https:\/\/www.padreydecano.com\/cms\/wp-json\/wp\/v2\/posts\/43502\/revisions"}],"wp:featuredmedia":[{"embeddable":true,"href":"https:\/\/www.padreydecano.com\/cms\/wp-json\/wp\/v2\/media\/43504"}],"wp:attachment":[{"href":"https:\/\/www.padreydecano.com\/cms\/wp-json\/wp\/v2\/media?parent=43502"}],"wp:term":[{"taxonomy":"category","embeddable":true,"href":"https:\/\/www.padreydecano.com\/cms\/wp-json\/wp\/v2\/categories?post=43502"},{"taxonomy":"post_tag","embeddable":true,"href":"https:\/\/www.padreydecano.com\/cms\/wp-json\/wp\/v2\/tags?post=43502"}],"curies":[{"name":"wp","href":"https:\/\/api.w.org\/{rel}","templated":true}]}}