{"id":43284,"date":"2013-11-27T14:03:07","date_gmt":"2013-11-27T16:03:07","guid":{"rendered":"http:\/\/www.padreydecano.com\/cms\/?p=43284"},"modified":"2013-11-28T19:06:52","modified_gmt":"2013-11-28T21:06:52","slug":"la-polemica-del-video-del-tito","status":"publish","type":"post","link":"https:\/\/www.padreydecano.com\/cms\/columnas\/la-polemica-del-video-del-tito\/","title":{"rendered":"La pol\u00e9mica del video del Tito"},"content":{"rendered":"<p style=\"text-align: justify;\"><a href=\"https:\/\/www.padreydecano.com\/cms\/wp-content\/uploads\/2013\/11\/TIto1.jpg\" rel=\"shadowbox[sbpost-43284];player=img;\"><img loading=\"lazy\" decoding=\"async\" class=\"alignright size-medium wp-image-43285\" alt=\"TIto1\" src=\"https:\/\/www.padreydecano.com\/cms\/wp-content\/uploads\/2013\/11\/TIto1-300x290.jpg\" width=\"300\" height=\"290\" srcset=\"https:\/\/www.padreydecano.com\/cms\/wp-content\/uploads\/2013\/11\/TIto1-300x290.jpg 300w, https:\/\/www.padreydecano.com\/cms\/wp-content\/uploads\/2013\/11\/TIto1-36x36.jpg 36w, https:\/\/www.padreydecano.com\/cms\/wp-content\/uploads\/2013\/11\/TIto1.jpg 364w\" sizes=\"(max-width: 300px) 100vw, 300px\" \/><\/a>Ayer se arm\u00f3 cierto revuelo en internet por un video levantado por el portal Ovaci\u00f3n de una charla entre el Tito Gon\u00e7alvez e hinchas de Pe\u00f1arol en la previa del cl\u00e1sico. Por un lado los comentarios a favor del Tito por su sentir como hincha, por otro lado las reprobaciones por su forma de expresarse. Creo que debo hacer algunas precisiones al respecto ya que la prensa habl\u00f3 del video pero no contextualiz\u00f3.<\/p>\n<p style=\"text-align: justify;\">Esta charla se dio el jueves en el Palacio Pe\u00f1arol mientras las Pe\u00f1as Barriales de Pe\u00f1arol y el grupo de Los Pibes del Palacio preparaban la fiesta en las tribunas. Los presentes no eran parte de la barra.<\/p>\n<p style=\"text-align: justify;\">El Tito fue invitado a que viera el trabajo que estaban haciendo y de paso sorprender y darle una motivaci\u00f3n m\u00e1s a los cientos de hinchas que estaban poniendo su mano de obra.<\/p>\n<p style=\"text-align: justify;\">La charla era off the record. Si bien el Tito Gon\u00e7alvez vio que hab\u00eda varios hinchas filmando con celulares, se daba por descontado que no deb\u00eda divulgarse el video. Si la \u00faltima frase no se hubiera dicho, el video era totalmente publicable, aunque nuevamente es importante recordar, era off the record.<\/p>\n<p style=\"text-align: justify;\">Ahora bien, existe un argumento expresado por varios que tambi\u00e9n tienen su raz\u00f3n. \u201cEs el t\u00e9cnico de Pe\u00f1arol, tiene que saber qu\u00e9 cosas puede decir y qu\u00e9 no. Adem\u00e1s vio que lo estaban filmando\u201d. Tambi\u00e9n es v\u00e1lido y l\u00f3gico.<\/p>\n<p style=\"text-align: justify;\">Se le abrieron las puertas a m\u00e1s hinchas a colaborar con la fiesta en el cl\u00e1sico. No s\u00f3lo divulgaron algunas fotos en las que se ve\u00edan los preparativos sino que tambi\u00e9n el video. No importa qui\u00e9n fue, sino que importa que se rompi\u00f3 un \u201ccompromiso\u201d, un \u201cc\u00f3digo\u201d que perjudica al entrenador. No importa si alguien se lo mand\u00f3 al portal o si el portal lo levant\u00f3 porque lo vio por ah\u00ed.<\/p>\n<p style=\"text-align: justify;\">Otros consideraron que el portal no debi\u00f3 subir la frase final, pero es claro, sin la frase final, el video no hubiese sido llamativo y no se hubiera publicado. Se podr\u00e1 echarle la culpa al portal pero ese video sali\u00f3 de otro lado. La prensa castig\u00f3 al Tito porque esas declaraciones \u00abgeneran violencia\u00bb, pero cuando se divulg\u00f3 la charla t\u00e9cnica de Carlos Manta en Tacuaremb\u00f3, el video donde dec\u00eda \u201cque corran esos hijos de puta\u201d fue catalogado como pintoresco. Son distintos contextos, distintos personajes, pero un punto en com\u00fan, la motivaci\u00f3n.<\/p>\n<p style=\"text-align: justify;\">En el mundo actual donde cualquiera tiene un celular y maneja una red social, los l\u00edmites de la intimidad se achicaron mucho m\u00e1s. Lo cierto es que esto era una charla del Tito con los 100 hinchas que estaban en el Palacio. Era una charla de bar, porque el Tito es as\u00ed. Te pon\u00e9s a hablar con \u00e9l y parece un amigo de toda la vida. Lo cierto es que el Tito vio que lo estaban filmando, nunca pens\u00f3 que se romper\u00eda ese c\u00f3digo y tras ver las consecuencias, debi\u00f3 haberse cuidado. Lo cierto tambi\u00e9n es, que siempre les gan\u00f3\u2026<\/p>\n<p><a href=\"https:\/\/www.padreydecano.com\/cms\/tag\/la-verdad-de-la-milanesa\/\"><img decoding=\"async\" class=\"alignright foto-sin-formato\" alt=\"\" src=\"https:\/\/www.padreydecano.com\/cms\/wp-users-files\/autor-columna\/milanesa.jpg\" \/><\/a><\/p>\n","protected":false},"excerpt":{"rendered":"<p>Ayer se arm\u00f3 cierto revuelo en internet por un video levantado por el portal Ovaci\u00f3n de una charla entre el Tito Gon\u00e7alvez e hinchas de Pe\u00f1arol en la previa del cl\u00e1sico. Por un lado los comentarios a favor del Tito por su sentir como hincha, por otro lado las reprobaciones por su forma de expresarse. [&hellip;]<\/p>\n","protected":false},"author":13,"featured_media":0,"comment_status":"open","ping_status":"closed","sticky":false,"template":"","format":"standard","meta":{"footnotes":""},"categories":[28],"tags":[48],"yoast_head":"<!-- This site is optimized with the Yoast SEO plugin v23.2 - https:\/\/yoast.com\/wordpress\/plugins\/seo\/ -->\n<title>La pol\u00e9mica del video del Tito - Padre y Decano - El Sitio del Pueblo<\/title>\n<meta name=\"robots\" content=\"index, follow, max-snippet:-1, max-image-preview:large, max-video-preview:-1\" \/>\n<link rel=\"canonical\" href=\"https:\/\/www.padreydecano.com\/cms\/columnas\/la-polemica-del-video-del-tito\/\" \/>\n<meta property=\"og:locale\" content=\"es_ES\" \/>\n<meta property=\"og:type\" content=\"article\" \/>\n<meta property=\"og:title\" content=\"La pol\u00e9mica del video del Tito - Padre y Decano - El Sitio del Pueblo\" \/>\n<meta property=\"og:description\" content=\"Ayer se arm\u00f3 cierto revuelo en internet por un video levantado por el portal Ovaci\u00f3n de una charla entre el Tito Gon\u00e7alvez e hinchas de Pe\u00f1arol en la previa del cl\u00e1sico. Por un lado los comentarios a favor del Tito por su sentir como hincha, por otro lado las reprobaciones por su forma de expresarse. [&hellip;]\" \/>\n<meta property=\"og:url\" content=\"https:\/\/www.padreydecano.com\/cms\/columnas\/la-polemica-del-video-del-tito\/\" \/>\n<meta property=\"og:site_name\" content=\"Padre y Decano - El Sitio del Pueblo\" \/>\n<meta property=\"article:published_time\" content=\"2013-11-27T16:03:07+00:00\" \/>\n<meta property=\"article:modified_time\" content=\"2013-11-28T21:06:52+00:00\" \/>\n<meta property=\"og:image\" content=\"http:\/\/www.padreydecano.com\/cms\/wp-content\/uploads\/2013\/11\/TIto1-300x290.jpg\" \/>\n<meta name=\"author\" content=\"Moderador\" \/>\n<meta name=\"twitter:card\" content=\"summary_large_image\" \/>\n<meta name=\"twitter:label1\" content=\"Escrito por\" \/>\n\t<meta name=\"twitter:data1\" content=\"Moderador\" \/>\n\t<meta name=\"twitter:label2\" content=\"Tiempo de lectura\" \/>\n\t<meta name=\"twitter:data2\" content=\"3 minutos\" \/>\n<script type=\"application\/ld+json\" class=\"yoast-schema-graph\">{\"@context\":\"https:\/\/schema.org\",\"@graph\":[{\"@type\":\"Article\",\"@id\":\"https:\/\/www.padreydecano.com\/cms\/columnas\/la-polemica-del-video-del-tito\/#article\",\"isPartOf\":{\"@id\":\"https:\/\/www.padreydecano.com\/cms\/columnas\/la-polemica-del-video-del-tito\/\"},\"author\":{\"name\":\"Moderador\",\"@id\":\"https:\/\/www.padreydecano.com\/cms\/#\/schema\/person\/d93e9e537230ae052c194251d9a1def2\"},\"headline\":\"La pol\u00e9mica del video del Tito\",\"datePublished\":\"2013-11-27T16:03:07+00:00\",\"dateModified\":\"2013-11-28T21:06:52+00:00\",\"mainEntityOfPage\":{\"@id\":\"https:\/\/www.padreydecano.com\/cms\/columnas\/la-polemica-del-video-del-tito\/\"},\"wordCount\":539,\"commentCount\":70,\"publisher\":{\"@id\":\"https:\/\/www.padreydecano.com\/cms\/#organization\"},\"image\":{\"@id\":\"https:\/\/www.padreydecano.com\/cms\/columnas\/la-polemica-del-video-del-tito\/#primaryimage\"},\"thumbnailUrl\":\"http:\/\/www.padreydecano.com\/cms\/wp-content\/uploads\/2013\/11\/TIto1-300x290.jpg\",\"keywords\":[\"La verdad de la milanesa\"],\"articleSection\":[\"Columnas\"],\"inLanguage\":\"es\",\"potentialAction\":[{\"@type\":\"CommentAction\",\"name\":\"Comment\",\"target\":[\"https:\/\/www.padreydecano.com\/cms\/columnas\/la-polemica-del-video-del-tito\/#respond\"]}]},{\"@type\":\"WebPage\",\"@id\":\"https:\/\/www.padreydecano.com\/cms\/columnas\/la-polemica-del-video-del-tito\/\",\"url\":\"https:\/\/www.padreydecano.com\/cms\/columnas\/la-polemica-del-video-del-tito\/\",\"name\":\"La pol\u00e9mica del video del Tito - Padre y Decano - El Sitio del Pueblo\",\"isPartOf\":{\"@id\":\"https:\/\/www.padreydecano.com\/cms\/#website\"},\"primaryImageOfPage\":{\"@id\":\"https:\/\/www.padreydecano.com\/cms\/columnas\/la-polemica-del-video-del-tito\/#primaryimage\"},\"image\":{\"@id\":\"https:\/\/www.padreydecano.com\/cms\/columnas\/la-polemica-del-video-del-tito\/#primaryimage\"},\"thumbnailUrl\":\"http:\/\/www.padreydecano.com\/cms\/wp-content\/uploads\/2013\/11\/TIto1-300x290.jpg\",\"datePublished\":\"2013-11-27T16:03:07+00:00\",\"dateModified\":\"2013-11-28T21:06:52+00:00\",\"breadcrumb\":{\"@id\":\"https:\/\/www.padreydecano.com\/cms\/columnas\/la-polemica-del-video-del-tito\/#breadcrumb\"},\"inLanguage\":\"es\",\"potentialAction\":[{\"@type\":\"ReadAction\",\"target\":[\"https:\/\/www.padreydecano.com\/cms\/columnas\/la-polemica-del-video-del-tito\/\"]}]},{\"@type\":\"ImageObject\",\"inLanguage\":\"es\",\"@id\":\"https:\/\/www.padreydecano.com\/cms\/columnas\/la-polemica-del-video-del-tito\/#primaryimage\",\"url\":\"http:\/\/www.padreydecano.com\/cms\/wp-content\/uploads\/2013\/11\/TIto1-300x290.jpg\",\"contentUrl\":\"http:\/\/www.padreydecano.com\/cms\/wp-content\/uploads\/2013\/11\/TIto1-300x290.jpg\"},{\"@type\":\"BreadcrumbList\",\"@id\":\"https:\/\/www.padreydecano.com\/cms\/columnas\/la-polemica-del-video-del-tito\/#breadcrumb\",\"itemListElement\":[{\"@type\":\"ListItem\",\"position\":1,\"name\":\"Portada\",\"item\":\"https:\/\/www.padreydecano.com\/cms\/\"},{\"@type\":\"ListItem\",\"position\":2,\"name\":\"La pol\u00e9mica del video del Tito\"}]},{\"@type\":\"WebSite\",\"@id\":\"https:\/\/www.padreydecano.com\/cms\/#website\",\"url\":\"https:\/\/www.padreydecano.com\/cms\/\",\"name\":\"Padre y Decano - El Sitio del Pueblo\",\"description\":\"Club Atl\u00e9tico Pe\u00f1arol\",\"publisher\":{\"@id\":\"https:\/\/www.padreydecano.com\/cms\/#organization\"},\"potentialAction\":[{\"@type\":\"SearchAction\",\"target\":{\"@type\":\"EntryPoint\",\"urlTemplate\":\"https:\/\/www.padreydecano.com\/cms\/?s={search_term_string}\"},\"query-input\":\"required name=search_term_string\"}],\"inLanguage\":\"es\"},{\"@type\":\"Organization\",\"@id\":\"https:\/\/www.padreydecano.com\/cms\/#organization\",\"name\":\"Padre y Decano\",\"url\":\"https:\/\/www.padreydecano.com\/cms\/\",\"logo\":{\"@type\":\"ImageObject\",\"inLanguage\":\"es\",\"@id\":\"https:\/\/www.padreydecano.com\/cms\/#\/schema\/logo\/image\/\",\"url\":\"https:\/\/www.padreydecano.com\/cms\/wp-content\/uploads\/2022\/01\/avatar-square.png\",\"contentUrl\":\"https:\/\/www.padreydecano.com\/cms\/wp-content\/uploads\/2022\/01\/avatar-square.png\",\"width\":1500,\"height\":1500,\"caption\":\"Padre y Decano\"},\"image\":{\"@id\":\"https:\/\/www.padreydecano.com\/cms\/#\/schema\/logo\/image\/\"}},{\"@type\":\"Person\",\"@id\":\"https:\/\/www.padreydecano.com\/cms\/#\/schema\/person\/d93e9e537230ae052c194251d9a1def2\",\"name\":\"Moderador\",\"image\":{\"@type\":\"ImageObject\",\"inLanguage\":\"es\",\"@id\":\"https:\/\/www.padreydecano.com\/cms\/#\/schema\/person\/image\/\",\"url\":\"https:\/\/secure.gravatar.com\/avatar\/2587727bf8a53bd3da4ec49f01bea66e?s=96&d=https%3A%2F%2Fpadreydecano.com%2Fcms%2Fwp-content%2Fthemes%2Fpyd-theme%2Fimg%2Fdefault-avatar.png&r=g\",\"contentUrl\":\"https:\/\/secure.gravatar.com\/avatar\/2587727bf8a53bd3da4ec49f01bea66e?s=96&d=https%3A%2F%2Fpadreydecano.com%2Fcms%2Fwp-content%2Fthemes%2Fpyd-theme%2Fimg%2Fdefault-avatar.png&r=g\",\"caption\":\"Moderador\"}}]}<\/script>\n<!-- \/ Yoast SEO plugin. -->","yoast_head_json":{"title":"La pol\u00e9mica del video del Tito - Padre y Decano - El Sitio del Pueblo","robots":{"index":"index","follow":"follow","max-snippet":"max-snippet:-1","max-image-preview":"max-image-preview:large","max-video-preview":"max-video-preview:-1"},"canonical":"https:\/\/www.padreydecano.com\/cms\/columnas\/la-polemica-del-video-del-tito\/","og_locale":"es_ES","og_type":"article","og_title":"La pol\u00e9mica del video del Tito - Padre y Decano - El Sitio del Pueblo","og_description":"Ayer se arm\u00f3 cierto revuelo en internet por un video levantado por el portal Ovaci\u00f3n de una charla entre el Tito Gon\u00e7alvez e hinchas de Pe\u00f1arol en la previa del cl\u00e1sico. Por un lado los comentarios a favor del Tito por su sentir como hincha, por otro lado las reprobaciones por su forma de expresarse. [&hellip;]","og_url":"https:\/\/www.padreydecano.com\/cms\/columnas\/la-polemica-del-video-del-tito\/","og_site_name":"Padre y Decano - El Sitio del Pueblo","article_published_time":"2013-11-27T16:03:07+00:00","article_modified_time":"2013-11-28T21:06:52+00:00","og_image":[{"url":"http:\/\/www.padreydecano.com\/cms\/wp-content\/uploads\/2013\/11\/TIto1-300x290.jpg"}],"author":"Moderador","twitter_card":"summary_large_image","twitter_misc":{"Escrito por":"Moderador","Tiempo de lectura":"3 minutos"},"schema":{"@context":"https:\/\/schema.org","@graph":[{"@type":"Article","@id":"https:\/\/www.padreydecano.com\/cms\/columnas\/la-polemica-del-video-del-tito\/#article","isPartOf":{"@id":"https:\/\/www.padreydecano.com\/cms\/columnas\/la-polemica-del-video-del-tito\/"},"author":{"name":"Moderador","@id":"https:\/\/www.padreydecano.com\/cms\/#\/schema\/person\/d93e9e537230ae052c194251d9a1def2"},"headline":"La pol\u00e9mica del video del Tito","datePublished":"2013-11-27T16:03:07+00:00","dateModified":"2013-11-28T21:06:52+00:00","mainEntityOfPage":{"@id":"https:\/\/www.padreydecano.com\/cms\/columnas\/la-polemica-del-video-del-tito\/"},"wordCount":539,"commentCount":70,"publisher":{"@id":"https:\/\/www.padreydecano.com\/cms\/#organization"},"image":{"@id":"https:\/\/www.padreydecano.com\/cms\/columnas\/la-polemica-del-video-del-tito\/#primaryimage"},"thumbnailUrl":"http:\/\/www.padreydecano.com\/cms\/wp-content\/uploads\/2013\/11\/TIto1-300x290.jpg","keywords":["La verdad de la milanesa"],"articleSection":["Columnas"],"inLanguage":"es","potentialAction":[{"@type":"CommentAction","name":"Comment","target":["https:\/\/www.padreydecano.com\/cms\/columnas\/la-polemica-del-video-del-tito\/#respond"]}]},{"@type":"WebPage","@id":"https:\/\/www.padreydecano.com\/cms\/columnas\/la-polemica-del-video-del-tito\/","url":"https:\/\/www.padreydecano.com\/cms\/columnas\/la-polemica-del-video-del-tito\/","name":"La pol\u00e9mica del video del Tito - Padre y Decano - El Sitio del Pueblo","isPartOf":{"@id":"https:\/\/www.padreydecano.com\/cms\/#website"},"primaryImageOfPage":{"@id":"https:\/\/www.padreydecano.com\/cms\/columnas\/la-polemica-del-video-del-tito\/#primaryimage"},"image":{"@id":"https:\/\/www.padreydecano.com\/cms\/columnas\/la-polemica-del-video-del-tito\/#primaryimage"},"thumbnailUrl":"http:\/\/www.padreydecano.com\/cms\/wp-content\/uploads\/2013\/11\/TIto1-300x290.jpg","datePublished":"2013-11-27T16:03:07+00:00","dateModified":"2013-11-28T21:06:52+00:00","breadcrumb":{"@id":"https:\/\/www.padreydecano.com\/cms\/columnas\/la-polemica-del-video-del-tito\/#breadcrumb"},"inLanguage":"es","potentialAction":[{"@type":"ReadAction","target":["https:\/\/www.padreydecano.com\/cms\/columnas\/la-polemica-del-video-del-tito\/"]}]},{"@type":"ImageObject","inLanguage":"es","@id":"https:\/\/www.padreydecano.com\/cms\/columnas\/la-polemica-del-video-del-tito\/#primaryimage","url":"http:\/\/www.padreydecano.com\/cms\/wp-content\/uploads\/2013\/11\/TIto1-300x290.jpg","contentUrl":"http:\/\/www.padreydecano.com\/cms\/wp-content\/uploads\/2013\/11\/TIto1-300x290.jpg"},{"@type":"BreadcrumbList","@id":"https:\/\/www.padreydecano.com\/cms\/columnas\/la-polemica-del-video-del-tito\/#breadcrumb","itemListElement":[{"@type":"ListItem","position":1,"name":"Portada","item":"https:\/\/www.padreydecano.com\/cms\/"},{"@type":"ListItem","position":2,"name":"La pol\u00e9mica del video del Tito"}]},{"@type":"WebSite","@id":"https:\/\/www.padreydecano.com\/cms\/#website","url":"https:\/\/www.padreydecano.com\/cms\/","name":"Padre y Decano - El Sitio del Pueblo","description":"Club Atl\u00e9tico Pe\u00f1arol","publisher":{"@id":"https:\/\/www.padreydecano.com\/cms\/#organization"},"potentialAction":[{"@type":"SearchAction","target":{"@type":"EntryPoint","urlTemplate":"https:\/\/www.padreydecano.com\/cms\/?s={search_term_string}"},"query-input":"required name=search_term_string"}],"inLanguage":"es"},{"@type":"Organization","@id":"https:\/\/www.padreydecano.com\/cms\/#organization","name":"Padre y Decano","url":"https:\/\/www.padreydecano.com\/cms\/","logo":{"@type":"ImageObject","inLanguage":"es","@id":"https:\/\/www.padreydecano.com\/cms\/#\/schema\/logo\/image\/","url":"https:\/\/www.padreydecano.com\/cms\/wp-content\/uploads\/2022\/01\/avatar-square.png","contentUrl":"https:\/\/www.padreydecano.com\/cms\/wp-content\/uploads\/2022\/01\/avatar-square.png","width":1500,"height":1500,"caption":"Padre y Decano"},"image":{"@id":"https:\/\/www.padreydecano.com\/cms\/#\/schema\/logo\/image\/"}},{"@type":"Person","@id":"https:\/\/www.padreydecano.com\/cms\/#\/schema\/person\/d93e9e537230ae052c194251d9a1def2","name":"Moderador","image":{"@type":"ImageObject","inLanguage":"es","@id":"https:\/\/www.padreydecano.com\/cms\/#\/schema\/person\/image\/","url":"https:\/\/secure.gravatar.com\/avatar\/2587727bf8a53bd3da4ec49f01bea66e?s=96&d=https%3A%2F%2Fpadreydecano.com%2Fcms%2Fwp-content%2Fthemes%2Fpyd-theme%2Fimg%2Fdefault-avatar.png&r=g","contentUrl":"https:\/\/secure.gravatar.com\/avatar\/2587727bf8a53bd3da4ec49f01bea66e?s=96&d=https%3A%2F%2Fpadreydecano.com%2Fcms%2Fwp-content%2Fthemes%2Fpyd-theme%2Fimg%2Fdefault-avatar.png&r=g","caption":"Moderador"}}]}},"_links":{"self":[{"href":"https:\/\/www.padreydecano.com\/cms\/wp-json\/wp\/v2\/posts\/43284"}],"collection":[{"href":"https:\/\/www.padreydecano.com\/cms\/wp-json\/wp\/v2\/posts"}],"about":[{"href":"https:\/\/www.padreydecano.com\/cms\/wp-json\/wp\/v2\/types\/post"}],"author":[{"embeddable":true,"href":"https:\/\/www.padreydecano.com\/cms\/wp-json\/wp\/v2\/users\/13"}],"replies":[{"embeddable":true,"href":"https:\/\/www.padreydecano.com\/cms\/wp-json\/wp\/v2\/comments?post=43284"}],"version-history":[{"count":0,"href":"https:\/\/www.padreydecano.com\/cms\/wp-json\/wp\/v2\/posts\/43284\/revisions"}],"wp:attachment":[{"href":"https:\/\/www.padreydecano.com\/cms\/wp-json\/wp\/v2\/media?parent=43284"}],"wp:term":[{"taxonomy":"category","embeddable":true,"href":"https:\/\/www.padreydecano.com\/cms\/wp-json\/wp\/v2\/categories?post=43284"},{"taxonomy":"post_tag","embeddable":true,"href":"https:\/\/www.padreydecano.com\/cms\/wp-json\/wp\/v2\/tags?post=43284"}],"curies":[{"name":"wp","href":"https:\/\/api.w.org\/{rel}","templated":true}]}}