{"id":42995,"date":"2013-11-16T02:17:38","date_gmt":"2013-11-16T04:17:38","guid":{"rendered":"http:\/\/www.padreydecano.com\/cms\/?p=42995"},"modified":"2013-11-16T02:17:38","modified_gmt":"2013-11-16T04:17:38","slug":"pyd-radio-programa-8","status":"publish","type":"post","link":"https:\/\/www.padreydecano.com\/cms\/pyd-radio\/pyd-radio-programa-8\/","title":{"rendered":"PYD Radio \u2013 Programa #8"},"content":{"rendered":"<p style=\"text-align: justify;\">Reviv\u00ed el programa #8 de Padre y Decano Radio donde analizamos lo que dej\u00f3 el partido ante la IASA y proyectamos lo que puede ser el encuentro ante F\u00e9nix y el cl\u00e1sico. En materia de entrevistas, Kevin M\u00e9ndez y Juan Ahuntcha\u00edn hablaron con nosotros acerca del ascenso a los entrenamientos de primera, y en caso de Ahuntcha\u00edn tambi\u00e9n se hizo un repaso de la situaci\u00f3n actual de formativas. Por \u00faltimo, comentamos lo que fue la medida del tradicional rival de solo asignarnos la Tribuna Amsterdam para el cl\u00e1sico.<\/p>\n<p style=\"text-align: justify;\">Pod\u00e9s escuchar el programa ac\u00e1:<\/p>\n<div align=\"center\">\n<table class=\"video\">\n<tbody>\n<tr>\n<td><iframe loading=\"lazy\" src=\"\/\/www.youtube.com\/embed\/NbvRY9x-uPM?wmode=transparent\" height=\"315\" width=\"420\" allowfullscreen=\"\" frameborder=\"0\"><\/iframe><\/td>\n<\/tr>\n<\/tbody>\n<\/table>\n<\/div>\n","protected":false},"excerpt":{"rendered":"<p>Reviv\u00ed el programa #8 de Padre y Decano Radio donde analizamos lo que dej\u00f3 el partido ante la IASA y proyectamos lo que puede ser el encuentro ante F\u00e9nix y el cl\u00e1sico. En materia de entrevistas, Kevin M\u00e9ndez y Juan Ahuntcha\u00edn hablaron con nosotros acerca del ascenso a los entrenamientos de primera, y en caso [&hellip;]<\/p>\n","protected":false},"author":13,"featured_media":42996,"comment_status":"open","ping_status":"closed","sticky":false,"template":"","format":"standard","meta":{"footnotes":""},"categories":[196],"tags":[],"yoast_head":"<!-- This site is optimized with the Yoast SEO plugin v23.2 - https:\/\/yoast.com\/wordpress\/plugins\/seo\/ -->\n<title>PYD Radio \u2013 Programa #8 - Padre y Decano - El Sitio del Pueblo<\/title>\n<meta name=\"robots\" content=\"index, follow, max-snippet:-1, max-image-preview:large, max-video-preview:-1\" \/>\n<link rel=\"canonical\" href=\"https:\/\/www.padreydecano.com\/cms\/pyd-radio\/pyd-radio-programa-8\/\" \/>\n<meta property=\"og:locale\" content=\"es_ES\" \/>\n<meta property=\"og:type\" content=\"article\" \/>\n<meta property=\"og:title\" content=\"PYD Radio \u2013 Programa #8 - Padre y Decano - El Sitio del Pueblo\" \/>\n<meta property=\"og:description\" content=\"Reviv\u00ed el programa #8 de Padre y Decano Radio donde analizamos lo que dej\u00f3 el partido ante la IASA y proyectamos lo que puede ser el encuentro ante F\u00e9nix y el cl\u00e1sico. En materia de entrevistas, Kevin M\u00e9ndez y Juan Ahuntcha\u00edn hablaron con nosotros acerca del ascenso a los entrenamientos de primera, y en caso [&hellip;]\" \/>\n<meta property=\"og:url\" content=\"https:\/\/www.padreydecano.com\/cms\/pyd-radio\/pyd-radio-programa-8\/\" \/>\n<meta property=\"og:site_name\" content=\"Padre y Decano - El Sitio del Pueblo\" \/>\n<meta property=\"article:published_time\" content=\"2013-11-16T04:17:38+00:00\" \/>\n<meta property=\"og:image\" content=\"https:\/\/www.padreydecano.com\/cms\/wp-content\/uploads\/2013\/11\/radio-aire.jpg\" \/>\n\t<meta property=\"og:image:width\" content=\"2048\" \/>\n\t<meta property=\"og:image:height\" content=\"1152\" \/>\n\t<meta property=\"og:image:type\" content=\"image\/jpeg\" \/>\n<meta name=\"author\" content=\"Moderador\" \/>\n<meta name=\"twitter:card\" content=\"summary_large_image\" \/>\n<meta name=\"twitter:label1\" content=\"Escrito por\" \/>\n\t<meta name=\"twitter:data1\" content=\"Moderador\" \/>\n\t<meta name=\"twitter:label2\" content=\"Tiempo de lectura\" \/>\n\t<meta name=\"twitter:data2\" content=\"1 minuto\" \/>\n<script type=\"application\/ld+json\" class=\"yoast-schema-graph\">{\"@context\":\"https:\/\/schema.org\",\"@graph\":[{\"@type\":\"Article\",\"@id\":\"https:\/\/www.padreydecano.com\/cms\/pyd-radio\/pyd-radio-programa-8\/#article\",\"isPartOf\":{\"@id\":\"https:\/\/www.padreydecano.com\/cms\/pyd-radio\/pyd-radio-programa-8\/\"},\"author\":{\"name\":\"Moderador\",\"@id\":\"https:\/\/www.padreydecano.com\/cms\/#\/schema\/person\/d93e9e537230ae052c194251d9a1def2\"},\"headline\":\"PYD Radio \u2013 Programa #8\",\"datePublished\":\"2013-11-16T04:17:38+00:00\",\"dateModified\":\"2013-11-16T04:17:38+00:00\",\"mainEntityOfPage\":{\"@id\":\"https:\/\/www.padreydecano.com\/cms\/pyd-radio\/pyd-radio-programa-8\/\"},\"wordCount\":104,\"commentCount\":3,\"publisher\":{\"@id\":\"https:\/\/www.padreydecano.com\/cms\/#organization\"},\"image\":{\"@id\":\"https:\/\/www.padreydecano.com\/cms\/pyd-radio\/pyd-radio-programa-8\/#primaryimage\"},\"thumbnailUrl\":\"https:\/\/www.padreydecano.com\/cms\/wp-content\/uploads\/2013\/11\/radio-aire.jpg\",\"articleSection\":[\"PYD Radio\"],\"inLanguage\":\"es\",\"potentialAction\":[{\"@type\":\"CommentAction\",\"name\":\"Comment\",\"target\":[\"https:\/\/www.padreydecano.com\/cms\/pyd-radio\/pyd-radio-programa-8\/#respond\"]}]},{\"@type\":\"WebPage\",\"@id\":\"https:\/\/www.padreydecano.com\/cms\/pyd-radio\/pyd-radio-programa-8\/\",\"url\":\"https:\/\/www.padreydecano.com\/cms\/pyd-radio\/pyd-radio-programa-8\/\",\"name\":\"PYD Radio \u2013 Programa #8 - Padre y Decano - El Sitio del Pueblo\",\"isPartOf\":{\"@id\":\"https:\/\/www.padreydecano.com\/cms\/#website\"},\"primaryImageOfPage\":{\"@id\":\"https:\/\/www.padreydecano.com\/cms\/pyd-radio\/pyd-radio-programa-8\/#primaryimage\"},\"image\":{\"@id\":\"https:\/\/www.padreydecano.com\/cms\/pyd-radio\/pyd-radio-programa-8\/#primaryimage\"},\"thumbnailUrl\":\"https:\/\/www.padreydecano.com\/cms\/wp-content\/uploads\/2013\/11\/radio-aire.jpg\",\"datePublished\":\"2013-11-16T04:17:38+00:00\",\"dateModified\":\"2013-11-16T04:17:38+00:00\",\"breadcrumb\":{\"@id\":\"https:\/\/www.padreydecano.com\/cms\/pyd-radio\/pyd-radio-programa-8\/#breadcrumb\"},\"inLanguage\":\"es\",\"potentialAction\":[{\"@type\":\"ReadAction\",\"target\":[\"https:\/\/www.padreydecano.com\/cms\/pyd-radio\/pyd-radio-programa-8\/\"]}]},{\"@type\":\"ImageObject\",\"inLanguage\":\"es\",\"@id\":\"https:\/\/www.padreydecano.com\/cms\/pyd-radio\/pyd-radio-programa-8\/#primaryimage\",\"url\":\"https:\/\/www.padreydecano.com\/cms\/wp-content\/uploads\/2013\/11\/radio-aire.jpg\",\"contentUrl\":\"https:\/\/www.padreydecano.com\/cms\/wp-content\/uploads\/2013\/11\/radio-aire.jpg\",\"width\":2048,\"height\":1152},{\"@type\":\"BreadcrumbList\",\"@id\":\"https:\/\/www.padreydecano.com\/cms\/pyd-radio\/pyd-radio-programa-8\/#breadcrumb\",\"itemListElement\":[{\"@type\":\"ListItem\",\"position\":1,\"name\":\"Portada\",\"item\":\"https:\/\/www.padreydecano.com\/cms\/\"},{\"@type\":\"ListItem\",\"position\":2,\"name\":\"PYD Radio \u2013 Programa #8\"}]},{\"@type\":\"WebSite\",\"@id\":\"https:\/\/www.padreydecano.com\/cms\/#website\",\"url\":\"https:\/\/www.padreydecano.com\/cms\/\",\"name\":\"Padre y Decano - El Sitio del Pueblo\",\"description\":\"Club Atl\u00e9tico Pe\u00f1arol\",\"publisher\":{\"@id\":\"https:\/\/www.padreydecano.com\/cms\/#organization\"},\"potentialAction\":[{\"@type\":\"SearchAction\",\"target\":{\"@type\":\"EntryPoint\",\"urlTemplate\":\"https:\/\/www.padreydecano.com\/cms\/?s={search_term_string}\"},\"query-input\":\"required name=search_term_string\"}],\"inLanguage\":\"es\"},{\"@type\":\"Organization\",\"@id\":\"https:\/\/www.padreydecano.com\/cms\/#organization\",\"name\":\"Padre y Decano\",\"url\":\"https:\/\/www.padreydecano.com\/cms\/\",\"logo\":{\"@type\":\"ImageObject\",\"inLanguage\":\"es\",\"@id\":\"https:\/\/www.padreydecano.com\/cms\/#\/schema\/logo\/image\/\",\"url\":\"https:\/\/www.padreydecano.com\/cms\/wp-content\/uploads\/2022\/01\/avatar-square.png\",\"contentUrl\":\"https:\/\/www.padreydecano.com\/cms\/wp-content\/uploads\/2022\/01\/avatar-square.png\",\"width\":1500,\"height\":1500,\"caption\":\"Padre y Decano\"},\"image\":{\"@id\":\"https:\/\/www.padreydecano.com\/cms\/#\/schema\/logo\/image\/\"}},{\"@type\":\"Person\",\"@id\":\"https:\/\/www.padreydecano.com\/cms\/#\/schema\/person\/d93e9e537230ae052c194251d9a1def2\",\"name\":\"Moderador\",\"image\":{\"@type\":\"ImageObject\",\"inLanguage\":\"es\",\"@id\":\"https:\/\/www.padreydecano.com\/cms\/#\/schema\/person\/image\/\",\"url\":\"https:\/\/secure.gravatar.com\/avatar\/2587727bf8a53bd3da4ec49f01bea66e?s=96&d=https%3A%2F%2Fpadreydecano.com%2Fcms%2Fwp-content%2Fthemes%2Fpyd-theme%2Fimg%2Fdefault-avatar.png&r=g\",\"contentUrl\":\"https:\/\/secure.gravatar.com\/avatar\/2587727bf8a53bd3da4ec49f01bea66e?s=96&d=https%3A%2F%2Fpadreydecano.com%2Fcms%2Fwp-content%2Fthemes%2Fpyd-theme%2Fimg%2Fdefault-avatar.png&r=g\",\"caption\":\"Moderador\"}}]}<\/script>\n<!-- \/ Yoast SEO plugin. -->","yoast_head_json":{"title":"PYD Radio \u2013 Programa #8 - Padre y Decano - El Sitio del Pueblo","robots":{"index":"index","follow":"follow","max-snippet":"max-snippet:-1","max-image-preview":"max-image-preview:large","max-video-preview":"max-video-preview:-1"},"canonical":"https:\/\/www.padreydecano.com\/cms\/pyd-radio\/pyd-radio-programa-8\/","og_locale":"es_ES","og_type":"article","og_title":"PYD Radio \u2013 Programa #8 - Padre y Decano - El Sitio del Pueblo","og_description":"Reviv\u00ed el programa #8 de Padre y Decano Radio donde analizamos lo que dej\u00f3 el partido ante la IASA y proyectamos lo que puede ser el encuentro ante F\u00e9nix y el cl\u00e1sico. En materia de entrevistas, Kevin M\u00e9ndez y Juan Ahuntcha\u00edn hablaron con nosotros acerca del ascenso a los entrenamientos de primera, y en caso [&hellip;]","og_url":"https:\/\/www.padreydecano.com\/cms\/pyd-radio\/pyd-radio-programa-8\/","og_site_name":"Padre y Decano - El Sitio del Pueblo","article_published_time":"2013-11-16T04:17:38+00:00","og_image":[{"width":2048,"height":1152,"url":"https:\/\/www.padreydecano.com\/cms\/wp-content\/uploads\/2013\/11\/radio-aire.jpg","type":"image\/jpeg"}],"author":"Moderador","twitter_card":"summary_large_image","twitter_misc":{"Escrito por":"Moderador","Tiempo de lectura":"1 minuto"},"schema":{"@context":"https:\/\/schema.org","@graph":[{"@type":"Article","@id":"https:\/\/www.padreydecano.com\/cms\/pyd-radio\/pyd-radio-programa-8\/#article","isPartOf":{"@id":"https:\/\/www.padreydecano.com\/cms\/pyd-radio\/pyd-radio-programa-8\/"},"author":{"name":"Moderador","@id":"https:\/\/www.padreydecano.com\/cms\/#\/schema\/person\/d93e9e537230ae052c194251d9a1def2"},"headline":"PYD Radio \u2013 Programa #8","datePublished":"2013-11-16T04:17:38+00:00","dateModified":"2013-11-16T04:17:38+00:00","mainEntityOfPage":{"@id":"https:\/\/www.padreydecano.com\/cms\/pyd-radio\/pyd-radio-programa-8\/"},"wordCount":104,"commentCount":3,"publisher":{"@id":"https:\/\/www.padreydecano.com\/cms\/#organization"},"image":{"@id":"https:\/\/www.padreydecano.com\/cms\/pyd-radio\/pyd-radio-programa-8\/#primaryimage"},"thumbnailUrl":"https:\/\/www.padreydecano.com\/cms\/wp-content\/uploads\/2013\/11\/radio-aire.jpg","articleSection":["PYD Radio"],"inLanguage":"es","potentialAction":[{"@type":"CommentAction","name":"Comment","target":["https:\/\/www.padreydecano.com\/cms\/pyd-radio\/pyd-radio-programa-8\/#respond"]}]},{"@type":"WebPage","@id":"https:\/\/www.padreydecano.com\/cms\/pyd-radio\/pyd-radio-programa-8\/","url":"https:\/\/www.padreydecano.com\/cms\/pyd-radio\/pyd-radio-programa-8\/","name":"PYD Radio \u2013 Programa #8 - Padre y Decano - El Sitio del Pueblo","isPartOf":{"@id":"https:\/\/www.padreydecano.com\/cms\/#website"},"primaryImageOfPage":{"@id":"https:\/\/www.padreydecano.com\/cms\/pyd-radio\/pyd-radio-programa-8\/#primaryimage"},"image":{"@id":"https:\/\/www.padreydecano.com\/cms\/pyd-radio\/pyd-radio-programa-8\/#primaryimage"},"thumbnailUrl":"https:\/\/www.padreydecano.com\/cms\/wp-content\/uploads\/2013\/11\/radio-aire.jpg","datePublished":"2013-11-16T04:17:38+00:00","dateModified":"2013-11-16T04:17:38+00:00","breadcrumb":{"@id":"https:\/\/www.padreydecano.com\/cms\/pyd-radio\/pyd-radio-programa-8\/#breadcrumb"},"inLanguage":"es","potentialAction":[{"@type":"ReadAction","target":["https:\/\/www.padreydecano.com\/cms\/pyd-radio\/pyd-radio-programa-8\/"]}]},{"@type":"ImageObject","inLanguage":"es","@id":"https:\/\/www.padreydecano.com\/cms\/pyd-radio\/pyd-radio-programa-8\/#primaryimage","url":"https:\/\/www.padreydecano.com\/cms\/wp-content\/uploads\/2013\/11\/radio-aire.jpg","contentUrl":"https:\/\/www.padreydecano.com\/cms\/wp-content\/uploads\/2013\/11\/radio-aire.jpg","width":2048,"height":1152},{"@type":"BreadcrumbList","@id":"https:\/\/www.padreydecano.com\/cms\/pyd-radio\/pyd-radio-programa-8\/#breadcrumb","itemListElement":[{"@type":"ListItem","position":1,"name":"Portada","item":"https:\/\/www.padreydecano.com\/cms\/"},{"@type":"ListItem","position":2,"name":"PYD Radio \u2013 Programa #8"}]},{"@type":"WebSite","@id":"https:\/\/www.padreydecano.com\/cms\/#website","url":"https:\/\/www.padreydecano.com\/cms\/","name":"Padre y Decano - El Sitio del Pueblo","description":"Club Atl\u00e9tico Pe\u00f1arol","publisher":{"@id":"https:\/\/www.padreydecano.com\/cms\/#organization"},"potentialAction":[{"@type":"SearchAction","target":{"@type":"EntryPoint","urlTemplate":"https:\/\/www.padreydecano.com\/cms\/?s={search_term_string}"},"query-input":"required name=search_term_string"}],"inLanguage":"es"},{"@type":"Organization","@id":"https:\/\/www.padreydecano.com\/cms\/#organization","name":"Padre y Decano","url":"https:\/\/www.padreydecano.com\/cms\/","logo":{"@type":"ImageObject","inLanguage":"es","@id":"https:\/\/www.padreydecano.com\/cms\/#\/schema\/logo\/image\/","url":"https:\/\/www.padreydecano.com\/cms\/wp-content\/uploads\/2022\/01\/avatar-square.png","contentUrl":"https:\/\/www.padreydecano.com\/cms\/wp-content\/uploads\/2022\/01\/avatar-square.png","width":1500,"height":1500,"caption":"Padre y Decano"},"image":{"@id":"https:\/\/www.padreydecano.com\/cms\/#\/schema\/logo\/image\/"}},{"@type":"Person","@id":"https:\/\/www.padreydecano.com\/cms\/#\/schema\/person\/d93e9e537230ae052c194251d9a1def2","name":"Moderador","image":{"@type":"ImageObject","inLanguage":"es","@id":"https:\/\/www.padreydecano.com\/cms\/#\/schema\/person\/image\/","url":"https:\/\/secure.gravatar.com\/avatar\/2587727bf8a53bd3da4ec49f01bea66e?s=96&d=https%3A%2F%2Fpadreydecano.com%2Fcms%2Fwp-content%2Fthemes%2Fpyd-theme%2Fimg%2Fdefault-avatar.png&r=g","contentUrl":"https:\/\/secure.gravatar.com\/avatar\/2587727bf8a53bd3da4ec49f01bea66e?s=96&d=https%3A%2F%2Fpadreydecano.com%2Fcms%2Fwp-content%2Fthemes%2Fpyd-theme%2Fimg%2Fdefault-avatar.png&r=g","caption":"Moderador"}}]}},"_links":{"self":[{"href":"https:\/\/www.padreydecano.com\/cms\/wp-json\/wp\/v2\/posts\/42995"}],"collection":[{"href":"https:\/\/www.padreydecano.com\/cms\/wp-json\/wp\/v2\/posts"}],"about":[{"href":"https:\/\/www.padreydecano.com\/cms\/wp-json\/wp\/v2\/types\/post"}],"author":[{"embeddable":true,"href":"https:\/\/www.padreydecano.com\/cms\/wp-json\/wp\/v2\/users\/13"}],"replies":[{"embeddable":true,"href":"https:\/\/www.padreydecano.com\/cms\/wp-json\/wp\/v2\/comments?post=42995"}],"version-history":[{"count":0,"href":"https:\/\/www.padreydecano.com\/cms\/wp-json\/wp\/v2\/posts\/42995\/revisions"}],"wp:featuredmedia":[{"embeddable":true,"href":"https:\/\/www.padreydecano.com\/cms\/wp-json\/wp\/v2\/media\/42996"}],"wp:attachment":[{"href":"https:\/\/www.padreydecano.com\/cms\/wp-json\/wp\/v2\/media?parent=42995"}],"wp:term":[{"taxonomy":"category","embeddable":true,"href":"https:\/\/www.padreydecano.com\/cms\/wp-json\/wp\/v2\/categories?post=42995"},{"taxonomy":"post_tag","embeddable":true,"href":"https:\/\/www.padreydecano.com\/cms\/wp-json\/wp\/v2\/tags?post=42995"}],"curies":[{"name":"wp","href":"https:\/\/api.w.org\/{rel}","templated":true}]}}