{"id":42649,"date":"2013-11-02T13:22:08","date_gmt":"2013-11-02T15:22:08","guid":{"rendered":"http:\/\/www.padreydecano.com\/cms\/?p=42649"},"modified":"2013-11-02T13:22:08","modified_gmt":"2013-11-02T15:22:08","slug":"pyd-radio-programa-6","status":"publish","type":"post","link":"https:\/\/www.padreydecano.com\/cms\/pyd-radio\/pyd-radio-programa-6\/","title":{"rendered":"PYD Radio \u2013 Programa #6"},"content":{"rendered":"<p style=\"text-align: justify;\">Programa cargado de mucha opini\u00f3n en donde se habla de la crisis deportiva que est\u00e1 atravesando Pe\u00f1arol con un an\u00e1lisis minucioso encabezado por el Chavo. Adem\u00e1s se hizo la previa del partido ante Miramar Misiones y se repasaron las tres efem\u00e9rides de la semana: Copa Libertadores 1987, el cl\u00e1sico del 7 a 3 y la fuga por gripe. No te pod\u00e9s perder este programa que gener\u00f3 mucha pol\u00e9mica.<\/p>\n<div align=\"center\">\n<table class=\"video\">\n<tbody>\n<tr>\n<td><iframe loading=\"lazy\" src=\"\/\/www.youtube.com\/embed\/Zk4Z6eVJqP0?wmode=transparent\" height=\"315\" width=\"420\" allowfullscreen=\"\" frameborder=\"0\"><\/iframe><\/td>\n<\/tr>\n<\/tbody>\n<\/table>\n<\/div>\n","protected":false},"excerpt":{"rendered":"<p>Programa cargado de mucha opini\u00f3n en donde se habla de la crisis deportiva que est\u00e1 atravesando Pe\u00f1arol con un an\u00e1lisis minucioso encabezado por el Chavo. Adem\u00e1s se hizo la previa del partido ante Miramar Misiones y se repasaron las tres efem\u00e9rides de la semana: Copa Libertadores 1987, el cl\u00e1sico del 7 a 3 y la [&hellip;]<\/p>\n","protected":false},"author":13,"featured_media":42416,"comment_status":"open","ping_status":"closed","sticky":false,"template":"","format":"standard","meta":{"footnotes":""},"categories":[196],"tags":[],"yoast_head":"<!-- This site is optimized with the Yoast SEO plugin v23.2 - https:\/\/yoast.com\/wordpress\/plugins\/seo\/ -->\n<title>PYD Radio \u2013 Programa #6 - Padre y Decano - El Sitio del Pueblo<\/title>\n<meta name=\"robots\" content=\"index, follow, max-snippet:-1, max-image-preview:large, max-video-preview:-1\" \/>\n<link rel=\"canonical\" href=\"https:\/\/www.padreydecano.com\/cms\/pyd-radio\/pyd-radio-programa-6\/\" \/>\n<meta property=\"og:locale\" content=\"es_ES\" \/>\n<meta property=\"og:type\" content=\"article\" \/>\n<meta property=\"og:title\" content=\"PYD Radio \u2013 Programa #6 - Padre y Decano - El Sitio del Pueblo\" \/>\n<meta property=\"og:description\" content=\"Programa cargado de mucha opini\u00f3n en donde se habla de la crisis deportiva que est\u00e1 atravesando Pe\u00f1arol con un an\u00e1lisis minucioso encabezado por el Chavo. Adem\u00e1s se hizo la previa del partido ante Miramar Misiones y se repasaron las tres efem\u00e9rides de la semana: Copa Libertadores 1987, el cl\u00e1sico del 7 a 3 y la [&hellip;]\" \/>\n<meta property=\"og:url\" content=\"https:\/\/www.padreydecano.com\/cms\/pyd-radio\/pyd-radio-programa-6\/\" \/>\n<meta property=\"og:site_name\" content=\"Padre y Decano - El Sitio del Pueblo\" \/>\n<meta property=\"article:published_time\" content=\"2013-11-02T15:22:08+00:00\" \/>\n<meta property=\"og:image\" content=\"https:\/\/www.padreydecano.com\/cms\/wp-content\/uploads\/2013\/10\/pydradio.jpg\" \/>\n\t<meta property=\"og:image:width\" content=\"640\" \/>\n\t<meta property=\"og:image:height\" content=\"640\" \/>\n\t<meta property=\"og:image:type\" content=\"image\/jpeg\" \/>\n<meta name=\"author\" content=\"Moderador\" \/>\n<meta name=\"twitter:card\" content=\"summary_large_image\" \/>\n<meta name=\"twitter:label1\" content=\"Escrito por\" \/>\n\t<meta name=\"twitter:data1\" content=\"Moderador\" \/>\n<script type=\"application\/ld+json\" class=\"yoast-schema-graph\">{\"@context\":\"https:\/\/schema.org\",\"@graph\":[{\"@type\":\"Article\",\"@id\":\"https:\/\/www.padreydecano.com\/cms\/pyd-radio\/pyd-radio-programa-6\/#article\",\"isPartOf\":{\"@id\":\"https:\/\/www.padreydecano.com\/cms\/pyd-radio\/pyd-radio-programa-6\/\"},\"author\":{\"name\":\"Moderador\",\"@id\":\"https:\/\/www.padreydecano.com\/cms\/#\/schema\/person\/d93e9e537230ae052c194251d9a1def2\"},\"headline\":\"PYD Radio \u2013 Programa #6\",\"datePublished\":\"2013-11-02T15:22:08+00:00\",\"dateModified\":\"2013-11-02T15:22:08+00:00\",\"mainEntityOfPage\":{\"@id\":\"https:\/\/www.padreydecano.com\/cms\/pyd-radio\/pyd-radio-programa-6\/\"},\"wordCount\":76,\"commentCount\":2,\"publisher\":{\"@id\":\"https:\/\/www.padreydecano.com\/cms\/#organization\"},\"image\":{\"@id\":\"https:\/\/www.padreydecano.com\/cms\/pyd-radio\/pyd-radio-programa-6\/#primaryimage\"},\"thumbnailUrl\":\"https:\/\/www.padreydecano.com\/cms\/wp-content\/uploads\/2013\/10\/pydradio.jpg\",\"articleSection\":[\"PYD Radio\"],\"inLanguage\":\"es\",\"potentialAction\":[{\"@type\":\"CommentAction\",\"name\":\"Comment\",\"target\":[\"https:\/\/www.padreydecano.com\/cms\/pyd-radio\/pyd-radio-programa-6\/#respond\"]}]},{\"@type\":\"WebPage\",\"@id\":\"https:\/\/www.padreydecano.com\/cms\/pyd-radio\/pyd-radio-programa-6\/\",\"url\":\"https:\/\/www.padreydecano.com\/cms\/pyd-radio\/pyd-radio-programa-6\/\",\"name\":\"PYD Radio \u2013 Programa #6 - Padre y Decano - El Sitio del Pueblo\",\"isPartOf\":{\"@id\":\"https:\/\/www.padreydecano.com\/cms\/#website\"},\"primaryImageOfPage\":{\"@id\":\"https:\/\/www.padreydecano.com\/cms\/pyd-radio\/pyd-radio-programa-6\/#primaryimage\"},\"image\":{\"@id\":\"https:\/\/www.padreydecano.com\/cms\/pyd-radio\/pyd-radio-programa-6\/#primaryimage\"},\"thumbnailUrl\":\"https:\/\/www.padreydecano.com\/cms\/wp-content\/uploads\/2013\/10\/pydradio.jpg\",\"datePublished\":\"2013-11-02T15:22:08+00:00\",\"dateModified\":\"2013-11-02T15:22:08+00:00\",\"breadcrumb\":{\"@id\":\"https:\/\/www.padreydecano.com\/cms\/pyd-radio\/pyd-radio-programa-6\/#breadcrumb\"},\"inLanguage\":\"es\",\"potentialAction\":[{\"@type\":\"ReadAction\",\"target\":[\"https:\/\/www.padreydecano.com\/cms\/pyd-radio\/pyd-radio-programa-6\/\"]}]},{\"@type\":\"ImageObject\",\"inLanguage\":\"es\",\"@id\":\"https:\/\/www.padreydecano.com\/cms\/pyd-radio\/pyd-radio-programa-6\/#primaryimage\",\"url\":\"https:\/\/www.padreydecano.com\/cms\/wp-content\/uploads\/2013\/10\/pydradio.jpg\",\"contentUrl\":\"https:\/\/www.padreydecano.com\/cms\/wp-content\/uploads\/2013\/10\/pydradio.jpg\",\"width\":640,\"height\":640},{\"@type\":\"BreadcrumbList\",\"@id\":\"https:\/\/www.padreydecano.com\/cms\/pyd-radio\/pyd-radio-programa-6\/#breadcrumb\",\"itemListElement\":[{\"@type\":\"ListItem\",\"position\":1,\"name\":\"Portada\",\"item\":\"https:\/\/www.padreydecano.com\/cms\/\"},{\"@type\":\"ListItem\",\"position\":2,\"name\":\"PYD Radio \u2013 Programa #6\"}]},{\"@type\":\"WebSite\",\"@id\":\"https:\/\/www.padreydecano.com\/cms\/#website\",\"url\":\"https:\/\/www.padreydecano.com\/cms\/\",\"name\":\"Padre y Decano - El Sitio del Pueblo\",\"description\":\"Club Atl\u00e9tico Pe\u00f1arol\",\"publisher\":{\"@id\":\"https:\/\/www.padreydecano.com\/cms\/#organization\"},\"potentialAction\":[{\"@type\":\"SearchAction\",\"target\":{\"@type\":\"EntryPoint\",\"urlTemplate\":\"https:\/\/www.padreydecano.com\/cms\/?s={search_term_string}\"},\"query-input\":\"required name=search_term_string\"}],\"inLanguage\":\"es\"},{\"@type\":\"Organization\",\"@id\":\"https:\/\/www.padreydecano.com\/cms\/#organization\",\"name\":\"Padre y Decano\",\"url\":\"https:\/\/www.padreydecano.com\/cms\/\",\"logo\":{\"@type\":\"ImageObject\",\"inLanguage\":\"es\",\"@id\":\"https:\/\/www.padreydecano.com\/cms\/#\/schema\/logo\/image\/\",\"url\":\"https:\/\/www.padreydecano.com\/cms\/wp-content\/uploads\/2022\/01\/avatar-square.png\",\"contentUrl\":\"https:\/\/www.padreydecano.com\/cms\/wp-content\/uploads\/2022\/01\/avatar-square.png\",\"width\":1500,\"height\":1500,\"caption\":\"Padre y Decano\"},\"image\":{\"@id\":\"https:\/\/www.padreydecano.com\/cms\/#\/schema\/logo\/image\/\"}},{\"@type\":\"Person\",\"@id\":\"https:\/\/www.padreydecano.com\/cms\/#\/schema\/person\/d93e9e537230ae052c194251d9a1def2\",\"name\":\"Moderador\",\"image\":{\"@type\":\"ImageObject\",\"inLanguage\":\"es\",\"@id\":\"https:\/\/www.padreydecano.com\/cms\/#\/schema\/person\/image\/\",\"url\":\"https:\/\/secure.gravatar.com\/avatar\/2587727bf8a53bd3da4ec49f01bea66e?s=96&d=https%3A%2F%2Fpadreydecano.com%2Fcms%2Fwp-content%2Fthemes%2Fpyd-theme%2Fimg%2Fdefault-avatar.png&r=g\",\"contentUrl\":\"https:\/\/secure.gravatar.com\/avatar\/2587727bf8a53bd3da4ec49f01bea66e?s=96&d=https%3A%2F%2Fpadreydecano.com%2Fcms%2Fwp-content%2Fthemes%2Fpyd-theme%2Fimg%2Fdefault-avatar.png&r=g\",\"caption\":\"Moderador\"}}]}<\/script>\n<!-- \/ Yoast SEO plugin. -->","yoast_head_json":{"title":"PYD Radio \u2013 Programa #6 - Padre y Decano - El Sitio del Pueblo","robots":{"index":"index","follow":"follow","max-snippet":"max-snippet:-1","max-image-preview":"max-image-preview:large","max-video-preview":"max-video-preview:-1"},"canonical":"https:\/\/www.padreydecano.com\/cms\/pyd-radio\/pyd-radio-programa-6\/","og_locale":"es_ES","og_type":"article","og_title":"PYD Radio \u2013 Programa #6 - Padre y Decano - El Sitio del Pueblo","og_description":"Programa cargado de mucha opini\u00f3n en donde se habla de la crisis deportiva que est\u00e1 atravesando Pe\u00f1arol con un an\u00e1lisis minucioso encabezado por el Chavo. Adem\u00e1s se hizo la previa del partido ante Miramar Misiones y se repasaron las tres efem\u00e9rides de la semana: Copa Libertadores 1987, el cl\u00e1sico del 7 a 3 y la [&hellip;]","og_url":"https:\/\/www.padreydecano.com\/cms\/pyd-radio\/pyd-radio-programa-6\/","og_site_name":"Padre y Decano - El Sitio del Pueblo","article_published_time":"2013-11-02T15:22:08+00:00","og_image":[{"width":640,"height":640,"url":"https:\/\/www.padreydecano.com\/cms\/wp-content\/uploads\/2013\/10\/pydradio.jpg","type":"image\/jpeg"}],"author":"Moderador","twitter_card":"summary_large_image","twitter_misc":{"Escrito por":"Moderador"},"schema":{"@context":"https:\/\/schema.org","@graph":[{"@type":"Article","@id":"https:\/\/www.padreydecano.com\/cms\/pyd-radio\/pyd-radio-programa-6\/#article","isPartOf":{"@id":"https:\/\/www.padreydecano.com\/cms\/pyd-radio\/pyd-radio-programa-6\/"},"author":{"name":"Moderador","@id":"https:\/\/www.padreydecano.com\/cms\/#\/schema\/person\/d93e9e537230ae052c194251d9a1def2"},"headline":"PYD Radio \u2013 Programa #6","datePublished":"2013-11-02T15:22:08+00:00","dateModified":"2013-11-02T15:22:08+00:00","mainEntityOfPage":{"@id":"https:\/\/www.padreydecano.com\/cms\/pyd-radio\/pyd-radio-programa-6\/"},"wordCount":76,"commentCount":2,"publisher":{"@id":"https:\/\/www.padreydecano.com\/cms\/#organization"},"image":{"@id":"https:\/\/www.padreydecano.com\/cms\/pyd-radio\/pyd-radio-programa-6\/#primaryimage"},"thumbnailUrl":"https:\/\/www.padreydecano.com\/cms\/wp-content\/uploads\/2013\/10\/pydradio.jpg","articleSection":["PYD Radio"],"inLanguage":"es","potentialAction":[{"@type":"CommentAction","name":"Comment","target":["https:\/\/www.padreydecano.com\/cms\/pyd-radio\/pyd-radio-programa-6\/#respond"]}]},{"@type":"WebPage","@id":"https:\/\/www.padreydecano.com\/cms\/pyd-radio\/pyd-radio-programa-6\/","url":"https:\/\/www.padreydecano.com\/cms\/pyd-radio\/pyd-radio-programa-6\/","name":"PYD Radio \u2013 Programa #6 - Padre y Decano - El Sitio del Pueblo","isPartOf":{"@id":"https:\/\/www.padreydecano.com\/cms\/#website"},"primaryImageOfPage":{"@id":"https:\/\/www.padreydecano.com\/cms\/pyd-radio\/pyd-radio-programa-6\/#primaryimage"},"image":{"@id":"https:\/\/www.padreydecano.com\/cms\/pyd-radio\/pyd-radio-programa-6\/#primaryimage"},"thumbnailUrl":"https:\/\/www.padreydecano.com\/cms\/wp-content\/uploads\/2013\/10\/pydradio.jpg","datePublished":"2013-11-02T15:22:08+00:00","dateModified":"2013-11-02T15:22:08+00:00","breadcrumb":{"@id":"https:\/\/www.padreydecano.com\/cms\/pyd-radio\/pyd-radio-programa-6\/#breadcrumb"},"inLanguage":"es","potentialAction":[{"@type":"ReadAction","target":["https:\/\/www.padreydecano.com\/cms\/pyd-radio\/pyd-radio-programa-6\/"]}]},{"@type":"ImageObject","inLanguage":"es","@id":"https:\/\/www.padreydecano.com\/cms\/pyd-radio\/pyd-radio-programa-6\/#primaryimage","url":"https:\/\/www.padreydecano.com\/cms\/wp-content\/uploads\/2013\/10\/pydradio.jpg","contentUrl":"https:\/\/www.padreydecano.com\/cms\/wp-content\/uploads\/2013\/10\/pydradio.jpg","width":640,"height":640},{"@type":"BreadcrumbList","@id":"https:\/\/www.padreydecano.com\/cms\/pyd-radio\/pyd-radio-programa-6\/#breadcrumb","itemListElement":[{"@type":"ListItem","position":1,"name":"Portada","item":"https:\/\/www.padreydecano.com\/cms\/"},{"@type":"ListItem","position":2,"name":"PYD Radio \u2013 Programa #6"}]},{"@type":"WebSite","@id":"https:\/\/www.padreydecano.com\/cms\/#website","url":"https:\/\/www.padreydecano.com\/cms\/","name":"Padre y Decano - El Sitio del Pueblo","description":"Club Atl\u00e9tico Pe\u00f1arol","publisher":{"@id":"https:\/\/www.padreydecano.com\/cms\/#organization"},"potentialAction":[{"@type":"SearchAction","target":{"@type":"EntryPoint","urlTemplate":"https:\/\/www.padreydecano.com\/cms\/?s={search_term_string}"},"query-input":"required name=search_term_string"}],"inLanguage":"es"},{"@type":"Organization","@id":"https:\/\/www.padreydecano.com\/cms\/#organization","name":"Padre y Decano","url":"https:\/\/www.padreydecano.com\/cms\/","logo":{"@type":"ImageObject","inLanguage":"es","@id":"https:\/\/www.padreydecano.com\/cms\/#\/schema\/logo\/image\/","url":"https:\/\/www.padreydecano.com\/cms\/wp-content\/uploads\/2022\/01\/avatar-square.png","contentUrl":"https:\/\/www.padreydecano.com\/cms\/wp-content\/uploads\/2022\/01\/avatar-square.png","width":1500,"height":1500,"caption":"Padre y Decano"},"image":{"@id":"https:\/\/www.padreydecano.com\/cms\/#\/schema\/logo\/image\/"}},{"@type":"Person","@id":"https:\/\/www.padreydecano.com\/cms\/#\/schema\/person\/d93e9e537230ae052c194251d9a1def2","name":"Moderador","image":{"@type":"ImageObject","inLanguage":"es","@id":"https:\/\/www.padreydecano.com\/cms\/#\/schema\/person\/image\/","url":"https:\/\/secure.gravatar.com\/avatar\/2587727bf8a53bd3da4ec49f01bea66e?s=96&d=https%3A%2F%2Fpadreydecano.com%2Fcms%2Fwp-content%2Fthemes%2Fpyd-theme%2Fimg%2Fdefault-avatar.png&r=g","contentUrl":"https:\/\/secure.gravatar.com\/avatar\/2587727bf8a53bd3da4ec49f01bea66e?s=96&d=https%3A%2F%2Fpadreydecano.com%2Fcms%2Fwp-content%2Fthemes%2Fpyd-theme%2Fimg%2Fdefault-avatar.png&r=g","caption":"Moderador"}}]}},"_links":{"self":[{"href":"https:\/\/www.padreydecano.com\/cms\/wp-json\/wp\/v2\/posts\/42649"}],"collection":[{"href":"https:\/\/www.padreydecano.com\/cms\/wp-json\/wp\/v2\/posts"}],"about":[{"href":"https:\/\/www.padreydecano.com\/cms\/wp-json\/wp\/v2\/types\/post"}],"author":[{"embeddable":true,"href":"https:\/\/www.padreydecano.com\/cms\/wp-json\/wp\/v2\/users\/13"}],"replies":[{"embeddable":true,"href":"https:\/\/www.padreydecano.com\/cms\/wp-json\/wp\/v2\/comments?post=42649"}],"version-history":[{"count":0,"href":"https:\/\/www.padreydecano.com\/cms\/wp-json\/wp\/v2\/posts\/42649\/revisions"}],"wp:featuredmedia":[{"embeddable":true,"href":"https:\/\/www.padreydecano.com\/cms\/wp-json\/wp\/v2\/media\/42416"}],"wp:attachment":[{"href":"https:\/\/www.padreydecano.com\/cms\/wp-json\/wp\/v2\/media?parent=42649"}],"wp:term":[{"taxonomy":"category","embeddable":true,"href":"https:\/\/www.padreydecano.com\/cms\/wp-json\/wp\/v2\/categories?post=42649"},{"taxonomy":"post_tag","embeddable":true,"href":"https:\/\/www.padreydecano.com\/cms\/wp-json\/wp\/v2\/tags?post=42649"}],"curies":[{"name":"wp","href":"https:\/\/api.w.org\/{rel}","templated":true}]}}