{"id":42295,"date":"2013-10-10T17:42:54","date_gmt":"2013-10-10T19:42:54","guid":{"rendered":"http:\/\/www.padreydecano.com\/cms\/?p=42295"},"modified":"2013-10-10T21:12:31","modified_gmt":"2013-10-10T23:12:31","slug":"pyd-radio-programa-3","status":"publish","type":"post","link":"https:\/\/www.padreydecano.com\/cms\/pyd-radio\/pyd-radio-programa-3\/","title":{"rendered":"PYD Radio \u2013 Programa #3"},"content":{"rendered":"<p style=\"text-align: justify;\">Compartimos el tercer programa de Padre y Decano Radio en el cual repasamos la<strong> salida de Diego Alonso y la llegada del Tito Gon\u00e7alvez.<\/strong> El tema Estadio estuvo sobre la mesa y por eso <strong>entrevistamos a Carlos\u00a0Scherschener por el Movimiento 2809 y a Rodolfo Catino por el oficialismo.<\/strong> Se habl\u00f3 de los cambios en el proyecto, se repasaron cifras y se expresaron las expectativas de la Asamblea Representativa que define todo. Por \u00faltimo, <strong>se record\u00f3 el hist\u00f3rico Cl\u00e1sico de la Fuga del 9 de octubre de 1949.<\/strong> Adem\u00e1s de la lectura de los tweets de #LaFugadel49, el Chavo repas\u00f3 los hechos m\u00e1s importantes de aquel partido y dej\u00f3 un mensaje final.<\/p>\n<p style=\"text-align: justify;\">Lamentablemente por problemas ajenos a nosotros, el programa no pudo salir online, por lo que solo nos escucharon quienes nos sintonizaron en la radio (1130 AM). Si te perdiste el programa, esta es tu oportunidad de escucharlo:<\/p>\n<div align=\"center\">\n<table class=\"video\">\n<tbody>\n<tr>\n<td><iframe loading=\"lazy\" src=\"\/\/www.youtube.com\/embed\/Vcki5ojyFic\" height=\"315\" width=\"420\" allowfullscreen=\"\" frameborder=\"0\"><\/iframe><\/td>\n<\/tr>\n<\/tbody>\n<\/table>\n<\/div>\n","protected":false},"excerpt":{"rendered":"<p>Compartimos el tercer programa de Padre y Decano Radio en el cual repasamos la salida de Diego Alonso y la llegada del Tito Gon\u00e7alvez. El tema Estadio estuvo sobre la mesa y por eso entrevistamos a Carlos\u00a0Scherschener por el Movimiento 2809 y a Rodolfo Catino por el oficialismo. Se habl\u00f3 de los cambios en el [&hellip;]<\/p>\n","protected":false},"author":16,"featured_media":42296,"comment_status":"open","ping_status":"closed","sticky":false,"template":"","format":"standard","meta":{"footnotes":""},"categories":[196],"tags":[],"yoast_head":"<!-- This site is optimized with the Yoast SEO plugin v23.2 - https:\/\/yoast.com\/wordpress\/plugins\/seo\/ -->\n<title>PYD Radio \u2013 Programa #3 - Padre y Decano - El Sitio del Pueblo<\/title>\n<meta name=\"robots\" content=\"index, follow, max-snippet:-1, max-image-preview:large, max-video-preview:-1\" \/>\n<link rel=\"canonical\" href=\"https:\/\/www.padreydecano.com\/cms\/pyd-radio\/pyd-radio-programa-3\/\" \/>\n<meta property=\"og:locale\" content=\"es_ES\" \/>\n<meta property=\"og:type\" content=\"article\" \/>\n<meta property=\"og:title\" content=\"PYD Radio \u2013 Programa #3 - Padre y Decano - El Sitio del Pueblo\" \/>\n<meta property=\"og:description\" content=\"Compartimos el tercer programa de Padre y Decano Radio en el cual repasamos la salida de Diego Alonso y la llegada del Tito Gon\u00e7alvez. El tema Estadio estuvo sobre la mesa y por eso entrevistamos a Carlos\u00a0Scherschener por el Movimiento 2809 y a Rodolfo Catino por el oficialismo. Se habl\u00f3 de los cambios en el [&hellip;]\" \/>\n<meta property=\"og:url\" content=\"https:\/\/www.padreydecano.com\/cms\/pyd-radio\/pyd-radio-programa-3\/\" \/>\n<meta property=\"og:site_name\" content=\"Padre y Decano - El Sitio del Pueblo\" \/>\n<meta property=\"article:published_time\" content=\"2013-10-10T19:42:54+00:00\" \/>\n<meta property=\"article:modified_time\" content=\"2013-10-10T23:12:31+00:00\" \/>\n<meta property=\"og:image\" content=\"https:\/\/www.padreydecano.com\/cms\/wp-content\/uploads\/2013\/10\/radio.jpg\" \/>\n\t<meta property=\"og:image:width\" content=\"800\" \/>\n\t<meta property=\"og:image:height\" content=\"530\" \/>\n\t<meta property=\"og:image:type\" content=\"image\/jpeg\" \/>\n<meta name=\"author\" content=\"mariano\" \/>\n<meta name=\"twitter:card\" content=\"summary_large_image\" \/>\n<meta name=\"twitter:label1\" content=\"Escrito por\" \/>\n\t<meta name=\"twitter:data1\" content=\"mariano\" \/>\n\t<meta name=\"twitter:label2\" content=\"Tiempo de lectura\" \/>\n\t<meta name=\"twitter:data2\" content=\"1 minuto\" \/>\n<script type=\"application\/ld+json\" class=\"yoast-schema-graph\">{\"@context\":\"https:\/\/schema.org\",\"@graph\":[{\"@type\":\"Article\",\"@id\":\"https:\/\/www.padreydecano.com\/cms\/pyd-radio\/pyd-radio-programa-3\/#article\",\"isPartOf\":{\"@id\":\"https:\/\/www.padreydecano.com\/cms\/pyd-radio\/pyd-radio-programa-3\/\"},\"author\":{\"name\":\"mariano\",\"@id\":\"https:\/\/www.padreydecano.com\/cms\/#\/schema\/person\/da0f0e72c91242bc7c270c61c9798d01\"},\"headline\":\"PYD Radio \u2013 Programa #3\",\"datePublished\":\"2013-10-10T19:42:54+00:00\",\"dateModified\":\"2013-10-10T23:12:31+00:00\",\"mainEntityOfPage\":{\"@id\":\"https:\/\/www.padreydecano.com\/cms\/pyd-radio\/pyd-radio-programa-3\/\"},\"wordCount\":153,\"commentCount\":8,\"publisher\":{\"@id\":\"https:\/\/www.padreydecano.com\/cms\/#organization\"},\"image\":{\"@id\":\"https:\/\/www.padreydecano.com\/cms\/pyd-radio\/pyd-radio-programa-3\/#primaryimage\"},\"thumbnailUrl\":\"https:\/\/www.padreydecano.com\/cms\/wp-content\/uploads\/2013\/10\/radio.jpg\",\"articleSection\":[\"PYD Radio\"],\"inLanguage\":\"es\",\"potentialAction\":[{\"@type\":\"CommentAction\",\"name\":\"Comment\",\"target\":[\"https:\/\/www.padreydecano.com\/cms\/pyd-radio\/pyd-radio-programa-3\/#respond\"]}]},{\"@type\":\"WebPage\",\"@id\":\"https:\/\/www.padreydecano.com\/cms\/pyd-radio\/pyd-radio-programa-3\/\",\"url\":\"https:\/\/www.padreydecano.com\/cms\/pyd-radio\/pyd-radio-programa-3\/\",\"name\":\"PYD Radio \u2013 Programa #3 - Padre y Decano - El Sitio del Pueblo\",\"isPartOf\":{\"@id\":\"https:\/\/www.padreydecano.com\/cms\/#website\"},\"primaryImageOfPage\":{\"@id\":\"https:\/\/www.padreydecano.com\/cms\/pyd-radio\/pyd-radio-programa-3\/#primaryimage\"},\"image\":{\"@id\":\"https:\/\/www.padreydecano.com\/cms\/pyd-radio\/pyd-radio-programa-3\/#primaryimage\"},\"thumbnailUrl\":\"https:\/\/www.padreydecano.com\/cms\/wp-content\/uploads\/2013\/10\/radio.jpg\",\"datePublished\":\"2013-10-10T19:42:54+00:00\",\"dateModified\":\"2013-10-10T23:12:31+00:00\",\"breadcrumb\":{\"@id\":\"https:\/\/www.padreydecano.com\/cms\/pyd-radio\/pyd-radio-programa-3\/#breadcrumb\"},\"inLanguage\":\"es\",\"potentialAction\":[{\"@type\":\"ReadAction\",\"target\":[\"https:\/\/www.padreydecano.com\/cms\/pyd-radio\/pyd-radio-programa-3\/\"]}]},{\"@type\":\"ImageObject\",\"inLanguage\":\"es\",\"@id\":\"https:\/\/www.padreydecano.com\/cms\/pyd-radio\/pyd-radio-programa-3\/#primaryimage\",\"url\":\"https:\/\/www.padreydecano.com\/cms\/wp-content\/uploads\/2013\/10\/radio.jpg\",\"contentUrl\":\"https:\/\/www.padreydecano.com\/cms\/wp-content\/uploads\/2013\/10\/radio.jpg\",\"width\":800,\"height\":530},{\"@type\":\"BreadcrumbList\",\"@id\":\"https:\/\/www.padreydecano.com\/cms\/pyd-radio\/pyd-radio-programa-3\/#breadcrumb\",\"itemListElement\":[{\"@type\":\"ListItem\",\"position\":1,\"name\":\"Portada\",\"item\":\"https:\/\/www.padreydecano.com\/cms\/\"},{\"@type\":\"ListItem\",\"position\":2,\"name\":\"PYD Radio \u2013 Programa #3\"}]},{\"@type\":\"WebSite\",\"@id\":\"https:\/\/www.padreydecano.com\/cms\/#website\",\"url\":\"https:\/\/www.padreydecano.com\/cms\/\",\"name\":\"Padre y Decano - El Sitio del Pueblo\",\"description\":\"Club Atl\u00e9tico Pe\u00f1arol\",\"publisher\":{\"@id\":\"https:\/\/www.padreydecano.com\/cms\/#organization\"},\"potentialAction\":[{\"@type\":\"SearchAction\",\"target\":{\"@type\":\"EntryPoint\",\"urlTemplate\":\"https:\/\/www.padreydecano.com\/cms\/?s={search_term_string}\"},\"query-input\":\"required name=search_term_string\"}],\"inLanguage\":\"es\"},{\"@type\":\"Organization\",\"@id\":\"https:\/\/www.padreydecano.com\/cms\/#organization\",\"name\":\"Padre y Decano\",\"url\":\"https:\/\/www.padreydecano.com\/cms\/\",\"logo\":{\"@type\":\"ImageObject\",\"inLanguage\":\"es\",\"@id\":\"https:\/\/www.padreydecano.com\/cms\/#\/schema\/logo\/image\/\",\"url\":\"https:\/\/www.padreydecano.com\/cms\/wp-content\/uploads\/2022\/01\/avatar-square.png\",\"contentUrl\":\"https:\/\/www.padreydecano.com\/cms\/wp-content\/uploads\/2022\/01\/avatar-square.png\",\"width\":1500,\"height\":1500,\"caption\":\"Padre y Decano\"},\"image\":{\"@id\":\"https:\/\/www.padreydecano.com\/cms\/#\/schema\/logo\/image\/\"}},{\"@type\":\"Person\",\"@id\":\"https:\/\/www.padreydecano.com\/cms\/#\/schema\/person\/da0f0e72c91242bc7c270c61c9798d01\",\"name\":\"mariano\",\"image\":{\"@type\":\"ImageObject\",\"inLanguage\":\"es\",\"@id\":\"https:\/\/www.padreydecano.com\/cms\/#\/schema\/person\/image\/\",\"url\":\"https:\/\/secure.gravatar.com\/avatar\/771335714915d00ec253a5e994c2f830?s=96&d=https%3A%2F%2Fpadreydecano.com%2Fcms%2Fwp-content%2Fthemes%2Fpyd-theme%2Fimg%2Fdefault-avatar.png&r=g\",\"contentUrl\":\"https:\/\/secure.gravatar.com\/avatar\/771335714915d00ec253a5e994c2f830?s=96&d=https%3A%2F%2Fpadreydecano.com%2Fcms%2Fwp-content%2Fthemes%2Fpyd-theme%2Fimg%2Fdefault-avatar.png&r=g\",\"caption\":\"mariano\"}}]}<\/script>\n<!-- \/ Yoast SEO plugin. -->","yoast_head_json":{"title":"PYD Radio \u2013 Programa #3 - Padre y Decano - El Sitio del Pueblo","robots":{"index":"index","follow":"follow","max-snippet":"max-snippet:-1","max-image-preview":"max-image-preview:large","max-video-preview":"max-video-preview:-1"},"canonical":"https:\/\/www.padreydecano.com\/cms\/pyd-radio\/pyd-radio-programa-3\/","og_locale":"es_ES","og_type":"article","og_title":"PYD Radio \u2013 Programa #3 - Padre y Decano - El Sitio del Pueblo","og_description":"Compartimos el tercer programa de Padre y Decano Radio en el cual repasamos la salida de Diego Alonso y la llegada del Tito Gon\u00e7alvez. El tema Estadio estuvo sobre la mesa y por eso entrevistamos a Carlos\u00a0Scherschener por el Movimiento 2809 y a Rodolfo Catino por el oficialismo. Se habl\u00f3 de los cambios en el [&hellip;]","og_url":"https:\/\/www.padreydecano.com\/cms\/pyd-radio\/pyd-radio-programa-3\/","og_site_name":"Padre y Decano - El Sitio del Pueblo","article_published_time":"2013-10-10T19:42:54+00:00","article_modified_time":"2013-10-10T23:12:31+00:00","og_image":[{"width":800,"height":530,"url":"https:\/\/www.padreydecano.com\/cms\/wp-content\/uploads\/2013\/10\/radio.jpg","type":"image\/jpeg"}],"author":"mariano","twitter_card":"summary_large_image","twitter_misc":{"Escrito por":"mariano","Tiempo de lectura":"1 minuto"},"schema":{"@context":"https:\/\/schema.org","@graph":[{"@type":"Article","@id":"https:\/\/www.padreydecano.com\/cms\/pyd-radio\/pyd-radio-programa-3\/#article","isPartOf":{"@id":"https:\/\/www.padreydecano.com\/cms\/pyd-radio\/pyd-radio-programa-3\/"},"author":{"name":"mariano","@id":"https:\/\/www.padreydecano.com\/cms\/#\/schema\/person\/da0f0e72c91242bc7c270c61c9798d01"},"headline":"PYD Radio \u2013 Programa #3","datePublished":"2013-10-10T19:42:54+00:00","dateModified":"2013-10-10T23:12:31+00:00","mainEntityOfPage":{"@id":"https:\/\/www.padreydecano.com\/cms\/pyd-radio\/pyd-radio-programa-3\/"},"wordCount":153,"commentCount":8,"publisher":{"@id":"https:\/\/www.padreydecano.com\/cms\/#organization"},"image":{"@id":"https:\/\/www.padreydecano.com\/cms\/pyd-radio\/pyd-radio-programa-3\/#primaryimage"},"thumbnailUrl":"https:\/\/www.padreydecano.com\/cms\/wp-content\/uploads\/2013\/10\/radio.jpg","articleSection":["PYD Radio"],"inLanguage":"es","potentialAction":[{"@type":"CommentAction","name":"Comment","target":["https:\/\/www.padreydecano.com\/cms\/pyd-radio\/pyd-radio-programa-3\/#respond"]}]},{"@type":"WebPage","@id":"https:\/\/www.padreydecano.com\/cms\/pyd-radio\/pyd-radio-programa-3\/","url":"https:\/\/www.padreydecano.com\/cms\/pyd-radio\/pyd-radio-programa-3\/","name":"PYD Radio \u2013 Programa #3 - Padre y Decano - El Sitio del Pueblo","isPartOf":{"@id":"https:\/\/www.padreydecano.com\/cms\/#website"},"primaryImageOfPage":{"@id":"https:\/\/www.padreydecano.com\/cms\/pyd-radio\/pyd-radio-programa-3\/#primaryimage"},"image":{"@id":"https:\/\/www.padreydecano.com\/cms\/pyd-radio\/pyd-radio-programa-3\/#primaryimage"},"thumbnailUrl":"https:\/\/www.padreydecano.com\/cms\/wp-content\/uploads\/2013\/10\/radio.jpg","datePublished":"2013-10-10T19:42:54+00:00","dateModified":"2013-10-10T23:12:31+00:00","breadcrumb":{"@id":"https:\/\/www.padreydecano.com\/cms\/pyd-radio\/pyd-radio-programa-3\/#breadcrumb"},"inLanguage":"es","potentialAction":[{"@type":"ReadAction","target":["https:\/\/www.padreydecano.com\/cms\/pyd-radio\/pyd-radio-programa-3\/"]}]},{"@type":"ImageObject","inLanguage":"es","@id":"https:\/\/www.padreydecano.com\/cms\/pyd-radio\/pyd-radio-programa-3\/#primaryimage","url":"https:\/\/www.padreydecano.com\/cms\/wp-content\/uploads\/2013\/10\/radio.jpg","contentUrl":"https:\/\/www.padreydecano.com\/cms\/wp-content\/uploads\/2013\/10\/radio.jpg","width":800,"height":530},{"@type":"BreadcrumbList","@id":"https:\/\/www.padreydecano.com\/cms\/pyd-radio\/pyd-radio-programa-3\/#breadcrumb","itemListElement":[{"@type":"ListItem","position":1,"name":"Portada","item":"https:\/\/www.padreydecano.com\/cms\/"},{"@type":"ListItem","position":2,"name":"PYD Radio \u2013 Programa #3"}]},{"@type":"WebSite","@id":"https:\/\/www.padreydecano.com\/cms\/#website","url":"https:\/\/www.padreydecano.com\/cms\/","name":"Padre y Decano - El Sitio del Pueblo","description":"Club Atl\u00e9tico Pe\u00f1arol","publisher":{"@id":"https:\/\/www.padreydecano.com\/cms\/#organization"},"potentialAction":[{"@type":"SearchAction","target":{"@type":"EntryPoint","urlTemplate":"https:\/\/www.padreydecano.com\/cms\/?s={search_term_string}"},"query-input":"required name=search_term_string"}],"inLanguage":"es"},{"@type":"Organization","@id":"https:\/\/www.padreydecano.com\/cms\/#organization","name":"Padre y Decano","url":"https:\/\/www.padreydecano.com\/cms\/","logo":{"@type":"ImageObject","inLanguage":"es","@id":"https:\/\/www.padreydecano.com\/cms\/#\/schema\/logo\/image\/","url":"https:\/\/www.padreydecano.com\/cms\/wp-content\/uploads\/2022\/01\/avatar-square.png","contentUrl":"https:\/\/www.padreydecano.com\/cms\/wp-content\/uploads\/2022\/01\/avatar-square.png","width":1500,"height":1500,"caption":"Padre y Decano"},"image":{"@id":"https:\/\/www.padreydecano.com\/cms\/#\/schema\/logo\/image\/"}},{"@type":"Person","@id":"https:\/\/www.padreydecano.com\/cms\/#\/schema\/person\/da0f0e72c91242bc7c270c61c9798d01","name":"mariano","image":{"@type":"ImageObject","inLanguage":"es","@id":"https:\/\/www.padreydecano.com\/cms\/#\/schema\/person\/image\/","url":"https:\/\/secure.gravatar.com\/avatar\/771335714915d00ec253a5e994c2f830?s=96&d=https%3A%2F%2Fpadreydecano.com%2Fcms%2Fwp-content%2Fthemes%2Fpyd-theme%2Fimg%2Fdefault-avatar.png&r=g","contentUrl":"https:\/\/secure.gravatar.com\/avatar\/771335714915d00ec253a5e994c2f830?s=96&d=https%3A%2F%2Fpadreydecano.com%2Fcms%2Fwp-content%2Fthemes%2Fpyd-theme%2Fimg%2Fdefault-avatar.png&r=g","caption":"mariano"}}]}},"_links":{"self":[{"href":"https:\/\/www.padreydecano.com\/cms\/wp-json\/wp\/v2\/posts\/42295"}],"collection":[{"href":"https:\/\/www.padreydecano.com\/cms\/wp-json\/wp\/v2\/posts"}],"about":[{"href":"https:\/\/www.padreydecano.com\/cms\/wp-json\/wp\/v2\/types\/post"}],"author":[{"embeddable":true,"href":"https:\/\/www.padreydecano.com\/cms\/wp-json\/wp\/v2\/users\/16"}],"replies":[{"embeddable":true,"href":"https:\/\/www.padreydecano.com\/cms\/wp-json\/wp\/v2\/comments?post=42295"}],"version-history":[{"count":0,"href":"https:\/\/www.padreydecano.com\/cms\/wp-json\/wp\/v2\/posts\/42295\/revisions"}],"wp:featuredmedia":[{"embeddable":true,"href":"https:\/\/www.padreydecano.com\/cms\/wp-json\/wp\/v2\/media\/42296"}],"wp:attachment":[{"href":"https:\/\/www.padreydecano.com\/cms\/wp-json\/wp\/v2\/media?parent=42295"}],"wp:term":[{"taxonomy":"category","embeddable":true,"href":"https:\/\/www.padreydecano.com\/cms\/wp-json\/wp\/v2\/categories?post=42295"},{"taxonomy":"post_tag","embeddable":true,"href":"https:\/\/www.padreydecano.com\/cms\/wp-json\/wp\/v2\/tags?post=42295"}],"curies":[{"name":"wp","href":"https:\/\/api.w.org\/{rel}","templated":true}]}}