{"id":41149,"date":"2013-09-02T16:07:32","date_gmt":"2013-09-02T19:07:32","guid":{"rendered":"http:\/\/www.padreydecano.com\/cms\/?p=41149"},"modified":"2013-09-20T14:09:28","modified_gmt":"2013-09-20T17:09:28","slug":"basket-penarol-vs-penarol-en-el-palacio","status":"publish","type":"post","link":"https:\/\/www.padreydecano.com\/cms\/otras-disciplinas\/basket-penarol-vs-penarol-en-el-palacio\/","title":{"rendered":"Basket: Pe\u00f1arol vs Pe\u00f1arol en el Palacio"},"content":{"rendered":"<p style=\"text-align: justify;\"><a href=\"https:\/\/www.padreydecano.com\/cms\/wp-content\/uploads\/2013\/09\/pe\u00f1arol-vs-pe\u00f1arol-presentacion-01-2.jpg\" rel=\"shadowbox[sbpost-41149];player=img;\"><img loading=\"lazy\" decoding=\"async\" class=\"alignright  wp-image-41170\" alt=\"\" src=\"https:\/\/www.padreydecano.com\/cms\/wp-content\/uploads\/2013\/09\/pe\u00f1arol-vs-pe\u00f1arol-presentacion-01-2-300x199.jpg\" width=\"240\" height=\"159\" srcset=\"https:\/\/www.padreydecano.com\/cms\/wp-content\/uploads\/2013\/09\/pe\u00f1arol-vs-pe\u00f1arol-presentacion-01-2-300x199.jpg 300w, https:\/\/www.padreydecano.com\/cms\/wp-content\/uploads\/2013\/09\/pe\u00f1arol-vs-pe\u00f1arol-presentacion-01-2.jpg 800w\" sizes=\"(max-width: 240px) 100vw, 240px\" \/><\/a>Se viene el evento basquetbol\u00edstico del a\u00f1o: <strong>Pe\u00f1arol vs Pe\u00f1arol de Mar del Plata. El s\u00e1bado 21 de setiembre a las 20:00 hs vas a poder ser protagonista de un partido hist\u00f3rico en nuestra casa, el Palacio Pe\u00f1arol.<\/strong> Un combinado de jugadores de la Liga Uruguaya, obviamente todos hinchas de Pe\u00f1arol, se enfrentar\u00e1n al poderoso y multicampe\u00f3n Pe\u00f1arol de Mar del Plata en el marco del homenaje a nuestros Campeones Sudamericanos de 1983. El evento es producido por \u201cOuro Preto Producciones\u201d y cuenta con el apoyo de la Comisi\u00f3n Administradora del Palacio Pe\u00f1arol y la Federaci\u00f3n Uruguaya de Basketball.<\/p>\n<p style=\"text-align: justify;\"><span style=\"color: #ffcc00;\"><strong>El programa incluye:<\/strong><\/span><\/p>\n<ul>\n<li>20:15 Partido Exibici\u00f3n Pe\u00f1arol Maxi Basket vs \u201cHist\u00f3ricos de Pe\u00f1arol\u201d<\/li>\n<li>20:30 Desaf\u00edo Campeones Sudamericanos de Basket vs Campeones Sudamericanos de F\u00fatbol<\/li>\n<li>20:50 Presentaci\u00f3n ol\u00edmpica de los planteles y agasajo a Pe\u00f1arol de Mar del Plata<\/li>\n<li>21:15 Partido exhibici\u00f3n Pe\u00f1arol vs Pe\u00f1arol de Mar del Plata (1er tiempo)<\/li>\n<li>22:00 Homenaje a los Campeones Sudamericanos de Basketball de 1983<\/li>\n<li>22:15 Partido exhibici\u00f3n Pe\u00f1arol vs Pe\u00f1arol de Mar del Plata (2do tiempo)<\/li>\n<\/ul>\n<p style=\"text-align: justify;\"><strong>Las <span style=\"color: #ffcc00;\">entradas<\/span> se empiezan a vender a partir del martes 3 de setiembre a las 9 hs en los locales Red Pagos<\/strong> de todo el pa\u00eds. Los socios de Pe\u00f1arol tienen pre venta exclusiva hasta el 6 de setiembre y<strong> si la compran el primer d\u00eda participan del sorteo para poder jugar en el primer partido de exhibici\u00f3n.<\/strong><\/p>\n<p style=\"text-align: justify;\"><strong><span style=\"color: #ffcc00;\">Precios:<\/span><\/strong><\/p>\n<div align=\"center\">\n<table class=\"comun\" width=\"257\" border=\"0\" cellspacing=\"0\" cellpadding=\"0\">\n<colgroup>\n<col width=\"80\" \/>\n<col width=\"97\" \/>\n<col width=\"80\" \/> <\/colgroup>\n<tbody>\n<tr>\n<td style=\"text-align: center;\" width=\"80\" height=\"20\"><strong><span style=\"color: #ffcc00;\">Sector<\/span><\/strong><\/td>\n<td style=\"text-align: center;\" width=\"97\"><strong><span style=\"color: #ffcc00;\">Socios Pe\u00f1arol<\/span><\/strong><\/td>\n<td style=\"text-align: center;\" width=\"80\"><strong><span style=\"color: #ffcc00;\">Generales<\/span><\/strong><\/td>\n<\/tr>\n<tr>\n<td style=\"text-align: center;\" height=\"20\">Populares<\/td>\n<td style=\"text-align: center;\">$190<\/td>\n<td style=\"text-align: center;\">$230<\/td>\n<\/tr>\n<tr>\n<td style=\"text-align: center;\" height=\"20\">Platea Alta<\/td>\n<td style=\"text-align: center;\">$260<\/td>\n<td style=\"text-align: center;\">$320<\/td>\n<\/tr>\n<tr>\n<td style=\"text-align: center;\" height=\"20\">Platea Baja<\/td>\n<td style=\"text-align: center;\">$400<\/td>\n<td style=\"text-align: center;\">$550<\/td>\n<\/tr>\n<\/tbody>\n<\/table>\n<\/div>\n<p style=\"text-align: justify;\">Parte de lo recaudado se destinar\u00e1 al proyecto de expansi\u00f3n del b\u00e1squetbol en las escuelas p\u00fablicas denominado \u201cMi escuela, mi equipo\u201d que es impulsado por la Federaci\u00f3n Uruguaya de Basketball y apoyado por el Ministerio de Turismo y Deporte.<\/p>\n<p style=\"text-align: justify;\"><a href=\"https:\/\/www.padreydecano.com\/cms\/wp-content\/uploads\/2013\/09\/pe\u00f1arol-vs-pe\u00f1arol-presentacion-11.jpg\" rel=\"shadowbox[sbpost-41149];player=img;\"><img loading=\"lazy\" decoding=\"async\" class=\"alignleft  wp-image-41169\" alt=\"\" src=\"https:\/\/www.padreydecano.com\/cms\/wp-content\/uploads\/2013\/09\/pe\u00f1arol-vs-pe\u00f1arol-presentacion-11-300x199.jpg\" width=\"240\" height=\"159\" srcset=\"https:\/\/www.padreydecano.com\/cms\/wp-content\/uploads\/2013\/09\/pe\u00f1arol-vs-pe\u00f1arol-presentacion-11-300x199.jpg 300w, https:\/\/www.padreydecano.com\/cms\/wp-content\/uploads\/2013\/09\/pe\u00f1arol-vs-pe\u00f1arol-presentacion-11.jpg 800w\" sizes=\"(max-width: 240px) 100vw, 240px\" \/><\/a><strong>La lista de jugadores invitados para integrar el plantel de Pe\u00f1arol son:<\/strong> Nicol\u00e1s Mazzarino, Marcos Cabot, Math\u00edas Calfani, Reque Newsome, Mart\u00edn Aguilera, Nicol\u00e1s Borsellino, Luis Silveira, Bruno Fitipaldo, Federico Bavosi, Sebasti\u00e1n Izaguirre, Pablo Morales, Pablo Ibon, Maximiliano Cervi, Gustavo Barrera, Gast\u00f3n P\u00e1ez, Fernando Mart\u00ednez, Joaqu\u00edn Osimani, Alejandro P\u00e9rez y Manuel Garbarino. El cuerpo t\u00e9cnico estar\u00eda integrado por V\u00edctor Hugo Berardi, Pablo L\u00f3pez y \u00c1lvaro Tito.<\/p>\n<p style=\"text-align: justify;\"><strong><span style=\"color: #ffcc00;\">Los campeones Sudamericanos de 1983 son:<\/span><\/strong><\/p>\n<p style=\"text-align: justify;\">Lincoln P\u00e9rez, Oscar Soto, Daniel \u201cMahoma\u201d Wenzel, Hebert \u201cFonsi\u201d N\u00fa\u00f1ez, Alejandro Tr\u00edas, Jos\u00e9 Pedro Malet, \u00c1lvaro Tito, Gustavo Tito, Juan Andr\u00e9s \u201cCiego\u201d Blanc, Jimmy Wells, Herman \u201cBo\u201d Jackson, Joe McColl, V\u00edctor Hugo Berardi (DT) y Ruben Guerrero (AT).<\/p>\n<p style=\"text-align: justify;\"><strong>Es el evento basquetbol\u00edstico del a\u00f1o. Si nunca viste a Pe\u00f1arol en basketball esta es tu oportunidad. Y si lo viste, ten\u00e9s que revivirlo. \u00a1No pod\u00e9s faltar!<\/strong><\/p>\n\n\t\t<style type=\"text\/css\">\n\t\t\t#gallery-1 {\n\t\t\t\tmargin: auto;\n\t\t\t}\n\t\t\t#gallery-1 .gallery-item {\n\t\t\t\tfloat: left;\n\t\t\t\tmargin-top: 10px;\n\t\t\t\ttext-align: center;\n\t\t\t\twidth: 33%;\n\t\t\t}\n\t\t\t#gallery-1 img {\n\t\t\t\tborder: 2px solid #cfcfcf;\n\t\t\t}\n\t\t\t#gallery-1 .gallery-caption {\n\t\t\t\tmargin-left: 0;\n\t\t\t}\n\t\t\t\/* see gallery_shortcode() in wp-includes\/media.php *\/\n\t\t<\/style>\n\t\t<div id='gallery-1' class='gallery galleryid-41149 gallery-columns-3 gallery-size-thumbnail'><dl class='gallery-item'>\n\t\t\t<dt class='gallery-icon landscape'>\n\t\t\t\t<a href='https:\/\/www.padreydecano.com\/cms\/wp-content\/uploads\/2013\/09\/pe\u00f1arol-vs-pe\u00f1arol-presentacion-01.jpg' rel='shadowbox[sbalbum-41149];player=img;'><img loading=\"lazy\" decoding=\"async\" width=\"150\" height=\"150\" src=\"https:\/\/www.padreydecano.com\/cms\/wp-content\/uploads\/2013\/09\/pe\u00f1arol-vs-pe\u00f1arol-presentacion-01-150x150.jpg\" class=\"attachment-thumbnail size-thumbnail\" alt=\"\" srcset=\"https:\/\/www.padreydecano.com\/cms\/wp-content\/uploads\/2013\/09\/pe\u00f1arol-vs-pe\u00f1arol-presentacion-01-150x150.jpg 150w, https:\/\/www.padreydecano.com\/cms\/wp-content\/uploads\/2013\/09\/pe\u00f1arol-vs-pe\u00f1arol-presentacion-01-36x36.jpg 36w, https:\/\/www.padreydecano.com\/cms\/wp-content\/uploads\/2013\/09\/pe\u00f1arol-vs-pe\u00f1arol-presentacion-01-115x115.jpg 115w\" sizes=\"(max-width: 150px) 100vw, 150px\" \/><\/a>\n\t\t\t<\/dt><\/dl><dl class='gallery-item'>\n\t\t\t<dt class='gallery-icon landscape'>\n\t\t\t\t<a href='https:\/\/www.padreydecano.com\/cms\/wp-content\/uploads\/2013\/09\/pe\u00f1arol-vs-pe\u00f1arol-presentacion-05.jpg' rel='shadowbox[sbalbum-41149];player=img;'><img loading=\"lazy\" decoding=\"async\" width=\"150\" height=\"150\" src=\"https:\/\/www.padreydecano.com\/cms\/wp-content\/uploads\/2013\/09\/pe\u00f1arol-vs-pe\u00f1arol-presentacion-05-150x150.jpg\" class=\"attachment-thumbnail size-thumbnail\" alt=\"\" srcset=\"https:\/\/www.padreydecano.com\/cms\/wp-content\/uploads\/2013\/09\/pe\u00f1arol-vs-pe\u00f1arol-presentacion-05-150x150.jpg 150w, https:\/\/www.padreydecano.com\/cms\/wp-content\/uploads\/2013\/09\/pe\u00f1arol-vs-pe\u00f1arol-presentacion-05-36x36.jpg 36w, https:\/\/www.padreydecano.com\/cms\/wp-content\/uploads\/2013\/09\/pe\u00f1arol-vs-pe\u00f1arol-presentacion-05-115x115.jpg 115w\" sizes=\"(max-width: 150px) 100vw, 150px\" \/><\/a>\n\t\t\t<\/dt><\/dl><dl class='gallery-item'>\n\t\t\t<dt class='gallery-icon landscape'>\n\t\t\t\t<a href='https:\/\/www.padreydecano.com\/cms\/wp-content\/uploads\/2013\/09\/pe\u00f1arol-vs-pe\u00f1arol-presentacion-04.jpg' rel='shadowbox[sbalbum-41149];player=img;'><img loading=\"lazy\" decoding=\"async\" width=\"150\" height=\"150\" src=\"https:\/\/www.padreydecano.com\/cms\/wp-content\/uploads\/2013\/09\/pe\u00f1arol-vs-pe\u00f1arol-presentacion-04-150x150.jpg\" class=\"attachment-thumbnail size-thumbnail\" alt=\"\" srcset=\"https:\/\/www.padreydecano.com\/cms\/wp-content\/uploads\/2013\/09\/pe\u00f1arol-vs-pe\u00f1arol-presentacion-04-150x150.jpg 150w, https:\/\/www.padreydecano.com\/cms\/wp-content\/uploads\/2013\/09\/pe\u00f1arol-vs-pe\u00f1arol-presentacion-04-36x36.jpg 36w, https:\/\/www.padreydecano.com\/cms\/wp-content\/uploads\/2013\/09\/pe\u00f1arol-vs-pe\u00f1arol-presentacion-04-115x115.jpg 115w\" sizes=\"(max-width: 150px) 100vw, 150px\" \/><\/a>\n\t\t\t<\/dt><\/dl><br style=\"clear: both\" \/><dl class='gallery-item'>\n\t\t\t<dt class='gallery-icon landscape'>\n\t\t\t\t<a href='https:\/\/www.padreydecano.com\/cms\/wp-content\/uploads\/2013\/09\/pe\u00f1arol-vs-pe\u00f1arol-presentacion-07.jpg' rel='shadowbox[sbalbum-41149];player=img;'><img loading=\"lazy\" decoding=\"async\" width=\"150\" height=\"150\" src=\"https:\/\/www.padreydecano.com\/cms\/wp-content\/uploads\/2013\/09\/pe\u00f1arol-vs-pe\u00f1arol-presentacion-07-150x150.jpg\" class=\"attachment-thumbnail size-thumbnail\" alt=\"\" srcset=\"https:\/\/www.padreydecano.com\/cms\/wp-content\/uploads\/2013\/09\/pe\u00f1arol-vs-pe\u00f1arol-presentacion-07-150x150.jpg 150w, https:\/\/www.padreydecano.com\/cms\/wp-content\/uploads\/2013\/09\/pe\u00f1arol-vs-pe\u00f1arol-presentacion-07-36x36.jpg 36w, https:\/\/www.padreydecano.com\/cms\/wp-content\/uploads\/2013\/09\/pe\u00f1arol-vs-pe\u00f1arol-presentacion-07-115x115.jpg 115w\" sizes=\"(max-width: 150px) 100vw, 150px\" \/><\/a>\n\t\t\t<\/dt><\/dl><dl class='gallery-item'>\n\t\t\t<dt class='gallery-icon portrait'>\n\t\t\t\t<a href='https:\/\/www.padreydecano.com\/cms\/wp-content\/uploads\/2013\/09\/pe\u00f1arol-vs-pe\u00f1arol-presentacion-02.jpg' rel='shadowbox[sbalbum-41149];player=img;'><img loading=\"lazy\" decoding=\"async\" width=\"150\" height=\"150\" src=\"https:\/\/www.padreydecano.com\/cms\/wp-content\/uploads\/2013\/09\/pe\u00f1arol-vs-pe\u00f1arol-presentacion-02-150x150.jpg\" class=\"attachment-thumbnail size-thumbnail\" alt=\"\" srcset=\"https:\/\/www.padreydecano.com\/cms\/wp-content\/uploads\/2013\/09\/pe\u00f1arol-vs-pe\u00f1arol-presentacion-02-150x150.jpg 150w, https:\/\/www.padreydecano.com\/cms\/wp-content\/uploads\/2013\/09\/pe\u00f1arol-vs-pe\u00f1arol-presentacion-02-36x36.jpg 36w, https:\/\/www.padreydecano.com\/cms\/wp-content\/uploads\/2013\/09\/pe\u00f1arol-vs-pe\u00f1arol-presentacion-02-115x115.jpg 115w\" sizes=\"(max-width: 150px) 100vw, 150px\" \/><\/a>\n\t\t\t<\/dt><\/dl><dl class='gallery-item'>\n\t\t\t<dt class='gallery-icon landscape'>\n\t\t\t\t<a href='https:\/\/www.padreydecano.com\/cms\/wp-content\/uploads\/2013\/09\/pe\u00f1arol-vs-pe\u00f1arol-presentacion-03.jpg' rel='shadowbox[sbalbum-41149];player=img;'><img loading=\"lazy\" decoding=\"async\" width=\"150\" height=\"150\" src=\"https:\/\/www.padreydecano.com\/cms\/wp-content\/uploads\/2013\/09\/pe\u00f1arol-vs-pe\u00f1arol-presentacion-03-150x150.jpg\" class=\"attachment-thumbnail size-thumbnail\" alt=\"\" srcset=\"https:\/\/www.padreydecano.com\/cms\/wp-content\/uploads\/2013\/09\/pe\u00f1arol-vs-pe\u00f1arol-presentacion-03-150x150.jpg 150w, https:\/\/www.padreydecano.com\/cms\/wp-content\/uploads\/2013\/09\/pe\u00f1arol-vs-pe\u00f1arol-presentacion-03-36x36.jpg 36w, https:\/\/www.padreydecano.com\/cms\/wp-content\/uploads\/2013\/09\/pe\u00f1arol-vs-pe\u00f1arol-presentacion-03-115x115.jpg 115w\" sizes=\"(max-width: 150px) 100vw, 150px\" \/><\/a>\n\t\t\t<\/dt><\/dl><br style=\"clear: both\" \/><dl class='gallery-item'>\n\t\t\t<dt class='gallery-icon landscape'>\n\t\t\t\t<a href='https:\/\/www.padreydecano.com\/cms\/wp-content\/uploads\/2013\/09\/pe\u00f1arol-vs-pe\u00f1arol-presentacion-06.jpg' rel='shadowbox[sbalbum-41149];player=img;'><img loading=\"lazy\" decoding=\"async\" width=\"150\" height=\"150\" src=\"https:\/\/www.padreydecano.com\/cms\/wp-content\/uploads\/2013\/09\/pe\u00f1arol-vs-pe\u00f1arol-presentacion-06-150x150.jpg\" class=\"attachment-thumbnail size-thumbnail\" alt=\"\" srcset=\"https:\/\/www.padreydecano.com\/cms\/wp-content\/uploads\/2013\/09\/pe\u00f1arol-vs-pe\u00f1arol-presentacion-06-150x150.jpg 150w, https:\/\/www.padreydecano.com\/cms\/wp-content\/uploads\/2013\/09\/pe\u00f1arol-vs-pe\u00f1arol-presentacion-06-36x36.jpg 36w, https:\/\/www.padreydecano.com\/cms\/wp-content\/uploads\/2013\/09\/pe\u00f1arol-vs-pe\u00f1arol-presentacion-06-115x115.jpg 115w\" sizes=\"(max-width: 150px) 100vw, 150px\" \/><\/a>\n\t\t\t<\/dt><\/dl><dl class='gallery-item'>\n\t\t\t<dt class='gallery-icon landscape'>\n\t\t\t\t<a href='https:\/\/www.padreydecano.com\/cms\/wp-content\/uploads\/2013\/09\/pe\u00f1arol-vs-pe\u00f1arol-presentacion-08.jpg' rel='shadowbox[sbalbum-41149];player=img;'><img loading=\"lazy\" decoding=\"async\" width=\"150\" height=\"150\" src=\"https:\/\/www.padreydecano.com\/cms\/wp-content\/uploads\/2013\/09\/pe\u00f1arol-vs-pe\u00f1arol-presentacion-08-150x150.jpg\" class=\"attachment-thumbnail size-thumbnail\" alt=\"\" srcset=\"https:\/\/www.padreydecano.com\/cms\/wp-content\/uploads\/2013\/09\/pe\u00f1arol-vs-pe\u00f1arol-presentacion-08-150x150.jpg 150w, https:\/\/www.padreydecano.com\/cms\/wp-content\/uploads\/2013\/09\/pe\u00f1arol-vs-pe\u00f1arol-presentacion-08-36x36.jpg 36w, https:\/\/www.padreydecano.com\/cms\/wp-content\/uploads\/2013\/09\/pe\u00f1arol-vs-pe\u00f1arol-presentacion-08-115x115.jpg 115w\" sizes=\"(max-width: 150px) 100vw, 150px\" \/><\/a>\n\t\t\t<\/dt><\/dl><dl class='gallery-item'>\n\t\t\t<dt class='gallery-icon landscape'>\n\t\t\t\t<a href='https:\/\/www.padreydecano.com\/cms\/wp-content\/uploads\/2013\/09\/pe\u00f1arol-vs-pe\u00f1arol-presentacion-09.jpg' rel='shadowbox[sbalbum-41149];player=img;'><img loading=\"lazy\" decoding=\"async\" width=\"150\" height=\"150\" src=\"https:\/\/www.padreydecano.com\/cms\/wp-content\/uploads\/2013\/09\/pe\u00f1arol-vs-pe\u00f1arol-presentacion-09-150x150.jpg\" class=\"attachment-thumbnail size-thumbnail\" alt=\"\" srcset=\"https:\/\/www.padreydecano.com\/cms\/wp-content\/uploads\/2013\/09\/pe\u00f1arol-vs-pe\u00f1arol-presentacion-09-150x150.jpg 150w, https:\/\/www.padreydecano.com\/cms\/wp-content\/uploads\/2013\/09\/pe\u00f1arol-vs-pe\u00f1arol-presentacion-09-36x36.jpg 36w, https:\/\/www.padreydecano.com\/cms\/wp-content\/uploads\/2013\/09\/pe\u00f1arol-vs-pe\u00f1arol-presentacion-09-115x115.jpg 115w\" sizes=\"(max-width: 150px) 100vw, 150px\" \/><\/a>\n\t\t\t<\/dt><\/dl><br style=\"clear: both\" \/>\n\t\t<\/div>\n\n","protected":false},"excerpt":{"rendered":"<p>Se viene el evento basquetbol\u00edstico del a\u00f1o: Pe\u00f1arol vs Pe\u00f1arol de Mar del Plata. El s\u00e1bado 21 de setiembre a las 20:00 hs vas a poder ser protagonista de un partido hist\u00f3rico en nuestra casa, el Palacio Pe\u00f1arol. Un combinado de jugadores de la Liga Uruguaya, obviamente todos hinchas de Pe\u00f1arol, se enfrentar\u00e1n al poderoso [&hellip;]<\/p>\n","protected":false},"author":13,"featured_media":41158,"comment_status":"open","ping_status":"closed","sticky":false,"template":"","format":"standard","meta":{"footnotes":""},"categories":[27],"tags":[],"yoast_head":"<!-- This site is optimized with the Yoast SEO plugin v23.2 - https:\/\/yoast.com\/wordpress\/plugins\/seo\/ -->\n<title>Basket: Pe\u00f1arol vs Pe\u00f1arol en el Palacio - Padre y Decano - El Sitio del Pueblo<\/title>\n<meta name=\"robots\" content=\"index, follow, max-snippet:-1, max-image-preview:large, max-video-preview:-1\" \/>\n<link rel=\"canonical\" href=\"https:\/\/www.padreydecano.com\/cms\/otras-disciplinas\/basket-penarol-vs-penarol-en-el-palacio\/\" \/>\n<meta property=\"og:locale\" content=\"es_ES\" \/>\n<meta property=\"og:type\" content=\"article\" \/>\n<meta property=\"og:title\" content=\"Basket: Pe\u00f1arol vs Pe\u00f1arol en el Palacio - Padre y Decano - El Sitio del Pueblo\" \/>\n<meta property=\"og:description\" content=\"Se viene el evento basquetbol\u00edstico del a\u00f1o: Pe\u00f1arol vs Pe\u00f1arol de Mar del Plata. El s\u00e1bado 21 de setiembre a las 20:00 hs vas a poder ser protagonista de un partido hist\u00f3rico en nuestra casa, el Palacio Pe\u00f1arol. Un combinado de jugadores de la Liga Uruguaya, obviamente todos hinchas de Pe\u00f1arol, se enfrentar\u00e1n al poderoso [&hellip;]\" \/>\n<meta property=\"og:url\" content=\"https:\/\/www.padreydecano.com\/cms\/otras-disciplinas\/basket-penarol-vs-penarol-en-el-palacio\/\" \/>\n<meta property=\"og:site_name\" content=\"Padre y Decano - El Sitio del Pueblo\" \/>\n<meta property=\"article:published_time\" content=\"2013-09-02T19:07:32+00:00\" \/>\n<meta property=\"article:modified_time\" content=\"2013-09-20T17:09:28+00:00\" \/>\n<meta property=\"og:image\" content=\"https:\/\/www.padreydecano.com\/cms\/wp-content\/uploads\/2013\/09\/pe\u00f1arol-basket.jpg\" \/>\n\t<meta property=\"og:image:width\" content=\"640\" \/>\n\t<meta property=\"og:image:height\" content=\"250\" \/>\n\t<meta property=\"og:image:type\" content=\"image\/jpeg\" \/>\n<meta name=\"author\" content=\"Moderador\" \/>\n<meta name=\"twitter:card\" content=\"summary_large_image\" \/>\n<meta name=\"twitter:label1\" content=\"Escrito por\" \/>\n\t<meta name=\"twitter:data1\" content=\"Moderador\" \/>\n\t<meta name=\"twitter:label2\" content=\"Tiempo de lectura\" \/>\n\t<meta name=\"twitter:data2\" content=\"2 minutos\" \/>\n<script type=\"application\/ld+json\" class=\"yoast-schema-graph\">{\"@context\":\"https:\/\/schema.org\",\"@graph\":[{\"@type\":\"Article\",\"@id\":\"https:\/\/www.padreydecano.com\/cms\/otras-disciplinas\/basket-penarol-vs-penarol-en-el-palacio\/#article\",\"isPartOf\":{\"@id\":\"https:\/\/www.padreydecano.com\/cms\/otras-disciplinas\/basket-penarol-vs-penarol-en-el-palacio\/\"},\"author\":{\"name\":\"Moderador\",\"@id\":\"https:\/\/www.padreydecano.com\/cms\/#\/schema\/person\/d93e9e537230ae052c194251d9a1def2\"},\"headline\":\"Basket: Pe\u00f1arol vs Pe\u00f1arol en el Palacio\",\"datePublished\":\"2013-09-02T19:07:32+00:00\",\"dateModified\":\"2013-09-20T17:09:28+00:00\",\"mainEntityOfPage\":{\"@id\":\"https:\/\/www.padreydecano.com\/cms\/otras-disciplinas\/basket-penarol-vs-penarol-en-el-palacio\/\"},\"wordCount\":474,\"commentCount\":19,\"publisher\":{\"@id\":\"https:\/\/www.padreydecano.com\/cms\/#organization\"},\"image\":{\"@id\":\"https:\/\/www.padreydecano.com\/cms\/otras-disciplinas\/basket-penarol-vs-penarol-en-el-palacio\/#primaryimage\"},\"thumbnailUrl\":\"https:\/\/www.padreydecano.com\/cms\/wp-content\/uploads\/2013\/09\/pe\u00f1arol-basket.jpg\",\"articleSection\":[\"Otras disciplinas\"],\"inLanguage\":\"es\",\"potentialAction\":[{\"@type\":\"CommentAction\",\"name\":\"Comment\",\"target\":[\"https:\/\/www.padreydecano.com\/cms\/otras-disciplinas\/basket-penarol-vs-penarol-en-el-palacio\/#respond\"]}]},{\"@type\":\"WebPage\",\"@id\":\"https:\/\/www.padreydecano.com\/cms\/otras-disciplinas\/basket-penarol-vs-penarol-en-el-palacio\/\",\"url\":\"https:\/\/www.padreydecano.com\/cms\/otras-disciplinas\/basket-penarol-vs-penarol-en-el-palacio\/\",\"name\":\"Basket: Pe\u00f1arol vs Pe\u00f1arol en el Palacio - Padre y Decano - El Sitio del Pueblo\",\"isPartOf\":{\"@id\":\"https:\/\/www.padreydecano.com\/cms\/#website\"},\"primaryImageOfPage\":{\"@id\":\"https:\/\/www.padreydecano.com\/cms\/otras-disciplinas\/basket-penarol-vs-penarol-en-el-palacio\/#primaryimage\"},\"image\":{\"@id\":\"https:\/\/www.padreydecano.com\/cms\/otras-disciplinas\/basket-penarol-vs-penarol-en-el-palacio\/#primaryimage\"},\"thumbnailUrl\":\"https:\/\/www.padreydecano.com\/cms\/wp-content\/uploads\/2013\/09\/pe\u00f1arol-basket.jpg\",\"datePublished\":\"2013-09-02T19:07:32+00:00\",\"dateModified\":\"2013-09-20T17:09:28+00:00\",\"breadcrumb\":{\"@id\":\"https:\/\/www.padreydecano.com\/cms\/otras-disciplinas\/basket-penarol-vs-penarol-en-el-palacio\/#breadcrumb\"},\"inLanguage\":\"es\",\"potentialAction\":[{\"@type\":\"ReadAction\",\"target\":[\"https:\/\/www.padreydecano.com\/cms\/otras-disciplinas\/basket-penarol-vs-penarol-en-el-palacio\/\"]}]},{\"@type\":\"ImageObject\",\"inLanguage\":\"es\",\"@id\":\"https:\/\/www.padreydecano.com\/cms\/otras-disciplinas\/basket-penarol-vs-penarol-en-el-palacio\/#primaryimage\",\"url\":\"https:\/\/www.padreydecano.com\/cms\/wp-content\/uploads\/2013\/09\/pe\u00f1arol-basket.jpg\",\"contentUrl\":\"https:\/\/www.padreydecano.com\/cms\/wp-content\/uploads\/2013\/09\/pe\u00f1arol-basket.jpg\",\"width\":640,\"height\":250},{\"@type\":\"BreadcrumbList\",\"@id\":\"https:\/\/www.padreydecano.com\/cms\/otras-disciplinas\/basket-penarol-vs-penarol-en-el-palacio\/#breadcrumb\",\"itemListElement\":[{\"@type\":\"ListItem\",\"position\":1,\"name\":\"Portada\",\"item\":\"https:\/\/www.padreydecano.com\/cms\/\"},{\"@type\":\"ListItem\",\"position\":2,\"name\":\"Basket: Pe\u00f1arol vs Pe\u00f1arol en el Palacio\"}]},{\"@type\":\"WebSite\",\"@id\":\"https:\/\/www.padreydecano.com\/cms\/#website\",\"url\":\"https:\/\/www.padreydecano.com\/cms\/\",\"name\":\"Padre y Decano - El Sitio del Pueblo\",\"description\":\"Club Atl\u00e9tico Pe\u00f1arol\",\"publisher\":{\"@id\":\"https:\/\/www.padreydecano.com\/cms\/#organization\"},\"potentialAction\":[{\"@type\":\"SearchAction\",\"target\":{\"@type\":\"EntryPoint\",\"urlTemplate\":\"https:\/\/www.padreydecano.com\/cms\/?s={search_term_string}\"},\"query-input\":\"required name=search_term_string\"}],\"inLanguage\":\"es\"},{\"@type\":\"Organization\",\"@id\":\"https:\/\/www.padreydecano.com\/cms\/#organization\",\"name\":\"Padre y Decano\",\"url\":\"https:\/\/www.padreydecano.com\/cms\/\",\"logo\":{\"@type\":\"ImageObject\",\"inLanguage\":\"es\",\"@id\":\"https:\/\/www.padreydecano.com\/cms\/#\/schema\/logo\/image\/\",\"url\":\"https:\/\/www.padreydecano.com\/cms\/wp-content\/uploads\/2022\/01\/avatar-square.png\",\"contentUrl\":\"https:\/\/www.padreydecano.com\/cms\/wp-content\/uploads\/2022\/01\/avatar-square.png\",\"width\":1500,\"height\":1500,\"caption\":\"Padre y Decano\"},\"image\":{\"@id\":\"https:\/\/www.padreydecano.com\/cms\/#\/schema\/logo\/image\/\"}},{\"@type\":\"Person\",\"@id\":\"https:\/\/www.padreydecano.com\/cms\/#\/schema\/person\/d93e9e537230ae052c194251d9a1def2\",\"name\":\"Moderador\",\"image\":{\"@type\":\"ImageObject\",\"inLanguage\":\"es\",\"@id\":\"https:\/\/www.padreydecano.com\/cms\/#\/schema\/person\/image\/\",\"url\":\"https:\/\/secure.gravatar.com\/avatar\/2587727bf8a53bd3da4ec49f01bea66e?s=96&d=https%3A%2F%2Fpadreydecano.com%2Fcms%2Fwp-content%2Fthemes%2Fpyd-theme%2Fimg%2Fdefault-avatar.png&r=g\",\"contentUrl\":\"https:\/\/secure.gravatar.com\/avatar\/2587727bf8a53bd3da4ec49f01bea66e?s=96&d=https%3A%2F%2Fpadreydecano.com%2Fcms%2Fwp-content%2Fthemes%2Fpyd-theme%2Fimg%2Fdefault-avatar.png&r=g\",\"caption\":\"Moderador\"}}]}<\/script>\n<!-- \/ Yoast SEO plugin. -->","yoast_head_json":{"title":"Basket: Pe\u00f1arol vs Pe\u00f1arol en el Palacio - Padre y Decano - El Sitio del Pueblo","robots":{"index":"index","follow":"follow","max-snippet":"max-snippet:-1","max-image-preview":"max-image-preview:large","max-video-preview":"max-video-preview:-1"},"canonical":"https:\/\/www.padreydecano.com\/cms\/otras-disciplinas\/basket-penarol-vs-penarol-en-el-palacio\/","og_locale":"es_ES","og_type":"article","og_title":"Basket: Pe\u00f1arol vs Pe\u00f1arol en el Palacio - Padre y Decano - El Sitio del Pueblo","og_description":"Se viene el evento basquetbol\u00edstico del a\u00f1o: Pe\u00f1arol vs Pe\u00f1arol de Mar del Plata. El s\u00e1bado 21 de setiembre a las 20:00 hs vas a poder ser protagonista de un partido hist\u00f3rico en nuestra casa, el Palacio Pe\u00f1arol. Un combinado de jugadores de la Liga Uruguaya, obviamente todos hinchas de Pe\u00f1arol, se enfrentar\u00e1n al poderoso [&hellip;]","og_url":"https:\/\/www.padreydecano.com\/cms\/otras-disciplinas\/basket-penarol-vs-penarol-en-el-palacio\/","og_site_name":"Padre y Decano - El Sitio del Pueblo","article_published_time":"2013-09-02T19:07:32+00:00","article_modified_time":"2013-09-20T17:09:28+00:00","og_image":[{"width":640,"height":250,"url":"https:\/\/www.padreydecano.com\/cms\/wp-content\/uploads\/2013\/09\/pe\u00f1arol-basket.jpg","type":"image\/jpeg"}],"author":"Moderador","twitter_card":"summary_large_image","twitter_misc":{"Escrito por":"Moderador","Tiempo de lectura":"2 minutos"},"schema":{"@context":"https:\/\/schema.org","@graph":[{"@type":"Article","@id":"https:\/\/www.padreydecano.com\/cms\/otras-disciplinas\/basket-penarol-vs-penarol-en-el-palacio\/#article","isPartOf":{"@id":"https:\/\/www.padreydecano.com\/cms\/otras-disciplinas\/basket-penarol-vs-penarol-en-el-palacio\/"},"author":{"name":"Moderador","@id":"https:\/\/www.padreydecano.com\/cms\/#\/schema\/person\/d93e9e537230ae052c194251d9a1def2"},"headline":"Basket: Pe\u00f1arol vs Pe\u00f1arol en el Palacio","datePublished":"2013-09-02T19:07:32+00:00","dateModified":"2013-09-20T17:09:28+00:00","mainEntityOfPage":{"@id":"https:\/\/www.padreydecano.com\/cms\/otras-disciplinas\/basket-penarol-vs-penarol-en-el-palacio\/"},"wordCount":474,"commentCount":19,"publisher":{"@id":"https:\/\/www.padreydecano.com\/cms\/#organization"},"image":{"@id":"https:\/\/www.padreydecano.com\/cms\/otras-disciplinas\/basket-penarol-vs-penarol-en-el-palacio\/#primaryimage"},"thumbnailUrl":"https:\/\/www.padreydecano.com\/cms\/wp-content\/uploads\/2013\/09\/pe\u00f1arol-basket.jpg","articleSection":["Otras disciplinas"],"inLanguage":"es","potentialAction":[{"@type":"CommentAction","name":"Comment","target":["https:\/\/www.padreydecano.com\/cms\/otras-disciplinas\/basket-penarol-vs-penarol-en-el-palacio\/#respond"]}]},{"@type":"WebPage","@id":"https:\/\/www.padreydecano.com\/cms\/otras-disciplinas\/basket-penarol-vs-penarol-en-el-palacio\/","url":"https:\/\/www.padreydecano.com\/cms\/otras-disciplinas\/basket-penarol-vs-penarol-en-el-palacio\/","name":"Basket: Pe\u00f1arol vs Pe\u00f1arol en el Palacio - Padre y Decano - El Sitio del Pueblo","isPartOf":{"@id":"https:\/\/www.padreydecano.com\/cms\/#website"},"primaryImageOfPage":{"@id":"https:\/\/www.padreydecano.com\/cms\/otras-disciplinas\/basket-penarol-vs-penarol-en-el-palacio\/#primaryimage"},"image":{"@id":"https:\/\/www.padreydecano.com\/cms\/otras-disciplinas\/basket-penarol-vs-penarol-en-el-palacio\/#primaryimage"},"thumbnailUrl":"https:\/\/www.padreydecano.com\/cms\/wp-content\/uploads\/2013\/09\/pe\u00f1arol-basket.jpg","datePublished":"2013-09-02T19:07:32+00:00","dateModified":"2013-09-20T17:09:28+00:00","breadcrumb":{"@id":"https:\/\/www.padreydecano.com\/cms\/otras-disciplinas\/basket-penarol-vs-penarol-en-el-palacio\/#breadcrumb"},"inLanguage":"es","potentialAction":[{"@type":"ReadAction","target":["https:\/\/www.padreydecano.com\/cms\/otras-disciplinas\/basket-penarol-vs-penarol-en-el-palacio\/"]}]},{"@type":"ImageObject","inLanguage":"es","@id":"https:\/\/www.padreydecano.com\/cms\/otras-disciplinas\/basket-penarol-vs-penarol-en-el-palacio\/#primaryimage","url":"https:\/\/www.padreydecano.com\/cms\/wp-content\/uploads\/2013\/09\/pe\u00f1arol-basket.jpg","contentUrl":"https:\/\/www.padreydecano.com\/cms\/wp-content\/uploads\/2013\/09\/pe\u00f1arol-basket.jpg","width":640,"height":250},{"@type":"BreadcrumbList","@id":"https:\/\/www.padreydecano.com\/cms\/otras-disciplinas\/basket-penarol-vs-penarol-en-el-palacio\/#breadcrumb","itemListElement":[{"@type":"ListItem","position":1,"name":"Portada","item":"https:\/\/www.padreydecano.com\/cms\/"},{"@type":"ListItem","position":2,"name":"Basket: Pe\u00f1arol vs Pe\u00f1arol en el Palacio"}]},{"@type":"WebSite","@id":"https:\/\/www.padreydecano.com\/cms\/#website","url":"https:\/\/www.padreydecano.com\/cms\/","name":"Padre y Decano - El Sitio del Pueblo","description":"Club Atl\u00e9tico Pe\u00f1arol","publisher":{"@id":"https:\/\/www.padreydecano.com\/cms\/#organization"},"potentialAction":[{"@type":"SearchAction","target":{"@type":"EntryPoint","urlTemplate":"https:\/\/www.padreydecano.com\/cms\/?s={search_term_string}"},"query-input":"required name=search_term_string"}],"inLanguage":"es"},{"@type":"Organization","@id":"https:\/\/www.padreydecano.com\/cms\/#organization","name":"Padre y Decano","url":"https:\/\/www.padreydecano.com\/cms\/","logo":{"@type":"ImageObject","inLanguage":"es","@id":"https:\/\/www.padreydecano.com\/cms\/#\/schema\/logo\/image\/","url":"https:\/\/www.padreydecano.com\/cms\/wp-content\/uploads\/2022\/01\/avatar-square.png","contentUrl":"https:\/\/www.padreydecano.com\/cms\/wp-content\/uploads\/2022\/01\/avatar-square.png","width":1500,"height":1500,"caption":"Padre y Decano"},"image":{"@id":"https:\/\/www.padreydecano.com\/cms\/#\/schema\/logo\/image\/"}},{"@type":"Person","@id":"https:\/\/www.padreydecano.com\/cms\/#\/schema\/person\/d93e9e537230ae052c194251d9a1def2","name":"Moderador","image":{"@type":"ImageObject","inLanguage":"es","@id":"https:\/\/www.padreydecano.com\/cms\/#\/schema\/person\/image\/","url":"https:\/\/secure.gravatar.com\/avatar\/2587727bf8a53bd3da4ec49f01bea66e?s=96&d=https%3A%2F%2Fpadreydecano.com%2Fcms%2Fwp-content%2Fthemes%2Fpyd-theme%2Fimg%2Fdefault-avatar.png&r=g","contentUrl":"https:\/\/secure.gravatar.com\/avatar\/2587727bf8a53bd3da4ec49f01bea66e?s=96&d=https%3A%2F%2Fpadreydecano.com%2Fcms%2Fwp-content%2Fthemes%2Fpyd-theme%2Fimg%2Fdefault-avatar.png&r=g","caption":"Moderador"}}]}},"_links":{"self":[{"href":"https:\/\/www.padreydecano.com\/cms\/wp-json\/wp\/v2\/posts\/41149"}],"collection":[{"href":"https:\/\/www.padreydecano.com\/cms\/wp-json\/wp\/v2\/posts"}],"about":[{"href":"https:\/\/www.padreydecano.com\/cms\/wp-json\/wp\/v2\/types\/post"}],"author":[{"embeddable":true,"href":"https:\/\/www.padreydecano.com\/cms\/wp-json\/wp\/v2\/users\/13"}],"replies":[{"embeddable":true,"href":"https:\/\/www.padreydecano.com\/cms\/wp-json\/wp\/v2\/comments?post=41149"}],"version-history":[{"count":0,"href":"https:\/\/www.padreydecano.com\/cms\/wp-json\/wp\/v2\/posts\/41149\/revisions"}],"wp:featuredmedia":[{"embeddable":true,"href":"https:\/\/www.padreydecano.com\/cms\/wp-json\/wp\/v2\/media\/41158"}],"wp:attachment":[{"href":"https:\/\/www.padreydecano.com\/cms\/wp-json\/wp\/v2\/media?parent=41149"}],"wp:term":[{"taxonomy":"category","embeddable":true,"href":"https:\/\/www.padreydecano.com\/cms\/wp-json\/wp\/v2\/categories?post=41149"},{"taxonomy":"post_tag","embeddable":true,"href":"https:\/\/www.padreydecano.com\/cms\/wp-json\/wp\/v2\/tags?post=41149"}],"curies":[{"name":"wp","href":"https:\/\/api.w.org\/{rel}","templated":true}]}}