{"id":40750,"date":"2013-08-17T08:30:13","date_gmt":"2013-08-17T11:30:13","guid":{"rendered":"http:\/\/www.padreydecano.com\/cms\/?p=40750"},"modified":"2013-08-17T00:27:56","modified_gmt":"2013-08-17T03:27:56","slug":"los-numeros-de-penarol-en-los-apertura","status":"publish","type":"post","link":"https:\/\/www.padreydecano.com\/cms\/noticias\/los-numeros-de-penarol-en-los-apertura\/","title":{"rendered":"Los n\u00fameros de Pe\u00f1arol en los Apertura"},"content":{"rendered":"<div id=\"attachment_34122\" style=\"width: 250px\" class=\"wp-caption alignright\"><a href=\"https:\/\/www.padreydecano.com\/cms\/wp-content\/uploads\/2012\/12\/MG_4753-CopiarNA.jpg\" rel=\"shadowbox[sbpost-40750];player=img;\"><img loading=\"lazy\" decoding=\"async\" aria-describedby=\"caption-attachment-34122\" class=\" wp-image-34122\" alt=\"2\u00aa Parte: Fotos vs Juventud (Apertura 2012)\" src=\"https:\/\/www.padreydecano.com\/cms\/wp-content\/uploads\/2012\/12\/MG_4753-CopiarNA-300x200.jpg\" width=\"240\" height=\"160\" srcset=\"https:\/\/www.padreydecano.com\/cms\/wp-content\/uploads\/2012\/12\/MG_4753-CopiarNA-300x200.jpg 300w, https:\/\/www.padreydecano.com\/cms\/wp-content\/uploads\/2012\/12\/MG_4753-CopiarNA.jpg 900w\" sizes=\"(max-width: 240px) 100vw, 240px\" \/><\/a><p id=\"caption-attachment-34122\" class=\"wp-caption-text\">Pe\u00f1arol Campe\u00f3n del Apertura 2012<\/p><\/div>\n<p style=\"text-align: justify;\">Desde que se juegan los Torneos Apertura (1994), Pe\u00f1arol lo ha ganado 3 veces: <a title=\"El Segundo Quinquenio de Oro\" href=\"https:\/\/www.padreydecano.com\/cms\/campanas-historicas\/el-segundo-quinquenio-de-oro\/\" target=\"_blank\">1995, 1996<\/a> y <a title=\"Los n\u00fameros del Campe\u00f3n del Apertura 2012\" href=\"https:\/\/www.padreydecano.com\/cms\/noticias\/las-estadisticas-del-campeon-del-apertura-2012\/\" target=\"_blank\">2012<\/a>. En total,\u00a0jugamos 250 partidos y cosechamos 480 puntos de la siguiente manera:<\/p>\n<ul style=\"text-align: justify;\">\n<li>Ganados: 142<\/li>\n<li>Empatados: 54<\/li>\n<li>Perdidos: 54<\/li>\n<\/ul>\n<p style=\"text-align: justify;\"><strong><span style=\"color: #ffcc02;\">M\u00e1s datos<\/span><\/strong><\/p>\n<ul>\n<li style=\"text-align: justify;\">Pe\u00f1arol anot\u00f3 493 goles y recibi\u00f3 284.<\/li>\n<li style=\"text-align: justify;\">Fueron 91 (36%) las veces que terminamos con el arco invicto.<\/li>\n<li style=\"text-align: justify;\">En 209 (84%) partidos Pe\u00f1arol hizo por lo menos un gol.<\/li>\n<li style=\"text-align: justify;\">14 son los partidos invictos que lleva Pe\u00f1arol. La mejor racha hist\u00f3rica del equipo en este torneo. Pe\u00f1arol no pierde por el Torneo Apertura desde la primera fecha del campeonato pasado, cuando <a title=\"Peor arranque imposible\" href=\"https:\/\/www.padreydecano.com\/cms\/partidos\/peor-arranque-imposible\/\" target=\"_blank\">ca\u00edmos 4 a 3 ante F\u00e9nix<\/a>.<\/li>\n<\/ul>\n<p><a href=\"https:\/\/www.padreydecano.com\/cms\/tag\/futbolbasket_uy\/\"><img decoding=\"async\" class=\"alignright foto-sin-formato\" alt=\"\" src=\"https:\/\/www.padreydecano.com\/cms\/wp-users-files\/autor-columna\/futbolbasket_uy.jpg\" \/><\/a><\/p>\n","protected":false},"excerpt":{"rendered":"<p>Desde que se juegan los Torneos Apertura (1994), Pe\u00f1arol lo ha ganado 3 veces: 1995, 1996 y 2012. En total,\u00a0jugamos 250 partidos y cosechamos 480 puntos de la siguiente manera: Ganados: 142 Empatados: 54 Perdidos: 54 M\u00e1s datos Pe\u00f1arol anot\u00f3 493 goles y recibi\u00f3 284. Fueron 91 (36%) las veces que terminamos con el arco [&hellip;]<\/p>\n","protected":false},"author":13,"featured_media":34124,"comment_status":"open","ping_status":"closed","sticky":false,"template":"","format":"standard","meta":{"footnotes":""},"categories":[1],"tags":[127,100],"yoast_head":"<!-- This site is optimized with the Yoast SEO plugin v23.2 - https:\/\/yoast.com\/wordpress\/plugins\/seo\/ -->\n<title>Los n\u00fameros de Pe\u00f1arol en los Apertura - Padre y Decano - El Sitio del Pueblo<\/title>\n<meta name=\"robots\" content=\"index, follow, max-snippet:-1, max-image-preview:large, max-video-preview:-1\" \/>\n<link rel=\"canonical\" href=\"https:\/\/www.padreydecano.com\/cms\/noticias\/los-numeros-de-penarol-en-los-apertura\/\" \/>\n<meta property=\"og:locale\" content=\"es_ES\" \/>\n<meta property=\"og:type\" content=\"article\" \/>\n<meta property=\"og:title\" content=\"Los n\u00fameros de Pe\u00f1arol en los Apertura - Padre y Decano - El Sitio del Pueblo\" \/>\n<meta property=\"og:description\" content=\"Desde que se juegan los Torneos Apertura (1994), Pe\u00f1arol lo ha ganado 3 veces: 1995, 1996 y 2012. En total,\u00a0jugamos 250 partidos y cosechamos 480 puntos de la siguiente manera: Ganados: 142 Empatados: 54 Perdidos: 54 M\u00e1s datos Pe\u00f1arol anot\u00f3 493 goles y recibi\u00f3 284. Fueron 91 (36%) las veces que terminamos con el arco [&hellip;]\" \/>\n<meta property=\"og:url\" content=\"https:\/\/www.padreydecano.com\/cms\/noticias\/los-numeros-de-penarol-en-los-apertura\/\" \/>\n<meta property=\"og:site_name\" content=\"Padre y Decano - El Sitio del Pueblo\" \/>\n<meta property=\"article:published_time\" content=\"2013-08-17T11:30:13+00:00\" \/>\n<meta property=\"article:modified_time\" content=\"2013-08-17T03:27:56+00:00\" \/>\n<meta property=\"og:image\" content=\"https:\/\/www.padreydecano.com\/cms\/wp-content\/uploads\/2012\/12\/MG_4771-CopiarNA.jpg\" \/>\n\t<meta property=\"og:image:width\" content=\"900\" \/>\n\t<meta property=\"og:image:height\" content=\"600\" \/>\n\t<meta property=\"og:image:type\" content=\"image\/jpeg\" \/>\n<meta name=\"author\" content=\"Moderador\" \/>\n<meta name=\"twitter:card\" content=\"summary_large_image\" \/>\n<meta name=\"twitter:label1\" content=\"Escrito por\" \/>\n\t<meta name=\"twitter:data1\" content=\"Moderador\" \/>\n\t<meta name=\"twitter:label2\" content=\"Tiempo de lectura\" \/>\n\t<meta name=\"twitter:data2\" content=\"1 minuto\" \/>\n<script type=\"application\/ld+json\" class=\"yoast-schema-graph\">{\"@context\":\"https:\/\/schema.org\",\"@graph\":[{\"@type\":\"Article\",\"@id\":\"https:\/\/www.padreydecano.com\/cms\/noticias\/los-numeros-de-penarol-en-los-apertura\/#article\",\"isPartOf\":{\"@id\":\"https:\/\/www.padreydecano.com\/cms\/noticias\/los-numeros-de-penarol-en-los-apertura\/\"},\"author\":{\"name\":\"Moderador\",\"@id\":\"https:\/\/www.padreydecano.com\/cms\/#\/schema\/person\/d93e9e537230ae052c194251d9a1def2\"},\"headline\":\"Los n\u00fameros de Pe\u00f1arol en los Apertura\",\"datePublished\":\"2013-08-17T11:30:13+00:00\",\"dateModified\":\"2013-08-17T03:27:56+00:00\",\"mainEntityOfPage\":{\"@id\":\"https:\/\/www.padreydecano.com\/cms\/noticias\/los-numeros-de-penarol-en-los-apertura\/\"},\"wordCount\":118,\"commentCount\":1,\"publisher\":{\"@id\":\"https:\/\/www.padreydecano.com\/cms\/#organization\"},\"image\":{\"@id\":\"https:\/\/www.padreydecano.com\/cms\/noticias\/los-numeros-de-penarol-en-los-apertura\/#primaryimage\"},\"thumbnailUrl\":\"https:\/\/www.padreydecano.com\/cms\/wp-content\/uploads\/2012\/12\/MG_4771-CopiarNA.jpg\",\"keywords\":[\"@FutbolBasket_UY\",\"Estad\u00edsticas\"],\"articleSection\":[\"Noticias\"],\"inLanguage\":\"es\",\"potentialAction\":[{\"@type\":\"CommentAction\",\"name\":\"Comment\",\"target\":[\"https:\/\/www.padreydecano.com\/cms\/noticias\/los-numeros-de-penarol-en-los-apertura\/#respond\"]}]},{\"@type\":\"WebPage\",\"@id\":\"https:\/\/www.padreydecano.com\/cms\/noticias\/los-numeros-de-penarol-en-los-apertura\/\",\"url\":\"https:\/\/www.padreydecano.com\/cms\/noticias\/los-numeros-de-penarol-en-los-apertura\/\",\"name\":\"Los n\u00fameros de Pe\u00f1arol en los Apertura - Padre y Decano - El Sitio del Pueblo\",\"isPartOf\":{\"@id\":\"https:\/\/www.padreydecano.com\/cms\/#website\"},\"primaryImageOfPage\":{\"@id\":\"https:\/\/www.padreydecano.com\/cms\/noticias\/los-numeros-de-penarol-en-los-apertura\/#primaryimage\"},\"image\":{\"@id\":\"https:\/\/www.padreydecano.com\/cms\/noticias\/los-numeros-de-penarol-en-los-apertura\/#primaryimage\"},\"thumbnailUrl\":\"https:\/\/www.padreydecano.com\/cms\/wp-content\/uploads\/2012\/12\/MG_4771-CopiarNA.jpg\",\"datePublished\":\"2013-08-17T11:30:13+00:00\",\"dateModified\":\"2013-08-17T03:27:56+00:00\",\"breadcrumb\":{\"@id\":\"https:\/\/www.padreydecano.com\/cms\/noticias\/los-numeros-de-penarol-en-los-apertura\/#breadcrumb\"},\"inLanguage\":\"es\",\"potentialAction\":[{\"@type\":\"ReadAction\",\"target\":[\"https:\/\/www.padreydecano.com\/cms\/noticias\/los-numeros-de-penarol-en-los-apertura\/\"]}]},{\"@type\":\"ImageObject\",\"inLanguage\":\"es\",\"@id\":\"https:\/\/www.padreydecano.com\/cms\/noticias\/los-numeros-de-penarol-en-los-apertura\/#primaryimage\",\"url\":\"https:\/\/www.padreydecano.com\/cms\/wp-content\/uploads\/2012\/12\/MG_4771-CopiarNA.jpg\",\"contentUrl\":\"https:\/\/www.padreydecano.com\/cms\/wp-content\/uploads\/2012\/12\/MG_4771-CopiarNA.jpg\",\"width\":\"900\",\"height\":\"600\"},{\"@type\":\"BreadcrumbList\",\"@id\":\"https:\/\/www.padreydecano.com\/cms\/noticias\/los-numeros-de-penarol-en-los-apertura\/#breadcrumb\",\"itemListElement\":[{\"@type\":\"ListItem\",\"position\":1,\"name\":\"Portada\",\"item\":\"https:\/\/www.padreydecano.com\/cms\/\"},{\"@type\":\"ListItem\",\"position\":2,\"name\":\"Los n\u00fameros de Pe\u00f1arol en los Apertura\"}]},{\"@type\":\"WebSite\",\"@id\":\"https:\/\/www.padreydecano.com\/cms\/#website\",\"url\":\"https:\/\/www.padreydecano.com\/cms\/\",\"name\":\"Padre y Decano - El Sitio del Pueblo\",\"description\":\"Club Atl\u00e9tico Pe\u00f1arol\",\"publisher\":{\"@id\":\"https:\/\/www.padreydecano.com\/cms\/#organization\"},\"potentialAction\":[{\"@type\":\"SearchAction\",\"target\":{\"@type\":\"EntryPoint\",\"urlTemplate\":\"https:\/\/www.padreydecano.com\/cms\/?s={search_term_string}\"},\"query-input\":\"required name=search_term_string\"}],\"inLanguage\":\"es\"},{\"@type\":\"Organization\",\"@id\":\"https:\/\/www.padreydecano.com\/cms\/#organization\",\"name\":\"Padre y Decano\",\"url\":\"https:\/\/www.padreydecano.com\/cms\/\",\"logo\":{\"@type\":\"ImageObject\",\"inLanguage\":\"es\",\"@id\":\"https:\/\/www.padreydecano.com\/cms\/#\/schema\/logo\/image\/\",\"url\":\"https:\/\/www.padreydecano.com\/cms\/wp-content\/uploads\/2022\/01\/avatar-square.png\",\"contentUrl\":\"https:\/\/www.padreydecano.com\/cms\/wp-content\/uploads\/2022\/01\/avatar-square.png\",\"width\":1500,\"height\":1500,\"caption\":\"Padre y Decano\"},\"image\":{\"@id\":\"https:\/\/www.padreydecano.com\/cms\/#\/schema\/logo\/image\/\"}},{\"@type\":\"Person\",\"@id\":\"https:\/\/www.padreydecano.com\/cms\/#\/schema\/person\/d93e9e537230ae052c194251d9a1def2\",\"name\":\"Moderador\",\"image\":{\"@type\":\"ImageObject\",\"inLanguage\":\"es\",\"@id\":\"https:\/\/www.padreydecano.com\/cms\/#\/schema\/person\/image\/\",\"url\":\"https:\/\/secure.gravatar.com\/avatar\/2587727bf8a53bd3da4ec49f01bea66e?s=96&d=https%3A%2F%2Fpadreydecano.com%2Fcms%2Fwp-content%2Fthemes%2Fpyd-theme%2Fimg%2Fdefault-avatar.png&r=g\",\"contentUrl\":\"https:\/\/secure.gravatar.com\/avatar\/2587727bf8a53bd3da4ec49f01bea66e?s=96&d=https%3A%2F%2Fpadreydecano.com%2Fcms%2Fwp-content%2Fthemes%2Fpyd-theme%2Fimg%2Fdefault-avatar.png&r=g\",\"caption\":\"Moderador\"}}]}<\/script>\n<!-- \/ Yoast SEO plugin. -->","yoast_head_json":{"title":"Los n\u00fameros de Pe\u00f1arol en los Apertura - Padre y Decano - El Sitio del Pueblo","robots":{"index":"index","follow":"follow","max-snippet":"max-snippet:-1","max-image-preview":"max-image-preview:large","max-video-preview":"max-video-preview:-1"},"canonical":"https:\/\/www.padreydecano.com\/cms\/noticias\/los-numeros-de-penarol-en-los-apertura\/","og_locale":"es_ES","og_type":"article","og_title":"Los n\u00fameros de Pe\u00f1arol en los Apertura - Padre y Decano - El Sitio del Pueblo","og_description":"Desde que se juegan los Torneos Apertura (1994), Pe\u00f1arol lo ha ganado 3 veces: 1995, 1996 y 2012. En total,\u00a0jugamos 250 partidos y cosechamos 480 puntos de la siguiente manera: Ganados: 142 Empatados: 54 Perdidos: 54 M\u00e1s datos Pe\u00f1arol anot\u00f3 493 goles y recibi\u00f3 284. Fueron 91 (36%) las veces que terminamos con el arco [&hellip;]","og_url":"https:\/\/www.padreydecano.com\/cms\/noticias\/los-numeros-de-penarol-en-los-apertura\/","og_site_name":"Padre y Decano - El Sitio del Pueblo","article_published_time":"2013-08-17T11:30:13+00:00","article_modified_time":"2013-08-17T03:27:56+00:00","og_image":[{"width":900,"height":600,"url":"https:\/\/www.padreydecano.com\/cms\/wp-content\/uploads\/2012\/12\/MG_4771-CopiarNA.jpg","type":"image\/jpeg"}],"author":"Moderador","twitter_card":"summary_large_image","twitter_misc":{"Escrito por":"Moderador","Tiempo de lectura":"1 minuto"},"schema":{"@context":"https:\/\/schema.org","@graph":[{"@type":"Article","@id":"https:\/\/www.padreydecano.com\/cms\/noticias\/los-numeros-de-penarol-en-los-apertura\/#article","isPartOf":{"@id":"https:\/\/www.padreydecano.com\/cms\/noticias\/los-numeros-de-penarol-en-los-apertura\/"},"author":{"name":"Moderador","@id":"https:\/\/www.padreydecano.com\/cms\/#\/schema\/person\/d93e9e537230ae052c194251d9a1def2"},"headline":"Los n\u00fameros de Pe\u00f1arol en los Apertura","datePublished":"2013-08-17T11:30:13+00:00","dateModified":"2013-08-17T03:27:56+00:00","mainEntityOfPage":{"@id":"https:\/\/www.padreydecano.com\/cms\/noticias\/los-numeros-de-penarol-en-los-apertura\/"},"wordCount":118,"commentCount":1,"publisher":{"@id":"https:\/\/www.padreydecano.com\/cms\/#organization"},"image":{"@id":"https:\/\/www.padreydecano.com\/cms\/noticias\/los-numeros-de-penarol-en-los-apertura\/#primaryimage"},"thumbnailUrl":"https:\/\/www.padreydecano.com\/cms\/wp-content\/uploads\/2012\/12\/MG_4771-CopiarNA.jpg","keywords":["@FutbolBasket_UY","Estad\u00edsticas"],"articleSection":["Noticias"],"inLanguage":"es","potentialAction":[{"@type":"CommentAction","name":"Comment","target":["https:\/\/www.padreydecano.com\/cms\/noticias\/los-numeros-de-penarol-en-los-apertura\/#respond"]}]},{"@type":"WebPage","@id":"https:\/\/www.padreydecano.com\/cms\/noticias\/los-numeros-de-penarol-en-los-apertura\/","url":"https:\/\/www.padreydecano.com\/cms\/noticias\/los-numeros-de-penarol-en-los-apertura\/","name":"Los n\u00fameros de Pe\u00f1arol en los Apertura - Padre y Decano - El Sitio del Pueblo","isPartOf":{"@id":"https:\/\/www.padreydecano.com\/cms\/#website"},"primaryImageOfPage":{"@id":"https:\/\/www.padreydecano.com\/cms\/noticias\/los-numeros-de-penarol-en-los-apertura\/#primaryimage"},"image":{"@id":"https:\/\/www.padreydecano.com\/cms\/noticias\/los-numeros-de-penarol-en-los-apertura\/#primaryimage"},"thumbnailUrl":"https:\/\/www.padreydecano.com\/cms\/wp-content\/uploads\/2012\/12\/MG_4771-CopiarNA.jpg","datePublished":"2013-08-17T11:30:13+00:00","dateModified":"2013-08-17T03:27:56+00:00","breadcrumb":{"@id":"https:\/\/www.padreydecano.com\/cms\/noticias\/los-numeros-de-penarol-en-los-apertura\/#breadcrumb"},"inLanguage":"es","potentialAction":[{"@type":"ReadAction","target":["https:\/\/www.padreydecano.com\/cms\/noticias\/los-numeros-de-penarol-en-los-apertura\/"]}]},{"@type":"ImageObject","inLanguage":"es","@id":"https:\/\/www.padreydecano.com\/cms\/noticias\/los-numeros-de-penarol-en-los-apertura\/#primaryimage","url":"https:\/\/www.padreydecano.com\/cms\/wp-content\/uploads\/2012\/12\/MG_4771-CopiarNA.jpg","contentUrl":"https:\/\/www.padreydecano.com\/cms\/wp-content\/uploads\/2012\/12\/MG_4771-CopiarNA.jpg","width":"900","height":"600"},{"@type":"BreadcrumbList","@id":"https:\/\/www.padreydecano.com\/cms\/noticias\/los-numeros-de-penarol-en-los-apertura\/#breadcrumb","itemListElement":[{"@type":"ListItem","position":1,"name":"Portada","item":"https:\/\/www.padreydecano.com\/cms\/"},{"@type":"ListItem","position":2,"name":"Los n\u00fameros de Pe\u00f1arol en los Apertura"}]},{"@type":"WebSite","@id":"https:\/\/www.padreydecano.com\/cms\/#website","url":"https:\/\/www.padreydecano.com\/cms\/","name":"Padre y Decano - El Sitio del Pueblo","description":"Club Atl\u00e9tico Pe\u00f1arol","publisher":{"@id":"https:\/\/www.padreydecano.com\/cms\/#organization"},"potentialAction":[{"@type":"SearchAction","target":{"@type":"EntryPoint","urlTemplate":"https:\/\/www.padreydecano.com\/cms\/?s={search_term_string}"},"query-input":"required name=search_term_string"}],"inLanguage":"es"},{"@type":"Organization","@id":"https:\/\/www.padreydecano.com\/cms\/#organization","name":"Padre y Decano","url":"https:\/\/www.padreydecano.com\/cms\/","logo":{"@type":"ImageObject","inLanguage":"es","@id":"https:\/\/www.padreydecano.com\/cms\/#\/schema\/logo\/image\/","url":"https:\/\/www.padreydecano.com\/cms\/wp-content\/uploads\/2022\/01\/avatar-square.png","contentUrl":"https:\/\/www.padreydecano.com\/cms\/wp-content\/uploads\/2022\/01\/avatar-square.png","width":1500,"height":1500,"caption":"Padre y Decano"},"image":{"@id":"https:\/\/www.padreydecano.com\/cms\/#\/schema\/logo\/image\/"}},{"@type":"Person","@id":"https:\/\/www.padreydecano.com\/cms\/#\/schema\/person\/d93e9e537230ae052c194251d9a1def2","name":"Moderador","image":{"@type":"ImageObject","inLanguage":"es","@id":"https:\/\/www.padreydecano.com\/cms\/#\/schema\/person\/image\/","url":"https:\/\/secure.gravatar.com\/avatar\/2587727bf8a53bd3da4ec49f01bea66e?s=96&d=https%3A%2F%2Fpadreydecano.com%2Fcms%2Fwp-content%2Fthemes%2Fpyd-theme%2Fimg%2Fdefault-avatar.png&r=g","contentUrl":"https:\/\/secure.gravatar.com\/avatar\/2587727bf8a53bd3da4ec49f01bea66e?s=96&d=https%3A%2F%2Fpadreydecano.com%2Fcms%2Fwp-content%2Fthemes%2Fpyd-theme%2Fimg%2Fdefault-avatar.png&r=g","caption":"Moderador"}}]}},"_links":{"self":[{"href":"https:\/\/www.padreydecano.com\/cms\/wp-json\/wp\/v2\/posts\/40750"}],"collection":[{"href":"https:\/\/www.padreydecano.com\/cms\/wp-json\/wp\/v2\/posts"}],"about":[{"href":"https:\/\/www.padreydecano.com\/cms\/wp-json\/wp\/v2\/types\/post"}],"author":[{"embeddable":true,"href":"https:\/\/www.padreydecano.com\/cms\/wp-json\/wp\/v2\/users\/13"}],"replies":[{"embeddable":true,"href":"https:\/\/www.padreydecano.com\/cms\/wp-json\/wp\/v2\/comments?post=40750"}],"version-history":[{"count":0,"href":"https:\/\/www.padreydecano.com\/cms\/wp-json\/wp\/v2\/posts\/40750\/revisions"}],"wp:featuredmedia":[{"embeddable":true,"href":"https:\/\/www.padreydecano.com\/cms\/wp-json\/wp\/v2\/media\/34124"}],"wp:attachment":[{"href":"https:\/\/www.padreydecano.com\/cms\/wp-json\/wp\/v2\/media?parent=40750"}],"wp:term":[{"taxonomy":"category","embeddable":true,"href":"https:\/\/www.padreydecano.com\/cms\/wp-json\/wp\/v2\/categories?post=40750"},{"taxonomy":"post_tag","embeddable":true,"href":"https:\/\/www.padreydecano.com\/cms\/wp-json\/wp\/v2\/tags?post=40750"}],"curies":[{"name":"wp","href":"https:\/\/api.w.org\/{rel}","templated":true}]}}