{"id":40096,"date":"2013-07-12T13:20:57","date_gmt":"2013-07-12T16:20:57","guid":{"rendered":"http:\/\/www.padreydecano.com\/cms\/?p=40096"},"modified":"2013-07-12T13:29:32","modified_gmt":"2013-07-12T16:29:32","slug":"un-penarol-en-la-otra-punta-del-continente","status":"publish","type":"post","link":"https:\/\/www.padreydecano.com\/cms\/noticias\/un-penarol-en-la-otra-punta-del-continente\/","title":{"rendered":"Un Pe\u00f1arol en la otra punta del continente"},"content":{"rendered":"<p style=\"text-align: justify;\"><a href=\"https:\/\/www.padreydecano.com\/cms\/wp-content\/uploads\/2013\/07\/pe\u00f1arol-venezuela.jpg\" rel=\"shadowbox[sbpost-40096];player=img;\"><img loading=\"lazy\" decoding=\"async\" class=\"alignright  wp-image-40097\" alt=\"pe\u00f1arol-venezuela\" src=\"https:\/\/www.padreydecano.com\/cms\/wp-content\/uploads\/2013\/07\/pe\u00f1arol-venezuela-300x222.jpg\" width=\"210\" height=\"155\" srcset=\"https:\/\/www.padreydecano.com\/cms\/wp-content\/uploads\/2013\/07\/pe\u00f1arol-venezuela-300x222.jpg 300w, https:\/\/www.padreydecano.com\/cms\/wp-content\/uploads\/2013\/07\/pe\u00f1arol-venezuela.jpg 473w\" sizes=\"(max-width: 210px) 100vw, 210px\" \/><\/a>En la otra punta del continente, el humilde Deportivo Pe\u00f1arol lucha en la Tercera Divisi\u00f3n del F\u00fatbol Profesional venezolano. Fundado en Caracas en el 2005, su objetivo impulsor fue \u00abestimular el desarrollo y crecimiento del talento deportivo local\u00bb.<\/p>\n<p style=\"text-align: justify;\">Su fundador es Jos\u00e9 Enrique Mena, uruguayo que jug\u00f3 en las formativas de River, Danubio y Pe\u00f1arol. El f\u00fatbolista jug\u00f3 el tramo m\u00e1s importante de su carrera en el f\u00fatbol venezolano donde est\u00e1 radicado hace a\u00f1os. El nombre Pe\u00f1arol es por el amor y la pasi\u00f3n que ten\u00eda Mena por el decano del f\u00fatbol uruguayo. As\u00ed tambi\u00e9n eligi\u00f3 la camiseta y el escudo, las franjas verticales amarillas y negras acompa\u00f1an al Deportivo Pe\u00f1arol de Venezuela desde su fundaci\u00f3n.<\/p>\n<p style=\"text-align: justify;\"><a href=\"https:\/\/www.padreydecano.com\/cms\/wp-content\/uploads\/2013\/07\/pe\u00f1arol-venezuela02.jpg\" rel=\"shadowbox[sbpost-40096];player=img;\"><img loading=\"lazy\" decoding=\"async\" class=\"alignleft  wp-image-40098\" alt=\"pe\u00f1arol-venezuela02\" src=\"https:\/\/www.padreydecano.com\/cms\/wp-content\/uploads\/2013\/07\/pe\u00f1arol-venezuela02-300x201.jpg\" width=\"210\" height=\"141\" srcset=\"https:\/\/www.padreydecano.com\/cms\/wp-content\/uploads\/2013\/07\/pe\u00f1arol-venezuela02-300x201.jpg 300w, https:\/\/www.padreydecano.com\/cms\/wp-content\/uploads\/2013\/07\/pe\u00f1arol-venezuela02.jpg 518w\" sizes=\"(max-width: 210px) 100vw, 210px\" \/><\/a>El equipo empez\u00f3 a participar en el torneo de la regional de Caracas donde hizo buenas campa\u00f1as, y luego de tres a\u00f1os se inscribi\u00f3 en la federaci\u00f3n y dio el salto al f\u00fatbol profesional. Su debut profesional fue en el Apertura 2008 con un triunfo 3 a 2 de visitante ante Santa F\u00e9. Pe\u00f1arol obtuvo el tercer puesto, posici\u00f3n que mejorar\u00eda en el Clausura 2009 con un segundo lugar. Lamentablemente qued\u00f3 a 6 puntos de subir a la Segunda B.<\/p>\n<p style=\"text-align: justify;\"><a href=\"https:\/\/www.padreydecano.com\/cms\/wp-content\/uploads\/2013\/07\/pe\u00f1arol-venezuela03.jpg\" rel=\"shadowbox[sbpost-40096];player=img;\"><img loading=\"lazy\" decoding=\"async\" class=\" wp-image-40099 alignright\" alt=\"pe\u00f1arol-venezuela03\" src=\"https:\/\/www.padreydecano.com\/cms\/wp-content\/uploads\/2013\/07\/pe\u00f1arol-venezuela03.jpg\" width=\"228\" height=\"165\" \/><\/a>Jug\u00f3 en la\u00a0Segunda B en la temporada 2010 &#8211; 2011\u00a0donde obtuvo el segundo lugar de su grupo con 10 juegos, 2 ganados, 5 empates, 3 derrotas, 11 goles a favor y 11 en contra. En la siguiente temporada perdi\u00f3 la categor\u00eda en la \u00faltima fecha y volvi\u00f3 a Tercera divisi\u00f3n donde actualmente milita.<\/p>\n<p style=\"text-align: justify;\"><a href=\"https:\/\/www.padreydecano.com\/cms\/wp-content\/uploads\/2013\/07\/pe\u00f1arol-venezuela04.jpg\" rel=\"shadowbox[sbpost-40096];player=img;\"><img loading=\"lazy\" decoding=\"async\" class=\"alignleft  wp-image-40101\" alt=\"pe\u00f1arol-venezuela04\" src=\"https:\/\/www.padreydecano.com\/cms\/wp-content\/uploads\/2013\/07\/pe\u00f1arol-venezuela04-300x200.jpg\" width=\"210\" height=\"140\" srcset=\"https:\/\/www.padreydecano.com\/cms\/wp-content\/uploads\/2013\/07\/pe\u00f1arol-venezuela04-300x200.jpg 300w, https:\/\/www.padreydecano.com\/cms\/wp-content\/uploads\/2013\/07\/pe\u00f1arol-venezuela04-1024x683.jpg 1024w, https:\/\/www.padreydecano.com\/cms\/wp-content\/uploads\/2013\/07\/pe\u00f1arol-venezuela04.jpg 1259w\" sizes=\"(max-width: 210px) 100vw, 210px\" \/><\/a>La instituci\u00f3n sigre creciendo. Tambi\u00e9n participa en f\u00fatbol femenino y en categor\u00edas formativas.<\/p>\n<p style=\"text-align: justify;\">En la otra punta del continente existe un Pe\u00f1arol fundado por un uruguayo que a base de fuerza, esfuerzo y sacrificio intenta hacer crecer a su Pe\u00f1arol. No solo el Deportivo T\u00e1chira, luce la aurinegra en tierras venezolanas, el Deportivo Pe\u00f1arol, tambi\u00e9n!<\/p>\n<p style=\"text-align: justify;\">Fuente: <a href=\"http:\/\/www.deportivopenarolfc.net\/\" target=\"_blank\">Sitio Oficial del Deportivo Pe\u00f1arol<\/a><\/p>\n","protected":false},"excerpt":{"rendered":"<p>En la otra punta del continente, el humilde Deportivo Pe\u00f1arol lucha en la Tercera Divisi\u00f3n del F\u00fatbol Profesional venezolano. Fundado en Caracas en el 2005, su objetivo impulsor fue \u00abestimular el desarrollo y crecimiento del talento deportivo local\u00bb. Su fundador es Jos\u00e9 Enrique Mena, uruguayo que jug\u00f3 en las formativas de River, Danubio y Pe\u00f1arol. [&hellip;]<\/p>\n","protected":false},"author":13,"featured_media":0,"comment_status":"open","ping_status":"closed","sticky":false,"template":"","format":"standard","meta":{"footnotes":""},"categories":[1],"tags":[75],"yoast_head":"<!-- This site is optimized with the Yoast SEO plugin v23.2 - https:\/\/yoast.com\/wordpress\/plugins\/seo\/ -->\n<title>Un Pe\u00f1arol en la otra punta del continente - Padre y Decano - El Sitio del Pueblo<\/title>\n<meta name=\"robots\" content=\"index, follow, max-snippet:-1, max-image-preview:large, max-video-preview:-1\" \/>\n<link rel=\"canonical\" href=\"https:\/\/www.padreydecano.com\/cms\/noticias\/un-penarol-en-la-otra-punta-del-continente\/\" \/>\n<meta property=\"og:locale\" content=\"es_ES\" \/>\n<meta property=\"og:type\" content=\"article\" \/>\n<meta property=\"og:title\" content=\"Un Pe\u00f1arol en la otra punta del continente - Padre y Decano - El Sitio del Pueblo\" \/>\n<meta property=\"og:description\" content=\"En la otra punta del continente, el humilde Deportivo Pe\u00f1arol lucha en la Tercera Divisi\u00f3n del F\u00fatbol Profesional venezolano. Fundado en Caracas en el 2005, su objetivo impulsor fue \u00abestimular el desarrollo y crecimiento del talento deportivo local\u00bb. Su fundador es Jos\u00e9 Enrique Mena, uruguayo que jug\u00f3 en las formativas de River, Danubio y Pe\u00f1arol. [&hellip;]\" \/>\n<meta property=\"og:url\" content=\"https:\/\/www.padreydecano.com\/cms\/noticias\/un-penarol-en-la-otra-punta-del-continente\/\" \/>\n<meta property=\"og:site_name\" content=\"Padre y Decano - El Sitio del Pueblo\" \/>\n<meta property=\"article:published_time\" content=\"2013-07-12T16:20:57+00:00\" \/>\n<meta property=\"article:modified_time\" content=\"2013-07-12T16:29:32+00:00\" \/>\n<meta property=\"og:image\" content=\"http:\/\/www.padreydecano.com\/cms\/wp-content\/uploads\/2013\/07\/pe\u00f1arol-venezuela-300x222.jpg\" \/>\n<meta name=\"author\" content=\"Moderador\" \/>\n<meta name=\"twitter:card\" content=\"summary_large_image\" \/>\n<meta name=\"twitter:label1\" content=\"Escrito por\" \/>\n\t<meta name=\"twitter:data1\" content=\"Moderador\" \/>\n\t<meta name=\"twitter:label2\" content=\"Tiempo de lectura\" \/>\n\t<meta name=\"twitter:data2\" content=\"2 minutos\" \/>\n<script type=\"application\/ld+json\" class=\"yoast-schema-graph\">{\"@context\":\"https:\/\/schema.org\",\"@graph\":[{\"@type\":\"Article\",\"@id\":\"https:\/\/www.padreydecano.com\/cms\/noticias\/un-penarol-en-la-otra-punta-del-continente\/#article\",\"isPartOf\":{\"@id\":\"https:\/\/www.padreydecano.com\/cms\/noticias\/un-penarol-en-la-otra-punta-del-continente\/\"},\"author\":{\"name\":\"Moderador\",\"@id\":\"https:\/\/www.padreydecano.com\/cms\/#\/schema\/person\/d93e9e537230ae052c194251d9a1def2\"},\"headline\":\"Un Pe\u00f1arol en la otra punta del continente\",\"datePublished\":\"2013-07-12T16:20:57+00:00\",\"dateModified\":\"2013-07-12T16:29:32+00:00\",\"mainEntityOfPage\":{\"@id\":\"https:\/\/www.padreydecano.com\/cms\/noticias\/un-penarol-en-la-otra-punta-del-continente\/\"},\"wordCount\":342,\"commentCount\":16,\"publisher\":{\"@id\":\"https:\/\/www.padreydecano.com\/cms\/#organization\"},\"keywords\":[\"Curiosidades\"],\"articleSection\":[\"Noticias\"],\"inLanguage\":\"es\",\"potentialAction\":[{\"@type\":\"CommentAction\",\"name\":\"Comment\",\"target\":[\"https:\/\/www.padreydecano.com\/cms\/noticias\/un-penarol-en-la-otra-punta-del-continente\/#respond\"]}]},{\"@type\":\"WebPage\",\"@id\":\"https:\/\/www.padreydecano.com\/cms\/noticias\/un-penarol-en-la-otra-punta-del-continente\/\",\"url\":\"https:\/\/www.padreydecano.com\/cms\/noticias\/un-penarol-en-la-otra-punta-del-continente\/\",\"name\":\"Un Pe\u00f1arol en la otra punta del continente - Padre y Decano - El Sitio del Pueblo\",\"isPartOf\":{\"@id\":\"https:\/\/www.padreydecano.com\/cms\/#website\"},\"datePublished\":\"2013-07-12T16:20:57+00:00\",\"dateModified\":\"2013-07-12T16:29:32+00:00\",\"breadcrumb\":{\"@id\":\"https:\/\/www.padreydecano.com\/cms\/noticias\/un-penarol-en-la-otra-punta-del-continente\/#breadcrumb\"},\"inLanguage\":\"es\",\"potentialAction\":[{\"@type\":\"ReadAction\",\"target\":[\"https:\/\/www.padreydecano.com\/cms\/noticias\/un-penarol-en-la-otra-punta-del-continente\/\"]}]},{\"@type\":\"BreadcrumbList\",\"@id\":\"https:\/\/www.padreydecano.com\/cms\/noticias\/un-penarol-en-la-otra-punta-del-continente\/#breadcrumb\",\"itemListElement\":[{\"@type\":\"ListItem\",\"position\":1,\"name\":\"Portada\",\"item\":\"https:\/\/www.padreydecano.com\/cms\/\"},{\"@type\":\"ListItem\",\"position\":2,\"name\":\"Un Pe\u00f1arol en la otra punta del continente\"}]},{\"@type\":\"WebSite\",\"@id\":\"https:\/\/www.padreydecano.com\/cms\/#website\",\"url\":\"https:\/\/www.padreydecano.com\/cms\/\",\"name\":\"Padre y Decano - El Sitio del Pueblo\",\"description\":\"Club Atl\u00e9tico Pe\u00f1arol\",\"publisher\":{\"@id\":\"https:\/\/www.padreydecano.com\/cms\/#organization\"},\"potentialAction\":[{\"@type\":\"SearchAction\",\"target\":{\"@type\":\"EntryPoint\",\"urlTemplate\":\"https:\/\/www.padreydecano.com\/cms\/?s={search_term_string}\"},\"query-input\":\"required name=search_term_string\"}],\"inLanguage\":\"es\"},{\"@type\":\"Organization\",\"@id\":\"https:\/\/www.padreydecano.com\/cms\/#organization\",\"name\":\"Padre y Decano\",\"url\":\"https:\/\/www.padreydecano.com\/cms\/\",\"logo\":{\"@type\":\"ImageObject\",\"inLanguage\":\"es\",\"@id\":\"https:\/\/www.padreydecano.com\/cms\/#\/schema\/logo\/image\/\",\"url\":\"https:\/\/www.padreydecano.com\/cms\/wp-content\/uploads\/2022\/01\/avatar-square.png\",\"contentUrl\":\"https:\/\/www.padreydecano.com\/cms\/wp-content\/uploads\/2022\/01\/avatar-square.png\",\"width\":1500,\"height\":1500,\"caption\":\"Padre y Decano\"},\"image\":{\"@id\":\"https:\/\/www.padreydecano.com\/cms\/#\/schema\/logo\/image\/\"}},{\"@type\":\"Person\",\"@id\":\"https:\/\/www.padreydecano.com\/cms\/#\/schema\/person\/d93e9e537230ae052c194251d9a1def2\",\"name\":\"Moderador\",\"image\":{\"@type\":\"ImageObject\",\"inLanguage\":\"es\",\"@id\":\"https:\/\/www.padreydecano.com\/cms\/#\/schema\/person\/image\/\",\"url\":\"https:\/\/secure.gravatar.com\/avatar\/2587727bf8a53bd3da4ec49f01bea66e?s=96&d=https%3A%2F%2Fpadreydecano.com%2Fcms%2Fwp-content%2Fthemes%2Fpyd-theme%2Fimg%2Fdefault-avatar.png&r=g\",\"contentUrl\":\"https:\/\/secure.gravatar.com\/avatar\/2587727bf8a53bd3da4ec49f01bea66e?s=96&d=https%3A%2F%2Fpadreydecano.com%2Fcms%2Fwp-content%2Fthemes%2Fpyd-theme%2Fimg%2Fdefault-avatar.png&r=g\",\"caption\":\"Moderador\"}}]}<\/script>\n<!-- \/ Yoast SEO plugin. -->","yoast_head_json":{"title":"Un Pe\u00f1arol en la otra punta del continente - Padre y Decano - El Sitio del Pueblo","robots":{"index":"index","follow":"follow","max-snippet":"max-snippet:-1","max-image-preview":"max-image-preview:large","max-video-preview":"max-video-preview:-1"},"canonical":"https:\/\/www.padreydecano.com\/cms\/noticias\/un-penarol-en-la-otra-punta-del-continente\/","og_locale":"es_ES","og_type":"article","og_title":"Un Pe\u00f1arol en la otra punta del continente - Padre y Decano - El Sitio del Pueblo","og_description":"En la otra punta del continente, el humilde Deportivo Pe\u00f1arol lucha en la Tercera Divisi\u00f3n del F\u00fatbol Profesional venezolano. Fundado en Caracas en el 2005, su objetivo impulsor fue \u00abestimular el desarrollo y crecimiento del talento deportivo local\u00bb. Su fundador es Jos\u00e9 Enrique Mena, uruguayo que jug\u00f3 en las formativas de River, Danubio y Pe\u00f1arol. [&hellip;]","og_url":"https:\/\/www.padreydecano.com\/cms\/noticias\/un-penarol-en-la-otra-punta-del-continente\/","og_site_name":"Padre y Decano - El Sitio del Pueblo","article_published_time":"2013-07-12T16:20:57+00:00","article_modified_time":"2013-07-12T16:29:32+00:00","og_image":[{"url":"http:\/\/www.padreydecano.com\/cms\/wp-content\/uploads\/2013\/07\/pe\u00f1arol-venezuela-300x222.jpg"}],"author":"Moderador","twitter_card":"summary_large_image","twitter_misc":{"Escrito por":"Moderador","Tiempo de lectura":"2 minutos"},"schema":{"@context":"https:\/\/schema.org","@graph":[{"@type":"Article","@id":"https:\/\/www.padreydecano.com\/cms\/noticias\/un-penarol-en-la-otra-punta-del-continente\/#article","isPartOf":{"@id":"https:\/\/www.padreydecano.com\/cms\/noticias\/un-penarol-en-la-otra-punta-del-continente\/"},"author":{"name":"Moderador","@id":"https:\/\/www.padreydecano.com\/cms\/#\/schema\/person\/d93e9e537230ae052c194251d9a1def2"},"headline":"Un Pe\u00f1arol en la otra punta del continente","datePublished":"2013-07-12T16:20:57+00:00","dateModified":"2013-07-12T16:29:32+00:00","mainEntityOfPage":{"@id":"https:\/\/www.padreydecano.com\/cms\/noticias\/un-penarol-en-la-otra-punta-del-continente\/"},"wordCount":342,"commentCount":16,"publisher":{"@id":"https:\/\/www.padreydecano.com\/cms\/#organization"},"keywords":["Curiosidades"],"articleSection":["Noticias"],"inLanguage":"es","potentialAction":[{"@type":"CommentAction","name":"Comment","target":["https:\/\/www.padreydecano.com\/cms\/noticias\/un-penarol-en-la-otra-punta-del-continente\/#respond"]}]},{"@type":"WebPage","@id":"https:\/\/www.padreydecano.com\/cms\/noticias\/un-penarol-en-la-otra-punta-del-continente\/","url":"https:\/\/www.padreydecano.com\/cms\/noticias\/un-penarol-en-la-otra-punta-del-continente\/","name":"Un Pe\u00f1arol en la otra punta del continente - Padre y Decano - El Sitio del Pueblo","isPartOf":{"@id":"https:\/\/www.padreydecano.com\/cms\/#website"},"datePublished":"2013-07-12T16:20:57+00:00","dateModified":"2013-07-12T16:29:32+00:00","breadcrumb":{"@id":"https:\/\/www.padreydecano.com\/cms\/noticias\/un-penarol-en-la-otra-punta-del-continente\/#breadcrumb"},"inLanguage":"es","potentialAction":[{"@type":"ReadAction","target":["https:\/\/www.padreydecano.com\/cms\/noticias\/un-penarol-en-la-otra-punta-del-continente\/"]}]},{"@type":"BreadcrumbList","@id":"https:\/\/www.padreydecano.com\/cms\/noticias\/un-penarol-en-la-otra-punta-del-continente\/#breadcrumb","itemListElement":[{"@type":"ListItem","position":1,"name":"Portada","item":"https:\/\/www.padreydecano.com\/cms\/"},{"@type":"ListItem","position":2,"name":"Un Pe\u00f1arol en la otra punta del continente"}]},{"@type":"WebSite","@id":"https:\/\/www.padreydecano.com\/cms\/#website","url":"https:\/\/www.padreydecano.com\/cms\/","name":"Padre y Decano - El Sitio del Pueblo","description":"Club Atl\u00e9tico Pe\u00f1arol","publisher":{"@id":"https:\/\/www.padreydecano.com\/cms\/#organization"},"potentialAction":[{"@type":"SearchAction","target":{"@type":"EntryPoint","urlTemplate":"https:\/\/www.padreydecano.com\/cms\/?s={search_term_string}"},"query-input":"required name=search_term_string"}],"inLanguage":"es"},{"@type":"Organization","@id":"https:\/\/www.padreydecano.com\/cms\/#organization","name":"Padre y Decano","url":"https:\/\/www.padreydecano.com\/cms\/","logo":{"@type":"ImageObject","inLanguage":"es","@id":"https:\/\/www.padreydecano.com\/cms\/#\/schema\/logo\/image\/","url":"https:\/\/www.padreydecano.com\/cms\/wp-content\/uploads\/2022\/01\/avatar-square.png","contentUrl":"https:\/\/www.padreydecano.com\/cms\/wp-content\/uploads\/2022\/01\/avatar-square.png","width":1500,"height":1500,"caption":"Padre y Decano"},"image":{"@id":"https:\/\/www.padreydecano.com\/cms\/#\/schema\/logo\/image\/"}},{"@type":"Person","@id":"https:\/\/www.padreydecano.com\/cms\/#\/schema\/person\/d93e9e537230ae052c194251d9a1def2","name":"Moderador","image":{"@type":"ImageObject","inLanguage":"es","@id":"https:\/\/www.padreydecano.com\/cms\/#\/schema\/person\/image\/","url":"https:\/\/secure.gravatar.com\/avatar\/2587727bf8a53bd3da4ec49f01bea66e?s=96&d=https%3A%2F%2Fpadreydecano.com%2Fcms%2Fwp-content%2Fthemes%2Fpyd-theme%2Fimg%2Fdefault-avatar.png&r=g","contentUrl":"https:\/\/secure.gravatar.com\/avatar\/2587727bf8a53bd3da4ec49f01bea66e?s=96&d=https%3A%2F%2Fpadreydecano.com%2Fcms%2Fwp-content%2Fthemes%2Fpyd-theme%2Fimg%2Fdefault-avatar.png&r=g","caption":"Moderador"}}]}},"_links":{"self":[{"href":"https:\/\/www.padreydecano.com\/cms\/wp-json\/wp\/v2\/posts\/40096"}],"collection":[{"href":"https:\/\/www.padreydecano.com\/cms\/wp-json\/wp\/v2\/posts"}],"about":[{"href":"https:\/\/www.padreydecano.com\/cms\/wp-json\/wp\/v2\/types\/post"}],"author":[{"embeddable":true,"href":"https:\/\/www.padreydecano.com\/cms\/wp-json\/wp\/v2\/users\/13"}],"replies":[{"embeddable":true,"href":"https:\/\/www.padreydecano.com\/cms\/wp-json\/wp\/v2\/comments?post=40096"}],"version-history":[{"count":0,"href":"https:\/\/www.padreydecano.com\/cms\/wp-json\/wp\/v2\/posts\/40096\/revisions"}],"wp:attachment":[{"href":"https:\/\/www.padreydecano.com\/cms\/wp-json\/wp\/v2\/media?parent=40096"}],"wp:term":[{"taxonomy":"category","embeddable":true,"href":"https:\/\/www.padreydecano.com\/cms\/wp-json\/wp\/v2\/categories?post=40096"},{"taxonomy":"post_tag","embeddable":true,"href":"https:\/\/www.padreydecano.com\/cms\/wp-json\/wp\/v2\/tags?post=40096"}],"curies":[{"name":"wp","href":"https:\/\/api.w.org\/{rel}","templated":true}]}}