{"id":40035,"date":"2013-07-08T08:00:14","date_gmt":"2013-07-08T11:00:14","guid":{"rendered":"http:\/\/www.padreydecano.com\/cms\/?p=40035"},"modified":"2013-07-07T20:54:31","modified_gmt":"2013-07-07T23:54:31","slug":"japo-rodriguez-llego-a-penarol","status":"publish","type":"post","link":"https:\/\/www.padreydecano.com\/cms\/noticias\/japo-rodriguez-llego-a-penarol\/","title":{"rendered":"\u00abJapo\u00bb Rodr\u00edguez lleg\u00f3 a Pe\u00f1arol"},"content":{"rendered":"<p style=\"text-align: justify;\"><img loading=\"lazy\" decoding=\"async\" class=\"alignright  wp-image-40037\" alt=\"\" src=\"https:\/\/www.padreydecano.com\/cms\/wp-content\/uploads\/2013\/07\/BOlT_3lCEAAOvAO.jpg\" width=\"294\" height=\"210\" srcset=\"https:\/\/www.padreydecano.com\/cms\/wp-content\/uploads\/2013\/07\/BOlT_3lCEAAOvAO.jpg 700w, https:\/\/www.padreydecano.com\/cms\/wp-content\/uploads\/2013\/07\/BOlT_3lCEAAOvAO-300x214.jpg 300w\" sizes=\"(max-width: 294px) 100vw, 294px\" \/>Jorge Marcelo Rodr\u00edguez N\u00fa\u00f1ez, m\u00e1s conocido como <b>\u201cJapo\u201d Rodr\u00edguez<\/b> ya lleg\u00f3 a Uruguay y <strong>este lunes firmar\u00e1 su contrato por dos a\u00f1os (con opci\u00f3n a otro m\u00e1s). <\/strong>Se unir\u00e1\u00a0de inmediato a la pretemporada junto al resto del plantel.<\/p>\n<p style=\"text-align: justify;\"><strong>El uruguayo de 28 a\u00f1os, zurdo<\/strong>, de buena velocidad y recorrido, juega como mediocampista por el sector izquierdo y llega al club en un buen momento de su carrera: ven\u00eda con mucha actividad en su club, Jaguares de M\u00e9xico,<strong> siendo titular indiscutido desde hace un a\u00f1o y medio.<\/strong> Sus buenos rendimientos hicieron que Quer\u00e9taro ponga su mirada en \u00e9l.<\/p>\n<p style=\"text-align: justify;\"><strong>Surgido en las divisiones juveniles de Racing<\/strong>, tuvo un paso fugaz por F\u00e9nix y otro por el tradicional adversario. <strong>Se destac\u00f3 entre el 2007 y el 2010 en River Plate,<\/strong> lo que le permiti\u00f3 ser convocado en reiteradas oportunidades a la selecci\u00f3n uruguaya y poder ser transferido al f\u00fatbol mexicano. En el pa\u00eds azteca defendi\u00f3 la camiseta de Jaguares de Chiapas y estuvo a punto de defender la del Quer\u00e9taro, <strong>pero el jugador prefiri\u00f3 vestirse de amarillo y negro, y jugar en el Campe\u00f3n del Siglo XX.\u00a0<\/strong><\/p>\n<p style=\"text-align: justify;\"><strong>Potencia, recorrido, pierna zurda, muy buena pegada<\/strong> tanto con pelota quieta como con pelota en movimiento son las mejores caracter\u00edsticas del \u201cJapo\u201d.<\/p>\n<p style=\"text-align: justify;\">Sin dudas, a priori entusiasma y parece ser una gran soluci\u00f3n para la banda izquierda del equipo dirigido por Diego \u201cTornado\u201d Alonso. Las condiciones est\u00e1n, ahora <strong>falta ver si el jugador es capaz de rendir de acuerdo a sus expectativas.<\/strong><\/p>\n<p><em>Estad\u00edsticas de la carrera de Jorge Rodr\u00edguez:<\/em><\/p>\n<div align=\"center\">\n<table class=\"comun\" width=\"608\">\n<tbody>\n<tr>\n<td colspan=\"3\"><span style=\"color: #ffcc02;\"><strong>En primera de Uruguay<\/strong><\/span><\/td>\n<td>\n<div align=\"center\"><strong>Minutos<\/strong><\/div>\n<\/td>\n<td>\n<div align=\"center\"><strong>PJ.<\/strong><\/div>\n<\/td>\n<td>\n<div align=\"center\"><strong>Titular<\/strong><\/div>\n<\/td>\n<td>\n<div align=\"center\"><strong>Goles<\/strong><\/div>\n<\/td>\n<td>\n<div align=\"center\"><img decoding=\"async\" alt=\"\" src=\"https:\/\/www.padreydecano.com\/cms\/wp-content\/uploads\/2012\/06\/amarillas.jpg\" \/><\/div>\n<\/td>\n<td>\n<div align=\"center\"><img decoding=\"async\" alt=\"\" src=\"https:\/\/www.padreydecano.com\/cms\/wp-content\/uploads\/2012\/06\/rojas.jpg\" \/><\/div>\n<\/td>\n<\/tr>\n<tr>\n<td>2007 a 2010<\/td>\n<td>\n<div align=\"center\">River Plate<\/div>\n<\/td>\n<td>\n<div align=\"center\">Uruguay<\/div>\n<\/td>\n<td>\n<div align=\"center\">5.916<\/div>\n<\/td>\n<td>\n<div align=\"center\">74<\/div>\n<\/td>\n<td>\n<div align=\"center\">65<\/div>\n<\/td>\n<td>\n<div align=\"center\">9<\/div>\n<\/td>\n<td>\n<div align=\"center\">12<\/div>\n<\/td>\n<td>\n<div align=\"center\">1<\/div>\n<\/td>\n<\/tr>\n<tr>\n<td>2005<\/td>\n<td>\n<div align=\"center\">Racing<\/div>\n<\/td>\n<td>\n<div align=\"center\">Uruguay<\/div>\n<\/td>\n<td>\n<div align=\"center\">164<\/div>\n<\/td>\n<td>\n<div align=\"center\">4<\/div>\n<\/td>\n<td>\n<div align=\"center\">0<\/div>\n<\/td>\n<td>\n<div align=\"center\">0<\/div>\n<\/td>\n<td>\n<div align=\"center\">0<\/div>\n<\/td>\n<td>\n<div align=\"center\">0<\/div>\n<\/td>\n<\/tr>\n<tr>\n<td>2006<\/td>\n<td>\n<div align=\"center\">Nacional<\/div>\n<\/td>\n<td>\n<div align=\"center\">Uruguay<\/div>\n<\/td>\n<td>\n<div align=\"center\">51<\/div>\n<\/td>\n<td>\n<div align=\"center\">2<\/div>\n<\/td>\n<td>\n<div align=\"center\">0<\/div>\n<\/td>\n<td>\n<div align=\"center\">0<\/div>\n<\/td>\n<td>\n<div align=\"center\">0<\/div>\n<\/td>\n<td>\n<div align=\"center\">0<\/div>\n<\/td>\n<\/tr>\n<tr>\n<td><\/td>\n<td><\/td>\n<td>\n<div align=\"center\">Total<\/div>\n<\/td>\n<td>\n<div align=\"center\">6.131<\/div>\n<\/td>\n<td>\n<div align=\"center\">80<\/div>\n<\/td>\n<td>\n<div align=\"center\">65<\/div>\n<\/td>\n<td>\n<div align=\"center\">9<\/div>\n<\/td>\n<td>\n<div align=\"center\">12<\/div>\n<\/td>\n<td>\n<div align=\"center\">1<\/div>\n<\/td>\n<\/tr>\n<tr>\n<td colspan=\"3\"><span style=\"color: #ffcc02;\"><strong>En primera de M\u00e9xico<\/strong><\/span><\/td>\n<td>\n<div align=\"center\"><strong>Minutos<\/strong><\/div>\n<\/td>\n<td>\n<div align=\"center\"><strong>PJ.<\/strong><\/div>\n<\/td>\n<td>\n<div align=\"center\"><strong>Titular<\/strong><\/div>\n<\/td>\n<td>\n<div align=\"center\"><strong>Goles<\/strong><\/div>\n<\/td>\n<td>\n<div align=\"center\"><img decoding=\"async\" alt=\"\" src=\"https:\/\/www.padreydecano.com\/cms\/wp-content\/uploads\/2012\/06\/amarillas.jpg\" \/><\/div>\n<\/td>\n<td>\n<div align=\"center\"><img decoding=\"async\" alt=\"\" src=\"https:\/\/www.padreydecano.com\/cms\/wp-content\/uploads\/2012\/06\/rojas.jpg\" \/><\/div>\n<\/td>\n<\/tr>\n<tr>\n<td>2010 a 2013<\/td>\n<td>\n<div align=\"center\">Jaguares<\/div>\n<\/td>\n<td>\n<div align=\"center\">M\u00e9xico<\/div>\n<\/td>\n<td>\n<div align=\"center\">8.178<\/div>\n<\/td>\n<td>\n<div align=\"center\">105<\/div>\n<\/td>\n<td>\n<div align=\"center\">96<\/div>\n<\/td>\n<td>\n<div align=\"center\">14<\/div>\n<\/td>\n<td>\n<div align=\"center\">18<\/div>\n<\/td>\n<td>\n<div align=\"center\">1<\/div>\n<\/td>\n<\/tr>\n<tr>\n<td colspan=\"3\"><span style=\"color: #ffcc02;\"><strong>Partidos Internacionales<\/strong><\/span><\/td>\n<td>\n<div align=\"center\"><strong>Minutos<\/strong><\/div>\n<\/td>\n<td>\n<div align=\"center\"><strong>PJ<\/strong><\/div>\n<\/td>\n<td>\n<div align=\"center\"><strong>Titular<\/strong><\/div>\n<\/td>\n<td>\n<div align=\"center\"><strong>Goles<\/strong><\/div>\n<\/td>\n<td>\n<div align=\"center\"><img decoding=\"async\" alt=\"\" src=\"https:\/\/www.padreydecano.com\/cms\/wp-content\/uploads\/2012\/06\/amarillas.jpg\" \/><\/div>\n<\/td>\n<td>\n<div align=\"center\"><img decoding=\"async\" alt=\"\" src=\"https:\/\/www.padreydecano.com\/cms\/wp-content\/uploads\/2012\/06\/rojas.jpg\" \/><\/div>\n<\/td>\n<\/tr>\n<tr>\n<td>2011<\/td>\n<td>\n<div align=\"center\">Jaguares<\/div>\n<\/td>\n<td>\n<div align=\"center\">Libertadores<\/div>\n<\/td>\n<td>\n<div align=\"center\">700<\/div>\n<\/td>\n<td>\n<div align=\"center\">9<\/div>\n<\/td>\n<td>\n<div align=\"center\">8<\/div>\n<\/td>\n<td>\n<div align=\"center\">1<\/div>\n<\/td>\n<td>\n<div align=\"center\">1<\/div>\n<\/td>\n<td>\n<div align=\"center\">1<\/div>\n<\/td>\n<\/tr>\n<tr>\n<td>2008 y 2009<\/td>\n<td>\n<div align=\"center\">River Plate<\/div>\n<\/td>\n<td>\n<div align=\"center\">Sudamericana<\/div>\n<\/td>\n<td>\n<div align=\"center\">674<\/div>\n<\/td>\n<td>\n<div align=\"center\">8<\/div>\n<\/td>\n<td>\n<div align=\"center\">7<\/div>\n<\/td>\n<td>\n<div align=\"center\">2<\/div>\n<\/td>\n<td>\n<div align=\"center\">2<\/div>\n<\/td>\n<td>\n<div align=\"center\">0<\/div>\n<\/td>\n<\/tr>\n<tr>\n<td><\/td>\n<td><\/td>\n<td>\n<div align=\"center\">Total<\/div>\n<\/td>\n<td>\n<div align=\"center\">1.374<\/div>\n<\/td>\n<td>\n<div align=\"center\">17<\/div>\n<\/td>\n<td>\n<div align=\"center\">15<\/div>\n<\/td>\n<td>\n<div align=\"center\">3<\/div>\n<\/td>\n<td>\n<div align=\"center\">3<\/div>\n<\/td>\n<td>\n<div align=\"center\">1<\/div>\n<\/td>\n<\/tr>\n<tr>\n<td colspan=\"3\"><span style=\"color: #ffcc02;\"><strong>Selecci\u00f3n Uruguaya<\/strong><\/span><\/td>\n<td>\n<div align=\"center\"><strong>Minutos<\/strong><\/div>\n<\/td>\n<td>\n<div align=\"center\"><strong>PJ<\/strong><\/div>\n<\/td>\n<td>\n<div align=\"center\"><strong>Titular<\/strong><\/div>\n<\/td>\n<td>\n<div align=\"center\"><strong>Goles<\/strong><\/div>\n<\/td>\n<td>\n<div align=\"center\"><img decoding=\"async\" alt=\"\" src=\"https:\/\/www.padreydecano.com\/cms\/wp-content\/uploads\/2012\/06\/amarillas.jpg\" \/><\/div>\n<\/td>\n<td>\n<div align=\"center\"><img decoding=\"async\" alt=\"\" src=\"https:\/\/www.padreydecano.com\/cms\/wp-content\/uploads\/2012\/06\/rojas.jpg\" \/><\/div>\n<\/td>\n<\/tr>\n<tr>\n<td>2008 a 2010<\/td>\n<td>\n<div align=\"center\">Uruguay<\/div>\n<\/td>\n<td><\/td>\n<td>\n<div align=\"center\">189<\/div>\n<\/td>\n<td>\n<div align=\"center\">7<\/div>\n<\/td>\n<td>\n<div align=\"center\">2<\/div>\n<\/td>\n<td>\n<div align=\"center\">0<\/div>\n<\/td>\n<td>\n<div align=\"center\">0<\/div>\n<\/td>\n<td>\n<div align=\"center\">0<\/div>\n<\/td>\n<\/tr>\n<tr>\n<td colspan=\"3\"><span style=\"color: #ffcc02;\"><strong>Total<\/strong><\/span><\/td>\n<td>\n<div align=\"center\"><strong>Minutos<\/strong><\/div>\n<\/td>\n<td>\n<div align=\"center\"><strong>PJ<\/strong><\/div>\n<\/td>\n<td>\n<div align=\"center\"><strong>Titular<\/strong><\/div>\n<\/td>\n<td>\n<div align=\"center\"><strong>Goles<\/strong><\/div>\n<\/td>\n<td>\n<div align=\"center\"><img decoding=\"async\" alt=\"\" src=\"https:\/\/www.padreydecano.com\/cms\/wp-content\/uploads\/2012\/06\/amarillas.jpg\" \/><\/div>\n<\/td>\n<td>\n<div align=\"center\"><img decoding=\"async\" alt=\"\" src=\"https:\/\/www.padreydecano.com\/cms\/wp-content\/uploads\/2012\/06\/rojas.jpg\" \/><\/div>\n<\/td>\n<\/tr>\n<tr>\n<td colspan=\"3\">Uruguay, M\u00e9xico, Internacional y Selecci\u00f3n<\/td>\n<td>\n<div align=\"center\">15.872<\/div>\n<\/td>\n<td>\n<div align=\"center\">209<\/div>\n<\/td>\n<td>\n<div align=\"center\">178<\/div>\n<\/td>\n<td>\n<div align=\"center\">26<\/div>\n<\/td>\n<td>\n<div align=\"center\">33<\/div>\n<\/td>\n<td>\n<div align=\"center\">3<\/div>\n<\/td>\n<\/tr>\n<\/tbody>\n<\/table>\n<\/div>\n","protected":false},"excerpt":{"rendered":"<p>Jorge Marcelo Rodr\u00edguez N\u00fa\u00f1ez, m\u00e1s conocido como \u201cJapo\u201d Rodr\u00edguez ya lleg\u00f3 a Uruguay y este lunes firmar\u00e1 su contrato por dos a\u00f1os (con opci\u00f3n a otro m\u00e1s). Se unir\u00e1\u00a0de inmediato a la pretemporada junto al resto del plantel. El uruguayo de 28 a\u00f1os, zurdo, de buena velocidad y recorrido, juega como mediocampista por el sector [&hellip;]<\/p>\n","protected":false},"author":5,"featured_media":0,"comment_status":"open","ping_status":"closed","sticky":false,"template":"","format":"standard","meta":{"footnotes":""},"categories":[1],"tags":[127],"yoast_head":"<!-- This site is optimized with the Yoast SEO plugin v23.2 - https:\/\/yoast.com\/wordpress\/plugins\/seo\/ -->\n<title>&quot;Japo&quot; Rodr\u00edguez lleg\u00f3 a Pe\u00f1arol - Padre y Decano - El Sitio del Pueblo<\/title>\n<meta name=\"robots\" content=\"index, follow, max-snippet:-1, max-image-preview:large, max-video-preview:-1\" \/>\n<link rel=\"canonical\" href=\"https:\/\/www.padreydecano.com\/cms\/noticias\/japo-rodriguez-llego-a-penarol\/\" \/>\n<meta property=\"og:locale\" content=\"es_ES\" \/>\n<meta property=\"og:type\" content=\"article\" \/>\n<meta property=\"og:title\" content=\"&quot;Japo&quot; Rodr\u00edguez lleg\u00f3 a Pe\u00f1arol - Padre y Decano - El Sitio del Pueblo\" \/>\n<meta property=\"og:description\" content=\"Jorge Marcelo Rodr\u00edguez N\u00fa\u00f1ez, m\u00e1s conocido como \u201cJapo\u201d Rodr\u00edguez ya lleg\u00f3 a Uruguay y este lunes firmar\u00e1 su contrato por dos a\u00f1os (con opci\u00f3n a otro m\u00e1s). Se unir\u00e1\u00a0de inmediato a la pretemporada junto al resto del plantel. El uruguayo de 28 a\u00f1os, zurdo, de buena velocidad y recorrido, juega como mediocampista por el sector [&hellip;]\" \/>\n<meta property=\"og:url\" content=\"https:\/\/www.padreydecano.com\/cms\/noticias\/japo-rodriguez-llego-a-penarol\/\" \/>\n<meta property=\"og:site_name\" content=\"Padre y Decano - El Sitio del Pueblo\" \/>\n<meta property=\"article:published_time\" content=\"2013-07-08T11:00:14+00:00\" \/>\n<meta property=\"article:modified_time\" content=\"2013-07-07T23:54:31+00:00\" \/>\n<meta property=\"og:image\" content=\"http:\/\/www.padreydecano.com\/cms\/wp-content\/uploads\/2013\/07\/BOlT_3lCEAAOvAO.jpg\" \/>\n<meta name=\"author\" content=\"Emirona07\" \/>\n<meta name=\"twitter:card\" content=\"summary_large_image\" \/>\n<meta name=\"twitter:label1\" content=\"Escrito por\" \/>\n\t<meta name=\"twitter:data1\" content=\"Emirona07\" \/>\n\t<meta name=\"twitter:label2\" content=\"Tiempo de lectura\" \/>\n\t<meta name=\"twitter:data2\" content=\"2 minutos\" \/>\n<script type=\"application\/ld+json\" class=\"yoast-schema-graph\">{\"@context\":\"https:\/\/schema.org\",\"@graph\":[{\"@type\":\"Article\",\"@id\":\"https:\/\/www.padreydecano.com\/cms\/noticias\/japo-rodriguez-llego-a-penarol\/#article\",\"isPartOf\":{\"@id\":\"https:\/\/www.padreydecano.com\/cms\/noticias\/japo-rodriguez-llego-a-penarol\/\"},\"author\":{\"name\":\"Emirona07\",\"@id\":\"https:\/\/www.padreydecano.com\/cms\/#\/schema\/person\/51e0214db654d9624824b37c2838bb65\"},\"headline\":\"\u00abJapo\u00bb Rodr\u00edguez lleg\u00f3 a Pe\u00f1arol\",\"datePublished\":\"2013-07-08T11:00:14+00:00\",\"dateModified\":\"2013-07-07T23:54:31+00:00\",\"mainEntityOfPage\":{\"@id\":\"https:\/\/www.padreydecano.com\/cms\/noticias\/japo-rodriguez-llego-a-penarol\/\"},\"wordCount\":345,\"commentCount\":5,\"publisher\":{\"@id\":\"https:\/\/www.padreydecano.com\/cms\/#organization\"},\"image\":{\"@id\":\"https:\/\/www.padreydecano.com\/cms\/noticias\/japo-rodriguez-llego-a-penarol\/#primaryimage\"},\"thumbnailUrl\":\"http:\/\/www.padreydecano.com\/cms\/wp-content\/uploads\/2013\/07\/BOlT_3lCEAAOvAO.jpg\",\"keywords\":[\"@FutbolBasket_UY\"],\"articleSection\":[\"Noticias\"],\"inLanguage\":\"es\",\"potentialAction\":[{\"@type\":\"CommentAction\",\"name\":\"Comment\",\"target\":[\"https:\/\/www.padreydecano.com\/cms\/noticias\/japo-rodriguez-llego-a-penarol\/#respond\"]}]},{\"@type\":\"WebPage\",\"@id\":\"https:\/\/www.padreydecano.com\/cms\/noticias\/japo-rodriguez-llego-a-penarol\/\",\"url\":\"https:\/\/www.padreydecano.com\/cms\/noticias\/japo-rodriguez-llego-a-penarol\/\",\"name\":\"\\\"Japo\\\" Rodr\u00edguez lleg\u00f3 a Pe\u00f1arol - Padre y Decano - El Sitio del Pueblo\",\"isPartOf\":{\"@id\":\"https:\/\/www.padreydecano.com\/cms\/#website\"},\"primaryImageOfPage\":{\"@id\":\"https:\/\/www.padreydecano.com\/cms\/noticias\/japo-rodriguez-llego-a-penarol\/#primaryimage\"},\"image\":{\"@id\":\"https:\/\/www.padreydecano.com\/cms\/noticias\/japo-rodriguez-llego-a-penarol\/#primaryimage\"},\"thumbnailUrl\":\"http:\/\/www.padreydecano.com\/cms\/wp-content\/uploads\/2013\/07\/BOlT_3lCEAAOvAO.jpg\",\"datePublished\":\"2013-07-08T11:00:14+00:00\",\"dateModified\":\"2013-07-07T23:54:31+00:00\",\"breadcrumb\":{\"@id\":\"https:\/\/www.padreydecano.com\/cms\/noticias\/japo-rodriguez-llego-a-penarol\/#breadcrumb\"},\"inLanguage\":\"es\",\"potentialAction\":[{\"@type\":\"ReadAction\",\"target\":[\"https:\/\/www.padreydecano.com\/cms\/noticias\/japo-rodriguez-llego-a-penarol\/\"]}]},{\"@type\":\"ImageObject\",\"inLanguage\":\"es\",\"@id\":\"https:\/\/www.padreydecano.com\/cms\/noticias\/japo-rodriguez-llego-a-penarol\/#primaryimage\",\"url\":\"http:\/\/www.padreydecano.com\/cms\/wp-content\/uploads\/2013\/07\/BOlT_3lCEAAOvAO.jpg\",\"contentUrl\":\"http:\/\/www.padreydecano.com\/cms\/wp-content\/uploads\/2013\/07\/BOlT_3lCEAAOvAO.jpg\"},{\"@type\":\"BreadcrumbList\",\"@id\":\"https:\/\/www.padreydecano.com\/cms\/noticias\/japo-rodriguez-llego-a-penarol\/#breadcrumb\",\"itemListElement\":[{\"@type\":\"ListItem\",\"position\":1,\"name\":\"Portada\",\"item\":\"https:\/\/www.padreydecano.com\/cms\/\"},{\"@type\":\"ListItem\",\"position\":2,\"name\":\"\u00abJapo\u00bb Rodr\u00edguez lleg\u00f3 a Pe\u00f1arol\"}]},{\"@type\":\"WebSite\",\"@id\":\"https:\/\/www.padreydecano.com\/cms\/#website\",\"url\":\"https:\/\/www.padreydecano.com\/cms\/\",\"name\":\"Padre y Decano - El Sitio del Pueblo\",\"description\":\"Club Atl\u00e9tico Pe\u00f1arol\",\"publisher\":{\"@id\":\"https:\/\/www.padreydecano.com\/cms\/#organization\"},\"potentialAction\":[{\"@type\":\"SearchAction\",\"target\":{\"@type\":\"EntryPoint\",\"urlTemplate\":\"https:\/\/www.padreydecano.com\/cms\/?s={search_term_string}\"},\"query-input\":\"required name=search_term_string\"}],\"inLanguage\":\"es\"},{\"@type\":\"Organization\",\"@id\":\"https:\/\/www.padreydecano.com\/cms\/#organization\",\"name\":\"Padre y Decano\",\"url\":\"https:\/\/www.padreydecano.com\/cms\/\",\"logo\":{\"@type\":\"ImageObject\",\"inLanguage\":\"es\",\"@id\":\"https:\/\/www.padreydecano.com\/cms\/#\/schema\/logo\/image\/\",\"url\":\"https:\/\/www.padreydecano.com\/cms\/wp-content\/uploads\/2022\/01\/avatar-square.png\",\"contentUrl\":\"https:\/\/www.padreydecano.com\/cms\/wp-content\/uploads\/2022\/01\/avatar-square.png\",\"width\":1500,\"height\":1500,\"caption\":\"Padre y Decano\"},\"image\":{\"@id\":\"https:\/\/www.padreydecano.com\/cms\/#\/schema\/logo\/image\/\"}},{\"@type\":\"Person\",\"@id\":\"https:\/\/www.padreydecano.com\/cms\/#\/schema\/person\/51e0214db654d9624824b37c2838bb65\",\"name\":\"Emirona07\",\"image\":{\"@type\":\"ImageObject\",\"inLanguage\":\"es\",\"@id\":\"https:\/\/www.padreydecano.com\/cms\/#\/schema\/person\/image\/\",\"url\":\"https:\/\/secure.gravatar.com\/avatar\/93c9118dbd5373a8a065bb5cdddde6bf?s=96&d=https%3A%2F%2Fpadreydecano.com%2Fcms%2Fwp-content%2Fthemes%2Fpyd-theme%2Fimg%2Fdefault-avatar.png&r=g\",\"contentUrl\":\"https:\/\/secure.gravatar.com\/avatar\/93c9118dbd5373a8a065bb5cdddde6bf?s=96&d=https%3A%2F%2Fpadreydecano.com%2Fcms%2Fwp-content%2Fthemes%2Fpyd-theme%2Fimg%2Fdefault-avatar.png&r=g\",\"caption\":\"Emirona07\"}}]}<\/script>\n<!-- \/ Yoast SEO plugin. -->","yoast_head_json":{"title":"\"Japo\" Rodr\u00edguez lleg\u00f3 a Pe\u00f1arol - Padre y Decano - El Sitio del Pueblo","robots":{"index":"index","follow":"follow","max-snippet":"max-snippet:-1","max-image-preview":"max-image-preview:large","max-video-preview":"max-video-preview:-1"},"canonical":"https:\/\/www.padreydecano.com\/cms\/noticias\/japo-rodriguez-llego-a-penarol\/","og_locale":"es_ES","og_type":"article","og_title":"\"Japo\" Rodr\u00edguez lleg\u00f3 a Pe\u00f1arol - Padre y Decano - El Sitio del Pueblo","og_description":"Jorge Marcelo Rodr\u00edguez N\u00fa\u00f1ez, m\u00e1s conocido como \u201cJapo\u201d Rodr\u00edguez ya lleg\u00f3 a Uruguay y este lunes firmar\u00e1 su contrato por dos a\u00f1os (con opci\u00f3n a otro m\u00e1s). Se unir\u00e1\u00a0de inmediato a la pretemporada junto al resto del plantel. El uruguayo de 28 a\u00f1os, zurdo, de buena velocidad y recorrido, juega como mediocampista por el sector [&hellip;]","og_url":"https:\/\/www.padreydecano.com\/cms\/noticias\/japo-rodriguez-llego-a-penarol\/","og_site_name":"Padre y Decano - El Sitio del Pueblo","article_published_time":"2013-07-08T11:00:14+00:00","article_modified_time":"2013-07-07T23:54:31+00:00","og_image":[{"url":"http:\/\/www.padreydecano.com\/cms\/wp-content\/uploads\/2013\/07\/BOlT_3lCEAAOvAO.jpg"}],"author":"Emirona07","twitter_card":"summary_large_image","twitter_misc":{"Escrito por":"Emirona07","Tiempo de lectura":"2 minutos"},"schema":{"@context":"https:\/\/schema.org","@graph":[{"@type":"Article","@id":"https:\/\/www.padreydecano.com\/cms\/noticias\/japo-rodriguez-llego-a-penarol\/#article","isPartOf":{"@id":"https:\/\/www.padreydecano.com\/cms\/noticias\/japo-rodriguez-llego-a-penarol\/"},"author":{"name":"Emirona07","@id":"https:\/\/www.padreydecano.com\/cms\/#\/schema\/person\/51e0214db654d9624824b37c2838bb65"},"headline":"\u00abJapo\u00bb Rodr\u00edguez lleg\u00f3 a Pe\u00f1arol","datePublished":"2013-07-08T11:00:14+00:00","dateModified":"2013-07-07T23:54:31+00:00","mainEntityOfPage":{"@id":"https:\/\/www.padreydecano.com\/cms\/noticias\/japo-rodriguez-llego-a-penarol\/"},"wordCount":345,"commentCount":5,"publisher":{"@id":"https:\/\/www.padreydecano.com\/cms\/#organization"},"image":{"@id":"https:\/\/www.padreydecano.com\/cms\/noticias\/japo-rodriguez-llego-a-penarol\/#primaryimage"},"thumbnailUrl":"http:\/\/www.padreydecano.com\/cms\/wp-content\/uploads\/2013\/07\/BOlT_3lCEAAOvAO.jpg","keywords":["@FutbolBasket_UY"],"articleSection":["Noticias"],"inLanguage":"es","potentialAction":[{"@type":"CommentAction","name":"Comment","target":["https:\/\/www.padreydecano.com\/cms\/noticias\/japo-rodriguez-llego-a-penarol\/#respond"]}]},{"@type":"WebPage","@id":"https:\/\/www.padreydecano.com\/cms\/noticias\/japo-rodriguez-llego-a-penarol\/","url":"https:\/\/www.padreydecano.com\/cms\/noticias\/japo-rodriguez-llego-a-penarol\/","name":"\"Japo\" Rodr\u00edguez lleg\u00f3 a Pe\u00f1arol - Padre y Decano - El Sitio del Pueblo","isPartOf":{"@id":"https:\/\/www.padreydecano.com\/cms\/#website"},"primaryImageOfPage":{"@id":"https:\/\/www.padreydecano.com\/cms\/noticias\/japo-rodriguez-llego-a-penarol\/#primaryimage"},"image":{"@id":"https:\/\/www.padreydecano.com\/cms\/noticias\/japo-rodriguez-llego-a-penarol\/#primaryimage"},"thumbnailUrl":"http:\/\/www.padreydecano.com\/cms\/wp-content\/uploads\/2013\/07\/BOlT_3lCEAAOvAO.jpg","datePublished":"2013-07-08T11:00:14+00:00","dateModified":"2013-07-07T23:54:31+00:00","breadcrumb":{"@id":"https:\/\/www.padreydecano.com\/cms\/noticias\/japo-rodriguez-llego-a-penarol\/#breadcrumb"},"inLanguage":"es","potentialAction":[{"@type":"ReadAction","target":["https:\/\/www.padreydecano.com\/cms\/noticias\/japo-rodriguez-llego-a-penarol\/"]}]},{"@type":"ImageObject","inLanguage":"es","@id":"https:\/\/www.padreydecano.com\/cms\/noticias\/japo-rodriguez-llego-a-penarol\/#primaryimage","url":"http:\/\/www.padreydecano.com\/cms\/wp-content\/uploads\/2013\/07\/BOlT_3lCEAAOvAO.jpg","contentUrl":"http:\/\/www.padreydecano.com\/cms\/wp-content\/uploads\/2013\/07\/BOlT_3lCEAAOvAO.jpg"},{"@type":"BreadcrumbList","@id":"https:\/\/www.padreydecano.com\/cms\/noticias\/japo-rodriguez-llego-a-penarol\/#breadcrumb","itemListElement":[{"@type":"ListItem","position":1,"name":"Portada","item":"https:\/\/www.padreydecano.com\/cms\/"},{"@type":"ListItem","position":2,"name":"\u00abJapo\u00bb Rodr\u00edguez lleg\u00f3 a Pe\u00f1arol"}]},{"@type":"WebSite","@id":"https:\/\/www.padreydecano.com\/cms\/#website","url":"https:\/\/www.padreydecano.com\/cms\/","name":"Padre y Decano - El Sitio del Pueblo","description":"Club Atl\u00e9tico Pe\u00f1arol","publisher":{"@id":"https:\/\/www.padreydecano.com\/cms\/#organization"},"potentialAction":[{"@type":"SearchAction","target":{"@type":"EntryPoint","urlTemplate":"https:\/\/www.padreydecano.com\/cms\/?s={search_term_string}"},"query-input":"required name=search_term_string"}],"inLanguage":"es"},{"@type":"Organization","@id":"https:\/\/www.padreydecano.com\/cms\/#organization","name":"Padre y Decano","url":"https:\/\/www.padreydecano.com\/cms\/","logo":{"@type":"ImageObject","inLanguage":"es","@id":"https:\/\/www.padreydecano.com\/cms\/#\/schema\/logo\/image\/","url":"https:\/\/www.padreydecano.com\/cms\/wp-content\/uploads\/2022\/01\/avatar-square.png","contentUrl":"https:\/\/www.padreydecano.com\/cms\/wp-content\/uploads\/2022\/01\/avatar-square.png","width":1500,"height":1500,"caption":"Padre y Decano"},"image":{"@id":"https:\/\/www.padreydecano.com\/cms\/#\/schema\/logo\/image\/"}},{"@type":"Person","@id":"https:\/\/www.padreydecano.com\/cms\/#\/schema\/person\/51e0214db654d9624824b37c2838bb65","name":"Emirona07","image":{"@type":"ImageObject","inLanguage":"es","@id":"https:\/\/www.padreydecano.com\/cms\/#\/schema\/person\/image\/","url":"https:\/\/secure.gravatar.com\/avatar\/93c9118dbd5373a8a065bb5cdddde6bf?s=96&d=https%3A%2F%2Fpadreydecano.com%2Fcms%2Fwp-content%2Fthemes%2Fpyd-theme%2Fimg%2Fdefault-avatar.png&r=g","contentUrl":"https:\/\/secure.gravatar.com\/avatar\/93c9118dbd5373a8a065bb5cdddde6bf?s=96&d=https%3A%2F%2Fpadreydecano.com%2Fcms%2Fwp-content%2Fthemes%2Fpyd-theme%2Fimg%2Fdefault-avatar.png&r=g","caption":"Emirona07"}}]}},"_links":{"self":[{"href":"https:\/\/www.padreydecano.com\/cms\/wp-json\/wp\/v2\/posts\/40035"}],"collection":[{"href":"https:\/\/www.padreydecano.com\/cms\/wp-json\/wp\/v2\/posts"}],"about":[{"href":"https:\/\/www.padreydecano.com\/cms\/wp-json\/wp\/v2\/types\/post"}],"author":[{"embeddable":true,"href":"https:\/\/www.padreydecano.com\/cms\/wp-json\/wp\/v2\/users\/5"}],"replies":[{"embeddable":true,"href":"https:\/\/www.padreydecano.com\/cms\/wp-json\/wp\/v2\/comments?post=40035"}],"version-history":[{"count":0,"href":"https:\/\/www.padreydecano.com\/cms\/wp-json\/wp\/v2\/posts\/40035\/revisions"}],"wp:attachment":[{"href":"https:\/\/www.padreydecano.com\/cms\/wp-json\/wp\/v2\/media?parent=40035"}],"wp:term":[{"taxonomy":"category","embeddable":true,"href":"https:\/\/www.padreydecano.com\/cms\/wp-json\/wp\/v2\/categories?post=40035"},{"taxonomy":"post_tag","embeddable":true,"href":"https:\/\/www.padreydecano.com\/cms\/wp-json\/wp\/v2\/tags?post=40035"}],"curies":[{"name":"wp","href":"https:\/\/api.w.org\/{rel}","templated":true}]}}