{"id":39116,"date":"2013-05-30T12:20:45","date_gmt":"2013-05-30T15:20:45","guid":{"rendered":"http:\/\/www.padreydecano.com\/cms\/?p=39116"},"modified":"2013-05-30T15:32:53","modified_gmt":"2013-05-30T18:32:53","slug":"el-futbol-nuestro-de-cada-dia","status":"publish","type":"post","link":"https:\/\/www.padreydecano.com\/cms\/columnas\/el-futbol-nuestro-de-cada-dia\/","title":{"rendered":"El f\u00fatbol nuestro de cada d\u00eda"},"content":{"rendered":"<p style=\"text-align: justify;\">Si le quer\u00e9s explicar a una persona que vive en la otra punta del mundo que la Liga Uruguaya es organizada por la misma entidad que representa a la selecci\u00f3n bicampeona del mundo, bicampeona ol\u00edmpica y poseedora de 15 Copas Am\u00e9ricas seguro no te va a creer. Para el resto del mundo, la gesti\u00f3n de Bauz\u00e1 y sus empleados es digna de admiraci\u00f3n y de imitaci\u00f3n. Sin embargo, seguramente nunca se habr\u00e1n puesto a mirar lo que pasa con la organizaci\u00f3n del f\u00fatbol local.<\/p>\n<p style=\"text-align: center;\"><img loading=\"lazy\" decoding=\"async\" class=\"aligncenter size-full wp-image-39117\" alt=\"\" src=\"https:\/\/www.padreydecano.com\/cms\/wp-content\/uploads\/2013\/05\/auf-penalty-futbol-uruguayo.jpg\" width=\"608\" height=\"403\" srcset=\"https:\/\/www.padreydecano.com\/cms\/wp-content\/uploads\/2013\/05\/auf-penalty-futbol-uruguayo.jpg 800w, https:\/\/www.padreydecano.com\/cms\/wp-content\/uploads\/2013\/05\/auf-penalty-futbol-uruguayo-300x198.jpg 300w\" sizes=\"(max-width: 608px) 100vw, 608px\" \/><\/p>\n<p style=\"text-align: justify;\">El \u00faltimo, pero a la vez reiterado, problema que recae en nuestro f\u00fatbol dom\u00e9stico es la fijaci\u00f3n de las finales para dirimir el t\u00edtulo de Campe\u00f3n Uruguayo 2012\/2013. Dado que el Campeonato Clausura termina el 1 de junio, que no habr\u00e1 campe\u00f3n directo, y que la selecci\u00f3n ya comenz\u00f3 a entrenar, surgi\u00f3 una nueva pero vieja novela ya conocida por todos: la citaci\u00f3n de jugadores que definir\u00e1n cosas importantes.<\/p>\n<p style=\"text-align: justify;\">Por el lado de Pe\u00f1arol, el Hormiga Valdez y Mat\u00edas Aguirregaray en cuanto a la mayor, y Sebasti\u00e1n Crist\u00f3foro en la Sub 20. El malestar de la mayor\u00eda de los hinchas se gener\u00f3 al saber que la citaci\u00f3n de Valdez complicar\u00eda su presencia en las finales. La frase m\u00e1s dicha en los \u00faltimos d\u00edas \u00abno lo cit\u00f3 nunca y justo lo viene a citar ahora\u201d.<\/p>\n<p style=\"text-align: justify;\">Seguramente lo que diga ahora molestar\u00e1 a varios pero me pregunto, \u00bfes culpa de Tab\u00e1rez? \u00bfNo es su funci\u00f3n seleccionar jugadores nacidos en este territorio cuando crea conveniente para defender al pa\u00eds? La pregunta es sencilla, \u00bfno sab\u00eda la AUF en agosto de 2012 que el 11 de junio hab\u00eda actividad por Eliminatorias, que posteriormente vendr\u00eda la Copa de las Confederaciones y un posible Mundial Sub 20? \u00bfEra totalmente imposible planificar un campeonato de 15 fechas + 3 partidos en un semestre? Los clubes tambi\u00e9n deben tener cierta responsabilidad. Antes de comenzar la temporada, supuestamente se present\u00f3 el calendario. \u00bfNo se trat\u00f3 en esa instancia de ajustar la temporada a los tiempos de la selecci\u00f3n?<\/p>\n<p style=\"text-align: justify;\">Seguramente varios dir\u00e1n \u201cme importa m\u00e1s Pe\u00f1arol que la Selecci\u00f3n\u201d o \u201cme chupa un huevo la Selecci\u00f3n\u201d y es verdad, yo siento igual, pero si la citaci\u00f3n hubiera llegado una vez finalizado el torneo, lo ver\u00edamos como una premiaci\u00f3n y no como un castigo.<\/p>\n<p style=\"text-align: justify;\">Ac\u00e1 los responsables son los dirigentes de la AUF, la Mesa Ejecutiva y los dirigentes de los clubes (seguramente haya funcionarios y dirigentes que hagan las cosas bien pero son opacados o no escuchados por los que hacen las cosas mal) que son incapaces de organizar un campeonato de 15 fechas en un semestre. Se fij\u00f3 una final el 4 de junio y \u201cdespu\u00e9s vemos\u201d. Nunca se supo a ciencia cierta si se jugar\u00edan los restantes partidos en los d\u00edas siguientes o un mes despu\u00e9s. Como es l\u00f3gico, cada club luchar\u00e1 por sus propios intereses.<\/p>\n<p style=\"text-align: justify;\"><img loading=\"lazy\" decoding=\"async\" class=\"aligncenter size-full wp-image-39120\" alt=\"auf-futbol-uruguayo\" src=\"https:\/\/www.padreydecano.com\/cms\/wp-content\/uploads\/2013\/05\/auf-futbol-uruguayo.jpg\" width=\"608\" height=\"245\" srcset=\"https:\/\/www.padreydecano.com\/cms\/wp-content\/uploads\/2013\/05\/auf-futbol-uruguayo.jpg 800w, https:\/\/www.padreydecano.com\/cms\/wp-content\/uploads\/2013\/05\/auf-futbol-uruguayo-300x120.jpg 300w\" sizes=\"(max-width: 608px) 100vw, 608px\" \/><\/p>\n<p style=\"text-align: justify;\">Ac\u00e1 la culpa no es de Tab\u00e1rez ni de los jugadores si deciden ir con la selecci\u00f3n. Ac\u00e1 la culpa es de un f\u00fatbol donde a un juez lesionado lo sacan a caballito y ponen a uno de la tribuna a arbitrar, donde Durazno FC le hizo un gol de penal a F\u00e9nix y le cobraron corner, donde cada tanto se suspende el f\u00fatbol para \u201creflexionar\u201d sobre la violencia y no pasa nada, donde la \u00fanica vez que pas\u00f3 algo fue la absurda medida de prohibir bombos y banderas, donde se suspendi\u00f3 un partido porque un equipo sali\u00f3 2 minutos tarde y 90 d\u00edas despu\u00e9s lo hicieron jugar, donde hasta que el juez no pite no se sabe en qu\u00e9 cancha se juega un partido, donde no se puede jugar un Progreso &#8211; Nacional para 500 personas en el Tr\u00f3ccoli pero al otro d\u00eda puede jugar Pe\u00f1arol en el Estadio Centenario y Nacional organizar un evento en su cancha a pocas cuadras, donde los partidos del campeonato 2006 se jugaban a la misma hora que los del mundial de Alemania, donde no se sab\u00eda donde se iba a jugar la tercera final entre Danubio y Nacional en el 2004 y el gol en la hora de Perrone les ahorr\u00f3 un problema, donde Pe\u00f1arol jug\u00f3 una final de campeonato uruguayo con Defensor un mi\u00e9rcoles y con Nacional un martes, ambas en la tarde, y donde hay clubes que no est\u00e1n al d\u00eda con los pagos y les inventan pr\u00f3rrogas para poder jugar. Se podr\u00edan seguir citando ejemplos pero la lista ser\u00eda interminable.<\/p>\n<p style=\"text-align: justify;\">Acept\u00e9moslo de una vez. Tenemos un f\u00fatbol que es un mamarracho organizado por personas que son un mamarracho. Para muchos Tab\u00e1rez seguir\u00e1 siendo el malo de la pel\u00edcula por haber citado al Hormiga justo en las finales, pero en un campeonato serio, la temporada se hubiera ajustado a los tiempos de la selecci\u00f3n.<\/p>\n<p style=\"text-align: justify;\">No estoy queriendo decir que bajemos los brazos y que entreguemos a los jugadores. Les pido a los dirigentes de Pe\u00f1arol que pele\u00e9n hasta \u00faltimo momento para retenerlos y que las finales se jueguen ya y no dentro de un mes. Su obligaci\u00f3n es defender los intereses de nuestro club y es lo que todos esperamos que hagan. Yo tambi\u00e9n quiero que el Hormiga juegue las finales con Pe\u00f1arol y me voy a recontra calentar si no lo hace pero estas cosas pasan por los irresponsables e incapacitados que dirigen nuestro f\u00fatbol, no por un capricho de un entrenador.<\/p>\n<p><a href=\"https:\/\/www.padreydecano.com\/cms\/tag\/la-verdad-de-la-milanesa\/\"><img decoding=\"async\" class=\"alignright foto-sin-formato\" alt=\"\" src=\"https:\/\/www.padreydecano.com\/cms\/wp-users-files\/autor-columna\/milanesa.jpg\" \/><\/a><\/p>\n","protected":false},"excerpt":{"rendered":"<p>Si le quer\u00e9s explicar a una persona que vive en la otra punta del mundo que la Liga Uruguaya es organizada por la misma entidad que representa a la selecci\u00f3n bicampeona del mundo, bicampeona ol\u00edmpica y poseedora de 15 Copas Am\u00e9ricas seguro no te va a creer. Para el resto del mundo, la gesti\u00f3n de [&hellip;]<\/p>\n","protected":false},"author":13,"featured_media":39127,"comment_status":"open","ping_status":"closed","sticky":false,"template":"","format":"standard","meta":{"footnotes":""},"categories":[28],"tags":[48],"yoast_head":"<!-- This site is optimized with the Yoast SEO plugin v23.2 - https:\/\/yoast.com\/wordpress\/plugins\/seo\/ -->\n<title>El f\u00fatbol nuestro de cada d\u00eda - Padre y Decano - El Sitio del Pueblo<\/title>\n<meta name=\"robots\" content=\"index, follow, max-snippet:-1, max-image-preview:large, max-video-preview:-1\" \/>\n<link rel=\"canonical\" href=\"https:\/\/www.padreydecano.com\/cms\/columnas\/el-futbol-nuestro-de-cada-dia\/\" \/>\n<meta property=\"og:locale\" content=\"es_ES\" \/>\n<meta property=\"og:type\" content=\"article\" \/>\n<meta property=\"og:title\" content=\"El f\u00fatbol nuestro de cada d\u00eda - Padre y Decano - El Sitio del Pueblo\" \/>\n<meta property=\"og:description\" content=\"Si le quer\u00e9s explicar a una persona que vive en la otra punta del mundo que la Liga Uruguaya es organizada por la misma entidad que representa a la selecci\u00f3n bicampeona del mundo, bicampeona ol\u00edmpica y poseedora de 15 Copas Am\u00e9ricas seguro no te va a creer. Para el resto del mundo, la gesti\u00f3n de [&hellip;]\" \/>\n<meta property=\"og:url\" content=\"https:\/\/www.padreydecano.com\/cms\/columnas\/el-futbol-nuestro-de-cada-dia\/\" \/>\n<meta property=\"og:site_name\" content=\"Padre y Decano - El Sitio del Pueblo\" \/>\n<meta property=\"article:published_time\" content=\"2013-05-30T15:20:45+00:00\" \/>\n<meta property=\"article:modified_time\" content=\"2013-05-30T18:32:53+00:00\" \/>\n<meta property=\"og:image\" content=\"https:\/\/www.padreydecano.com\/cms\/wp-content\/uploads\/2013\/05\/auf-futbol-uruguayo-slider1.jpg\" \/>\n\t<meta property=\"og:image:width\" content=\"640\" \/>\n\t<meta property=\"og:image:height\" content=\"250\" \/>\n\t<meta property=\"og:image:type\" content=\"image\/jpeg\" \/>\n<meta name=\"author\" content=\"Moderador\" \/>\n<meta name=\"twitter:card\" content=\"summary_large_image\" \/>\n<meta name=\"twitter:label1\" content=\"Escrito por\" \/>\n\t<meta name=\"twitter:data1\" content=\"Moderador\" \/>\n\t<meta name=\"twitter:label2\" content=\"Tiempo de lectura\" \/>\n\t<meta name=\"twitter:data2\" content=\"5 minutos\" \/>\n<script type=\"application\/ld+json\" class=\"yoast-schema-graph\">{\"@context\":\"https:\/\/schema.org\",\"@graph\":[{\"@type\":\"Article\",\"@id\":\"https:\/\/www.padreydecano.com\/cms\/columnas\/el-futbol-nuestro-de-cada-dia\/#article\",\"isPartOf\":{\"@id\":\"https:\/\/www.padreydecano.com\/cms\/columnas\/el-futbol-nuestro-de-cada-dia\/\"},\"author\":{\"name\":\"Moderador\",\"@id\":\"https:\/\/www.padreydecano.com\/cms\/#\/schema\/person\/d93e9e537230ae052c194251d9a1def2\"},\"headline\":\"El f\u00fatbol nuestro de cada d\u00eda\",\"datePublished\":\"2013-05-30T15:20:45+00:00\",\"dateModified\":\"2013-05-30T18:32:53+00:00\",\"mainEntityOfPage\":{\"@id\":\"https:\/\/www.padreydecano.com\/cms\/columnas\/el-futbol-nuestro-de-cada-dia\/\"},\"wordCount\":954,\"commentCount\":11,\"publisher\":{\"@id\":\"https:\/\/www.padreydecano.com\/cms\/#organization\"},\"image\":{\"@id\":\"https:\/\/www.padreydecano.com\/cms\/columnas\/el-futbol-nuestro-de-cada-dia\/#primaryimage\"},\"thumbnailUrl\":\"https:\/\/www.padreydecano.com\/cms\/wp-content\/uploads\/2013\/05\/auf-futbol-uruguayo-slider1.jpg\",\"keywords\":[\"La verdad de la milanesa\"],\"articleSection\":[\"Columnas\"],\"inLanguage\":\"es\",\"potentialAction\":[{\"@type\":\"CommentAction\",\"name\":\"Comment\",\"target\":[\"https:\/\/www.padreydecano.com\/cms\/columnas\/el-futbol-nuestro-de-cada-dia\/#respond\"]}]},{\"@type\":\"WebPage\",\"@id\":\"https:\/\/www.padreydecano.com\/cms\/columnas\/el-futbol-nuestro-de-cada-dia\/\",\"url\":\"https:\/\/www.padreydecano.com\/cms\/columnas\/el-futbol-nuestro-de-cada-dia\/\",\"name\":\"El f\u00fatbol nuestro de cada d\u00eda - Padre y Decano - El Sitio del Pueblo\",\"isPartOf\":{\"@id\":\"https:\/\/www.padreydecano.com\/cms\/#website\"},\"primaryImageOfPage\":{\"@id\":\"https:\/\/www.padreydecano.com\/cms\/columnas\/el-futbol-nuestro-de-cada-dia\/#primaryimage\"},\"image\":{\"@id\":\"https:\/\/www.padreydecano.com\/cms\/columnas\/el-futbol-nuestro-de-cada-dia\/#primaryimage\"},\"thumbnailUrl\":\"https:\/\/www.padreydecano.com\/cms\/wp-content\/uploads\/2013\/05\/auf-futbol-uruguayo-slider1.jpg\",\"datePublished\":\"2013-05-30T15:20:45+00:00\",\"dateModified\":\"2013-05-30T18:32:53+00:00\",\"breadcrumb\":{\"@id\":\"https:\/\/www.padreydecano.com\/cms\/columnas\/el-futbol-nuestro-de-cada-dia\/#breadcrumb\"},\"inLanguage\":\"es\",\"potentialAction\":[{\"@type\":\"ReadAction\",\"target\":[\"https:\/\/www.padreydecano.com\/cms\/columnas\/el-futbol-nuestro-de-cada-dia\/\"]}]},{\"@type\":\"ImageObject\",\"inLanguage\":\"es\",\"@id\":\"https:\/\/www.padreydecano.com\/cms\/columnas\/el-futbol-nuestro-de-cada-dia\/#primaryimage\",\"url\":\"https:\/\/www.padreydecano.com\/cms\/wp-content\/uploads\/2013\/05\/auf-futbol-uruguayo-slider1.jpg\",\"contentUrl\":\"https:\/\/www.padreydecano.com\/cms\/wp-content\/uploads\/2013\/05\/auf-futbol-uruguayo-slider1.jpg\",\"width\":640,\"height\":250},{\"@type\":\"BreadcrumbList\",\"@id\":\"https:\/\/www.padreydecano.com\/cms\/columnas\/el-futbol-nuestro-de-cada-dia\/#breadcrumb\",\"itemListElement\":[{\"@type\":\"ListItem\",\"position\":1,\"name\":\"Portada\",\"item\":\"https:\/\/www.padreydecano.com\/cms\/\"},{\"@type\":\"ListItem\",\"position\":2,\"name\":\"El f\u00fatbol nuestro de cada d\u00eda\"}]},{\"@type\":\"WebSite\",\"@id\":\"https:\/\/www.padreydecano.com\/cms\/#website\",\"url\":\"https:\/\/www.padreydecano.com\/cms\/\",\"name\":\"Padre y Decano - El Sitio del Pueblo\",\"description\":\"Club Atl\u00e9tico Pe\u00f1arol\",\"publisher\":{\"@id\":\"https:\/\/www.padreydecano.com\/cms\/#organization\"},\"potentialAction\":[{\"@type\":\"SearchAction\",\"target\":{\"@type\":\"EntryPoint\",\"urlTemplate\":\"https:\/\/www.padreydecano.com\/cms\/?s={search_term_string}\"},\"query-input\":\"required name=search_term_string\"}],\"inLanguage\":\"es\"},{\"@type\":\"Organization\",\"@id\":\"https:\/\/www.padreydecano.com\/cms\/#organization\",\"name\":\"Padre y Decano\",\"url\":\"https:\/\/www.padreydecano.com\/cms\/\",\"logo\":{\"@type\":\"ImageObject\",\"inLanguage\":\"es\",\"@id\":\"https:\/\/www.padreydecano.com\/cms\/#\/schema\/logo\/image\/\",\"url\":\"https:\/\/www.padreydecano.com\/cms\/wp-content\/uploads\/2022\/01\/avatar-square.png\",\"contentUrl\":\"https:\/\/www.padreydecano.com\/cms\/wp-content\/uploads\/2022\/01\/avatar-square.png\",\"width\":1500,\"height\":1500,\"caption\":\"Padre y Decano\"},\"image\":{\"@id\":\"https:\/\/www.padreydecano.com\/cms\/#\/schema\/logo\/image\/\"}},{\"@type\":\"Person\",\"@id\":\"https:\/\/www.padreydecano.com\/cms\/#\/schema\/person\/d93e9e537230ae052c194251d9a1def2\",\"name\":\"Moderador\",\"image\":{\"@type\":\"ImageObject\",\"inLanguage\":\"es\",\"@id\":\"https:\/\/www.padreydecano.com\/cms\/#\/schema\/person\/image\/\",\"url\":\"https:\/\/secure.gravatar.com\/avatar\/2587727bf8a53bd3da4ec49f01bea66e?s=96&d=https%3A%2F%2Fpadreydecano.com%2Fcms%2Fwp-content%2Fthemes%2Fpyd-theme%2Fimg%2Fdefault-avatar.png&r=g\",\"contentUrl\":\"https:\/\/secure.gravatar.com\/avatar\/2587727bf8a53bd3da4ec49f01bea66e?s=96&d=https%3A%2F%2Fpadreydecano.com%2Fcms%2Fwp-content%2Fthemes%2Fpyd-theme%2Fimg%2Fdefault-avatar.png&r=g\",\"caption\":\"Moderador\"}}]}<\/script>\n<!-- \/ Yoast SEO plugin. -->","yoast_head_json":{"title":"El f\u00fatbol nuestro de cada d\u00eda - Padre y Decano - El Sitio del Pueblo","robots":{"index":"index","follow":"follow","max-snippet":"max-snippet:-1","max-image-preview":"max-image-preview:large","max-video-preview":"max-video-preview:-1"},"canonical":"https:\/\/www.padreydecano.com\/cms\/columnas\/el-futbol-nuestro-de-cada-dia\/","og_locale":"es_ES","og_type":"article","og_title":"El f\u00fatbol nuestro de cada d\u00eda - Padre y Decano - El Sitio del Pueblo","og_description":"Si le quer\u00e9s explicar a una persona que vive en la otra punta del mundo que la Liga Uruguaya es organizada por la misma entidad que representa a la selecci\u00f3n bicampeona del mundo, bicampeona ol\u00edmpica y poseedora de 15 Copas Am\u00e9ricas seguro no te va a creer. Para el resto del mundo, la gesti\u00f3n de [&hellip;]","og_url":"https:\/\/www.padreydecano.com\/cms\/columnas\/el-futbol-nuestro-de-cada-dia\/","og_site_name":"Padre y Decano - El Sitio del Pueblo","article_published_time":"2013-05-30T15:20:45+00:00","article_modified_time":"2013-05-30T18:32:53+00:00","og_image":[{"width":640,"height":250,"url":"https:\/\/www.padreydecano.com\/cms\/wp-content\/uploads\/2013\/05\/auf-futbol-uruguayo-slider1.jpg","type":"image\/jpeg"}],"author":"Moderador","twitter_card":"summary_large_image","twitter_misc":{"Escrito por":"Moderador","Tiempo de lectura":"5 minutos"},"schema":{"@context":"https:\/\/schema.org","@graph":[{"@type":"Article","@id":"https:\/\/www.padreydecano.com\/cms\/columnas\/el-futbol-nuestro-de-cada-dia\/#article","isPartOf":{"@id":"https:\/\/www.padreydecano.com\/cms\/columnas\/el-futbol-nuestro-de-cada-dia\/"},"author":{"name":"Moderador","@id":"https:\/\/www.padreydecano.com\/cms\/#\/schema\/person\/d93e9e537230ae052c194251d9a1def2"},"headline":"El f\u00fatbol nuestro de cada d\u00eda","datePublished":"2013-05-30T15:20:45+00:00","dateModified":"2013-05-30T18:32:53+00:00","mainEntityOfPage":{"@id":"https:\/\/www.padreydecano.com\/cms\/columnas\/el-futbol-nuestro-de-cada-dia\/"},"wordCount":954,"commentCount":11,"publisher":{"@id":"https:\/\/www.padreydecano.com\/cms\/#organization"},"image":{"@id":"https:\/\/www.padreydecano.com\/cms\/columnas\/el-futbol-nuestro-de-cada-dia\/#primaryimage"},"thumbnailUrl":"https:\/\/www.padreydecano.com\/cms\/wp-content\/uploads\/2013\/05\/auf-futbol-uruguayo-slider1.jpg","keywords":["La verdad de la milanesa"],"articleSection":["Columnas"],"inLanguage":"es","potentialAction":[{"@type":"CommentAction","name":"Comment","target":["https:\/\/www.padreydecano.com\/cms\/columnas\/el-futbol-nuestro-de-cada-dia\/#respond"]}]},{"@type":"WebPage","@id":"https:\/\/www.padreydecano.com\/cms\/columnas\/el-futbol-nuestro-de-cada-dia\/","url":"https:\/\/www.padreydecano.com\/cms\/columnas\/el-futbol-nuestro-de-cada-dia\/","name":"El f\u00fatbol nuestro de cada d\u00eda - Padre y Decano - El Sitio del Pueblo","isPartOf":{"@id":"https:\/\/www.padreydecano.com\/cms\/#website"},"primaryImageOfPage":{"@id":"https:\/\/www.padreydecano.com\/cms\/columnas\/el-futbol-nuestro-de-cada-dia\/#primaryimage"},"image":{"@id":"https:\/\/www.padreydecano.com\/cms\/columnas\/el-futbol-nuestro-de-cada-dia\/#primaryimage"},"thumbnailUrl":"https:\/\/www.padreydecano.com\/cms\/wp-content\/uploads\/2013\/05\/auf-futbol-uruguayo-slider1.jpg","datePublished":"2013-05-30T15:20:45+00:00","dateModified":"2013-05-30T18:32:53+00:00","breadcrumb":{"@id":"https:\/\/www.padreydecano.com\/cms\/columnas\/el-futbol-nuestro-de-cada-dia\/#breadcrumb"},"inLanguage":"es","potentialAction":[{"@type":"ReadAction","target":["https:\/\/www.padreydecano.com\/cms\/columnas\/el-futbol-nuestro-de-cada-dia\/"]}]},{"@type":"ImageObject","inLanguage":"es","@id":"https:\/\/www.padreydecano.com\/cms\/columnas\/el-futbol-nuestro-de-cada-dia\/#primaryimage","url":"https:\/\/www.padreydecano.com\/cms\/wp-content\/uploads\/2013\/05\/auf-futbol-uruguayo-slider1.jpg","contentUrl":"https:\/\/www.padreydecano.com\/cms\/wp-content\/uploads\/2013\/05\/auf-futbol-uruguayo-slider1.jpg","width":640,"height":250},{"@type":"BreadcrumbList","@id":"https:\/\/www.padreydecano.com\/cms\/columnas\/el-futbol-nuestro-de-cada-dia\/#breadcrumb","itemListElement":[{"@type":"ListItem","position":1,"name":"Portada","item":"https:\/\/www.padreydecano.com\/cms\/"},{"@type":"ListItem","position":2,"name":"El f\u00fatbol nuestro de cada d\u00eda"}]},{"@type":"WebSite","@id":"https:\/\/www.padreydecano.com\/cms\/#website","url":"https:\/\/www.padreydecano.com\/cms\/","name":"Padre y Decano - El Sitio del Pueblo","description":"Club Atl\u00e9tico Pe\u00f1arol","publisher":{"@id":"https:\/\/www.padreydecano.com\/cms\/#organization"},"potentialAction":[{"@type":"SearchAction","target":{"@type":"EntryPoint","urlTemplate":"https:\/\/www.padreydecano.com\/cms\/?s={search_term_string}"},"query-input":"required name=search_term_string"}],"inLanguage":"es"},{"@type":"Organization","@id":"https:\/\/www.padreydecano.com\/cms\/#organization","name":"Padre y Decano","url":"https:\/\/www.padreydecano.com\/cms\/","logo":{"@type":"ImageObject","inLanguage":"es","@id":"https:\/\/www.padreydecano.com\/cms\/#\/schema\/logo\/image\/","url":"https:\/\/www.padreydecano.com\/cms\/wp-content\/uploads\/2022\/01\/avatar-square.png","contentUrl":"https:\/\/www.padreydecano.com\/cms\/wp-content\/uploads\/2022\/01\/avatar-square.png","width":1500,"height":1500,"caption":"Padre y Decano"},"image":{"@id":"https:\/\/www.padreydecano.com\/cms\/#\/schema\/logo\/image\/"}},{"@type":"Person","@id":"https:\/\/www.padreydecano.com\/cms\/#\/schema\/person\/d93e9e537230ae052c194251d9a1def2","name":"Moderador","image":{"@type":"ImageObject","inLanguage":"es","@id":"https:\/\/www.padreydecano.com\/cms\/#\/schema\/person\/image\/","url":"https:\/\/secure.gravatar.com\/avatar\/2587727bf8a53bd3da4ec49f01bea66e?s=96&d=https%3A%2F%2Fpadreydecano.com%2Fcms%2Fwp-content%2Fthemes%2Fpyd-theme%2Fimg%2Fdefault-avatar.png&r=g","contentUrl":"https:\/\/secure.gravatar.com\/avatar\/2587727bf8a53bd3da4ec49f01bea66e?s=96&d=https%3A%2F%2Fpadreydecano.com%2Fcms%2Fwp-content%2Fthemes%2Fpyd-theme%2Fimg%2Fdefault-avatar.png&r=g","caption":"Moderador"}}]}},"_links":{"self":[{"href":"https:\/\/www.padreydecano.com\/cms\/wp-json\/wp\/v2\/posts\/39116"}],"collection":[{"href":"https:\/\/www.padreydecano.com\/cms\/wp-json\/wp\/v2\/posts"}],"about":[{"href":"https:\/\/www.padreydecano.com\/cms\/wp-json\/wp\/v2\/types\/post"}],"author":[{"embeddable":true,"href":"https:\/\/www.padreydecano.com\/cms\/wp-json\/wp\/v2\/users\/13"}],"replies":[{"embeddable":true,"href":"https:\/\/www.padreydecano.com\/cms\/wp-json\/wp\/v2\/comments?post=39116"}],"version-history":[{"count":0,"href":"https:\/\/www.padreydecano.com\/cms\/wp-json\/wp\/v2\/posts\/39116\/revisions"}],"wp:featuredmedia":[{"embeddable":true,"href":"https:\/\/www.padreydecano.com\/cms\/wp-json\/wp\/v2\/media\/39127"}],"wp:attachment":[{"href":"https:\/\/www.padreydecano.com\/cms\/wp-json\/wp\/v2\/media?parent=39116"}],"wp:term":[{"taxonomy":"category","embeddable":true,"href":"https:\/\/www.padreydecano.com\/cms\/wp-json\/wp\/v2\/categories?post=39116"},{"taxonomy":"post_tag","embeddable":true,"href":"https:\/\/www.padreydecano.com\/cms\/wp-json\/wp\/v2\/tags?post=39116"}],"curies":[{"name":"wp","href":"https:\/\/api.w.org\/{rel}","templated":true}]}}