{"id":38230,"date":"2013-04-23T18:09:06","date_gmt":"2013-04-23T21:09:06","guid":{"rendered":"http:\/\/www.padreydecano.com\/cms\/?p=38230"},"modified":"2013-04-23T19:37:36","modified_gmt":"2013-04-23T22:37:36","slug":"el-que-no-llora-no-mama","status":"publish","type":"post","link":"https:\/\/www.padreydecano.com\/cms\/columnas\/el-que-no-llora-no-mama\/","title":{"rendered":"\u00bfEl que no llora no mama?"},"content":{"rendered":"<p style=\"text-align: justify;\"><a href=\"https:\/\/www.padreydecano.com\/cms\/wp-content\/uploads\/2013\/04\/el-que-no-llora.jpg\" rel=\"shadowbox[sbpost-38230];player=img;\"><img loading=\"lazy\" decoding=\"async\" class=\"alignright  wp-image-38231\" alt=\"\" src=\"https:\/\/www.padreydecano.com\/cms\/wp-content\/uploads\/2013\/04\/el-que-no-llora.jpg\" width=\"208\" height=\"128\" \/><\/a>Enrique Santos Disc\u00e9polo\u00a0en su tango Cambalache dec\u00eda una frase que es una gran verdad de la vida:<strong> \u201cel que no llora no mama\u201d<\/strong>. Dicha frase proviene de una reacci\u00f3n natural de los beb\u00e9s, cuando tienen hambre tienen que llorar para que las madres los alimenten.<\/p>\n<p style=\"text-align: justify;\">El asunto es que la frase se ha convertido en ley en nuestro f\u00fatbol uruguayo. En estos tiempos es una herramienta para presionar en cada circunstancia que se pueda hacerlo. <strong>No hay club que no utilice la prensa para presionar, ser\u00edamos necios si solo vemos un club utilizando este m\u00e9todo<\/strong>.<\/p>\n<p style=\"text-align: justify;\">Todos lo utilizan pero hay un club que <strong>lo trabaja de forma sistem\u00e1tica. Hablamos d<\/strong><strong>el tradicional rival y su presi\u00f3n a los arbitrajes antes de que lleguen los cl\u00e1sicos<\/strong>. Siempre que se aproxima un cl\u00e1sico salen en todos los medios los dirigentes, t\u00e9cnicos (por ahora este nuevo t\u00e9cnico no se sum\u00f3 a esta metodolog\u00eda), jugadores, funcionarios y allegados al club.<\/p>\n<p style=\"text-align: justify;\">Hace m\u00e1s de una semana vemos c\u00f3mo Ache (Presidente de Nacional) se pasea por todos los programas deportivos hablando de los arbitrajes. Luego de la derrota dijo: \u201c<em><strong>Quiero ver qu\u00e9 hace el Presidente de la AUF. Hay gente que se equivoca y esto fue adrede<em><strong>\u201d<\/strong><\/em><\/strong><\/em>\u00a0por el arbitraje de Falce en el partido Nacional \u2013 El Tanque Sisley, partido que llegaron al empate gracias a una falta mal cobrada, o sea hasta fueron favorecidos.<\/p>\n<p style=\"text-align: justify;\">Ante este ataque AUDAF (Asociaci\u00f3n Uruguaya de Arbitros de F\u00fatbol) no dice nada pero cuando el vicepresidente de Pe\u00f1arol Werlker le dijo a Prudente que ten\u00eda problemas psicol\u00f3gicos,\u00a0<strong>casi suspenden el f\u00fatbol porque exig\u00edan que se retracte. Ac\u00e1 no dicen nada, Ache tiene v\u00eda libre para decir lo que quiere y en donde quiere.<\/strong><\/p>\n<p style=\"text-align: justify;\"><a href=\"https:\/\/www.padreydecano.com\/cms\/wp-content\/uploads\/2013\/04\/Presi\u00f3n-a-los-jueces.png\" rel=\"shadowbox[sbpost-38230];player=img;\"><img loading=\"lazy\" decoding=\"async\" class=\"alignleft  wp-image-38233\" alt=\"\" src=\"https:\/\/www.padreydecano.com\/cms\/wp-content\/uploads\/2013\/04\/Presi\u00f3n-a-los-jueces-168x300.png\" width=\"134\" height=\"240\" \/><\/a>A este circo se sumaron los jugadores del tradicional rival. Qu\u00e9 mejor para hacer el trabajo que jugadores como Damonte y Bava, ambos adictos a las c\u00e1maras y al cucurucho. Damonte comenz\u00f3 a trav\u00e9s de Twitter, donde dijo <em><strong>\u201cMe tienen podrido cobrando cualquier cosa los \u00e1rbitros\u201d.<\/strong><\/em>\u00a0Al principio pensamos que hablaba del penal gigante que hizo contra Barcelona de Ecuador que no cobraron pero despu\u00e9s nos dimos cuenta que era otra voz dentro de este sistema de presionar a los jueces para el cl\u00e1sico. Finalizado el partido, al tener un micr\u00f3fono cerca aprovech\u00f3 nuevamente para presionar y quejarse de los arbitrajes.<\/p>\n<p style=\"text-align: justify;\">Pero no todo Nacional est\u00e1 haciendo este juego. El nuevo cuerpo t\u00e9cnico fue autocr\u00edtico al hablar y no entr\u00f3 en el sistema de lloriqueo constante. Arruabarrena dijo que <em><strong>\u201cel \u00e1rbitro no incidi\u00f3 en el resultado, se equivoc\u00f3 para los dos lados\u201d<\/strong><\/em>. Dentro de tanta presi\u00f3n y llanto hay que resaltar la sensatez del t\u00e9cnico rival, con esa declaraci\u00f3n dej\u00f3 regalado a todos estos personajes que quieren presionar a los \u00e1rbitros. Ahora hay que ver si va a poder seguir siendo sincero o lo van a obligar a actuar como la \u00abCultura Nacional \u00bb lo indica.<\/p>\n<p style=\"text-align: justify;\">A todo esto, desde Pe\u00f1arol se escuch\u00f3 la voz del Gerente Deportivo Carlos S\u00e1nchez, que cansado de tanto llanto sali\u00f3 al cruce y calent\u00f3 el ambiente: <em><strong>\u201c<\/strong><strong>Hay mucho chanta en la vuelta, muchos que quieren ser protagonistas y los protagonistas son los t\u00e9cnicos y los jugadores. Que fue offside, que esto, que lo otro, opinan de todo durante toda la semana. No podemos andar llorando. Hay que dejarse de llorar y ganar dentro de la cancha. El juez estuvo perfecto. Era un juez que me gustaba para el cl\u00e1sico, pero como arbitr\u00f3 ante Racing, no nos puede arbitrar en el cl\u00e1sico. \u00bfPor qu\u00e9? As\u00ed seguimos en la mediocridad<\/strong><strong>\u201d.<\/strong>\u00a0<\/em>Despu\u00e9s de estos dichos no hay nada m\u00e1s para agregar.<\/p>\n<p><a href=\"https:\/\/www.padreydecano.com\/cms\/tag\/alergico-a-las-plumas\/\"><img decoding=\"async\" class=\"alignright foto-sin-formato\" alt=\"\" src=\"https:\/\/www.padreydecano.com\/cms\/wp-users-files\/autor-columna\/alergico.jpg\" \/><\/a><\/p>\n","protected":false},"excerpt":{"rendered":"<p>Enrique Santos Disc\u00e9polo\u00a0en su tango Cambalache dec\u00eda una frase que es una gran verdad de la vida: \u201cel que no llora no mama\u201d. Dicha frase proviene de una reacci\u00f3n natural de los beb\u00e9s, cuando tienen hambre tienen que llorar para que las madres los alimenten. El asunto es que la frase se ha convertido en [&hellip;]<\/p>\n","protected":false},"author":2,"featured_media":38231,"comment_status":"open","ping_status":"closed","sticky":false,"template":"","format":"standard","meta":{"footnotes":""},"categories":[28],"tags":[61],"yoast_head":"<!-- This site is optimized with the Yoast SEO plugin v23.2 - https:\/\/yoast.com\/wordpress\/plugins\/seo\/ -->\n<title>\u00bfEl que no llora no mama? - Padre y Decano - El Sitio del Pueblo<\/title>\n<meta name=\"robots\" content=\"index, follow, max-snippet:-1, max-image-preview:large, max-video-preview:-1\" \/>\n<link rel=\"canonical\" href=\"https:\/\/www.padreydecano.com\/cms\/columnas\/el-que-no-llora-no-mama\/\" \/>\n<meta property=\"og:locale\" content=\"es_ES\" \/>\n<meta property=\"og:type\" content=\"article\" \/>\n<meta property=\"og:title\" content=\"\u00bfEl que no llora no mama? - Padre y Decano - El Sitio del Pueblo\" \/>\n<meta property=\"og:description\" content=\"Enrique Santos Disc\u00e9polo\u00a0en su tango Cambalache dec\u00eda una frase que es una gran verdad de la vida: \u201cel que no llora no mama\u201d. Dicha frase proviene de una reacci\u00f3n natural de los beb\u00e9s, cuando tienen hambre tienen que llorar para que las madres los alimenten. El asunto es que la frase se ha convertido en [&hellip;]\" \/>\n<meta property=\"og:url\" content=\"https:\/\/www.padreydecano.com\/cms\/columnas\/el-que-no-llora-no-mama\/\" \/>\n<meta property=\"og:site_name\" content=\"Padre y Decano - El Sitio del Pueblo\" \/>\n<meta property=\"article:published_time\" content=\"2013-04-23T21:09:06+00:00\" \/>\n<meta property=\"article:modified_time\" content=\"2013-04-23T22:37:36+00:00\" \/>\n<meta property=\"og:image\" content=\"https:\/\/www.padreydecano.com\/cms\/wp-content\/uploads\/2013\/04\/el-que-no-llora.jpg\" \/>\n\t<meta property=\"og:image:width\" content=\"260\" \/>\n\t<meta property=\"og:image:height\" content=\"160\" \/>\n\t<meta property=\"og:image:type\" content=\"image\/jpeg\" \/>\n<meta name=\"author\" content=\"Gonzalo16\" \/>\n<meta name=\"twitter:card\" content=\"summary_large_image\" \/>\n<meta name=\"twitter:label1\" content=\"Escrito por\" \/>\n\t<meta name=\"twitter:data1\" content=\"Gonzalo16\" \/>\n\t<meta name=\"twitter:label2\" content=\"Tiempo de lectura\" \/>\n\t<meta name=\"twitter:data2\" content=\"3 minutos\" \/>\n<script type=\"application\/ld+json\" class=\"yoast-schema-graph\">{\"@context\":\"https:\/\/schema.org\",\"@graph\":[{\"@type\":\"Article\",\"@id\":\"https:\/\/www.padreydecano.com\/cms\/columnas\/el-que-no-llora-no-mama\/#article\",\"isPartOf\":{\"@id\":\"https:\/\/www.padreydecano.com\/cms\/columnas\/el-que-no-llora-no-mama\/\"},\"author\":{\"name\":\"Gonzalo16\",\"@id\":\"https:\/\/www.padreydecano.com\/cms\/#\/schema\/person\/7fe41e3e335700ebd387196df2f9a8d4\"},\"headline\":\"\u00bfEl que no llora no mama?\",\"datePublished\":\"2013-04-23T21:09:06+00:00\",\"dateModified\":\"2013-04-23T22:37:36+00:00\",\"mainEntityOfPage\":{\"@id\":\"https:\/\/www.padreydecano.com\/cms\/columnas\/el-que-no-llora-no-mama\/\"},\"wordCount\":644,\"commentCount\":20,\"publisher\":{\"@id\":\"https:\/\/www.padreydecano.com\/cms\/#organization\"},\"image\":{\"@id\":\"https:\/\/www.padreydecano.com\/cms\/columnas\/el-que-no-llora-no-mama\/#primaryimage\"},\"thumbnailUrl\":\"https:\/\/www.padreydecano.com\/cms\/wp-content\/uploads\/2013\/04\/el-que-no-llora.jpg\",\"keywords\":[\"Al\u00e9rgico a las plumas\"],\"articleSection\":[\"Columnas\"],\"inLanguage\":\"es\",\"potentialAction\":[{\"@type\":\"CommentAction\",\"name\":\"Comment\",\"target\":[\"https:\/\/www.padreydecano.com\/cms\/columnas\/el-que-no-llora-no-mama\/#respond\"]}]},{\"@type\":\"WebPage\",\"@id\":\"https:\/\/www.padreydecano.com\/cms\/columnas\/el-que-no-llora-no-mama\/\",\"url\":\"https:\/\/www.padreydecano.com\/cms\/columnas\/el-que-no-llora-no-mama\/\",\"name\":\"\u00bfEl que no llora no mama? - Padre y Decano - El Sitio del Pueblo\",\"isPartOf\":{\"@id\":\"https:\/\/www.padreydecano.com\/cms\/#website\"},\"primaryImageOfPage\":{\"@id\":\"https:\/\/www.padreydecano.com\/cms\/columnas\/el-que-no-llora-no-mama\/#primaryimage\"},\"image\":{\"@id\":\"https:\/\/www.padreydecano.com\/cms\/columnas\/el-que-no-llora-no-mama\/#primaryimage\"},\"thumbnailUrl\":\"https:\/\/www.padreydecano.com\/cms\/wp-content\/uploads\/2013\/04\/el-que-no-llora.jpg\",\"datePublished\":\"2013-04-23T21:09:06+00:00\",\"dateModified\":\"2013-04-23T22:37:36+00:00\",\"breadcrumb\":{\"@id\":\"https:\/\/www.padreydecano.com\/cms\/columnas\/el-que-no-llora-no-mama\/#breadcrumb\"},\"inLanguage\":\"es\",\"potentialAction\":[{\"@type\":\"ReadAction\",\"target\":[\"https:\/\/www.padreydecano.com\/cms\/columnas\/el-que-no-llora-no-mama\/\"]}]},{\"@type\":\"ImageObject\",\"inLanguage\":\"es\",\"@id\":\"https:\/\/www.padreydecano.com\/cms\/columnas\/el-que-no-llora-no-mama\/#primaryimage\",\"url\":\"https:\/\/www.padreydecano.com\/cms\/wp-content\/uploads\/2013\/04\/el-que-no-llora.jpg\",\"contentUrl\":\"https:\/\/www.padreydecano.com\/cms\/wp-content\/uploads\/2013\/04\/el-que-no-llora.jpg\",\"width\":260,\"height\":160},{\"@type\":\"BreadcrumbList\",\"@id\":\"https:\/\/www.padreydecano.com\/cms\/columnas\/el-que-no-llora-no-mama\/#breadcrumb\",\"itemListElement\":[{\"@type\":\"ListItem\",\"position\":1,\"name\":\"Portada\",\"item\":\"https:\/\/www.padreydecano.com\/cms\/\"},{\"@type\":\"ListItem\",\"position\":2,\"name\":\"\u00bfEl que no llora no mama?\"}]},{\"@type\":\"WebSite\",\"@id\":\"https:\/\/www.padreydecano.com\/cms\/#website\",\"url\":\"https:\/\/www.padreydecano.com\/cms\/\",\"name\":\"Padre y Decano - El Sitio del Pueblo\",\"description\":\"Club Atl\u00e9tico Pe\u00f1arol\",\"publisher\":{\"@id\":\"https:\/\/www.padreydecano.com\/cms\/#organization\"},\"potentialAction\":[{\"@type\":\"SearchAction\",\"target\":{\"@type\":\"EntryPoint\",\"urlTemplate\":\"https:\/\/www.padreydecano.com\/cms\/?s={search_term_string}\"},\"query-input\":\"required name=search_term_string\"}],\"inLanguage\":\"es\"},{\"@type\":\"Organization\",\"@id\":\"https:\/\/www.padreydecano.com\/cms\/#organization\",\"name\":\"Padre y Decano\",\"url\":\"https:\/\/www.padreydecano.com\/cms\/\",\"logo\":{\"@type\":\"ImageObject\",\"inLanguage\":\"es\",\"@id\":\"https:\/\/www.padreydecano.com\/cms\/#\/schema\/logo\/image\/\",\"url\":\"https:\/\/www.padreydecano.com\/cms\/wp-content\/uploads\/2022\/01\/avatar-square.png\",\"contentUrl\":\"https:\/\/www.padreydecano.com\/cms\/wp-content\/uploads\/2022\/01\/avatar-square.png\",\"width\":1500,\"height\":1500,\"caption\":\"Padre y Decano\"},\"image\":{\"@id\":\"https:\/\/www.padreydecano.com\/cms\/#\/schema\/logo\/image\/\"}},{\"@type\":\"Person\",\"@id\":\"https:\/\/www.padreydecano.com\/cms\/#\/schema\/person\/7fe41e3e335700ebd387196df2f9a8d4\",\"name\":\"Gonzalo16\",\"image\":{\"@type\":\"ImageObject\",\"inLanguage\":\"es\",\"@id\":\"https:\/\/www.padreydecano.com\/cms\/#\/schema\/person\/image\/\",\"url\":\"https:\/\/secure.gravatar.com\/avatar\/4d5cdd49803a2313c01f77e3dfc05d81?s=96&d=https%3A%2F%2Fpadreydecano.com%2Fcms%2Fwp-content%2Fthemes%2Fpyd-theme%2Fimg%2Fdefault-avatar.png&r=g\",\"contentUrl\":\"https:\/\/secure.gravatar.com\/avatar\/4d5cdd49803a2313c01f77e3dfc05d81?s=96&d=https%3A%2F%2Fpadreydecano.com%2Fcms%2Fwp-content%2Fthemes%2Fpyd-theme%2Fimg%2Fdefault-avatar.png&r=g\",\"caption\":\"Gonzalo16\"}}]}<\/script>\n<!-- \/ Yoast SEO plugin. -->","yoast_head_json":{"title":"\u00bfEl que no llora no mama? - Padre y Decano - El Sitio del Pueblo","robots":{"index":"index","follow":"follow","max-snippet":"max-snippet:-1","max-image-preview":"max-image-preview:large","max-video-preview":"max-video-preview:-1"},"canonical":"https:\/\/www.padreydecano.com\/cms\/columnas\/el-que-no-llora-no-mama\/","og_locale":"es_ES","og_type":"article","og_title":"\u00bfEl que no llora no mama? - Padre y Decano - El Sitio del Pueblo","og_description":"Enrique Santos Disc\u00e9polo\u00a0en su tango Cambalache dec\u00eda una frase que es una gran verdad de la vida: \u201cel que no llora no mama\u201d. Dicha frase proviene de una reacci\u00f3n natural de los beb\u00e9s, cuando tienen hambre tienen que llorar para que las madres los alimenten. El asunto es que la frase se ha convertido en [&hellip;]","og_url":"https:\/\/www.padreydecano.com\/cms\/columnas\/el-que-no-llora-no-mama\/","og_site_name":"Padre y Decano - El Sitio del Pueblo","article_published_time":"2013-04-23T21:09:06+00:00","article_modified_time":"2013-04-23T22:37:36+00:00","og_image":[{"width":260,"height":160,"url":"https:\/\/www.padreydecano.com\/cms\/wp-content\/uploads\/2013\/04\/el-que-no-llora.jpg","type":"image\/jpeg"}],"author":"Gonzalo16","twitter_card":"summary_large_image","twitter_misc":{"Escrito por":"Gonzalo16","Tiempo de lectura":"3 minutos"},"schema":{"@context":"https:\/\/schema.org","@graph":[{"@type":"Article","@id":"https:\/\/www.padreydecano.com\/cms\/columnas\/el-que-no-llora-no-mama\/#article","isPartOf":{"@id":"https:\/\/www.padreydecano.com\/cms\/columnas\/el-que-no-llora-no-mama\/"},"author":{"name":"Gonzalo16","@id":"https:\/\/www.padreydecano.com\/cms\/#\/schema\/person\/7fe41e3e335700ebd387196df2f9a8d4"},"headline":"\u00bfEl que no llora no mama?","datePublished":"2013-04-23T21:09:06+00:00","dateModified":"2013-04-23T22:37:36+00:00","mainEntityOfPage":{"@id":"https:\/\/www.padreydecano.com\/cms\/columnas\/el-que-no-llora-no-mama\/"},"wordCount":644,"commentCount":20,"publisher":{"@id":"https:\/\/www.padreydecano.com\/cms\/#organization"},"image":{"@id":"https:\/\/www.padreydecano.com\/cms\/columnas\/el-que-no-llora-no-mama\/#primaryimage"},"thumbnailUrl":"https:\/\/www.padreydecano.com\/cms\/wp-content\/uploads\/2013\/04\/el-que-no-llora.jpg","keywords":["Al\u00e9rgico a las plumas"],"articleSection":["Columnas"],"inLanguage":"es","potentialAction":[{"@type":"CommentAction","name":"Comment","target":["https:\/\/www.padreydecano.com\/cms\/columnas\/el-que-no-llora-no-mama\/#respond"]}]},{"@type":"WebPage","@id":"https:\/\/www.padreydecano.com\/cms\/columnas\/el-que-no-llora-no-mama\/","url":"https:\/\/www.padreydecano.com\/cms\/columnas\/el-que-no-llora-no-mama\/","name":"\u00bfEl que no llora no mama? - Padre y Decano - El Sitio del Pueblo","isPartOf":{"@id":"https:\/\/www.padreydecano.com\/cms\/#website"},"primaryImageOfPage":{"@id":"https:\/\/www.padreydecano.com\/cms\/columnas\/el-que-no-llora-no-mama\/#primaryimage"},"image":{"@id":"https:\/\/www.padreydecano.com\/cms\/columnas\/el-que-no-llora-no-mama\/#primaryimage"},"thumbnailUrl":"https:\/\/www.padreydecano.com\/cms\/wp-content\/uploads\/2013\/04\/el-que-no-llora.jpg","datePublished":"2013-04-23T21:09:06+00:00","dateModified":"2013-04-23T22:37:36+00:00","breadcrumb":{"@id":"https:\/\/www.padreydecano.com\/cms\/columnas\/el-que-no-llora-no-mama\/#breadcrumb"},"inLanguage":"es","potentialAction":[{"@type":"ReadAction","target":["https:\/\/www.padreydecano.com\/cms\/columnas\/el-que-no-llora-no-mama\/"]}]},{"@type":"ImageObject","inLanguage":"es","@id":"https:\/\/www.padreydecano.com\/cms\/columnas\/el-que-no-llora-no-mama\/#primaryimage","url":"https:\/\/www.padreydecano.com\/cms\/wp-content\/uploads\/2013\/04\/el-que-no-llora.jpg","contentUrl":"https:\/\/www.padreydecano.com\/cms\/wp-content\/uploads\/2013\/04\/el-que-no-llora.jpg","width":260,"height":160},{"@type":"BreadcrumbList","@id":"https:\/\/www.padreydecano.com\/cms\/columnas\/el-que-no-llora-no-mama\/#breadcrumb","itemListElement":[{"@type":"ListItem","position":1,"name":"Portada","item":"https:\/\/www.padreydecano.com\/cms\/"},{"@type":"ListItem","position":2,"name":"\u00bfEl que no llora no mama?"}]},{"@type":"WebSite","@id":"https:\/\/www.padreydecano.com\/cms\/#website","url":"https:\/\/www.padreydecano.com\/cms\/","name":"Padre y Decano - El Sitio del Pueblo","description":"Club Atl\u00e9tico Pe\u00f1arol","publisher":{"@id":"https:\/\/www.padreydecano.com\/cms\/#organization"},"potentialAction":[{"@type":"SearchAction","target":{"@type":"EntryPoint","urlTemplate":"https:\/\/www.padreydecano.com\/cms\/?s={search_term_string}"},"query-input":"required name=search_term_string"}],"inLanguage":"es"},{"@type":"Organization","@id":"https:\/\/www.padreydecano.com\/cms\/#organization","name":"Padre y Decano","url":"https:\/\/www.padreydecano.com\/cms\/","logo":{"@type":"ImageObject","inLanguage":"es","@id":"https:\/\/www.padreydecano.com\/cms\/#\/schema\/logo\/image\/","url":"https:\/\/www.padreydecano.com\/cms\/wp-content\/uploads\/2022\/01\/avatar-square.png","contentUrl":"https:\/\/www.padreydecano.com\/cms\/wp-content\/uploads\/2022\/01\/avatar-square.png","width":1500,"height":1500,"caption":"Padre y Decano"},"image":{"@id":"https:\/\/www.padreydecano.com\/cms\/#\/schema\/logo\/image\/"}},{"@type":"Person","@id":"https:\/\/www.padreydecano.com\/cms\/#\/schema\/person\/7fe41e3e335700ebd387196df2f9a8d4","name":"Gonzalo16","image":{"@type":"ImageObject","inLanguage":"es","@id":"https:\/\/www.padreydecano.com\/cms\/#\/schema\/person\/image\/","url":"https:\/\/secure.gravatar.com\/avatar\/4d5cdd49803a2313c01f77e3dfc05d81?s=96&d=https%3A%2F%2Fpadreydecano.com%2Fcms%2Fwp-content%2Fthemes%2Fpyd-theme%2Fimg%2Fdefault-avatar.png&r=g","contentUrl":"https:\/\/secure.gravatar.com\/avatar\/4d5cdd49803a2313c01f77e3dfc05d81?s=96&d=https%3A%2F%2Fpadreydecano.com%2Fcms%2Fwp-content%2Fthemes%2Fpyd-theme%2Fimg%2Fdefault-avatar.png&r=g","caption":"Gonzalo16"}}]}},"_links":{"self":[{"href":"https:\/\/www.padreydecano.com\/cms\/wp-json\/wp\/v2\/posts\/38230"}],"collection":[{"href":"https:\/\/www.padreydecano.com\/cms\/wp-json\/wp\/v2\/posts"}],"about":[{"href":"https:\/\/www.padreydecano.com\/cms\/wp-json\/wp\/v2\/types\/post"}],"author":[{"embeddable":true,"href":"https:\/\/www.padreydecano.com\/cms\/wp-json\/wp\/v2\/users\/2"}],"replies":[{"embeddable":true,"href":"https:\/\/www.padreydecano.com\/cms\/wp-json\/wp\/v2\/comments?post=38230"}],"version-history":[{"count":0,"href":"https:\/\/www.padreydecano.com\/cms\/wp-json\/wp\/v2\/posts\/38230\/revisions"}],"wp:featuredmedia":[{"embeddable":true,"href":"https:\/\/www.padreydecano.com\/cms\/wp-json\/wp\/v2\/media\/38231"}],"wp:attachment":[{"href":"https:\/\/www.padreydecano.com\/cms\/wp-json\/wp\/v2\/media?parent=38230"}],"wp:term":[{"taxonomy":"category","embeddable":true,"href":"https:\/\/www.padreydecano.com\/cms\/wp-json\/wp\/v2\/categories?post=38230"},{"taxonomy":"post_tag","embeddable":true,"href":"https:\/\/www.padreydecano.com\/cms\/wp-json\/wp\/v2\/tags?post=38230"}],"curies":[{"name":"wp","href":"https:\/\/api.w.org\/{rel}","templated":true}]}}