{"id":38109,"date":"2013-04-17T15:31:52","date_gmt":"2013-04-17T18:31:52","guid":{"rendered":"http:\/\/www.padreydecano.com\/cms\/?p=38109"},"modified":"2013-04-17T17:12:31","modified_gmt":"2013-04-17T20:12:31","slug":"la-recta-final","status":"publish","type":"post","link":"https:\/\/www.padreydecano.com\/cms\/columnas\/la-recta-final\/","title":{"rendered":"La recta final"},"content":{"rendered":"<p style=\"text-align: justify;\"><a href=\"https:\/\/www.padreydecano.com\/cms\/wp-content\/uploads\/2013\/04\/pe\u00f1arol-tanque_01.jpg\" rel=\"shadowbox[sbpost-38109];player=img;\"><img loading=\"lazy\" decoding=\"async\" class=\"alignright  wp-image-38036\" alt=\"\" src=\"https:\/\/www.padreydecano.com\/cms\/wp-content\/uploads\/2013\/04\/pe\u00f1arol-tanque_01-300x199.jpg\" width=\"240\" height=\"159\" srcset=\"https:\/\/www.padreydecano.com\/cms\/wp-content\/uploads\/2013\/04\/pe\u00f1arol-tanque_01-300x199.jpg 300w, https:\/\/www.padreydecano.com\/cms\/wp-content\/uploads\/2013\/04\/pe\u00f1arol-tanque_01.jpg 800w\" sizes=\"(max-width: 240px) 100vw, 240px\" \/><\/a>Hablando una vez con un amigo que resid\u00eda en Alemania, me cont\u00f3 una an\u00e9cdota que luego atesor\u00e9 como moraleja e intento aplicarla siempre.<\/p>\n<p style=\"text-align: justify;\">Charlando con un colega de profesi\u00f3n, sobre el t\u00edtulo de un diario local, entendi\u00f3 el significado de la palabra crisis. All\u00ed, mencionaba que el precio de la leche se ir\u00eda 2 puntos porcentuales por encima de lo previsto, en los pr\u00f3ximos tres a\u00f1os, y que ello, era una potencial variable de que algo, en el presupuesto de su pa\u00eds, iba a cambiar, y modificar\u00eda otras situaciones del mismo.<\/p>\n<p style=\"text-align: justify;\"><strong>El t\u00edtulo era \u201ccrisis\u201d.<\/strong><\/p>\n<p style=\"text-align: justify;\">Mi amigo comenz\u00f3 a re\u00edrse, pregunt\u00e1ndole en\u00e9rgicamente: \u201c\u00bfEso es crisis?\u201d Con el mismo \u00edmpetu, su colega le respondi\u00f3 que \u201cs\u00ed, claro, eso para nosotros es crisis, o por lo menos el comienzo de algo que hay que corregir\u201d.<\/p>\n<p style=\"text-align: justify;\">Cuando veo que hay un t\u00e9cnico que saca al volante central contra Danubio sin que tuviera amarilla y deja a Grossmuller en un 40% de su condici\u00f3n, o a Crist\u00f3foro contra El Tanque minutos despu\u00e9s de habernos quedado con diez, con Olivera en un 10% de su condici\u00f3n f\u00edsica y futbol\u00edstica, con Pacheco que est\u00e1 volviendo y no puede sostener un ritmo de juego todav\u00eda, y falta media hora, y en menos de diez minutos el rival tiene 4 jugadas claras de gol, es que me pregunto si aquella afirmaci\u00f3n del t\u00e9cnico que ve\u00eda el f\u00fatbol de frente sigue teniendo validez.<\/p>\n<p style=\"text-align: justify;\">Es bueno recordar que aquella afirmaci\u00f3n se hizo en los dos primeros partidos de este a\u00f1o, con la espalda de un semestre bien ganado y de manera progresiva en el juego y en los resultados.<\/p>\n<p style=\"text-align: justify;\">Pero esta versi\u00f3n, con un equipo muy fuera de forma, f\u00edsica y futbol\u00edstica, es, al menos, preocupante.\u00a0Yo dir\u00eda que m\u00e1s. Que bastante m\u00e1s.<\/p>\n<p style=\"text-align: justify;\">Por eso lo de la crisis. Vos est\u00e1s leyendo y me dir\u00e1s\u2026 \u00bfpero si vamos primeros? \u00bfpero si ganamos el Apertura? \u00bfpero si lideramos la Anual? Si, es verdad, eso es un dato objetivo, innegable.<\/p>\n<p style=\"text-align: justify;\">Lo que es casi innegable es el baj\u00edsimo juego de nuestro equipo, que el otro d\u00eda <a title=\"ALERTA AMARILLA: Pe\u00f1arol primero en todo\" href=\"https:\/\/www.padreydecano.com\/cms\/partidos\/alerta-amarilla-penarol-primero-en-todo\/\" target=\"_blank\">gan\u00f3 porque gan\u00f3<\/a>, que no le pate\u00f3 al arco a El Tanque hasta los 15 minutos del segundo tiempo (s\u00ed, est\u00e1s leyendo bien).<\/p>\n<p style=\"text-align: justify;\">Yo crec\u00ed con un Pe\u00f1arol que que ganaba caminando 7 u 8 de cada 10 Uruguayos y llegaba casi siempre a cuartos de final de la Copa, como primer objetivo internacional y luego ver que pasaba. Si ese es el objetivo, se oscilar\u00e1 entre los octavos y la final, mayoritariamente.<\/p>\n<p style=\"text-align: justify;\">Volvamos al presente\u2026<\/p>\n<p style=\"text-align: justify;\">No hay juego interno, por afuera salimos en cuentagotas, -bastante con el Vasquito y su caos futbol\u00edstico, con galopadas de Raguso de vez en cuando (siempre a impulso individual, no hay juego asociado por ese lado, no hay sociedades, no hay elaboraci\u00f3n) y casi nunca con Aureliano y Gonz\u00e1lez-.<\/p>\n<p style=\"text-align: justify;\">Zalayeta bajo, Olivera desconocido y un doble cinco que cada vez me gusta m\u00e1s por Crist\u00f3foro y menos por Novick (entregar bien la pelota ya desde hace a\u00f1os no es un valor agregado para un volante de marca, es la otra mitad de la tarea; sin ello, el quite no adquiere valor).<\/p>\n<p style=\"text-align: justify;\">El equipo claramente deambula a ponchazos individuales, ni siquiera estamos compactos y recemos para que no se lesionen Valdez, el Lolo y Zalayeta, claramente los mejores de este semestre, en ese orden. Valdez es media defensa, Estoyanoff dando ventaja con la lesi\u00f3n; el ahora media punta en franco descenso.<\/p>\n<p style=\"text-align: justify;\">Los dem\u00e1s acompa\u00f1an con altos y bajos, me gusta la tarea de Crist\u00f3foro, se est\u00e1 transformando en un jugador de f\u00fatbol, y da gusto verlo evolucionar d\u00eda a d\u00eda. Corre mejor la cancha, releva bien, traslada cada vez menos, est\u00e1 fuerte, muy solidario y menos quejoso. Creo que ser el patr\u00f3n en la sub 20 le hizo muy bien.<\/p>\n<p style=\"text-align: justify;\">Se viene la recta final, aferr\u00e9monos a lo positivo, que lo hay, lo marca la tabla, tampoco seamos necios. Y eso se logra con 16 \u2013 18 jugadores en forma, f\u00edsica y futbol\u00edsitca, parejitos con 2 o 3 que den el salto de calidad, que los tenemos, claro.<\/p>\n<p style=\"text-align: justify;\">Necesitamos recuperar la forma, est\u00e1 claro. Hay que apuntar a ganar el Clausura y liquidar todo de una. Se puede. Hay que salir con m\u00e1s decisi\u00f3n y con mucha INTENSIDAD, palabra clave en el f\u00fatbol de hoy.<\/p>\n<p style=\"text-align: justify;\">Y los que entren, tendr\u00e1n que estar con esa condici\u00f3n, sino ser\u00e1 dif\u00edcil.<\/p>\n<p style=\"text-align: justify;\">Eso s\u00ed, que Da Silva no desarme m\u00e1s el medio; Danubio nos dio el cachetazo, El Tanque nos perdon\u00f3. Quiero quedarme con las ganas de saber qu\u00e9 har\u00eda en ese caso otro rival. Que Da Silva me d\u00e9 el gusto y haga cambios con criterio, al menos esos posicionales, que rompieron los ojos.<\/p>\n<p style=\"text-align: justify;\">No estamos en crisis, est\u00e1 claro, pero tengamos presente ese concepto, aquel concepto, y exijamos hasta al fin poder ver un Pe\u00f1arol fuerte, dif\u00edcil, y que no quede afuera con Emelec, ni sufra con El Tanque. El Pe\u00f1arol que vi, es el que quiero ver.<\/p>\n<p style=\"text-align: justify;\"><strong>Ahora hay que ganar el Clausura, pongamos el list\u00f3n alto, quiero ver las siete letras primeras en las tres tablas, hoy no aspiro a otro cosa.<\/strong><\/p>\n<p><a href=\"https:\/\/www.padreydecano.com\/cms\/tag\/la-columna-de-isabelino\/\"><img decoding=\"async\" class=\"alignright foto-sin-formato\" alt=\"\" src=\"https:\/\/www.padreydecano.com\/cms\/wp-users-files\/autor-columna\/isabelino.jpg\" \/><\/a><\/p>\n","protected":false},"excerpt":{"rendered":"<p>Hablando una vez con un amigo que resid\u00eda en Alemania, me cont\u00f3 una an\u00e9cdota que luego atesor\u00e9 como moraleja e intento aplicarla siempre. Charlando con un colega de profesi\u00f3n, sobre el t\u00edtulo de un diario local, entendi\u00f3 el significado de la palabra crisis. All\u00ed, mencionaba que el precio de la leche se ir\u00eda 2 puntos [&hellip;]<\/p>\n","protected":false},"author":2,"featured_media":38036,"comment_status":"open","ping_status":"closed","sticky":false,"template":"","format":"standard","meta":{"footnotes":""},"categories":[28],"tags":[60],"yoast_head":"<!-- This site is optimized with the Yoast SEO plugin v23.2 - https:\/\/yoast.com\/wordpress\/plugins\/seo\/ -->\n<title>La recta final - Padre y Decano - El Sitio del Pueblo<\/title>\n<meta name=\"robots\" content=\"index, follow, max-snippet:-1, max-image-preview:large, max-video-preview:-1\" \/>\n<link rel=\"canonical\" href=\"https:\/\/www.padreydecano.com\/cms\/columnas\/la-recta-final\/\" \/>\n<meta property=\"og:locale\" content=\"es_ES\" \/>\n<meta property=\"og:type\" content=\"article\" \/>\n<meta property=\"og:title\" content=\"La recta final - Padre y Decano - El Sitio del Pueblo\" \/>\n<meta property=\"og:description\" content=\"Hablando una vez con un amigo que resid\u00eda en Alemania, me cont\u00f3 una an\u00e9cdota que luego atesor\u00e9 como moraleja e intento aplicarla siempre. Charlando con un colega de profesi\u00f3n, sobre el t\u00edtulo de un diario local, entendi\u00f3 el significado de la palabra crisis. All\u00ed, mencionaba que el precio de la leche se ir\u00eda 2 puntos [&hellip;]\" \/>\n<meta property=\"og:url\" content=\"https:\/\/www.padreydecano.com\/cms\/columnas\/la-recta-final\/\" \/>\n<meta property=\"og:site_name\" content=\"Padre y Decano - El Sitio del Pueblo\" \/>\n<meta property=\"article:published_time\" content=\"2013-04-17T18:31:52+00:00\" \/>\n<meta property=\"article:modified_time\" content=\"2013-04-17T20:12:31+00:00\" \/>\n<meta property=\"og:image\" content=\"https:\/\/www.padreydecano.com\/cms\/wp-content\/uploads\/2013\/04\/pe\u00f1arol-tanque_01.jpg\" \/>\n\t<meta property=\"og:image:width\" content=\"800\" \/>\n\t<meta property=\"og:image:height\" content=\"533\" \/>\n\t<meta property=\"og:image:type\" content=\"image\/jpeg\" \/>\n<meta name=\"author\" content=\"Gonzalo16\" \/>\n<meta name=\"twitter:card\" content=\"summary_large_image\" \/>\n<meta name=\"twitter:label1\" content=\"Escrito por\" \/>\n\t<meta name=\"twitter:data1\" content=\"Gonzalo16\" \/>\n\t<meta name=\"twitter:label2\" content=\"Tiempo de lectura\" \/>\n\t<meta name=\"twitter:data2\" content=\"5 minutos\" \/>\n<script type=\"application\/ld+json\" class=\"yoast-schema-graph\">{\"@context\":\"https:\/\/schema.org\",\"@graph\":[{\"@type\":\"Article\",\"@id\":\"https:\/\/www.padreydecano.com\/cms\/columnas\/la-recta-final\/#article\",\"isPartOf\":{\"@id\":\"https:\/\/www.padreydecano.com\/cms\/columnas\/la-recta-final\/\"},\"author\":{\"name\":\"Gonzalo16\",\"@id\":\"https:\/\/www.padreydecano.com\/cms\/#\/schema\/person\/7fe41e3e335700ebd387196df2f9a8d4\"},\"headline\":\"La recta final\",\"datePublished\":\"2013-04-17T18:31:52+00:00\",\"dateModified\":\"2013-04-17T20:12:31+00:00\",\"mainEntityOfPage\":{\"@id\":\"https:\/\/www.padreydecano.com\/cms\/columnas\/la-recta-final\/\"},\"wordCount\":908,\"commentCount\":14,\"publisher\":{\"@id\":\"https:\/\/www.padreydecano.com\/cms\/#organization\"},\"image\":{\"@id\":\"https:\/\/www.padreydecano.com\/cms\/columnas\/la-recta-final\/#primaryimage\"},\"thumbnailUrl\":\"https:\/\/www.padreydecano.com\/cms\/wp-content\/uploads\/2013\/04\/pe\u00f1arol-tanque_01.jpg\",\"keywords\":[\"La columna de Isabelino\"],\"articleSection\":[\"Columnas\"],\"inLanguage\":\"es\",\"potentialAction\":[{\"@type\":\"CommentAction\",\"name\":\"Comment\",\"target\":[\"https:\/\/www.padreydecano.com\/cms\/columnas\/la-recta-final\/#respond\"]}]},{\"@type\":\"WebPage\",\"@id\":\"https:\/\/www.padreydecano.com\/cms\/columnas\/la-recta-final\/\",\"url\":\"https:\/\/www.padreydecano.com\/cms\/columnas\/la-recta-final\/\",\"name\":\"La recta final - Padre y Decano - El Sitio del Pueblo\",\"isPartOf\":{\"@id\":\"https:\/\/www.padreydecano.com\/cms\/#website\"},\"primaryImageOfPage\":{\"@id\":\"https:\/\/www.padreydecano.com\/cms\/columnas\/la-recta-final\/#primaryimage\"},\"image\":{\"@id\":\"https:\/\/www.padreydecano.com\/cms\/columnas\/la-recta-final\/#primaryimage\"},\"thumbnailUrl\":\"https:\/\/www.padreydecano.com\/cms\/wp-content\/uploads\/2013\/04\/pe\u00f1arol-tanque_01.jpg\",\"datePublished\":\"2013-04-17T18:31:52+00:00\",\"dateModified\":\"2013-04-17T20:12:31+00:00\",\"breadcrumb\":{\"@id\":\"https:\/\/www.padreydecano.com\/cms\/columnas\/la-recta-final\/#breadcrumb\"},\"inLanguage\":\"es\",\"potentialAction\":[{\"@type\":\"ReadAction\",\"target\":[\"https:\/\/www.padreydecano.com\/cms\/columnas\/la-recta-final\/\"]}]},{\"@type\":\"ImageObject\",\"inLanguage\":\"es\",\"@id\":\"https:\/\/www.padreydecano.com\/cms\/columnas\/la-recta-final\/#primaryimage\",\"url\":\"https:\/\/www.padreydecano.com\/cms\/wp-content\/uploads\/2013\/04\/pe\u00f1arol-tanque_01.jpg\",\"contentUrl\":\"https:\/\/www.padreydecano.com\/cms\/wp-content\/uploads\/2013\/04\/pe\u00f1arol-tanque_01.jpg\",\"width\":800,\"height\":533},{\"@type\":\"BreadcrumbList\",\"@id\":\"https:\/\/www.padreydecano.com\/cms\/columnas\/la-recta-final\/#breadcrumb\",\"itemListElement\":[{\"@type\":\"ListItem\",\"position\":1,\"name\":\"Portada\",\"item\":\"https:\/\/www.padreydecano.com\/cms\/\"},{\"@type\":\"ListItem\",\"position\":2,\"name\":\"La recta final\"}]},{\"@type\":\"WebSite\",\"@id\":\"https:\/\/www.padreydecano.com\/cms\/#website\",\"url\":\"https:\/\/www.padreydecano.com\/cms\/\",\"name\":\"Padre y Decano - El Sitio del Pueblo\",\"description\":\"Club Atl\u00e9tico Pe\u00f1arol\",\"publisher\":{\"@id\":\"https:\/\/www.padreydecano.com\/cms\/#organization\"},\"potentialAction\":[{\"@type\":\"SearchAction\",\"target\":{\"@type\":\"EntryPoint\",\"urlTemplate\":\"https:\/\/www.padreydecano.com\/cms\/?s={search_term_string}\"},\"query-input\":\"required name=search_term_string\"}],\"inLanguage\":\"es\"},{\"@type\":\"Organization\",\"@id\":\"https:\/\/www.padreydecano.com\/cms\/#organization\",\"name\":\"Padre y Decano\",\"url\":\"https:\/\/www.padreydecano.com\/cms\/\",\"logo\":{\"@type\":\"ImageObject\",\"inLanguage\":\"es\",\"@id\":\"https:\/\/www.padreydecano.com\/cms\/#\/schema\/logo\/image\/\",\"url\":\"https:\/\/www.padreydecano.com\/cms\/wp-content\/uploads\/2022\/01\/avatar-square.png\",\"contentUrl\":\"https:\/\/www.padreydecano.com\/cms\/wp-content\/uploads\/2022\/01\/avatar-square.png\",\"width\":1500,\"height\":1500,\"caption\":\"Padre y Decano\"},\"image\":{\"@id\":\"https:\/\/www.padreydecano.com\/cms\/#\/schema\/logo\/image\/\"}},{\"@type\":\"Person\",\"@id\":\"https:\/\/www.padreydecano.com\/cms\/#\/schema\/person\/7fe41e3e335700ebd387196df2f9a8d4\",\"name\":\"Gonzalo16\",\"image\":{\"@type\":\"ImageObject\",\"inLanguage\":\"es\",\"@id\":\"https:\/\/www.padreydecano.com\/cms\/#\/schema\/person\/image\/\",\"url\":\"https:\/\/secure.gravatar.com\/avatar\/4d5cdd49803a2313c01f77e3dfc05d81?s=96&d=https%3A%2F%2Fpadreydecano.com%2Fcms%2Fwp-content%2Fthemes%2Fpyd-theme%2Fimg%2Fdefault-avatar.png&r=g\",\"contentUrl\":\"https:\/\/secure.gravatar.com\/avatar\/4d5cdd49803a2313c01f77e3dfc05d81?s=96&d=https%3A%2F%2Fpadreydecano.com%2Fcms%2Fwp-content%2Fthemes%2Fpyd-theme%2Fimg%2Fdefault-avatar.png&r=g\",\"caption\":\"Gonzalo16\"}}]}<\/script>\n<!-- \/ Yoast SEO plugin. -->","yoast_head_json":{"title":"La recta final - Padre y Decano - El Sitio del Pueblo","robots":{"index":"index","follow":"follow","max-snippet":"max-snippet:-1","max-image-preview":"max-image-preview:large","max-video-preview":"max-video-preview:-1"},"canonical":"https:\/\/www.padreydecano.com\/cms\/columnas\/la-recta-final\/","og_locale":"es_ES","og_type":"article","og_title":"La recta final - Padre y Decano - El Sitio del Pueblo","og_description":"Hablando una vez con un amigo que resid\u00eda en Alemania, me cont\u00f3 una an\u00e9cdota que luego atesor\u00e9 como moraleja e intento aplicarla siempre. Charlando con un colega de profesi\u00f3n, sobre el t\u00edtulo de un diario local, entendi\u00f3 el significado de la palabra crisis. All\u00ed, mencionaba que el precio de la leche se ir\u00eda 2 puntos [&hellip;]","og_url":"https:\/\/www.padreydecano.com\/cms\/columnas\/la-recta-final\/","og_site_name":"Padre y Decano - El Sitio del Pueblo","article_published_time":"2013-04-17T18:31:52+00:00","article_modified_time":"2013-04-17T20:12:31+00:00","og_image":[{"width":800,"height":533,"url":"https:\/\/www.padreydecano.com\/cms\/wp-content\/uploads\/2013\/04\/pe\u00f1arol-tanque_01.jpg","type":"image\/jpeg"}],"author":"Gonzalo16","twitter_card":"summary_large_image","twitter_misc":{"Escrito por":"Gonzalo16","Tiempo de lectura":"5 minutos"},"schema":{"@context":"https:\/\/schema.org","@graph":[{"@type":"Article","@id":"https:\/\/www.padreydecano.com\/cms\/columnas\/la-recta-final\/#article","isPartOf":{"@id":"https:\/\/www.padreydecano.com\/cms\/columnas\/la-recta-final\/"},"author":{"name":"Gonzalo16","@id":"https:\/\/www.padreydecano.com\/cms\/#\/schema\/person\/7fe41e3e335700ebd387196df2f9a8d4"},"headline":"La recta final","datePublished":"2013-04-17T18:31:52+00:00","dateModified":"2013-04-17T20:12:31+00:00","mainEntityOfPage":{"@id":"https:\/\/www.padreydecano.com\/cms\/columnas\/la-recta-final\/"},"wordCount":908,"commentCount":14,"publisher":{"@id":"https:\/\/www.padreydecano.com\/cms\/#organization"},"image":{"@id":"https:\/\/www.padreydecano.com\/cms\/columnas\/la-recta-final\/#primaryimage"},"thumbnailUrl":"https:\/\/www.padreydecano.com\/cms\/wp-content\/uploads\/2013\/04\/pe\u00f1arol-tanque_01.jpg","keywords":["La columna de Isabelino"],"articleSection":["Columnas"],"inLanguage":"es","potentialAction":[{"@type":"CommentAction","name":"Comment","target":["https:\/\/www.padreydecano.com\/cms\/columnas\/la-recta-final\/#respond"]}]},{"@type":"WebPage","@id":"https:\/\/www.padreydecano.com\/cms\/columnas\/la-recta-final\/","url":"https:\/\/www.padreydecano.com\/cms\/columnas\/la-recta-final\/","name":"La recta final - Padre y Decano - El Sitio del Pueblo","isPartOf":{"@id":"https:\/\/www.padreydecano.com\/cms\/#website"},"primaryImageOfPage":{"@id":"https:\/\/www.padreydecano.com\/cms\/columnas\/la-recta-final\/#primaryimage"},"image":{"@id":"https:\/\/www.padreydecano.com\/cms\/columnas\/la-recta-final\/#primaryimage"},"thumbnailUrl":"https:\/\/www.padreydecano.com\/cms\/wp-content\/uploads\/2013\/04\/pe\u00f1arol-tanque_01.jpg","datePublished":"2013-04-17T18:31:52+00:00","dateModified":"2013-04-17T20:12:31+00:00","breadcrumb":{"@id":"https:\/\/www.padreydecano.com\/cms\/columnas\/la-recta-final\/#breadcrumb"},"inLanguage":"es","potentialAction":[{"@type":"ReadAction","target":["https:\/\/www.padreydecano.com\/cms\/columnas\/la-recta-final\/"]}]},{"@type":"ImageObject","inLanguage":"es","@id":"https:\/\/www.padreydecano.com\/cms\/columnas\/la-recta-final\/#primaryimage","url":"https:\/\/www.padreydecano.com\/cms\/wp-content\/uploads\/2013\/04\/pe\u00f1arol-tanque_01.jpg","contentUrl":"https:\/\/www.padreydecano.com\/cms\/wp-content\/uploads\/2013\/04\/pe\u00f1arol-tanque_01.jpg","width":800,"height":533},{"@type":"BreadcrumbList","@id":"https:\/\/www.padreydecano.com\/cms\/columnas\/la-recta-final\/#breadcrumb","itemListElement":[{"@type":"ListItem","position":1,"name":"Portada","item":"https:\/\/www.padreydecano.com\/cms\/"},{"@type":"ListItem","position":2,"name":"La recta final"}]},{"@type":"WebSite","@id":"https:\/\/www.padreydecano.com\/cms\/#website","url":"https:\/\/www.padreydecano.com\/cms\/","name":"Padre y Decano - El Sitio del Pueblo","description":"Club Atl\u00e9tico Pe\u00f1arol","publisher":{"@id":"https:\/\/www.padreydecano.com\/cms\/#organization"},"potentialAction":[{"@type":"SearchAction","target":{"@type":"EntryPoint","urlTemplate":"https:\/\/www.padreydecano.com\/cms\/?s={search_term_string}"},"query-input":"required name=search_term_string"}],"inLanguage":"es"},{"@type":"Organization","@id":"https:\/\/www.padreydecano.com\/cms\/#organization","name":"Padre y Decano","url":"https:\/\/www.padreydecano.com\/cms\/","logo":{"@type":"ImageObject","inLanguage":"es","@id":"https:\/\/www.padreydecano.com\/cms\/#\/schema\/logo\/image\/","url":"https:\/\/www.padreydecano.com\/cms\/wp-content\/uploads\/2022\/01\/avatar-square.png","contentUrl":"https:\/\/www.padreydecano.com\/cms\/wp-content\/uploads\/2022\/01\/avatar-square.png","width":1500,"height":1500,"caption":"Padre y Decano"},"image":{"@id":"https:\/\/www.padreydecano.com\/cms\/#\/schema\/logo\/image\/"}},{"@type":"Person","@id":"https:\/\/www.padreydecano.com\/cms\/#\/schema\/person\/7fe41e3e335700ebd387196df2f9a8d4","name":"Gonzalo16","image":{"@type":"ImageObject","inLanguage":"es","@id":"https:\/\/www.padreydecano.com\/cms\/#\/schema\/person\/image\/","url":"https:\/\/secure.gravatar.com\/avatar\/4d5cdd49803a2313c01f77e3dfc05d81?s=96&d=https%3A%2F%2Fpadreydecano.com%2Fcms%2Fwp-content%2Fthemes%2Fpyd-theme%2Fimg%2Fdefault-avatar.png&r=g","contentUrl":"https:\/\/secure.gravatar.com\/avatar\/4d5cdd49803a2313c01f77e3dfc05d81?s=96&d=https%3A%2F%2Fpadreydecano.com%2Fcms%2Fwp-content%2Fthemes%2Fpyd-theme%2Fimg%2Fdefault-avatar.png&r=g","caption":"Gonzalo16"}}]}},"_links":{"self":[{"href":"https:\/\/www.padreydecano.com\/cms\/wp-json\/wp\/v2\/posts\/38109"}],"collection":[{"href":"https:\/\/www.padreydecano.com\/cms\/wp-json\/wp\/v2\/posts"}],"about":[{"href":"https:\/\/www.padreydecano.com\/cms\/wp-json\/wp\/v2\/types\/post"}],"author":[{"embeddable":true,"href":"https:\/\/www.padreydecano.com\/cms\/wp-json\/wp\/v2\/users\/2"}],"replies":[{"embeddable":true,"href":"https:\/\/www.padreydecano.com\/cms\/wp-json\/wp\/v2\/comments?post=38109"}],"version-history":[{"count":0,"href":"https:\/\/www.padreydecano.com\/cms\/wp-json\/wp\/v2\/posts\/38109\/revisions"}],"wp:featuredmedia":[{"embeddable":true,"href":"https:\/\/www.padreydecano.com\/cms\/wp-json\/wp\/v2\/media\/38036"}],"wp:attachment":[{"href":"https:\/\/www.padreydecano.com\/cms\/wp-json\/wp\/v2\/media?parent=38109"}],"wp:term":[{"taxonomy":"category","embeddable":true,"href":"https:\/\/www.padreydecano.com\/cms\/wp-json\/wp\/v2\/categories?post=38109"},{"taxonomy":"post_tag","embeddable":true,"href":"https:\/\/www.padreydecano.com\/cms\/wp-json\/wp\/v2\/tags?post=38109"}],"curies":[{"name":"wp","href":"https:\/\/api.w.org\/{rel}","templated":true}]}}