{"id":37977,"date":"2013-04-11T18:13:17","date_gmt":"2013-04-11T21:13:17","guid":{"rendered":"http:\/\/www.padreydecano.com\/cms\/?p=37977"},"modified":"2013-04-11T18:16:05","modified_gmt":"2013-04-11T21:16:05","slug":"futbol-femenino-clasico-en-las-acacias","status":"publish","type":"post","link":"https:\/\/www.padreydecano.com\/cms\/otras-disciplinas\/futbol-femenino-clasico-en-las-acacias\/","title":{"rendered":"F\u00fatbol Femenino: Cl\u00e1sico en Las Acacias"},"content":{"rendered":"<div id=\"attachment_37978\" style=\"width: 250px\" class=\"wp-caption alignright\"><a href=\"https:\/\/www.padreydecano.com\/cms\/wp-content\/uploads\/2013\/04\/f\u00fatbol-femenino.jpg\" rel=\"shadowbox[sbpost-37977];player=img;\"><img loading=\"lazy\" decoding=\"async\" aria-describedby=\"caption-attachment-37978\" class=\" wp-image-37978\" alt=\"\" src=\"https:\/\/www.padreydecano.com\/cms\/wp-content\/uploads\/2013\/04\/f\u00fatbol-femenino-300x182.jpg\" width=\"240\" height=\"146\" srcset=\"https:\/\/www.padreydecano.com\/cms\/wp-content\/uploads\/2013\/04\/f\u00fatbol-femenino-300x182.jpg 300w, https:\/\/www.padreydecano.com\/cms\/wp-content\/uploads\/2013\/04\/f\u00fatbol-femenino.jpg 960w\" sizes=\"(max-width: 240px) 100vw, 240px\" \/><\/a><p id=\"caption-attachment-37978\" class=\"wp-caption-text\">Foto: Facebook Pe\u00f1arol Femenino<\/p><\/div>\n<p style=\"text-align: justify;\">Este s\u00e1bado se juega el <strong>cl\u00e1sico de Futbol Femenino<\/strong>. Pe\u00f1arol es locatario y fij\u00f3 para este partido el Estadio Cr Jose P.Damiani (<a title=\"Las Acacias\" href=\"https:\/\/www.padreydecano.com\/cms\/las-acacias\/\" target=\"_blank\">Las Acacias<\/a>). <strong>El encuentro se disputar\u00e1 a las 14:00 horas<\/strong> y corresponde a la segunda fecha del Campeonato Uruguayo de F\u00fatbol Femenino. Entrada gratuita.<\/p>\n<p style=\"text-align: justify;\">El Decano en la primera fecha\u00a0cay\u00f3 derrotado 3 a 2 ante a Cerro. Esperamos que la gente se acerque para alentar a las Carboneras que tienen enfrente este partido tan importante <strong>que siempre hay que ganar<\/strong>.<\/p>\n<p style=\"text-align: justify;\"><strong><span style=\"color: #ffcc02;\">Antecedentes<\/span><\/strong><\/p>\n<p style=\"text-align: justify;\">No va a ser el primer cl\u00e1sico que se disputa. Como relata Alfredo Etchandy en \u00abEl Cl\u00e1sico: La fiesta mayor\u00bb, el primer cl\u00e1sico de f\u00fatbol femenino se jug\u00f3 el 20 de diciembre de 1933. Como no pod\u00eda ser de otra manera lo gan\u00f3 Pe\u00f1arol, fue goleada por 4 a 1. Las 11 leones carboneras fueron Rosa L\u00f3pez, Julia Castelli, Laura Mor\u00e1n, Orfilia Acosta, Eudoxia Prat, Lila Galceroni, Carmen Galceroni, Mar\u00eda Fern\u00e1ndez, Angela Pigni, Mercedes Garrido y Paulina Gonz\u00e1lez. \u00c1ngela Pigni anot\u00f3 3 tantos y el restante fue de Mar\u00eda Fern\u00e1ndez.<\/p>\n<p style=\"text-align: justify;\"><span style=\"color: #ffcc02;\"><strong>Sub 16<\/strong><\/span><\/p>\n<p style=\"text-align: justify;\">A las 16:00 hs debutan como locales las Carboneras de la Sub-16, tambi\u00e9n como locales en Las Acacias. El rival ser\u00e1 City Park.<\/p>\n","protected":false},"excerpt":{"rendered":"<p>Este s\u00e1bado se juega el cl\u00e1sico de Futbol Femenino. Pe\u00f1arol es locatario y fij\u00f3 para este partido el Estadio Cr Jose P.Damiani (Las Acacias). El encuentro se disputar\u00e1 a las 14:00 horas y corresponde a la segunda fecha del Campeonato Uruguayo de F\u00fatbol Femenino. Entrada gratuita. El Decano en la primera fecha\u00a0cay\u00f3 derrotado 3 a [&hellip;]<\/p>\n","protected":false},"author":2,"featured_media":37978,"comment_status":"open","ping_status":"closed","sticky":false,"template":"","format":"standard","meta":{"footnotes":""},"categories":[27],"tags":[97],"yoast_head":"<!-- This site is optimized with the Yoast SEO plugin v23.2 - https:\/\/yoast.com\/wordpress\/plugins\/seo\/ -->\n<title>F\u00fatbol Femenino: Cl\u00e1sico en Las Acacias - Padre y Decano - El Sitio del Pueblo<\/title>\n<meta name=\"robots\" content=\"index, follow, max-snippet:-1, max-image-preview:large, max-video-preview:-1\" \/>\n<link rel=\"canonical\" href=\"https:\/\/www.padreydecano.com\/cms\/otras-disciplinas\/futbol-femenino-clasico-en-las-acacias\/\" \/>\n<meta property=\"og:locale\" content=\"es_ES\" \/>\n<meta property=\"og:type\" content=\"article\" \/>\n<meta property=\"og:title\" content=\"F\u00fatbol Femenino: Cl\u00e1sico en Las Acacias - Padre y Decano - El Sitio del Pueblo\" \/>\n<meta property=\"og:description\" content=\"Este s\u00e1bado se juega el cl\u00e1sico de Futbol Femenino. Pe\u00f1arol es locatario y fij\u00f3 para este partido el Estadio Cr Jose P.Damiani (Las Acacias). El encuentro se disputar\u00e1 a las 14:00 horas y corresponde a la segunda fecha del Campeonato Uruguayo de F\u00fatbol Femenino. Entrada gratuita. El Decano en la primera fecha\u00a0cay\u00f3 derrotado 3 a [&hellip;]\" \/>\n<meta property=\"og:url\" content=\"https:\/\/www.padreydecano.com\/cms\/otras-disciplinas\/futbol-femenino-clasico-en-las-acacias\/\" \/>\n<meta property=\"og:site_name\" content=\"Padre y Decano - El Sitio del Pueblo\" \/>\n<meta property=\"article:published_time\" content=\"2013-04-11T21:13:17+00:00\" \/>\n<meta property=\"article:modified_time\" content=\"2013-04-11T21:16:05+00:00\" \/>\n<meta property=\"og:image\" content=\"https:\/\/www.padreydecano.com\/cms\/wp-content\/uploads\/2013\/04\/f\u00fatbol-femenino.jpg\" \/>\n\t<meta property=\"og:image:width\" content=\"960\" \/>\n\t<meta property=\"og:image:height\" content=\"584\" \/>\n\t<meta property=\"og:image:type\" content=\"image\/jpeg\" \/>\n<meta name=\"author\" content=\"Gonzalo16\" \/>\n<meta name=\"twitter:card\" content=\"summary_large_image\" \/>\n<meta name=\"twitter:label1\" content=\"Escrito por\" \/>\n\t<meta name=\"twitter:data1\" content=\"Gonzalo16\" \/>\n\t<meta name=\"twitter:label2\" content=\"Tiempo de lectura\" \/>\n\t<meta name=\"twitter:data2\" content=\"1 minuto\" \/>\n<script type=\"application\/ld+json\" class=\"yoast-schema-graph\">{\"@context\":\"https:\/\/schema.org\",\"@graph\":[{\"@type\":\"Article\",\"@id\":\"https:\/\/www.padreydecano.com\/cms\/otras-disciplinas\/futbol-femenino-clasico-en-las-acacias\/#article\",\"isPartOf\":{\"@id\":\"https:\/\/www.padreydecano.com\/cms\/otras-disciplinas\/futbol-femenino-clasico-en-las-acacias\/\"},\"author\":{\"name\":\"Gonzalo16\",\"@id\":\"https:\/\/www.padreydecano.com\/cms\/#\/schema\/person\/7fe41e3e335700ebd387196df2f9a8d4\"},\"headline\":\"F\u00fatbol Femenino: Cl\u00e1sico en Las Acacias\",\"datePublished\":\"2013-04-11T21:13:17+00:00\",\"dateModified\":\"2013-04-11T21:16:05+00:00\",\"mainEntityOfPage\":{\"@id\":\"https:\/\/www.padreydecano.com\/cms\/otras-disciplinas\/futbol-femenino-clasico-en-las-acacias\/\"},\"wordCount\":227,\"commentCount\":12,\"publisher\":{\"@id\":\"https:\/\/www.padreydecano.com\/cms\/#organization\"},\"image\":{\"@id\":\"https:\/\/www.padreydecano.com\/cms\/otras-disciplinas\/futbol-femenino-clasico-en-las-acacias\/#primaryimage\"},\"thumbnailUrl\":\"https:\/\/www.padreydecano.com\/cms\/wp-content\/uploads\/2013\/04\/f\u00fatbol-femenino.jpg\",\"keywords\":[\"F\u00fatbol Femenino\"],\"articleSection\":[\"Otras disciplinas\"],\"inLanguage\":\"es\",\"potentialAction\":[{\"@type\":\"CommentAction\",\"name\":\"Comment\",\"target\":[\"https:\/\/www.padreydecano.com\/cms\/otras-disciplinas\/futbol-femenino-clasico-en-las-acacias\/#respond\"]}]},{\"@type\":\"WebPage\",\"@id\":\"https:\/\/www.padreydecano.com\/cms\/otras-disciplinas\/futbol-femenino-clasico-en-las-acacias\/\",\"url\":\"https:\/\/www.padreydecano.com\/cms\/otras-disciplinas\/futbol-femenino-clasico-en-las-acacias\/\",\"name\":\"F\u00fatbol Femenino: Cl\u00e1sico en Las Acacias - Padre y Decano - El Sitio del Pueblo\",\"isPartOf\":{\"@id\":\"https:\/\/www.padreydecano.com\/cms\/#website\"},\"primaryImageOfPage\":{\"@id\":\"https:\/\/www.padreydecano.com\/cms\/otras-disciplinas\/futbol-femenino-clasico-en-las-acacias\/#primaryimage\"},\"image\":{\"@id\":\"https:\/\/www.padreydecano.com\/cms\/otras-disciplinas\/futbol-femenino-clasico-en-las-acacias\/#primaryimage\"},\"thumbnailUrl\":\"https:\/\/www.padreydecano.com\/cms\/wp-content\/uploads\/2013\/04\/f\u00fatbol-femenino.jpg\",\"datePublished\":\"2013-04-11T21:13:17+00:00\",\"dateModified\":\"2013-04-11T21:16:05+00:00\",\"breadcrumb\":{\"@id\":\"https:\/\/www.padreydecano.com\/cms\/otras-disciplinas\/futbol-femenino-clasico-en-las-acacias\/#breadcrumb\"},\"inLanguage\":\"es\",\"potentialAction\":[{\"@type\":\"ReadAction\",\"target\":[\"https:\/\/www.padreydecano.com\/cms\/otras-disciplinas\/futbol-femenino-clasico-en-las-acacias\/\"]}]},{\"@type\":\"ImageObject\",\"inLanguage\":\"es\",\"@id\":\"https:\/\/www.padreydecano.com\/cms\/otras-disciplinas\/futbol-femenino-clasico-en-las-acacias\/#primaryimage\",\"url\":\"https:\/\/www.padreydecano.com\/cms\/wp-content\/uploads\/2013\/04\/f\u00fatbol-femenino.jpg\",\"contentUrl\":\"https:\/\/www.padreydecano.com\/cms\/wp-content\/uploads\/2013\/04\/f\u00fatbol-femenino.jpg\",\"width\":960,\"height\":584},{\"@type\":\"BreadcrumbList\",\"@id\":\"https:\/\/www.padreydecano.com\/cms\/otras-disciplinas\/futbol-femenino-clasico-en-las-acacias\/#breadcrumb\",\"itemListElement\":[{\"@type\":\"ListItem\",\"position\":1,\"name\":\"Portada\",\"item\":\"https:\/\/www.padreydecano.com\/cms\/\"},{\"@type\":\"ListItem\",\"position\":2,\"name\":\"F\u00fatbol Femenino: Cl\u00e1sico en Las Acacias\"}]},{\"@type\":\"WebSite\",\"@id\":\"https:\/\/www.padreydecano.com\/cms\/#website\",\"url\":\"https:\/\/www.padreydecano.com\/cms\/\",\"name\":\"Padre y Decano - El Sitio del Pueblo\",\"description\":\"Club Atl\u00e9tico Pe\u00f1arol\",\"publisher\":{\"@id\":\"https:\/\/www.padreydecano.com\/cms\/#organization\"},\"potentialAction\":[{\"@type\":\"SearchAction\",\"target\":{\"@type\":\"EntryPoint\",\"urlTemplate\":\"https:\/\/www.padreydecano.com\/cms\/?s={search_term_string}\"},\"query-input\":\"required name=search_term_string\"}],\"inLanguage\":\"es\"},{\"@type\":\"Organization\",\"@id\":\"https:\/\/www.padreydecano.com\/cms\/#organization\",\"name\":\"Padre y Decano\",\"url\":\"https:\/\/www.padreydecano.com\/cms\/\",\"logo\":{\"@type\":\"ImageObject\",\"inLanguage\":\"es\",\"@id\":\"https:\/\/www.padreydecano.com\/cms\/#\/schema\/logo\/image\/\",\"url\":\"https:\/\/www.padreydecano.com\/cms\/wp-content\/uploads\/2022\/01\/avatar-square.png\",\"contentUrl\":\"https:\/\/www.padreydecano.com\/cms\/wp-content\/uploads\/2022\/01\/avatar-square.png\",\"width\":1500,\"height\":1500,\"caption\":\"Padre y Decano\"},\"image\":{\"@id\":\"https:\/\/www.padreydecano.com\/cms\/#\/schema\/logo\/image\/\"}},{\"@type\":\"Person\",\"@id\":\"https:\/\/www.padreydecano.com\/cms\/#\/schema\/person\/7fe41e3e335700ebd387196df2f9a8d4\",\"name\":\"Gonzalo16\",\"image\":{\"@type\":\"ImageObject\",\"inLanguage\":\"es\",\"@id\":\"https:\/\/www.padreydecano.com\/cms\/#\/schema\/person\/image\/\",\"url\":\"https:\/\/secure.gravatar.com\/avatar\/4d5cdd49803a2313c01f77e3dfc05d81?s=96&d=https%3A%2F%2Fpadreydecano.com%2Fcms%2Fwp-content%2Fthemes%2Fpyd-theme%2Fimg%2Fdefault-avatar.png&r=g\",\"contentUrl\":\"https:\/\/secure.gravatar.com\/avatar\/4d5cdd49803a2313c01f77e3dfc05d81?s=96&d=https%3A%2F%2Fpadreydecano.com%2Fcms%2Fwp-content%2Fthemes%2Fpyd-theme%2Fimg%2Fdefault-avatar.png&r=g\",\"caption\":\"Gonzalo16\"}}]}<\/script>\n<!-- \/ Yoast SEO plugin. -->","yoast_head_json":{"title":"F\u00fatbol Femenino: Cl\u00e1sico en Las Acacias - Padre y Decano - El Sitio del Pueblo","robots":{"index":"index","follow":"follow","max-snippet":"max-snippet:-1","max-image-preview":"max-image-preview:large","max-video-preview":"max-video-preview:-1"},"canonical":"https:\/\/www.padreydecano.com\/cms\/otras-disciplinas\/futbol-femenino-clasico-en-las-acacias\/","og_locale":"es_ES","og_type":"article","og_title":"F\u00fatbol Femenino: Cl\u00e1sico en Las Acacias - Padre y Decano - El Sitio del Pueblo","og_description":"Este s\u00e1bado se juega el cl\u00e1sico de Futbol Femenino. Pe\u00f1arol es locatario y fij\u00f3 para este partido el Estadio Cr Jose P.Damiani (Las Acacias). El encuentro se disputar\u00e1 a las 14:00 horas y corresponde a la segunda fecha del Campeonato Uruguayo de F\u00fatbol Femenino. Entrada gratuita. El Decano en la primera fecha\u00a0cay\u00f3 derrotado 3 a [&hellip;]","og_url":"https:\/\/www.padreydecano.com\/cms\/otras-disciplinas\/futbol-femenino-clasico-en-las-acacias\/","og_site_name":"Padre y Decano - El Sitio del Pueblo","article_published_time":"2013-04-11T21:13:17+00:00","article_modified_time":"2013-04-11T21:16:05+00:00","og_image":[{"width":960,"height":584,"url":"https:\/\/www.padreydecano.com\/cms\/wp-content\/uploads\/2013\/04\/f\u00fatbol-femenino.jpg","type":"image\/jpeg"}],"author":"Gonzalo16","twitter_card":"summary_large_image","twitter_misc":{"Escrito por":"Gonzalo16","Tiempo de lectura":"1 minuto"},"schema":{"@context":"https:\/\/schema.org","@graph":[{"@type":"Article","@id":"https:\/\/www.padreydecano.com\/cms\/otras-disciplinas\/futbol-femenino-clasico-en-las-acacias\/#article","isPartOf":{"@id":"https:\/\/www.padreydecano.com\/cms\/otras-disciplinas\/futbol-femenino-clasico-en-las-acacias\/"},"author":{"name":"Gonzalo16","@id":"https:\/\/www.padreydecano.com\/cms\/#\/schema\/person\/7fe41e3e335700ebd387196df2f9a8d4"},"headline":"F\u00fatbol Femenino: Cl\u00e1sico en Las Acacias","datePublished":"2013-04-11T21:13:17+00:00","dateModified":"2013-04-11T21:16:05+00:00","mainEntityOfPage":{"@id":"https:\/\/www.padreydecano.com\/cms\/otras-disciplinas\/futbol-femenino-clasico-en-las-acacias\/"},"wordCount":227,"commentCount":12,"publisher":{"@id":"https:\/\/www.padreydecano.com\/cms\/#organization"},"image":{"@id":"https:\/\/www.padreydecano.com\/cms\/otras-disciplinas\/futbol-femenino-clasico-en-las-acacias\/#primaryimage"},"thumbnailUrl":"https:\/\/www.padreydecano.com\/cms\/wp-content\/uploads\/2013\/04\/f\u00fatbol-femenino.jpg","keywords":["F\u00fatbol Femenino"],"articleSection":["Otras disciplinas"],"inLanguage":"es","potentialAction":[{"@type":"CommentAction","name":"Comment","target":["https:\/\/www.padreydecano.com\/cms\/otras-disciplinas\/futbol-femenino-clasico-en-las-acacias\/#respond"]}]},{"@type":"WebPage","@id":"https:\/\/www.padreydecano.com\/cms\/otras-disciplinas\/futbol-femenino-clasico-en-las-acacias\/","url":"https:\/\/www.padreydecano.com\/cms\/otras-disciplinas\/futbol-femenino-clasico-en-las-acacias\/","name":"F\u00fatbol Femenino: Cl\u00e1sico en Las Acacias - Padre y Decano - El Sitio del Pueblo","isPartOf":{"@id":"https:\/\/www.padreydecano.com\/cms\/#website"},"primaryImageOfPage":{"@id":"https:\/\/www.padreydecano.com\/cms\/otras-disciplinas\/futbol-femenino-clasico-en-las-acacias\/#primaryimage"},"image":{"@id":"https:\/\/www.padreydecano.com\/cms\/otras-disciplinas\/futbol-femenino-clasico-en-las-acacias\/#primaryimage"},"thumbnailUrl":"https:\/\/www.padreydecano.com\/cms\/wp-content\/uploads\/2013\/04\/f\u00fatbol-femenino.jpg","datePublished":"2013-04-11T21:13:17+00:00","dateModified":"2013-04-11T21:16:05+00:00","breadcrumb":{"@id":"https:\/\/www.padreydecano.com\/cms\/otras-disciplinas\/futbol-femenino-clasico-en-las-acacias\/#breadcrumb"},"inLanguage":"es","potentialAction":[{"@type":"ReadAction","target":["https:\/\/www.padreydecano.com\/cms\/otras-disciplinas\/futbol-femenino-clasico-en-las-acacias\/"]}]},{"@type":"ImageObject","inLanguage":"es","@id":"https:\/\/www.padreydecano.com\/cms\/otras-disciplinas\/futbol-femenino-clasico-en-las-acacias\/#primaryimage","url":"https:\/\/www.padreydecano.com\/cms\/wp-content\/uploads\/2013\/04\/f\u00fatbol-femenino.jpg","contentUrl":"https:\/\/www.padreydecano.com\/cms\/wp-content\/uploads\/2013\/04\/f\u00fatbol-femenino.jpg","width":960,"height":584},{"@type":"BreadcrumbList","@id":"https:\/\/www.padreydecano.com\/cms\/otras-disciplinas\/futbol-femenino-clasico-en-las-acacias\/#breadcrumb","itemListElement":[{"@type":"ListItem","position":1,"name":"Portada","item":"https:\/\/www.padreydecano.com\/cms\/"},{"@type":"ListItem","position":2,"name":"F\u00fatbol Femenino: Cl\u00e1sico en Las Acacias"}]},{"@type":"WebSite","@id":"https:\/\/www.padreydecano.com\/cms\/#website","url":"https:\/\/www.padreydecano.com\/cms\/","name":"Padre y Decano - El Sitio del Pueblo","description":"Club Atl\u00e9tico Pe\u00f1arol","publisher":{"@id":"https:\/\/www.padreydecano.com\/cms\/#organization"},"potentialAction":[{"@type":"SearchAction","target":{"@type":"EntryPoint","urlTemplate":"https:\/\/www.padreydecano.com\/cms\/?s={search_term_string}"},"query-input":"required name=search_term_string"}],"inLanguage":"es"},{"@type":"Organization","@id":"https:\/\/www.padreydecano.com\/cms\/#organization","name":"Padre y Decano","url":"https:\/\/www.padreydecano.com\/cms\/","logo":{"@type":"ImageObject","inLanguage":"es","@id":"https:\/\/www.padreydecano.com\/cms\/#\/schema\/logo\/image\/","url":"https:\/\/www.padreydecano.com\/cms\/wp-content\/uploads\/2022\/01\/avatar-square.png","contentUrl":"https:\/\/www.padreydecano.com\/cms\/wp-content\/uploads\/2022\/01\/avatar-square.png","width":1500,"height":1500,"caption":"Padre y Decano"},"image":{"@id":"https:\/\/www.padreydecano.com\/cms\/#\/schema\/logo\/image\/"}},{"@type":"Person","@id":"https:\/\/www.padreydecano.com\/cms\/#\/schema\/person\/7fe41e3e335700ebd387196df2f9a8d4","name":"Gonzalo16","image":{"@type":"ImageObject","inLanguage":"es","@id":"https:\/\/www.padreydecano.com\/cms\/#\/schema\/person\/image\/","url":"https:\/\/secure.gravatar.com\/avatar\/4d5cdd49803a2313c01f77e3dfc05d81?s=96&d=https%3A%2F%2Fpadreydecano.com%2Fcms%2Fwp-content%2Fthemes%2Fpyd-theme%2Fimg%2Fdefault-avatar.png&r=g","contentUrl":"https:\/\/secure.gravatar.com\/avatar\/4d5cdd49803a2313c01f77e3dfc05d81?s=96&d=https%3A%2F%2Fpadreydecano.com%2Fcms%2Fwp-content%2Fthemes%2Fpyd-theme%2Fimg%2Fdefault-avatar.png&r=g","caption":"Gonzalo16"}}]}},"_links":{"self":[{"href":"https:\/\/www.padreydecano.com\/cms\/wp-json\/wp\/v2\/posts\/37977"}],"collection":[{"href":"https:\/\/www.padreydecano.com\/cms\/wp-json\/wp\/v2\/posts"}],"about":[{"href":"https:\/\/www.padreydecano.com\/cms\/wp-json\/wp\/v2\/types\/post"}],"author":[{"embeddable":true,"href":"https:\/\/www.padreydecano.com\/cms\/wp-json\/wp\/v2\/users\/2"}],"replies":[{"embeddable":true,"href":"https:\/\/www.padreydecano.com\/cms\/wp-json\/wp\/v2\/comments?post=37977"}],"version-history":[{"count":0,"href":"https:\/\/www.padreydecano.com\/cms\/wp-json\/wp\/v2\/posts\/37977\/revisions"}],"wp:featuredmedia":[{"embeddable":true,"href":"https:\/\/www.padreydecano.com\/cms\/wp-json\/wp\/v2\/media\/37978"}],"wp:attachment":[{"href":"https:\/\/www.padreydecano.com\/cms\/wp-json\/wp\/v2\/media?parent=37977"}],"wp:term":[{"taxonomy":"category","embeddable":true,"href":"https:\/\/www.padreydecano.com\/cms\/wp-json\/wp\/v2\/categories?post=37977"},{"taxonomy":"post_tag","embeddable":true,"href":"https:\/\/www.padreydecano.com\/cms\/wp-json\/wp\/v2\/tags?post=37977"}],"curies":[{"name":"wp","href":"https:\/\/api.w.org\/{rel}","templated":true}]}}