{"id":37855,"date":"2013-04-09T22:33:11","date_gmt":"2013-04-10T01:33:11","guid":{"rendered":"http:\/\/www.padreydecano.com\/cms\/?p=37855"},"modified":"2013-04-13T18:30:52","modified_gmt":"2013-04-13T21:30:52","slug":"la-eliminacion-guionada","status":"publish","type":"post","link":"https:\/\/www.padreydecano.com\/cms\/partidos\/la-eliminacion-guionada\/","title":{"rendered":"La eliminaci\u00f3n guionada"},"content":{"rendered":"<p style=\"text-align: justify;\"><a href=\"https:\/\/www.padreydecano.com\/cms\/wp-content\/uploads\/2013\/04\/pe\u00f1arol-iquique005.jpg\" rel=\"shadowbox[sbpost-37855];player=img;\"><img loading=\"lazy\" decoding=\"async\" class=\"alignright  wp-image-37871\" alt=\"pe\u00f1arol-iquique005\" src=\"https:\/\/www.padreydecano.com\/cms\/wp-content\/uploads\/2013\/04\/pe\u00f1arol-iquique005-300x199.jpg\" width=\"240\" height=\"159\" srcset=\"https:\/\/www.padreydecano.com\/cms\/wp-content\/uploads\/2013\/04\/pe\u00f1arol-iquique005-300x199.jpg 300w, https:\/\/www.padreydecano.com\/cms\/wp-content\/uploads\/2013\/04\/pe\u00f1arol-iquique005.jpg 800w\" sizes=\"(max-width: 240px) 100vw, 240px\" \/><\/a><strong>Pe\u00f1arol derrot\u00f3 3 a 0 a Iquique y cumpli\u00f3 su parte. Sin embargo, y como era previsible, V\u00e9lez y Emelec no se sacaron diferencias y el empate nos elimin\u00f3. De todas formas, la clasificaci\u00f3n no se perdi\u00f3 hoy sino en las derrotas <a title=\"Perdimos el que no hab\u00eda que perder\" href=\"https:\/\/www.padreydecano.com\/cms\/partidos\/perdimos-el-que-no-habia-que-perder\/\" target=\"_blank\">ante V\u00e9lez<\/a> y <a title=\"Hipotecamos seriamente nuestras chances\" href=\"https:\/\/www.padreydecano.com\/cms\/partidos\/hipotecamos-seriamente-nuestras-chances\/\" target=\"_blank\">Emelec<\/a>, pero lo que se especulaba en la previa finalmente sucedi\u00f3. Ahora el equipo se tiene que mentalizar 200% en el Campeonato Uruguayo y superar an\u00edmicamente la eliminaci\u00f3n. Marcel Novick y Carlos Valdez tuvieron un gran partido. <a title=\"Fotos vs Iquique (Libertadores 2013)\" href=\"https:\/\/www.padreydecano.com\/cms\/partido-a-partido\/fotos-vs-iquique-libertadores-2013\/\" target=\"_blank\">(Ver fotos)<\/a><\/strong><\/p>\n<p style=\"text-align: justify;\">El aurinegro sali\u00f3 desde el primer minuto a llevarse por delante al d\u00e9bil conjunto chileno. Antes de los 10 minutos tuvo dos corridas en profundidad de sus delanteros que fueron derribados cerca del \u00e1rea. Pe\u00f1arol no tuvo un ejecutante definido y claro de pelotas quietas, y no pudimos aprovechar. Iquique se dedic\u00f3 a pegar y cortar el juego sistem\u00e1ticamente en el arranque. Antes de los 15 minutos ya ten\u00eda 3 tarjetas amarillas y pudo haber recibido alguna m\u00e1s.<\/p>\n<p style=\"text-align: justify;\">Pe\u00f1arol intent\u00f3 con un remate desviado de Gallegos y con un cabezazo de Zalayeta. Buscaba por todos lados pero no parec\u00eda encontrar la apertura del marcador. Iquique inquiet\u00f3 con un\u00a0 par de remates de afuera del \u00e1rea, uno de los cuales fue bastante peligroso.<\/p>\n<p style=\"text-align: justify;\"><a href=\"https:\/\/www.padreydecano.com\/cms\/wp-content\/uploads\/2013\/04\/pe\u00f1arol-iquique003.jpg\" rel=\"shadowbox[sbpost-37855];player=img;\"><img loading=\"lazy\" decoding=\"async\" class=\"alignleft  wp-image-37869\" alt=\"pe\u00f1arol-iquique003\" src=\"https:\/\/www.padreydecano.com\/cms\/wp-content\/uploads\/2013\/04\/pe\u00f1arol-iquique003-300x199.jpg\" width=\"240\" height=\"159\" srcset=\"https:\/\/www.padreydecano.com\/cms\/wp-content\/uploads\/2013\/04\/pe\u00f1arol-iquique003-300x199.jpg 300w, https:\/\/www.padreydecano.com\/cms\/wp-content\/uploads\/2013\/04\/pe\u00f1arol-iquique003.jpg 800w\" sizes=\"(max-width: 240px) 100vw, 240px\" \/><\/a>A falta de 6 minutos para terminar el primer tiempo, Gallegos remat\u00f3 un tiro libre que se desvi\u00f3 en Zalayeta y desacomodo al arquero de Iquique. Pe\u00f1arol ganaba 1 a 0 pero ten\u00eda que hacer dos goles m\u00e1s para esperar m\u00e1s tranquilo el resultado en Argentina. Debi\u00f3 haber ganado por m\u00e1s diferencia la primera parte.<\/p>\n<p style=\"text-align: justify;\">En el complemento, Zalayeta habilit\u00f3 a Olivera y \u00e9ste fusil\u00f3 al arquero Naranjo sacando la pelota al corner. A partir de ese momento Pe\u00f1arol comenz\u00f3 a bajar su ritmo e Iquique se anim\u00f3. Zalayeta perdi\u00f3 un par de pelotas importantes y Aguirregaray, si bien se proyectaba con peligro por derecha, erraba en el \u00faltimo toque.<\/p>\n<p style=\"text-align: justify;\"><a href=\"https:\/\/www.padreydecano.com\/cms\/wp-content\/uploads\/2013\/04\/pe\u00f1arol-iquique004.jpg\" rel=\"shadowbox[sbpost-37855];player=img;\"><img loading=\"lazy\" decoding=\"async\" class=\"alignright  wp-image-37870\" alt=\"pe\u00f1arol-iquique004\" src=\"https:\/\/www.padreydecano.com\/cms\/wp-content\/uploads\/2013\/04\/pe\u00f1arol-iquique004-300x199.jpg\" width=\"240\" height=\"159\" srcset=\"https:\/\/www.padreydecano.com\/cms\/wp-content\/uploads\/2013\/04\/pe\u00f1arol-iquique004-300x199.jpg 300w, https:\/\/www.padreydecano.com\/cms\/wp-content\/uploads\/2013\/04\/pe\u00f1arol-iquique004.jpg 800w\" sizes=\"(max-width: 240px) 100vw, 240px\" \/><\/a>El partido ped\u00eda el ingreso de un jugador que manejara la pelota y de un delantero r\u00e1pido, por lo que acertadamente Da Silva puso en cancha a Pacheco primero y luego a Carlos N\u00fa\u00f1ez. El joven y r\u00e1pido delantero desbord\u00f3 por el sector de Ol\u00edmpica y Colombes y habilit\u00f3 a Marcelo Zalayeta para que aumentara diferencias. No hab\u00eda tiempo para festejar y pelota al medio en busca del tercero que lleg\u00f3 cuando Aguirregaray captur\u00f3 un rebote de Naranja y anot\u00f3 el 3 a 0.<\/p>\n<p style=\"text-align: justify;\">Desde ese instante la atenci\u00f3n se traslad\u00f3 a Buenos Aires donde V\u00e9lez y Emelec empataban 0 a 0. Sobre el final, Rescaldani tuvo el triunfo velezano pero Nasuti la sac\u00f3 en la l\u00ednea y de esa forma evit\u00f3 la eliminaci\u00f3n de su equipo y la clasificaci\u00f3n nuestra. Seg\u00fan los comentarios radiales, se da\u00f1aron muy poco durante el partido y reci\u00e9n en el final los argentinos parecieron querer ganar. De todas formas hay que reiterar que la clasificaci\u00f3n no se perdi\u00f3 hoy.<\/p>\n<p style=\"text-align: center;\"><a href=\"https:\/\/www.padreydecano.com\/cms\/wp-content\/uploads\/2013\/04\/pe\u00f1arol-iquique001.jpg\" rel=\"shadowbox[sbpost-37855];player=img;\"><img loading=\"lazy\" decoding=\"async\" class=\"aligncenter  wp-image-37867\" alt=\"pe\u00f1arol-iquique001\" src=\"https:\/\/www.padreydecano.com\/cms\/wp-content\/uploads\/2013\/04\/pe\u00f1arol-iquique001.jpg\" width=\"512\" height=\"341\" srcset=\"https:\/\/www.padreydecano.com\/cms\/wp-content\/uploads\/2013\/04\/pe\u00f1arol-iquique001.jpg 800w, https:\/\/www.padreydecano.com\/cms\/wp-content\/uploads\/2013\/04\/pe\u00f1arol-iquique001-300x199.jpg 300w\" sizes=\"(max-width: 512px) 100vw, 512px\" \/><\/a><\/p>\n<p style=\"text-align: justify;\"><strong><span style=\"color: #ffcc02;\">Ficha del partido<\/span><\/strong><\/p>\n<p><strong><span style=\"font-size: 13px;\">Pe\u00f1arol 3 &#8211; Deportes Iquique 0<\/span><\/strong><\/p>\n<p style=\"text-align: justify;\"><strong>Estadio\u00a0Centenario<\/strong><\/p>\n<p style=\"text-align: justify;\"><b>\u00c1rbitro<\/b>: Julio Quintana.\u00a0<b>Asistentes<\/b>: Dar\u00edo Gaona y Eduardo Cardozo<\/p>\n<p style=\"text-align: justify;\"><b>Pe\u00f1arol<\/b>: \u00a0Enrique Bologna; Mat\u00edas Aguirregaray, Carlos Vald\u00e9z, Alejandro Gonz\u00e1lez, Nicol\u00e1s Raguso; Marcel Novick, Sebasti\u00e1n Crist\u00f3foro(61\u00b4Antonio Pacheco), Sebasti\u00e1n Gallegos(66\u00b4Carlos N\u00fa\u00f1ez), Jorge Zambrana; Juan Manuel Olivera y Marcelo Zalayeta(78\u00b4Ignacio Nicolini)\u00a0<b>DT<\/b>: Jorge Da Silva.<\/p>\n<p style=\"text-align: justify;\"><b>Deportes Iquique<\/b>: Rodrigo Naranjo; Federico Le\u00f3n, Juan Fern\u00e1ndez, Rodrigo Brito, Nicol\u00e1s Ort\u00edz: Fernando Manr\u00edquez, Victor Sarabia( 84\u00b4 Misael D\u00e1vila), Rodrigo Gaete(81\u00b4\u00c1lvaro Delgado), Rodrigo D\u00edaz, Sebasti\u00e1n Ereros(61\u00b4Leonardo Monje) y Cristian Bogado.\u00a0<b>DT:<\/b>\u00a0\u00a0Jaime Vera.<\/p>\n<p style=\"text-align: justify;\"><b>Goles:<\/b>\u00a039\u00b4y 74\u00b4 Marcelo Zalayeta (P), 76\u00b4Mat\u00edas Aguirregaray<\/p>\n<p style=\"text-align: justify;\"><strong>As\u00ed qued\u00f3 el Grupo 4:<\/strong>\u00a0V\u00e9lez 13 (clasificado), Emelec 10 (clasificado), Pe\u00f1arol 9 (eliminado) e Iquique 3 (eliminado).<\/p>\n","protected":false},"excerpt":{"rendered":"<p>Pe\u00f1arol derrot\u00f3 3 a 0 a Iquique y cumpli\u00f3 su parte. Sin embargo, y como era previsible, V\u00e9lez y Emelec no se sacaron diferencias y el empate nos elimin\u00f3. De todas formas, la clasificaci\u00f3n no se perdi\u00f3 hoy sino en las derrotas ante V\u00e9lez y Emelec, pero lo que se especulaba en la previa finalmente [&hellip;]<\/p>\n","protected":false},"author":13,"featured_media":37861,"comment_status":"open","ping_status":"closed","sticky":false,"template":"","format":"standard","meta":{"footnotes":""},"categories":[13],"tags":[134],"yoast_head":"<!-- This site is optimized with the Yoast SEO plugin v23.2 - https:\/\/yoast.com\/wordpress\/plugins\/seo\/ -->\n<title>La eliminaci\u00f3n guionada - Padre y Decano - El Sitio del Pueblo<\/title>\n<meta name=\"robots\" content=\"index, follow, max-snippet:-1, max-image-preview:large, max-video-preview:-1\" \/>\n<link rel=\"canonical\" href=\"https:\/\/www.padreydecano.com\/cms\/partidos\/la-eliminacion-guionada\/\" \/>\n<meta property=\"og:locale\" content=\"es_ES\" \/>\n<meta property=\"og:type\" content=\"article\" \/>\n<meta property=\"og:title\" content=\"La eliminaci\u00f3n guionada - Padre y Decano - El Sitio del Pueblo\" \/>\n<meta property=\"og:description\" content=\"Pe\u00f1arol derrot\u00f3 3 a 0 a Iquique y cumpli\u00f3 su parte. Sin embargo, y como era previsible, V\u00e9lez y Emelec no se sacaron diferencias y el empate nos elimin\u00f3. De todas formas, la clasificaci\u00f3n no se perdi\u00f3 hoy sino en las derrotas ante V\u00e9lez y Emelec, pero lo que se especulaba en la previa finalmente [&hellip;]\" \/>\n<meta property=\"og:url\" content=\"https:\/\/www.padreydecano.com\/cms\/partidos\/la-eliminacion-guionada\/\" \/>\n<meta property=\"og:site_name\" content=\"Padre y Decano - El Sitio del Pueblo\" \/>\n<meta property=\"article:published_time\" content=\"2013-04-10T01:33:11+00:00\" \/>\n<meta property=\"article:modified_time\" content=\"2013-04-13T21:30:52+00:00\" \/>\n<meta property=\"og:image\" content=\"https:\/\/www.padreydecano.com\/cms\/wp-content\/uploads\/2013\/04\/slider1.jpg\" \/>\n\t<meta property=\"og:image:width\" content=\"640\" \/>\n\t<meta property=\"og:image:height\" content=\"250\" \/>\n\t<meta property=\"og:image:type\" content=\"image\/jpeg\" \/>\n<meta name=\"author\" content=\"Moderador\" \/>\n<meta name=\"twitter:card\" content=\"summary_large_image\" \/>\n<meta name=\"twitter:label1\" content=\"Escrito por\" \/>\n\t<meta name=\"twitter:data1\" content=\"Moderador\" \/>\n\t<meta name=\"twitter:label2\" content=\"Tiempo de lectura\" \/>\n\t<meta name=\"twitter:data2\" content=\"3 minutos\" \/>\n<script type=\"application\/ld+json\" class=\"yoast-schema-graph\">{\"@context\":\"https:\/\/schema.org\",\"@graph\":[{\"@type\":\"Article\",\"@id\":\"https:\/\/www.padreydecano.com\/cms\/partidos\/la-eliminacion-guionada\/#article\",\"isPartOf\":{\"@id\":\"https:\/\/www.padreydecano.com\/cms\/partidos\/la-eliminacion-guionada\/\"},\"author\":{\"name\":\"Moderador\",\"@id\":\"https:\/\/www.padreydecano.com\/cms\/#\/schema\/person\/d93e9e537230ae052c194251d9a1def2\"},\"headline\":\"La eliminaci\u00f3n guionada\",\"datePublished\":\"2013-04-10T01:33:11+00:00\",\"dateModified\":\"2013-04-13T21:30:52+00:00\",\"mainEntityOfPage\":{\"@id\":\"https:\/\/www.padreydecano.com\/cms\/partidos\/la-eliminacion-guionada\/\"},\"wordCount\":635,\"commentCount\":47,\"publisher\":{\"@id\":\"https:\/\/www.padreydecano.com\/cms\/#organization\"},\"image\":{\"@id\":\"https:\/\/www.padreydecano.com\/cms\/partidos\/la-eliminacion-guionada\/#primaryimage\"},\"thumbnailUrl\":\"https:\/\/www.padreydecano.com\/cms\/wp-content\/uploads\/2013\/04\/slider1.jpg\",\"keywords\":[\"Copa Libertadores 2013\"],\"articleSection\":[\"Partidos\"],\"inLanguage\":\"es\",\"potentialAction\":[{\"@type\":\"CommentAction\",\"name\":\"Comment\",\"target\":[\"https:\/\/www.padreydecano.com\/cms\/partidos\/la-eliminacion-guionada\/#respond\"]}]},{\"@type\":\"WebPage\",\"@id\":\"https:\/\/www.padreydecano.com\/cms\/partidos\/la-eliminacion-guionada\/\",\"url\":\"https:\/\/www.padreydecano.com\/cms\/partidos\/la-eliminacion-guionada\/\",\"name\":\"La eliminaci\u00f3n guionada - Padre y Decano - El Sitio del Pueblo\",\"isPartOf\":{\"@id\":\"https:\/\/www.padreydecano.com\/cms\/#website\"},\"primaryImageOfPage\":{\"@id\":\"https:\/\/www.padreydecano.com\/cms\/partidos\/la-eliminacion-guionada\/#primaryimage\"},\"image\":{\"@id\":\"https:\/\/www.padreydecano.com\/cms\/partidos\/la-eliminacion-guionada\/#primaryimage\"},\"thumbnailUrl\":\"https:\/\/www.padreydecano.com\/cms\/wp-content\/uploads\/2013\/04\/slider1.jpg\",\"datePublished\":\"2013-04-10T01:33:11+00:00\",\"dateModified\":\"2013-04-13T21:30:52+00:00\",\"breadcrumb\":{\"@id\":\"https:\/\/www.padreydecano.com\/cms\/partidos\/la-eliminacion-guionada\/#breadcrumb\"},\"inLanguage\":\"es\",\"potentialAction\":[{\"@type\":\"ReadAction\",\"target\":[\"https:\/\/www.padreydecano.com\/cms\/partidos\/la-eliminacion-guionada\/\"]}]},{\"@type\":\"ImageObject\",\"inLanguage\":\"es\",\"@id\":\"https:\/\/www.padreydecano.com\/cms\/partidos\/la-eliminacion-guionada\/#primaryimage\",\"url\":\"https:\/\/www.padreydecano.com\/cms\/wp-content\/uploads\/2013\/04\/slider1.jpg\",\"contentUrl\":\"https:\/\/www.padreydecano.com\/cms\/wp-content\/uploads\/2013\/04\/slider1.jpg\",\"width\":640,\"height\":250},{\"@type\":\"BreadcrumbList\",\"@id\":\"https:\/\/www.padreydecano.com\/cms\/partidos\/la-eliminacion-guionada\/#breadcrumb\",\"itemListElement\":[{\"@type\":\"ListItem\",\"position\":1,\"name\":\"Portada\",\"item\":\"https:\/\/www.padreydecano.com\/cms\/\"},{\"@type\":\"ListItem\",\"position\":2,\"name\":\"La eliminaci\u00f3n guionada\"}]},{\"@type\":\"WebSite\",\"@id\":\"https:\/\/www.padreydecano.com\/cms\/#website\",\"url\":\"https:\/\/www.padreydecano.com\/cms\/\",\"name\":\"Padre y Decano - El Sitio del Pueblo\",\"description\":\"Club Atl\u00e9tico Pe\u00f1arol\",\"publisher\":{\"@id\":\"https:\/\/www.padreydecano.com\/cms\/#organization\"},\"potentialAction\":[{\"@type\":\"SearchAction\",\"target\":{\"@type\":\"EntryPoint\",\"urlTemplate\":\"https:\/\/www.padreydecano.com\/cms\/?s={search_term_string}\"},\"query-input\":\"required name=search_term_string\"}],\"inLanguage\":\"es\"},{\"@type\":\"Organization\",\"@id\":\"https:\/\/www.padreydecano.com\/cms\/#organization\",\"name\":\"Padre y Decano\",\"url\":\"https:\/\/www.padreydecano.com\/cms\/\",\"logo\":{\"@type\":\"ImageObject\",\"inLanguage\":\"es\",\"@id\":\"https:\/\/www.padreydecano.com\/cms\/#\/schema\/logo\/image\/\",\"url\":\"https:\/\/www.padreydecano.com\/cms\/wp-content\/uploads\/2022\/01\/avatar-square.png\",\"contentUrl\":\"https:\/\/www.padreydecano.com\/cms\/wp-content\/uploads\/2022\/01\/avatar-square.png\",\"width\":1500,\"height\":1500,\"caption\":\"Padre y Decano\"},\"image\":{\"@id\":\"https:\/\/www.padreydecano.com\/cms\/#\/schema\/logo\/image\/\"}},{\"@type\":\"Person\",\"@id\":\"https:\/\/www.padreydecano.com\/cms\/#\/schema\/person\/d93e9e537230ae052c194251d9a1def2\",\"name\":\"Moderador\",\"image\":{\"@type\":\"ImageObject\",\"inLanguage\":\"es\",\"@id\":\"https:\/\/www.padreydecano.com\/cms\/#\/schema\/person\/image\/\",\"url\":\"https:\/\/secure.gravatar.com\/avatar\/2587727bf8a53bd3da4ec49f01bea66e?s=96&d=https%3A%2F%2Fpadreydecano.com%2Fcms%2Fwp-content%2Fthemes%2Fpyd-theme%2Fimg%2Fdefault-avatar.png&r=g\",\"contentUrl\":\"https:\/\/secure.gravatar.com\/avatar\/2587727bf8a53bd3da4ec49f01bea66e?s=96&d=https%3A%2F%2Fpadreydecano.com%2Fcms%2Fwp-content%2Fthemes%2Fpyd-theme%2Fimg%2Fdefault-avatar.png&r=g\",\"caption\":\"Moderador\"}}]}<\/script>\n<!-- \/ Yoast SEO plugin. -->","yoast_head_json":{"title":"La eliminaci\u00f3n guionada - Padre y Decano - El Sitio del Pueblo","robots":{"index":"index","follow":"follow","max-snippet":"max-snippet:-1","max-image-preview":"max-image-preview:large","max-video-preview":"max-video-preview:-1"},"canonical":"https:\/\/www.padreydecano.com\/cms\/partidos\/la-eliminacion-guionada\/","og_locale":"es_ES","og_type":"article","og_title":"La eliminaci\u00f3n guionada - Padre y Decano - El Sitio del Pueblo","og_description":"Pe\u00f1arol derrot\u00f3 3 a 0 a Iquique y cumpli\u00f3 su parte. Sin embargo, y como era previsible, V\u00e9lez y Emelec no se sacaron diferencias y el empate nos elimin\u00f3. De todas formas, la clasificaci\u00f3n no se perdi\u00f3 hoy sino en las derrotas ante V\u00e9lez y Emelec, pero lo que se especulaba en la previa finalmente [&hellip;]","og_url":"https:\/\/www.padreydecano.com\/cms\/partidos\/la-eliminacion-guionada\/","og_site_name":"Padre y Decano - El Sitio del Pueblo","article_published_time":"2013-04-10T01:33:11+00:00","article_modified_time":"2013-04-13T21:30:52+00:00","og_image":[{"width":640,"height":250,"url":"https:\/\/www.padreydecano.com\/cms\/wp-content\/uploads\/2013\/04\/slider1.jpg","type":"image\/jpeg"}],"author":"Moderador","twitter_card":"summary_large_image","twitter_misc":{"Escrito por":"Moderador","Tiempo de lectura":"3 minutos"},"schema":{"@context":"https:\/\/schema.org","@graph":[{"@type":"Article","@id":"https:\/\/www.padreydecano.com\/cms\/partidos\/la-eliminacion-guionada\/#article","isPartOf":{"@id":"https:\/\/www.padreydecano.com\/cms\/partidos\/la-eliminacion-guionada\/"},"author":{"name":"Moderador","@id":"https:\/\/www.padreydecano.com\/cms\/#\/schema\/person\/d93e9e537230ae052c194251d9a1def2"},"headline":"La eliminaci\u00f3n guionada","datePublished":"2013-04-10T01:33:11+00:00","dateModified":"2013-04-13T21:30:52+00:00","mainEntityOfPage":{"@id":"https:\/\/www.padreydecano.com\/cms\/partidos\/la-eliminacion-guionada\/"},"wordCount":635,"commentCount":47,"publisher":{"@id":"https:\/\/www.padreydecano.com\/cms\/#organization"},"image":{"@id":"https:\/\/www.padreydecano.com\/cms\/partidos\/la-eliminacion-guionada\/#primaryimage"},"thumbnailUrl":"https:\/\/www.padreydecano.com\/cms\/wp-content\/uploads\/2013\/04\/slider1.jpg","keywords":["Copa Libertadores 2013"],"articleSection":["Partidos"],"inLanguage":"es","potentialAction":[{"@type":"CommentAction","name":"Comment","target":["https:\/\/www.padreydecano.com\/cms\/partidos\/la-eliminacion-guionada\/#respond"]}]},{"@type":"WebPage","@id":"https:\/\/www.padreydecano.com\/cms\/partidos\/la-eliminacion-guionada\/","url":"https:\/\/www.padreydecano.com\/cms\/partidos\/la-eliminacion-guionada\/","name":"La eliminaci\u00f3n guionada - Padre y Decano - El Sitio del Pueblo","isPartOf":{"@id":"https:\/\/www.padreydecano.com\/cms\/#website"},"primaryImageOfPage":{"@id":"https:\/\/www.padreydecano.com\/cms\/partidos\/la-eliminacion-guionada\/#primaryimage"},"image":{"@id":"https:\/\/www.padreydecano.com\/cms\/partidos\/la-eliminacion-guionada\/#primaryimage"},"thumbnailUrl":"https:\/\/www.padreydecano.com\/cms\/wp-content\/uploads\/2013\/04\/slider1.jpg","datePublished":"2013-04-10T01:33:11+00:00","dateModified":"2013-04-13T21:30:52+00:00","breadcrumb":{"@id":"https:\/\/www.padreydecano.com\/cms\/partidos\/la-eliminacion-guionada\/#breadcrumb"},"inLanguage":"es","potentialAction":[{"@type":"ReadAction","target":["https:\/\/www.padreydecano.com\/cms\/partidos\/la-eliminacion-guionada\/"]}]},{"@type":"ImageObject","inLanguage":"es","@id":"https:\/\/www.padreydecano.com\/cms\/partidos\/la-eliminacion-guionada\/#primaryimage","url":"https:\/\/www.padreydecano.com\/cms\/wp-content\/uploads\/2013\/04\/slider1.jpg","contentUrl":"https:\/\/www.padreydecano.com\/cms\/wp-content\/uploads\/2013\/04\/slider1.jpg","width":640,"height":250},{"@type":"BreadcrumbList","@id":"https:\/\/www.padreydecano.com\/cms\/partidos\/la-eliminacion-guionada\/#breadcrumb","itemListElement":[{"@type":"ListItem","position":1,"name":"Portada","item":"https:\/\/www.padreydecano.com\/cms\/"},{"@type":"ListItem","position":2,"name":"La eliminaci\u00f3n guionada"}]},{"@type":"WebSite","@id":"https:\/\/www.padreydecano.com\/cms\/#website","url":"https:\/\/www.padreydecano.com\/cms\/","name":"Padre y Decano - El Sitio del Pueblo","description":"Club Atl\u00e9tico Pe\u00f1arol","publisher":{"@id":"https:\/\/www.padreydecano.com\/cms\/#organization"},"potentialAction":[{"@type":"SearchAction","target":{"@type":"EntryPoint","urlTemplate":"https:\/\/www.padreydecano.com\/cms\/?s={search_term_string}"},"query-input":"required name=search_term_string"}],"inLanguage":"es"},{"@type":"Organization","@id":"https:\/\/www.padreydecano.com\/cms\/#organization","name":"Padre y Decano","url":"https:\/\/www.padreydecano.com\/cms\/","logo":{"@type":"ImageObject","inLanguage":"es","@id":"https:\/\/www.padreydecano.com\/cms\/#\/schema\/logo\/image\/","url":"https:\/\/www.padreydecano.com\/cms\/wp-content\/uploads\/2022\/01\/avatar-square.png","contentUrl":"https:\/\/www.padreydecano.com\/cms\/wp-content\/uploads\/2022\/01\/avatar-square.png","width":1500,"height":1500,"caption":"Padre y Decano"},"image":{"@id":"https:\/\/www.padreydecano.com\/cms\/#\/schema\/logo\/image\/"}},{"@type":"Person","@id":"https:\/\/www.padreydecano.com\/cms\/#\/schema\/person\/d93e9e537230ae052c194251d9a1def2","name":"Moderador","image":{"@type":"ImageObject","inLanguage":"es","@id":"https:\/\/www.padreydecano.com\/cms\/#\/schema\/person\/image\/","url":"https:\/\/secure.gravatar.com\/avatar\/2587727bf8a53bd3da4ec49f01bea66e?s=96&d=https%3A%2F%2Fpadreydecano.com%2Fcms%2Fwp-content%2Fthemes%2Fpyd-theme%2Fimg%2Fdefault-avatar.png&r=g","contentUrl":"https:\/\/secure.gravatar.com\/avatar\/2587727bf8a53bd3da4ec49f01bea66e?s=96&d=https%3A%2F%2Fpadreydecano.com%2Fcms%2Fwp-content%2Fthemes%2Fpyd-theme%2Fimg%2Fdefault-avatar.png&r=g","caption":"Moderador"}}]}},"_links":{"self":[{"href":"https:\/\/www.padreydecano.com\/cms\/wp-json\/wp\/v2\/posts\/37855"}],"collection":[{"href":"https:\/\/www.padreydecano.com\/cms\/wp-json\/wp\/v2\/posts"}],"about":[{"href":"https:\/\/www.padreydecano.com\/cms\/wp-json\/wp\/v2\/types\/post"}],"author":[{"embeddable":true,"href":"https:\/\/www.padreydecano.com\/cms\/wp-json\/wp\/v2\/users\/13"}],"replies":[{"embeddable":true,"href":"https:\/\/www.padreydecano.com\/cms\/wp-json\/wp\/v2\/comments?post=37855"}],"version-history":[{"count":0,"href":"https:\/\/www.padreydecano.com\/cms\/wp-json\/wp\/v2\/posts\/37855\/revisions"}],"wp:featuredmedia":[{"embeddable":true,"href":"https:\/\/www.padreydecano.com\/cms\/wp-json\/wp\/v2\/media\/37861"}],"wp:attachment":[{"href":"https:\/\/www.padreydecano.com\/cms\/wp-json\/wp\/v2\/media?parent=37855"}],"wp:term":[{"taxonomy":"category","embeddable":true,"href":"https:\/\/www.padreydecano.com\/cms\/wp-json\/wp\/v2\/categories?post=37855"},{"taxonomy":"post_tag","embeddable":true,"href":"https:\/\/www.padreydecano.com\/cms\/wp-json\/wp\/v2\/tags?post=37855"}],"curies":[{"name":"wp","href":"https:\/\/api.w.org\/{rel}","templated":true}]}}