{"id":37077,"date":"2013-03-06T18:48:28","date_gmt":"2013-03-06T20:48:28","guid":{"rendered":"http:\/\/www.padreydecano.com\/cms\/?p=37077"},"modified":"2013-05-29T12:02:18","modified_gmt":"2013-05-29T15:02:18","slug":"sirviendo-a-la-sociedad","status":"publish","type":"post","link":"https:\/\/www.padreydecano.com\/cms\/columnas\/sirviendo-a-la-sociedad\/","title":{"rendered":"\u00bfSirviendo a la sociedad?"},"content":{"rendered":"<p style=\"text-align: justify;\"><a href=\"https:\/\/www.padreydecano.com\/cms\/wp-content\/uploads\/2013\/03\/Policia-con-el-celular.jpg\" rel=\"shadowbox[sbpost-37077];player=img;\"><img loading=\"lazy\" decoding=\"async\" class=\" wp-image-37078 alignright\" alt=\"\" src=\"https:\/\/www.padreydecano.com\/cms\/wp-content\/uploads\/2013\/03\/Policia-con-el-celular-300x199.jpg\" width=\"270\" height=\"179\" srcset=\"https:\/\/www.padreydecano.com\/cms\/wp-content\/uploads\/2013\/03\/Policia-con-el-celular-300x199.jpg 300w, https:\/\/www.padreydecano.com\/cms\/wp-content\/uploads\/2013\/03\/Policia-con-el-celular.jpg 960w\" sizes=\"(max-width: 270px) 100vw, 270px\" \/><\/a>Hace ya un tiempo atr\u00e1s que <b>la actuaci\u00f3n de los efectivos policiales <\/b>en los partidos de futbol<b> <\/b>en Uruguay, y sobre todo en los estadios deportivos <b>me est\u00e1 llamando poderosamente la atenci\u00f3n<\/b>. Polic\u00edas con celular en mano por tiempo prolongado, postura displicente, gestos desubicados, maltrato verbal y f\u00edsico injustificado, inoperancia, retraso en la hora de pactada, entre otras conductas preocupantes me alarman d\u00eda a d\u00eda.<\/p>\n<p style=\"text-align: justify;\">Primero que nada quiero aclarar que comprendo \u2013por m\u00e1s de que nos sea uno de ellos-\u00a0 que <b>el trabajo de polic\u00eda es psicol\u00f3gicamente abrumador<\/b>. Salarios no acordes a las responsabilidades de la tarea, riesgos extremos (muerte) en horario de trabajo, malas condiciones laborales, frustraci\u00f3n continua ante el t\u00edpico \u201centran por una puerta y salen por otra\u201d.\u00a0 Hagamos un par\u00e9ntesis. P\u00f3ngase usted a pensar en el lugar del polic\u00eda honrado \u2013que imagino que los habr\u00e1- que se juega la vida y encarcela a una persona que est\u00e1 cometiendo un delito. Acto seguido pasa a juez, y ve como frente a sus narices \u2013imagino yo desde mi ignorancia que por temas jur\u00eddicos- estos \u00faltimo suele dejar libres a muchos involucrados en actos delictivos.\u00a0 <strong>\u00bf<\/strong><b>C\u00f3mo se sentir\u00e1 el polic\u00eda? De la misma manera que si usted hiciera su trabajo y al final de la jornada se lo rompan \u2013simb\u00f3lica o literalmente- en su cara. Yo lo defino bajo dos palabras. Frustraci\u00f3n e impotencia<\/b>. Cerrado el par\u00e9ntesis, cada uno desde su lugar puede pensar que otra situaci\u00f3n complicada podr\u00eda enfrentar un polic\u00eda.<\/p>\n<p style=\"text-align: justify;\">Siguiendo con la explicaci\u00f3n del tema que estoy desarrollando, paso a agregar que nos encontramos en <b>un pa\u00eds donde la polic\u00eda no tiene respeto\u00a0 por parte de una buena cantidad de uruguayos<\/b>.\u00a0 Este no respeto, lleva por un lado a <b>un odio o bronca -quiz\u00e1s comprendida- ante actitudes irracionales por parte de los efectivos policiales<\/b>. Por otro lado lleva a que <b>no exista un segundo de reflexi\u00f3n para darse cuenta que atr\u00e1s de ese armatoste hay un ser humano que lucha por sobrevivir y darle de comer a una familia<\/b>.\u00a0 Resultado: <b>bronca mutua.<\/b> Yo no te respeto porque act\u00faas de manera inapropiada. Y yo no te respeto a vos porque no respetas mi laburo y pasas insult\u00e1ndome. La discusi\u00f3n no se centra ac\u00e1 en que vino primero si el huevo o la gallina. La tem\u00e1tica, va dirigida hacia un lugar<b>:\u00a0 La constante falta de categor\u00eda <\/b>\u2013por decirlo en buenos t\u00e9rminos<b>&#8211; de la polic\u00eda. <\/b><\/p>\n<p style=\"text-align: justify;\">Planteado ya el panorama, paso a detallar las actitudes que a mi entender me empujan a decir que estamos frente a la peor polic\u00eda de Sudam\u00e9rica:<\/p>\n<p style=\"text-align: justify;\">&#8211; Separaci\u00f3n sin vallados entre el visitante y el local.<\/p>\n<p style=\"text-align: justify;\">&#8211; Separaci\u00f3n con vallado pero sin presencia polic\u00edal.<\/p>\n<p style=\"text-align: justify;\">&#8211; Presencia policial en un lado solo de la tribuna. (Y si el problema ocurre del otro lado \u00bfqu\u00e9 hacemos?).<\/p>\n<p style=\"text-align: justify;\">&#8211; Llegada tarde de efectivos policiales al Estadio Centenario atrasando el ingreso de hinchas.<\/p>\n<p style=\"text-align: justify;\">&#8211; Control de ingresos muy mal organizados. Sin tubos de acceso. Con un solo control policial, generando una bola de seres humanos, que luchan por entran cuanto antes a ver a su equipo. (Por favor! viajen un poco a aprender sobre operativos serios y c\u00f3modos para el espectador).<\/p>\n<p style=\"text-align: justify;\">&#8211; Operativos \u201cserios\u201d solamente organizados para determinados partidos. Si usted quiere acostumbrar a hinchas a operativos serios, h\u00e1galo en todos los partidos, no cuando tenga ganas.<\/p>\n<p style=\"text-align: justify;\"><a href=\"https:\/\/www.padreydecano.com\/cms\/wp-content\/uploads\/2013\/03\/policia.jpg\" rel=\"shadowbox[sbpost-37077];player=img;\"><img loading=\"lazy\" decoding=\"async\" class=\" wp-image-37085 alignleft\" alt=\"\" src=\"https:\/\/www.padreydecano.com\/cms\/wp-content\/uploads\/2013\/03\/policia-300x200.jpg\" width=\"240\" height=\"160\" srcset=\"https:\/\/www.padreydecano.com\/cms\/wp-content\/uploads\/2013\/03\/policia-300x200.jpg 300w, https:\/\/www.padreydecano.com\/cms\/wp-content\/uploads\/2013\/03\/policia.jpg 1000w\" sizes=\"(max-width: 240px) 100vw, 240px\" \/><\/a>&#8211; Actitudes policiales vergonzosas: gestos obscenos a hinchas (Pe\u00f1arol vs Liverpool, \u00faltimo partido del Apertura), tirada de piedras a hinchas (Pe\u00f1arol vs Rampla Juniors en Jardines del Hip\u00f3dromo &#8211; \u00faltimo partido), actuaciones desmesuradas y poco reflexionadas (gases lacrim\u00f3genos vs Juventud).<\/p>\n<p style=\"text-align: justify;\">&#8211; Inoperancia policial extrema. (\u00daltimo partido versus V\u00e9lez y River. Frente a V\u00e9lez, nunca apareci\u00f3 un efectivo policial en la tribuna Colombes, y los que llegaron a la tribuna Am\u00e9rica, llegaron tarde. Agr\u00e9guese que durante el enfrentamiento a pedradas polic\u00edas ubicados en la tribuna Am\u00e9rica donde se venden refrescos, miraban pasivamente el hecho. Versus River, algunos insultos entre parciales de River y Pe\u00f1arol, mientras los efectivos policiales estaban sentados muy comodos, en la parte superior de River donde no hab\u00eda nadie&#8230;\u00a0ins\u00f3lito!<\/p>\n<p style=\"text-align: justify;\">Cap\u00edtulo aparte para la constante no presencia de la polic\u00eda entre la Platea Ol\u00edmpica y las populares para no dejar pasar a los oportunistas desesperados por llegar a la \u00c1msterdam.<\/p>\n<p style=\"text-align: justify;\"><a href=\"https:\/\/www.padreydecano.com\/cms\/wp-content\/uploads\/2013\/03\/Problemas-con-la-entrada.jpg\" rel=\"shadowbox[sbpost-37077];player=img;\"><img loading=\"lazy\" decoding=\"async\" class=\"alignright size-full wp-image-37079\" alt=\"Problemas con la entrada\" src=\"https:\/\/www.padreydecano.com\/cms\/wp-content\/uploads\/2013\/03\/Problemas-con-la-entrada.jpg\" width=\"277\" height=\"182\" \/><\/a>&#8211; Operativos muy mal planificados: (\u00daltimo partido versus Cerro en el Tr\u00f3ccoli, cl\u00e1sico de las banderas institucionales en la hinchada (ver foto)).<\/p>\n<p style=\"text-align: justify;\">&#8211; Dejar en el estadio a la hinchada visitante (m\u00e1s seguro y f\u00e1cil de evacuar), y dejar salir a los locales (mucho m\u00e1s peligroso y lento de evacuar).<\/p>\n<p style=\"text-align: justify;\">&#8211; Comentarios por parte de la polic\u00eda totalmente alejados de la realidad: afirmando que el operativo fue correcto cuando existieron incidentes dentro del recinto deportivo (sobran ejemplos).<\/p>\n<p style=\"text-align: justify;\"><strong>&#8211;\u00a0<\/strong>Declaraciones que desvisten la poca seriedad y la mediocridad de la polic\u00eda;\u00a0<strong>\u201cHace tiempo que estamos afuera y a la \u00c1msterdam no entramos.\u201d<\/strong><strong><\/strong><\/p>\n<p style=\"text-align: justify;\"><strong>&#8211;\u00a0<\/strong><strong>Actitudes incoherentes e inconstantes: No permitir \u2013cuando tienen ganas-\u00a0 colgar banderas en el alambrado del talud (donde siempre se cuelgan).<\/strong><strong><\/strong><\/p>\n<p style=\"text-align: justify;\">&#8211; Postura muy poco seria: todos vimos (al menos en la \u00c1msterdam) como caminaba uno de los polic\u00edas frente a River por el talud. Como quien camina con los amigos por la plaza del barrio. Agr\u00e9guele oficiales en el terreno de juegos sentados en cualquier murito o banquito que encuentre. Agr\u00e9guele utilizar el celular como forma de distracci\u00f3n en el horario de trabajo. Y si usted presta atenci\u00f3n podr\u00e1 notar m\u00e1s cosas a\u00fan.<\/p>\n<p>Estas son algunas de las actitudes que sinceramente me generan una <b>mezcla de verg\u00fcenza y bronca<\/b>. La polic\u00eda en Uruguay no est\u00e1 para prevenir, si no para llegar luego de los incidentes. Hay una <b>clara falta de educaci\u00f3n, seriedad, y conducci\u00f3n en la polic\u00eda<\/b> (siempre hablando en los espect\u00e1culos futbol\u00edsticos donde tengo cierta autoridad para hablar).<\/p>\n<p style=\"text-align: justify;\">El ejemplo del partido de V\u00e9lez, como el de Independiente, son claros casos en donde <b>si la polic\u00eda hubiese actuado con categor\u00eda no hubiese ocurrido ning\u00fan problema.<\/b> La responsabilidad es toda de ellos. Y no digo que no haya \u00abenfermitos\u00bb en la tribuna sin importar el equipo. Lo que afirmo, es que <b>si los que tienen que imponer, respeto, seguridad, control y manejo de la situaci\u00f3n, presencia, entre otras caracter\u00edsticas, no lo hacen, estamos regalados a que estos hechos sigan ocurriendo.<\/b>\u00a0No quiero ser dram\u00e1tico, pero todo esta librado a que ocurra una tragedia grande \u2013nuevamente- en un partido de f\u00fatbol para que la polic\u00eda se replantee un mont\u00f3n de actitudes que lo \u00fanico que hacen es favorecer la violencia en las hinchadas.<\/p>\n<p style=\"text-align: justify;\"><b>Lo \u00fanico que espero que esas medidas, que llegan siempre luego de una tragedia, como especie de curitas para semejante problem\u00e1tica no sean las tan erradas pol\u00edticas<\/b> de: no ingreso de banderas grandes a los estadios (\u00bfqu\u00e9 violencia puede generar una bandera? Por favor!), no ingreso de banderas de palo (nunca vi a un hincha golpear con una bandera a otro hincha rival), no ingreso de sombrillas\/paraguas, entre otras prohibiciones que lo \u00fanico que se intenta <b>es llenar el ojo de que \u2018\u2019se est\u00e1 haciendo algo en favor de la seguridad\u2019\u2019<\/b>, cuando hasta la persona con menos cancha, sabe que esto no tiene nada que ver con prevenir hechos violentos.<\/p>\n<p style=\"text-align: justify;\">Los spots, los jugadores saliendo de la mano con los ni\u00f1os, y mil actitudes totalmente secundarias, no sirven de nada, si la gente que tiene que brindar seguridad no lo hace. <b>Hasta que esto no cambie, seguir\u00e1 ocurriendo lo mismo de siempre.<\/b><b>\u00a0<\/b><\/p>\n<p style=\"text-align: justify;\">Nota: No ser\u00eda malo pensar que parte de los costos de las multas impuestas por la Conmebol, deber\u00edan ser asumidos por la polic\u00eda, quien a mi entender fue el gran generador de esta decisi\u00f3n lamentable.<\/p>\n<p><a href=\"https:\/\/www.padreydecano.com\/cms\/tag\/agustin-p-l\/\"><img decoding=\"async\" class=\"alignright foto-sin-formato\" alt=\"\" src=\"https:\/\/www.padreydecano.com\/cms\/wp-users-files\/autor-columna\/agustinpl.jpg\" \/><\/a><\/p>\n","protected":false},"excerpt":{"rendered":"<p>Hace ya un tiempo atr\u00e1s que la actuaci\u00f3n de los efectivos policiales en los partidos de futbol en Uruguay, y sobre todo en los estadios deportivos me est\u00e1 llamando poderosamente la atenci\u00f3n. Polic\u00edas con celular en mano por tiempo prolongado, postura displicente, gestos desubicados, maltrato verbal y f\u00edsico injustificado, inoperancia, retraso en la hora de [&hellip;]<\/p>\n","protected":false},"author":2,"featured_media":37085,"comment_status":"open","ping_status":"closed","sticky":false,"template":"","format":"standard","meta":{"footnotes":""},"categories":[28],"tags":[181],"yoast_head":"<!-- This site is optimized with the Yoast SEO plugin v23.2 - https:\/\/yoast.com\/wordpress\/plugins\/seo\/ -->\n<title>\u00bfSirviendo a la sociedad? - Padre y Decano - El Sitio del Pueblo<\/title>\n<meta name=\"robots\" content=\"index, follow, max-snippet:-1, max-image-preview:large, max-video-preview:-1\" \/>\n<link rel=\"canonical\" href=\"https:\/\/www.padreydecano.com\/cms\/columnas\/sirviendo-a-la-sociedad\/\" \/>\n<meta property=\"og:locale\" content=\"es_ES\" \/>\n<meta property=\"og:type\" content=\"article\" \/>\n<meta property=\"og:title\" content=\"\u00bfSirviendo a la sociedad? - Padre y Decano - El Sitio del Pueblo\" \/>\n<meta property=\"og:description\" content=\"Hace ya un tiempo atr\u00e1s que la actuaci\u00f3n de los efectivos policiales en los partidos de futbol en Uruguay, y sobre todo en los estadios deportivos me est\u00e1 llamando poderosamente la atenci\u00f3n. Polic\u00edas con celular en mano por tiempo prolongado, postura displicente, gestos desubicados, maltrato verbal y f\u00edsico injustificado, inoperancia, retraso en la hora de [&hellip;]\" \/>\n<meta property=\"og:url\" content=\"https:\/\/www.padreydecano.com\/cms\/columnas\/sirviendo-a-la-sociedad\/\" \/>\n<meta property=\"og:site_name\" content=\"Padre y Decano - El Sitio del Pueblo\" \/>\n<meta property=\"article:published_time\" content=\"2013-03-06T20:48:28+00:00\" \/>\n<meta property=\"article:modified_time\" content=\"2013-05-29T15:02:18+00:00\" \/>\n<meta property=\"og:image\" content=\"https:\/\/www.padreydecano.com\/cms\/wp-content\/uploads\/2013\/03\/policia.jpg\" \/>\n\t<meta property=\"og:image:width\" content=\"1000\" \/>\n\t<meta property=\"og:image:height\" content=\"667\" \/>\n\t<meta property=\"og:image:type\" content=\"image\/jpeg\" \/>\n<meta name=\"author\" content=\"Gonzalo16\" \/>\n<meta name=\"twitter:card\" content=\"summary_large_image\" \/>\n<meta name=\"twitter:label1\" content=\"Escrito por\" \/>\n\t<meta name=\"twitter:data1\" content=\"Gonzalo16\" \/>\n\t<meta name=\"twitter:label2\" content=\"Tiempo de lectura\" \/>\n\t<meta name=\"twitter:data2\" content=\"7 minutos\" \/>\n<script type=\"application\/ld+json\" class=\"yoast-schema-graph\">{\"@context\":\"https:\/\/schema.org\",\"@graph\":[{\"@type\":\"Article\",\"@id\":\"https:\/\/www.padreydecano.com\/cms\/columnas\/sirviendo-a-la-sociedad\/#article\",\"isPartOf\":{\"@id\":\"https:\/\/www.padreydecano.com\/cms\/columnas\/sirviendo-a-la-sociedad\/\"},\"author\":{\"name\":\"Gonzalo16\",\"@id\":\"https:\/\/www.padreydecano.com\/cms\/#\/schema\/person\/7fe41e3e335700ebd387196df2f9a8d4\"},\"headline\":\"\u00bfSirviendo a la sociedad?\",\"datePublished\":\"2013-03-06T20:48:28+00:00\",\"dateModified\":\"2013-05-29T15:02:18+00:00\",\"mainEntityOfPage\":{\"@id\":\"https:\/\/www.padreydecano.com\/cms\/columnas\/sirviendo-a-la-sociedad\/\"},\"wordCount\":1365,\"commentCount\":47,\"publisher\":{\"@id\":\"https:\/\/www.padreydecano.com\/cms\/#organization\"},\"image\":{\"@id\":\"https:\/\/www.padreydecano.com\/cms\/columnas\/sirviendo-a-la-sociedad\/#primaryimage\"},\"thumbnailUrl\":\"https:\/\/www.padreydecano.com\/cms\/wp-content\/uploads\/2013\/03\/policia.jpg\",\"keywords\":[\"Agustin P.L.\"],\"articleSection\":[\"Columnas\"],\"inLanguage\":\"es\",\"potentialAction\":[{\"@type\":\"CommentAction\",\"name\":\"Comment\",\"target\":[\"https:\/\/www.padreydecano.com\/cms\/columnas\/sirviendo-a-la-sociedad\/#respond\"]}]},{\"@type\":\"WebPage\",\"@id\":\"https:\/\/www.padreydecano.com\/cms\/columnas\/sirviendo-a-la-sociedad\/\",\"url\":\"https:\/\/www.padreydecano.com\/cms\/columnas\/sirviendo-a-la-sociedad\/\",\"name\":\"\u00bfSirviendo a la sociedad? - Padre y Decano - El Sitio del Pueblo\",\"isPartOf\":{\"@id\":\"https:\/\/www.padreydecano.com\/cms\/#website\"},\"primaryImageOfPage\":{\"@id\":\"https:\/\/www.padreydecano.com\/cms\/columnas\/sirviendo-a-la-sociedad\/#primaryimage\"},\"image\":{\"@id\":\"https:\/\/www.padreydecano.com\/cms\/columnas\/sirviendo-a-la-sociedad\/#primaryimage\"},\"thumbnailUrl\":\"https:\/\/www.padreydecano.com\/cms\/wp-content\/uploads\/2013\/03\/policia.jpg\",\"datePublished\":\"2013-03-06T20:48:28+00:00\",\"dateModified\":\"2013-05-29T15:02:18+00:00\",\"breadcrumb\":{\"@id\":\"https:\/\/www.padreydecano.com\/cms\/columnas\/sirviendo-a-la-sociedad\/#breadcrumb\"},\"inLanguage\":\"es\",\"potentialAction\":[{\"@type\":\"ReadAction\",\"target\":[\"https:\/\/www.padreydecano.com\/cms\/columnas\/sirviendo-a-la-sociedad\/\"]}]},{\"@type\":\"ImageObject\",\"inLanguage\":\"es\",\"@id\":\"https:\/\/www.padreydecano.com\/cms\/columnas\/sirviendo-a-la-sociedad\/#primaryimage\",\"url\":\"https:\/\/www.padreydecano.com\/cms\/wp-content\/uploads\/2013\/03\/policia.jpg\",\"contentUrl\":\"https:\/\/www.padreydecano.com\/cms\/wp-content\/uploads\/2013\/03\/policia.jpg\",\"width\":1000,\"height\":667},{\"@type\":\"BreadcrumbList\",\"@id\":\"https:\/\/www.padreydecano.com\/cms\/columnas\/sirviendo-a-la-sociedad\/#breadcrumb\",\"itemListElement\":[{\"@type\":\"ListItem\",\"position\":1,\"name\":\"Portada\",\"item\":\"https:\/\/www.padreydecano.com\/cms\/\"},{\"@type\":\"ListItem\",\"position\":2,\"name\":\"\u00bfSirviendo a la sociedad?\"}]},{\"@type\":\"WebSite\",\"@id\":\"https:\/\/www.padreydecano.com\/cms\/#website\",\"url\":\"https:\/\/www.padreydecano.com\/cms\/\",\"name\":\"Padre y Decano - El Sitio del Pueblo\",\"description\":\"Club Atl\u00e9tico Pe\u00f1arol\",\"publisher\":{\"@id\":\"https:\/\/www.padreydecano.com\/cms\/#organization\"},\"potentialAction\":[{\"@type\":\"SearchAction\",\"target\":{\"@type\":\"EntryPoint\",\"urlTemplate\":\"https:\/\/www.padreydecano.com\/cms\/?s={search_term_string}\"},\"query-input\":\"required name=search_term_string\"}],\"inLanguage\":\"es\"},{\"@type\":\"Organization\",\"@id\":\"https:\/\/www.padreydecano.com\/cms\/#organization\",\"name\":\"Padre y Decano\",\"url\":\"https:\/\/www.padreydecano.com\/cms\/\",\"logo\":{\"@type\":\"ImageObject\",\"inLanguage\":\"es\",\"@id\":\"https:\/\/www.padreydecano.com\/cms\/#\/schema\/logo\/image\/\",\"url\":\"https:\/\/www.padreydecano.com\/cms\/wp-content\/uploads\/2022\/01\/avatar-square.png\",\"contentUrl\":\"https:\/\/www.padreydecano.com\/cms\/wp-content\/uploads\/2022\/01\/avatar-square.png\",\"width\":1500,\"height\":1500,\"caption\":\"Padre y Decano\"},\"image\":{\"@id\":\"https:\/\/www.padreydecano.com\/cms\/#\/schema\/logo\/image\/\"}},{\"@type\":\"Person\",\"@id\":\"https:\/\/www.padreydecano.com\/cms\/#\/schema\/person\/7fe41e3e335700ebd387196df2f9a8d4\",\"name\":\"Gonzalo16\",\"image\":{\"@type\":\"ImageObject\",\"inLanguage\":\"es\",\"@id\":\"https:\/\/www.padreydecano.com\/cms\/#\/schema\/person\/image\/\",\"url\":\"https:\/\/secure.gravatar.com\/avatar\/4d5cdd49803a2313c01f77e3dfc05d81?s=96&d=https%3A%2F%2Fpadreydecano.com%2Fcms%2Fwp-content%2Fthemes%2Fpyd-theme%2Fimg%2Fdefault-avatar.png&r=g\",\"contentUrl\":\"https:\/\/secure.gravatar.com\/avatar\/4d5cdd49803a2313c01f77e3dfc05d81?s=96&d=https%3A%2F%2Fpadreydecano.com%2Fcms%2Fwp-content%2Fthemes%2Fpyd-theme%2Fimg%2Fdefault-avatar.png&r=g\",\"caption\":\"Gonzalo16\"}}]}<\/script>\n<!-- \/ Yoast SEO plugin. -->","yoast_head_json":{"title":"\u00bfSirviendo a la sociedad? - Padre y Decano - El Sitio del Pueblo","robots":{"index":"index","follow":"follow","max-snippet":"max-snippet:-1","max-image-preview":"max-image-preview:large","max-video-preview":"max-video-preview:-1"},"canonical":"https:\/\/www.padreydecano.com\/cms\/columnas\/sirviendo-a-la-sociedad\/","og_locale":"es_ES","og_type":"article","og_title":"\u00bfSirviendo a la sociedad? - Padre y Decano - El Sitio del Pueblo","og_description":"Hace ya un tiempo atr\u00e1s que la actuaci\u00f3n de los efectivos policiales en los partidos de futbol en Uruguay, y sobre todo en los estadios deportivos me est\u00e1 llamando poderosamente la atenci\u00f3n. Polic\u00edas con celular en mano por tiempo prolongado, postura displicente, gestos desubicados, maltrato verbal y f\u00edsico injustificado, inoperancia, retraso en la hora de [&hellip;]","og_url":"https:\/\/www.padreydecano.com\/cms\/columnas\/sirviendo-a-la-sociedad\/","og_site_name":"Padre y Decano - El Sitio del Pueblo","article_published_time":"2013-03-06T20:48:28+00:00","article_modified_time":"2013-05-29T15:02:18+00:00","og_image":[{"width":1000,"height":667,"url":"https:\/\/www.padreydecano.com\/cms\/wp-content\/uploads\/2013\/03\/policia.jpg","type":"image\/jpeg"}],"author":"Gonzalo16","twitter_card":"summary_large_image","twitter_misc":{"Escrito por":"Gonzalo16","Tiempo de lectura":"7 minutos"},"schema":{"@context":"https:\/\/schema.org","@graph":[{"@type":"Article","@id":"https:\/\/www.padreydecano.com\/cms\/columnas\/sirviendo-a-la-sociedad\/#article","isPartOf":{"@id":"https:\/\/www.padreydecano.com\/cms\/columnas\/sirviendo-a-la-sociedad\/"},"author":{"name":"Gonzalo16","@id":"https:\/\/www.padreydecano.com\/cms\/#\/schema\/person\/7fe41e3e335700ebd387196df2f9a8d4"},"headline":"\u00bfSirviendo a la sociedad?","datePublished":"2013-03-06T20:48:28+00:00","dateModified":"2013-05-29T15:02:18+00:00","mainEntityOfPage":{"@id":"https:\/\/www.padreydecano.com\/cms\/columnas\/sirviendo-a-la-sociedad\/"},"wordCount":1365,"commentCount":47,"publisher":{"@id":"https:\/\/www.padreydecano.com\/cms\/#organization"},"image":{"@id":"https:\/\/www.padreydecano.com\/cms\/columnas\/sirviendo-a-la-sociedad\/#primaryimage"},"thumbnailUrl":"https:\/\/www.padreydecano.com\/cms\/wp-content\/uploads\/2013\/03\/policia.jpg","keywords":["Agustin P.L."],"articleSection":["Columnas"],"inLanguage":"es","potentialAction":[{"@type":"CommentAction","name":"Comment","target":["https:\/\/www.padreydecano.com\/cms\/columnas\/sirviendo-a-la-sociedad\/#respond"]}]},{"@type":"WebPage","@id":"https:\/\/www.padreydecano.com\/cms\/columnas\/sirviendo-a-la-sociedad\/","url":"https:\/\/www.padreydecano.com\/cms\/columnas\/sirviendo-a-la-sociedad\/","name":"\u00bfSirviendo a la sociedad? - Padre y Decano - El Sitio del Pueblo","isPartOf":{"@id":"https:\/\/www.padreydecano.com\/cms\/#website"},"primaryImageOfPage":{"@id":"https:\/\/www.padreydecano.com\/cms\/columnas\/sirviendo-a-la-sociedad\/#primaryimage"},"image":{"@id":"https:\/\/www.padreydecano.com\/cms\/columnas\/sirviendo-a-la-sociedad\/#primaryimage"},"thumbnailUrl":"https:\/\/www.padreydecano.com\/cms\/wp-content\/uploads\/2013\/03\/policia.jpg","datePublished":"2013-03-06T20:48:28+00:00","dateModified":"2013-05-29T15:02:18+00:00","breadcrumb":{"@id":"https:\/\/www.padreydecano.com\/cms\/columnas\/sirviendo-a-la-sociedad\/#breadcrumb"},"inLanguage":"es","potentialAction":[{"@type":"ReadAction","target":["https:\/\/www.padreydecano.com\/cms\/columnas\/sirviendo-a-la-sociedad\/"]}]},{"@type":"ImageObject","inLanguage":"es","@id":"https:\/\/www.padreydecano.com\/cms\/columnas\/sirviendo-a-la-sociedad\/#primaryimage","url":"https:\/\/www.padreydecano.com\/cms\/wp-content\/uploads\/2013\/03\/policia.jpg","contentUrl":"https:\/\/www.padreydecano.com\/cms\/wp-content\/uploads\/2013\/03\/policia.jpg","width":1000,"height":667},{"@type":"BreadcrumbList","@id":"https:\/\/www.padreydecano.com\/cms\/columnas\/sirviendo-a-la-sociedad\/#breadcrumb","itemListElement":[{"@type":"ListItem","position":1,"name":"Portada","item":"https:\/\/www.padreydecano.com\/cms\/"},{"@type":"ListItem","position":2,"name":"\u00bfSirviendo a la sociedad?"}]},{"@type":"WebSite","@id":"https:\/\/www.padreydecano.com\/cms\/#website","url":"https:\/\/www.padreydecano.com\/cms\/","name":"Padre y Decano - El Sitio del Pueblo","description":"Club Atl\u00e9tico Pe\u00f1arol","publisher":{"@id":"https:\/\/www.padreydecano.com\/cms\/#organization"},"potentialAction":[{"@type":"SearchAction","target":{"@type":"EntryPoint","urlTemplate":"https:\/\/www.padreydecano.com\/cms\/?s={search_term_string}"},"query-input":"required name=search_term_string"}],"inLanguage":"es"},{"@type":"Organization","@id":"https:\/\/www.padreydecano.com\/cms\/#organization","name":"Padre y Decano","url":"https:\/\/www.padreydecano.com\/cms\/","logo":{"@type":"ImageObject","inLanguage":"es","@id":"https:\/\/www.padreydecano.com\/cms\/#\/schema\/logo\/image\/","url":"https:\/\/www.padreydecano.com\/cms\/wp-content\/uploads\/2022\/01\/avatar-square.png","contentUrl":"https:\/\/www.padreydecano.com\/cms\/wp-content\/uploads\/2022\/01\/avatar-square.png","width":1500,"height":1500,"caption":"Padre y Decano"},"image":{"@id":"https:\/\/www.padreydecano.com\/cms\/#\/schema\/logo\/image\/"}},{"@type":"Person","@id":"https:\/\/www.padreydecano.com\/cms\/#\/schema\/person\/7fe41e3e335700ebd387196df2f9a8d4","name":"Gonzalo16","image":{"@type":"ImageObject","inLanguage":"es","@id":"https:\/\/www.padreydecano.com\/cms\/#\/schema\/person\/image\/","url":"https:\/\/secure.gravatar.com\/avatar\/4d5cdd49803a2313c01f77e3dfc05d81?s=96&d=https%3A%2F%2Fpadreydecano.com%2Fcms%2Fwp-content%2Fthemes%2Fpyd-theme%2Fimg%2Fdefault-avatar.png&r=g","contentUrl":"https:\/\/secure.gravatar.com\/avatar\/4d5cdd49803a2313c01f77e3dfc05d81?s=96&d=https%3A%2F%2Fpadreydecano.com%2Fcms%2Fwp-content%2Fthemes%2Fpyd-theme%2Fimg%2Fdefault-avatar.png&r=g","caption":"Gonzalo16"}}]}},"_links":{"self":[{"href":"https:\/\/www.padreydecano.com\/cms\/wp-json\/wp\/v2\/posts\/37077"}],"collection":[{"href":"https:\/\/www.padreydecano.com\/cms\/wp-json\/wp\/v2\/posts"}],"about":[{"href":"https:\/\/www.padreydecano.com\/cms\/wp-json\/wp\/v2\/types\/post"}],"author":[{"embeddable":true,"href":"https:\/\/www.padreydecano.com\/cms\/wp-json\/wp\/v2\/users\/2"}],"replies":[{"embeddable":true,"href":"https:\/\/www.padreydecano.com\/cms\/wp-json\/wp\/v2\/comments?post=37077"}],"version-history":[{"count":0,"href":"https:\/\/www.padreydecano.com\/cms\/wp-json\/wp\/v2\/posts\/37077\/revisions"}],"wp:featuredmedia":[{"embeddable":true,"href":"https:\/\/www.padreydecano.com\/cms\/wp-json\/wp\/v2\/media\/37085"}],"wp:attachment":[{"href":"https:\/\/www.padreydecano.com\/cms\/wp-json\/wp\/v2\/media?parent=37077"}],"wp:term":[{"taxonomy":"category","embeddable":true,"href":"https:\/\/www.padreydecano.com\/cms\/wp-json\/wp\/v2\/categories?post=37077"},{"taxonomy":"post_tag","embeddable":true,"href":"https:\/\/www.padreydecano.com\/cms\/wp-json\/wp\/v2\/tags?post=37077"}],"curies":[{"name":"wp","href":"https:\/\/api.w.org\/{rel}","templated":true}]}}