{"id":35937,"date":"2013-01-28T15:00:10","date_gmt":"2013-01-28T17:00:10","guid":{"rendered":"http:\/\/www.padreydecano.com\/cms\/?p=35937"},"modified":"2013-05-29T12:09:44","modified_gmt":"2013-05-29T15:09:44","slug":"hasta-donde-va-la-locura-por-penarol","status":"publish","type":"post","link":"https:\/\/www.padreydecano.com\/cms\/columnas\/hasta-donde-va-la-locura-por-penarol\/","title":{"rendered":"\u00bfHasta d\u00f3nde va la locura por Pe\u00f1arol?"},"content":{"rendered":"<p style=\"text-align: justify;\"><a href=\"https:\/\/www.padreydecano.com\/cms\/wp-content\/uploads\/2013\/01\/los-trapos-venezuela.jpg\" rel=\"shadowbox[sbpost-35937];player=img;\"><img loading=\"lazy\" decoding=\"async\" class=\"alignright  wp-image-35940\" alt=\"\" src=\"https:\/\/www.padreydecano.com\/cms\/wp-content\/uploads\/2013\/01\/los-trapos-venezuela-300x195.jpg\" width=\"240\" height=\"156\" srcset=\"https:\/\/www.padreydecano.com\/cms\/wp-content\/uploads\/2013\/01\/los-trapos-venezuela-300x195.jpg 300w, https:\/\/www.padreydecano.com\/cms\/wp-content\/uploads\/2013\/01\/los-trapos-venezuela-1024x668.jpg 1024w, https:\/\/www.padreydecano.com\/cms\/wp-content\/uploads\/2013\/01\/los-trapos-venezuela.jpg 1660w\" sizes=\"(max-width: 240px) 100vw, 240px\" \/><\/a>Pensando me pregunto <b>qu\u00e9 es lo que me mueve a ir a Guayaquil en abril\u00a0 a ver a Pe\u00f1arol<\/b>. Todo en contra. Gasto econ\u00f3mico elevado, preocupaci\u00f3n familiar, tierra desconocida, posibles problemas laborales para pedir los d\u00edas, y algunas cosas m\u00e1s que surgir\u00e1n cuando se aproxime la fecha.<\/p>\n<p style=\"text-align: justify;\">Volviendo de Colonia, y luego de charlar con los locos fieles de siempre, me retumbaba en la cabeza si deb\u00eda o no deb\u00eda ir a Ecuador a ver a los colores de mi alegr\u00eda. Sinceramente mi pasar econ\u00f3mico en la actualidad no me permite decir con soltura \u201cs\u00ed voy<b>\u201d.\u00a0 La dificultad para obtener la financiaci\u00f3n del viaje aniquil\u00f3 muchas veces mis ilusiones<\/b>. Sin embargo hay algo que late muy dentro m\u00edo, que est\u00e1 lejos de mi control. Pe\u00f1arol es mi felicidad, <b>no hay alegr\u00eda m\u00e1s grande que estar en la tribuna alentando\/mirando\/aguantando a estos colores<\/b>. Est\u00e1 m\u00e1s all\u00e1 del rendimiento de los 11 de turno, m\u00e1s all\u00e1 del dirigente que gobierne nuestro club, y del esfuerzo econ\u00f3mico que haya que hacer para ir a verlo. Colonia y Flores, fueron un caldo de cultivo para sembrar la ilusi\u00f3n \u2013esta vez imparable- de dar el \u00abokey\u00bb para ir a Ecuador. Venimos ac\u00e1 para ser felices, venimos ac\u00e1 para estar satisfechos con nosotros mismos. <b>\u00bfY si hay algo adentro m\u00edo que dice que tengo que ir, por qu\u00e9 prohib\u00edrmelo?<\/b> Uno no sabe c\u00f3mo, como tantos otros fieles locos, realiza estrategias para poder realizar el viaje, y <b>deja que la pasi\u00f3n fluya. <\/b><\/p>\n<p style=\"text-align: justify;\">Nadie, o muy pocos lo entienden. Quiz\u00e1s esos fieles locos, los mismos con los cuales charl\u00e1s, y los \u00fanicos que no te dicen \u201c\u00a1Est\u00e1s loco! \u00bfVas ir a Ecuador a ver a Pe\u00f1arol?\u201d. Todo lo contrario son los que te dicen \u201c\u00bfVas a Ecuador? \u00a1Dale, and\u00e1, somos un buen n\u00famero!\u201d. Y esto es otro elemento que carbura en mi mente, <b>esos fieles locos son ese combustible para tomar decisiones locas<\/b>. Porque aunque uno tenga todo el amor del mundo, no tiene nada que ver sentirse comprendido por otros que vagar solo por el mundo. Nos retroalimentamos, se acercan las fechas, y es inevitable hablar sobre el tema\u2026 De nuevo me pregunto\u2026 <b>\u00bfQu\u00e9 es lo que me mueve? \u00bfQu\u00e9 es eso que tengo adentro que grita \u201cten\u00e9s que ir\u201d?&#8230; Mi felicidad<\/b>. Como dice ese tema que tanto y tanto promete y que alg\u00fan d\u00eda cantar\u00e1 la \u00c1msterdam entera: <b><span style=\"color: #ffcc02;\">\u201cYo te sigo, siempre voy a estar contigo porque a tu lado yo soy feliz\u201d<\/span>.<\/b><\/p>\n<p><a href=\"https:\/\/www.padreydecano.com\/cms\/tag\/agustin-p-l\/\"><img decoding=\"async\" class=\"alignright foto-sin-formato\" alt=\"\" src=\"https:\/\/www.padreydecano.com\/cms\/wp-users-files\/autor-columna\/agustinpl.jpg\" \/><\/a><\/p>\n","protected":false},"excerpt":{"rendered":"<p>Pensando me pregunto qu\u00e9 es lo que me mueve a ir a Guayaquil en abril\u00a0 a ver a Pe\u00f1arol. Todo en contra. Gasto econ\u00f3mico elevado, preocupaci\u00f3n familiar, tierra desconocida, posibles problemas laborales para pedir los d\u00edas, y algunas cosas m\u00e1s que surgir\u00e1n cuando se aproxime la fecha. Volviendo de Colonia, y luego de charlar con [&hellip;]<\/p>\n","protected":false},"author":2,"featured_media":35940,"comment_status":"open","ping_status":"closed","sticky":false,"template":"","format":"standard","meta":{"footnotes":""},"categories":[28],"tags":[181],"yoast_head":"<!-- This site is optimized with the Yoast SEO plugin v23.2 - https:\/\/yoast.com\/wordpress\/plugins\/seo\/ -->\n<title>\u00bfHasta d\u00f3nde va la locura por Pe\u00f1arol? - Padre y Decano - El Sitio del Pueblo<\/title>\n<meta name=\"robots\" content=\"index, follow, max-snippet:-1, max-image-preview:large, max-video-preview:-1\" \/>\n<link rel=\"canonical\" href=\"https:\/\/www.padreydecano.com\/cms\/columnas\/hasta-donde-va-la-locura-por-penarol\/\" \/>\n<meta property=\"og:locale\" content=\"es_ES\" \/>\n<meta property=\"og:type\" content=\"article\" \/>\n<meta property=\"og:title\" content=\"\u00bfHasta d\u00f3nde va la locura por Pe\u00f1arol? - Padre y Decano - El Sitio del Pueblo\" \/>\n<meta property=\"og:description\" content=\"Pensando me pregunto qu\u00e9 es lo que me mueve a ir a Guayaquil en abril\u00a0 a ver a Pe\u00f1arol. Todo en contra. Gasto econ\u00f3mico elevado, preocupaci\u00f3n familiar, tierra desconocida, posibles problemas laborales para pedir los d\u00edas, y algunas cosas m\u00e1s que surgir\u00e1n cuando se aproxime la fecha. Volviendo de Colonia, y luego de charlar con [&hellip;]\" \/>\n<meta property=\"og:url\" content=\"https:\/\/www.padreydecano.com\/cms\/columnas\/hasta-donde-va-la-locura-por-penarol\/\" \/>\n<meta property=\"og:site_name\" content=\"Padre y Decano - El Sitio del Pueblo\" \/>\n<meta property=\"article:published_time\" content=\"2013-01-28T17:00:10+00:00\" \/>\n<meta property=\"article:modified_time\" content=\"2013-05-29T15:09:44+00:00\" \/>\n<meta property=\"og:image\" content=\"https:\/\/www.padreydecano.com\/cms\/wp-content\/uploads\/2013\/01\/los-trapos-venezuela.jpg\" \/>\n\t<meta property=\"og:image:width\" content=\"1660\" \/>\n\t<meta property=\"og:image:height\" content=\"1084\" \/>\n\t<meta property=\"og:image:type\" content=\"image\/jpeg\" \/>\n<meta name=\"author\" content=\"Gonzalo16\" \/>\n<meta name=\"twitter:card\" content=\"summary_large_image\" \/>\n<meta name=\"twitter:label1\" content=\"Escrito por\" \/>\n\t<meta name=\"twitter:data1\" content=\"Gonzalo16\" \/>\n\t<meta name=\"twitter:label2\" content=\"Tiempo de lectura\" \/>\n\t<meta name=\"twitter:data2\" content=\"2 minutos\" \/>\n<script type=\"application\/ld+json\" class=\"yoast-schema-graph\">{\"@context\":\"https:\/\/schema.org\",\"@graph\":[{\"@type\":\"Article\",\"@id\":\"https:\/\/www.padreydecano.com\/cms\/columnas\/hasta-donde-va-la-locura-por-penarol\/#article\",\"isPartOf\":{\"@id\":\"https:\/\/www.padreydecano.com\/cms\/columnas\/hasta-donde-va-la-locura-por-penarol\/\"},\"author\":{\"name\":\"Gonzalo16\",\"@id\":\"https:\/\/www.padreydecano.com\/cms\/#\/schema\/person\/7fe41e3e335700ebd387196df2f9a8d4\"},\"headline\":\"\u00bfHasta d\u00f3nde va la locura por Pe\u00f1arol?\",\"datePublished\":\"2013-01-28T17:00:10+00:00\",\"dateModified\":\"2013-05-29T15:09:44+00:00\",\"mainEntityOfPage\":{\"@id\":\"https:\/\/www.padreydecano.com\/cms\/columnas\/hasta-donde-va-la-locura-por-penarol\/\"},\"wordCount\":448,\"commentCount\":37,\"publisher\":{\"@id\":\"https:\/\/www.padreydecano.com\/cms\/#organization\"},\"image\":{\"@id\":\"https:\/\/www.padreydecano.com\/cms\/columnas\/hasta-donde-va-la-locura-por-penarol\/#primaryimage\"},\"thumbnailUrl\":\"https:\/\/www.padreydecano.com\/cms\/wp-content\/uploads\/2013\/01\/los-trapos-venezuela.jpg\",\"keywords\":[\"Agustin P.L.\"],\"articleSection\":[\"Columnas\"],\"inLanguage\":\"es\",\"potentialAction\":[{\"@type\":\"CommentAction\",\"name\":\"Comment\",\"target\":[\"https:\/\/www.padreydecano.com\/cms\/columnas\/hasta-donde-va-la-locura-por-penarol\/#respond\"]}]},{\"@type\":\"WebPage\",\"@id\":\"https:\/\/www.padreydecano.com\/cms\/columnas\/hasta-donde-va-la-locura-por-penarol\/\",\"url\":\"https:\/\/www.padreydecano.com\/cms\/columnas\/hasta-donde-va-la-locura-por-penarol\/\",\"name\":\"\u00bfHasta d\u00f3nde va la locura por Pe\u00f1arol? - Padre y Decano - El Sitio del Pueblo\",\"isPartOf\":{\"@id\":\"https:\/\/www.padreydecano.com\/cms\/#website\"},\"primaryImageOfPage\":{\"@id\":\"https:\/\/www.padreydecano.com\/cms\/columnas\/hasta-donde-va-la-locura-por-penarol\/#primaryimage\"},\"image\":{\"@id\":\"https:\/\/www.padreydecano.com\/cms\/columnas\/hasta-donde-va-la-locura-por-penarol\/#primaryimage\"},\"thumbnailUrl\":\"https:\/\/www.padreydecano.com\/cms\/wp-content\/uploads\/2013\/01\/los-trapos-venezuela.jpg\",\"datePublished\":\"2013-01-28T17:00:10+00:00\",\"dateModified\":\"2013-05-29T15:09:44+00:00\",\"breadcrumb\":{\"@id\":\"https:\/\/www.padreydecano.com\/cms\/columnas\/hasta-donde-va-la-locura-por-penarol\/#breadcrumb\"},\"inLanguage\":\"es\",\"potentialAction\":[{\"@type\":\"ReadAction\",\"target\":[\"https:\/\/www.padreydecano.com\/cms\/columnas\/hasta-donde-va-la-locura-por-penarol\/\"]}]},{\"@type\":\"ImageObject\",\"inLanguage\":\"es\",\"@id\":\"https:\/\/www.padreydecano.com\/cms\/columnas\/hasta-donde-va-la-locura-por-penarol\/#primaryimage\",\"url\":\"https:\/\/www.padreydecano.com\/cms\/wp-content\/uploads\/2013\/01\/los-trapos-venezuela.jpg\",\"contentUrl\":\"https:\/\/www.padreydecano.com\/cms\/wp-content\/uploads\/2013\/01\/los-trapos-venezuela.jpg\",\"width\":1660,\"height\":1084},{\"@type\":\"BreadcrumbList\",\"@id\":\"https:\/\/www.padreydecano.com\/cms\/columnas\/hasta-donde-va-la-locura-por-penarol\/#breadcrumb\",\"itemListElement\":[{\"@type\":\"ListItem\",\"position\":1,\"name\":\"Portada\",\"item\":\"https:\/\/www.padreydecano.com\/cms\/\"},{\"@type\":\"ListItem\",\"position\":2,\"name\":\"\u00bfHasta d\u00f3nde va la locura por Pe\u00f1arol?\"}]},{\"@type\":\"WebSite\",\"@id\":\"https:\/\/www.padreydecano.com\/cms\/#website\",\"url\":\"https:\/\/www.padreydecano.com\/cms\/\",\"name\":\"Padre y Decano - El Sitio del Pueblo\",\"description\":\"Club Atl\u00e9tico Pe\u00f1arol\",\"publisher\":{\"@id\":\"https:\/\/www.padreydecano.com\/cms\/#organization\"},\"potentialAction\":[{\"@type\":\"SearchAction\",\"target\":{\"@type\":\"EntryPoint\",\"urlTemplate\":\"https:\/\/www.padreydecano.com\/cms\/?s={search_term_string}\"},\"query-input\":\"required name=search_term_string\"}],\"inLanguage\":\"es\"},{\"@type\":\"Organization\",\"@id\":\"https:\/\/www.padreydecano.com\/cms\/#organization\",\"name\":\"Padre y Decano\",\"url\":\"https:\/\/www.padreydecano.com\/cms\/\",\"logo\":{\"@type\":\"ImageObject\",\"inLanguage\":\"es\",\"@id\":\"https:\/\/www.padreydecano.com\/cms\/#\/schema\/logo\/image\/\",\"url\":\"https:\/\/www.padreydecano.com\/cms\/wp-content\/uploads\/2022\/01\/avatar-square.png\",\"contentUrl\":\"https:\/\/www.padreydecano.com\/cms\/wp-content\/uploads\/2022\/01\/avatar-square.png\",\"width\":1500,\"height\":1500,\"caption\":\"Padre y Decano\"},\"image\":{\"@id\":\"https:\/\/www.padreydecano.com\/cms\/#\/schema\/logo\/image\/\"}},{\"@type\":\"Person\",\"@id\":\"https:\/\/www.padreydecano.com\/cms\/#\/schema\/person\/7fe41e3e335700ebd387196df2f9a8d4\",\"name\":\"Gonzalo16\",\"image\":{\"@type\":\"ImageObject\",\"inLanguage\":\"es\",\"@id\":\"https:\/\/www.padreydecano.com\/cms\/#\/schema\/person\/image\/\",\"url\":\"https:\/\/secure.gravatar.com\/avatar\/4d5cdd49803a2313c01f77e3dfc05d81?s=96&d=https%3A%2F%2Fpadreydecano.com%2Fcms%2Fwp-content%2Fthemes%2Fpyd-theme%2Fimg%2Fdefault-avatar.png&r=g\",\"contentUrl\":\"https:\/\/secure.gravatar.com\/avatar\/4d5cdd49803a2313c01f77e3dfc05d81?s=96&d=https%3A%2F%2Fpadreydecano.com%2Fcms%2Fwp-content%2Fthemes%2Fpyd-theme%2Fimg%2Fdefault-avatar.png&r=g\",\"caption\":\"Gonzalo16\"}}]}<\/script>\n<!-- \/ Yoast SEO plugin. -->","yoast_head_json":{"title":"\u00bfHasta d\u00f3nde va la locura por Pe\u00f1arol? - Padre y Decano - El Sitio del Pueblo","robots":{"index":"index","follow":"follow","max-snippet":"max-snippet:-1","max-image-preview":"max-image-preview:large","max-video-preview":"max-video-preview:-1"},"canonical":"https:\/\/www.padreydecano.com\/cms\/columnas\/hasta-donde-va-la-locura-por-penarol\/","og_locale":"es_ES","og_type":"article","og_title":"\u00bfHasta d\u00f3nde va la locura por Pe\u00f1arol? - Padre y Decano - El Sitio del Pueblo","og_description":"Pensando me pregunto qu\u00e9 es lo que me mueve a ir a Guayaquil en abril\u00a0 a ver a Pe\u00f1arol. Todo en contra. Gasto econ\u00f3mico elevado, preocupaci\u00f3n familiar, tierra desconocida, posibles problemas laborales para pedir los d\u00edas, y algunas cosas m\u00e1s que surgir\u00e1n cuando se aproxime la fecha. Volviendo de Colonia, y luego de charlar con [&hellip;]","og_url":"https:\/\/www.padreydecano.com\/cms\/columnas\/hasta-donde-va-la-locura-por-penarol\/","og_site_name":"Padre y Decano - El Sitio del Pueblo","article_published_time":"2013-01-28T17:00:10+00:00","article_modified_time":"2013-05-29T15:09:44+00:00","og_image":[{"width":1660,"height":1084,"url":"https:\/\/www.padreydecano.com\/cms\/wp-content\/uploads\/2013\/01\/los-trapos-venezuela.jpg","type":"image\/jpeg"}],"author":"Gonzalo16","twitter_card":"summary_large_image","twitter_misc":{"Escrito por":"Gonzalo16","Tiempo de lectura":"2 minutos"},"schema":{"@context":"https:\/\/schema.org","@graph":[{"@type":"Article","@id":"https:\/\/www.padreydecano.com\/cms\/columnas\/hasta-donde-va-la-locura-por-penarol\/#article","isPartOf":{"@id":"https:\/\/www.padreydecano.com\/cms\/columnas\/hasta-donde-va-la-locura-por-penarol\/"},"author":{"name":"Gonzalo16","@id":"https:\/\/www.padreydecano.com\/cms\/#\/schema\/person\/7fe41e3e335700ebd387196df2f9a8d4"},"headline":"\u00bfHasta d\u00f3nde va la locura por Pe\u00f1arol?","datePublished":"2013-01-28T17:00:10+00:00","dateModified":"2013-05-29T15:09:44+00:00","mainEntityOfPage":{"@id":"https:\/\/www.padreydecano.com\/cms\/columnas\/hasta-donde-va-la-locura-por-penarol\/"},"wordCount":448,"commentCount":37,"publisher":{"@id":"https:\/\/www.padreydecano.com\/cms\/#organization"},"image":{"@id":"https:\/\/www.padreydecano.com\/cms\/columnas\/hasta-donde-va-la-locura-por-penarol\/#primaryimage"},"thumbnailUrl":"https:\/\/www.padreydecano.com\/cms\/wp-content\/uploads\/2013\/01\/los-trapos-venezuela.jpg","keywords":["Agustin P.L."],"articleSection":["Columnas"],"inLanguage":"es","potentialAction":[{"@type":"CommentAction","name":"Comment","target":["https:\/\/www.padreydecano.com\/cms\/columnas\/hasta-donde-va-la-locura-por-penarol\/#respond"]}]},{"@type":"WebPage","@id":"https:\/\/www.padreydecano.com\/cms\/columnas\/hasta-donde-va-la-locura-por-penarol\/","url":"https:\/\/www.padreydecano.com\/cms\/columnas\/hasta-donde-va-la-locura-por-penarol\/","name":"\u00bfHasta d\u00f3nde va la locura por Pe\u00f1arol? - Padre y Decano - El Sitio del Pueblo","isPartOf":{"@id":"https:\/\/www.padreydecano.com\/cms\/#website"},"primaryImageOfPage":{"@id":"https:\/\/www.padreydecano.com\/cms\/columnas\/hasta-donde-va-la-locura-por-penarol\/#primaryimage"},"image":{"@id":"https:\/\/www.padreydecano.com\/cms\/columnas\/hasta-donde-va-la-locura-por-penarol\/#primaryimage"},"thumbnailUrl":"https:\/\/www.padreydecano.com\/cms\/wp-content\/uploads\/2013\/01\/los-trapos-venezuela.jpg","datePublished":"2013-01-28T17:00:10+00:00","dateModified":"2013-05-29T15:09:44+00:00","breadcrumb":{"@id":"https:\/\/www.padreydecano.com\/cms\/columnas\/hasta-donde-va-la-locura-por-penarol\/#breadcrumb"},"inLanguage":"es","potentialAction":[{"@type":"ReadAction","target":["https:\/\/www.padreydecano.com\/cms\/columnas\/hasta-donde-va-la-locura-por-penarol\/"]}]},{"@type":"ImageObject","inLanguage":"es","@id":"https:\/\/www.padreydecano.com\/cms\/columnas\/hasta-donde-va-la-locura-por-penarol\/#primaryimage","url":"https:\/\/www.padreydecano.com\/cms\/wp-content\/uploads\/2013\/01\/los-trapos-venezuela.jpg","contentUrl":"https:\/\/www.padreydecano.com\/cms\/wp-content\/uploads\/2013\/01\/los-trapos-venezuela.jpg","width":1660,"height":1084},{"@type":"BreadcrumbList","@id":"https:\/\/www.padreydecano.com\/cms\/columnas\/hasta-donde-va-la-locura-por-penarol\/#breadcrumb","itemListElement":[{"@type":"ListItem","position":1,"name":"Portada","item":"https:\/\/www.padreydecano.com\/cms\/"},{"@type":"ListItem","position":2,"name":"\u00bfHasta d\u00f3nde va la locura por Pe\u00f1arol?"}]},{"@type":"WebSite","@id":"https:\/\/www.padreydecano.com\/cms\/#website","url":"https:\/\/www.padreydecano.com\/cms\/","name":"Padre y Decano - El Sitio del Pueblo","description":"Club Atl\u00e9tico Pe\u00f1arol","publisher":{"@id":"https:\/\/www.padreydecano.com\/cms\/#organization"},"potentialAction":[{"@type":"SearchAction","target":{"@type":"EntryPoint","urlTemplate":"https:\/\/www.padreydecano.com\/cms\/?s={search_term_string}"},"query-input":"required name=search_term_string"}],"inLanguage":"es"},{"@type":"Organization","@id":"https:\/\/www.padreydecano.com\/cms\/#organization","name":"Padre y Decano","url":"https:\/\/www.padreydecano.com\/cms\/","logo":{"@type":"ImageObject","inLanguage":"es","@id":"https:\/\/www.padreydecano.com\/cms\/#\/schema\/logo\/image\/","url":"https:\/\/www.padreydecano.com\/cms\/wp-content\/uploads\/2022\/01\/avatar-square.png","contentUrl":"https:\/\/www.padreydecano.com\/cms\/wp-content\/uploads\/2022\/01\/avatar-square.png","width":1500,"height":1500,"caption":"Padre y Decano"},"image":{"@id":"https:\/\/www.padreydecano.com\/cms\/#\/schema\/logo\/image\/"}},{"@type":"Person","@id":"https:\/\/www.padreydecano.com\/cms\/#\/schema\/person\/7fe41e3e335700ebd387196df2f9a8d4","name":"Gonzalo16","image":{"@type":"ImageObject","inLanguage":"es","@id":"https:\/\/www.padreydecano.com\/cms\/#\/schema\/person\/image\/","url":"https:\/\/secure.gravatar.com\/avatar\/4d5cdd49803a2313c01f77e3dfc05d81?s=96&d=https%3A%2F%2Fpadreydecano.com%2Fcms%2Fwp-content%2Fthemes%2Fpyd-theme%2Fimg%2Fdefault-avatar.png&r=g","contentUrl":"https:\/\/secure.gravatar.com\/avatar\/4d5cdd49803a2313c01f77e3dfc05d81?s=96&d=https%3A%2F%2Fpadreydecano.com%2Fcms%2Fwp-content%2Fthemes%2Fpyd-theme%2Fimg%2Fdefault-avatar.png&r=g","caption":"Gonzalo16"}}]}},"_links":{"self":[{"href":"https:\/\/www.padreydecano.com\/cms\/wp-json\/wp\/v2\/posts\/35937"}],"collection":[{"href":"https:\/\/www.padreydecano.com\/cms\/wp-json\/wp\/v2\/posts"}],"about":[{"href":"https:\/\/www.padreydecano.com\/cms\/wp-json\/wp\/v2\/types\/post"}],"author":[{"embeddable":true,"href":"https:\/\/www.padreydecano.com\/cms\/wp-json\/wp\/v2\/users\/2"}],"replies":[{"embeddable":true,"href":"https:\/\/www.padreydecano.com\/cms\/wp-json\/wp\/v2\/comments?post=35937"}],"version-history":[{"count":0,"href":"https:\/\/www.padreydecano.com\/cms\/wp-json\/wp\/v2\/posts\/35937\/revisions"}],"wp:featuredmedia":[{"embeddable":true,"href":"https:\/\/www.padreydecano.com\/cms\/wp-json\/wp\/v2\/media\/35940"}],"wp:attachment":[{"href":"https:\/\/www.padreydecano.com\/cms\/wp-json\/wp\/v2\/media?parent=35937"}],"wp:term":[{"taxonomy":"category","embeddable":true,"href":"https:\/\/www.padreydecano.com\/cms\/wp-json\/wp\/v2\/categories?post=35937"},{"taxonomy":"post_tag","embeddable":true,"href":"https:\/\/www.padreydecano.com\/cms\/wp-json\/wp\/v2\/tags?post=35937"}],"curies":[{"name":"wp","href":"https:\/\/api.w.org\/{rel}","templated":true}]}}