{"id":35431,"date":"2013-01-14T10:00:37","date_gmt":"2013-01-14T12:00:37","guid":{"rendered":"http:\/\/www.padreydecano.com\/cms\/?p=35431"},"modified":"2013-01-16T10:16:26","modified_gmt":"2013-01-16T12:16:26","slug":"aufi-llamado-a-aspirantes","status":"publish","type":"post","link":"https:\/\/www.padreydecano.com\/cms\/noticias\/aufi-llamado-a-aspirantes\/","title":{"rendered":"AUFI: Llamado a aspirantes"},"content":{"rendered":"<p style=\"text-align: justify;\"><img loading=\"lazy\" decoding=\"async\" class=\"alignright  wp-image-35432\" alt=\"\" src=\"https:\/\/www.padreydecano.com\/cms\/wp-content\/uploads\/2013\/01\/AUFI2-300x225.jpg\" width=\"192\" height=\"144\" srcset=\"https:\/\/www.padreydecano.com\/cms\/wp-content\/uploads\/2013\/01\/AUFI2-300x225.jpg 300w, https:\/\/www.padreydecano.com\/cms\/wp-content\/uploads\/2013\/01\/AUFI2.jpg 800w\" sizes=\"(max-width: 192px) 100vw, 192px\" \/><strong>A partir del 14 de enero se realiza un llamado a aspirantes para ni\u00f1os categor\u00eda 2007, 2006, 2005, 2004 y 2003 que quieran jugar en Pe\u00f1arol<\/strong>.<\/p>\n<p style=\"text-align: justify;\">Todos los interesados en jugar en el <span style=\"color: #ffcc02;\" data-mce-mark=\"1\"><strong>Padre y Decano<\/strong><\/span> del F\u00fatbol Uruguayo tienen su oportunidad de probarse y de ser parte del plantel de AUFI.<\/p>\n<p style=\"text-align: justify;\">La captaci\u00f3n se realizar\u00e1 e lunes 14, mi\u00e9rcoles 16 y viernes 18 de enero en Las Acacias (Posolo 4097). Los horarios seg\u00fan las categor\u00edas son los siguientes:<\/p>\n<ul style=\"text-align: justify;\">\n<li style=\"text-align: justify;\">Categor\u00eda 2007\/2006\/2005 a partir de las 17:45 hs<\/li>\n<li style=\"text-align: justify;\">Categor\u00eda 2004\/2003 a partir de las 19:00 hs<\/li>\n<\/ul>\n<p style=\"text-align: justify;\">Es importante que los ni\u00f1os est\u00e9n prontos para entrenar en hora y con la vestimenta adecuada. Los interesados al llegar a las Acacias deben comunicarse con <strong>Ricardo De Souza o Pablo Menghi<\/strong>.<\/p>\n<p style=\"text-align: justify;\">Por cualquier otra consulta comunicarse v\u00eda mail a <a href=\"mailto:rolaro@adinet.com.uy\">rolaro@adinet.com.uy<\/a>.<\/p>\n<p style=\"text-align: justify;\">Se realizar\u00e1 otra captaci\u00f3n en el <a title=\"Centro de Alto Rendimiento (CAR)\" href=\"https:\/\/www.padreydecano.com\/cms\/centro-de-alto-rendimiento-car\/\" target=\"_blank\">Centro de Alto Rendimiento<\/a>\u00a0a los aspirantes para las categor\u00edas 2001 y 2000 pero en una fecha a determinar en Febrero.<\/p>\n","protected":false},"excerpt":{"rendered":"<p>A partir del 14 de enero se realiza un llamado a aspirantes para ni\u00f1os categor\u00eda 2007, 2006, 2005, 2004 y 2003 que quieran jugar en Pe\u00f1arol. Todos los interesados en jugar en el Padre y Decano del F\u00fatbol Uruguayo tienen su oportunidad de probarse y de ser parte del plantel de AUFI. La captaci\u00f3n se [&hellip;]<\/p>\n","protected":false},"author":2,"featured_media":35433,"comment_status":"open","ping_status":"closed","sticky":false,"template":"","format":"standard","meta":{"footnotes":""},"categories":[1],"tags":[128],"yoast_head":"<!-- This site is optimized with the Yoast SEO plugin v23.2 - https:\/\/yoast.com\/wordpress\/plugins\/seo\/ -->\n<title>AUFI: Llamado a aspirantes - Padre y Decano - El Sitio del Pueblo<\/title>\n<meta name=\"robots\" content=\"index, follow, max-snippet:-1, max-image-preview:large, max-video-preview:-1\" \/>\n<link rel=\"canonical\" href=\"https:\/\/www.padreydecano.com\/cms\/noticias\/aufi-llamado-a-aspirantes\/\" \/>\n<meta property=\"og:locale\" content=\"es_ES\" \/>\n<meta property=\"og:type\" content=\"article\" \/>\n<meta property=\"og:title\" content=\"AUFI: Llamado a aspirantes - Padre y Decano - El Sitio del Pueblo\" \/>\n<meta property=\"og:description\" content=\"A partir del 14 de enero se realiza un llamado a aspirantes para ni\u00f1os categor\u00eda 2007, 2006, 2005, 2004 y 2003 que quieran jugar en Pe\u00f1arol. Todos los interesados en jugar en el Padre y Decano del F\u00fatbol Uruguayo tienen su oportunidad de probarse y de ser parte del plantel de AUFI. La captaci\u00f3n se [&hellip;]\" \/>\n<meta property=\"og:url\" content=\"https:\/\/www.padreydecano.com\/cms\/noticias\/aufi-llamado-a-aspirantes\/\" \/>\n<meta property=\"og:site_name\" content=\"Padre y Decano - El Sitio del Pueblo\" \/>\n<meta property=\"article:published_time\" content=\"2013-01-14T12:00:37+00:00\" \/>\n<meta property=\"article:modified_time\" content=\"2013-01-16T12:16:26+00:00\" \/>\n<meta property=\"og:image\" content=\"https:\/\/www.padreydecano.com\/cms\/wp-content\/uploads\/2013\/01\/aufi.jpg\" \/>\n\t<meta property=\"og:image:width\" content=\"178\" \/>\n\t<meta property=\"og:image:height\" content=\"121\" \/>\n\t<meta property=\"og:image:type\" content=\"image\/jpeg\" \/>\n<meta name=\"author\" content=\"Gonzalo16\" \/>\n<meta name=\"twitter:card\" content=\"summary_large_image\" \/>\n<meta name=\"twitter:label1\" content=\"Escrito por\" \/>\n\t<meta name=\"twitter:data1\" content=\"Gonzalo16\" \/>\n\t<meta name=\"twitter:label2\" content=\"Tiempo de lectura\" \/>\n\t<meta name=\"twitter:data2\" content=\"1 minuto\" \/>\n<script type=\"application\/ld+json\" class=\"yoast-schema-graph\">{\"@context\":\"https:\/\/schema.org\",\"@graph\":[{\"@type\":\"Article\",\"@id\":\"https:\/\/www.padreydecano.com\/cms\/noticias\/aufi-llamado-a-aspirantes\/#article\",\"isPartOf\":{\"@id\":\"https:\/\/www.padreydecano.com\/cms\/noticias\/aufi-llamado-a-aspirantes\/\"},\"author\":{\"name\":\"Gonzalo16\",\"@id\":\"https:\/\/www.padreydecano.com\/cms\/#\/schema\/person\/7fe41e3e335700ebd387196df2f9a8d4\"},\"headline\":\"AUFI: Llamado a aspirantes\",\"datePublished\":\"2013-01-14T12:00:37+00:00\",\"dateModified\":\"2013-01-16T12:16:26+00:00\",\"mainEntityOfPage\":{\"@id\":\"https:\/\/www.padreydecano.com\/cms\/noticias\/aufi-llamado-a-aspirantes\/\"},\"wordCount\":169,\"commentCount\":205,\"publisher\":{\"@id\":\"https:\/\/www.padreydecano.com\/cms\/#organization\"},\"image\":{\"@id\":\"https:\/\/www.padreydecano.com\/cms\/noticias\/aufi-llamado-a-aspirantes\/#primaryimage\"},\"thumbnailUrl\":\"https:\/\/www.padreydecano.com\/cms\/wp-content\/uploads\/2013\/01\/aufi.jpg\",\"keywords\":[\"AUFI\"],\"articleSection\":[\"Noticias\"],\"inLanguage\":\"es\",\"potentialAction\":[{\"@type\":\"CommentAction\",\"name\":\"Comment\",\"target\":[\"https:\/\/www.padreydecano.com\/cms\/noticias\/aufi-llamado-a-aspirantes\/#respond\"]}]},{\"@type\":\"WebPage\",\"@id\":\"https:\/\/www.padreydecano.com\/cms\/noticias\/aufi-llamado-a-aspirantes\/\",\"url\":\"https:\/\/www.padreydecano.com\/cms\/noticias\/aufi-llamado-a-aspirantes\/\",\"name\":\"AUFI: Llamado a aspirantes - Padre y Decano - El Sitio del Pueblo\",\"isPartOf\":{\"@id\":\"https:\/\/www.padreydecano.com\/cms\/#website\"},\"primaryImageOfPage\":{\"@id\":\"https:\/\/www.padreydecano.com\/cms\/noticias\/aufi-llamado-a-aspirantes\/#primaryimage\"},\"image\":{\"@id\":\"https:\/\/www.padreydecano.com\/cms\/noticias\/aufi-llamado-a-aspirantes\/#primaryimage\"},\"thumbnailUrl\":\"https:\/\/www.padreydecano.com\/cms\/wp-content\/uploads\/2013\/01\/aufi.jpg\",\"datePublished\":\"2013-01-14T12:00:37+00:00\",\"dateModified\":\"2013-01-16T12:16:26+00:00\",\"breadcrumb\":{\"@id\":\"https:\/\/www.padreydecano.com\/cms\/noticias\/aufi-llamado-a-aspirantes\/#breadcrumb\"},\"inLanguage\":\"es\",\"potentialAction\":[{\"@type\":\"ReadAction\",\"target\":[\"https:\/\/www.padreydecano.com\/cms\/noticias\/aufi-llamado-a-aspirantes\/\"]}]},{\"@type\":\"ImageObject\",\"inLanguage\":\"es\",\"@id\":\"https:\/\/www.padreydecano.com\/cms\/noticias\/aufi-llamado-a-aspirantes\/#primaryimage\",\"url\":\"https:\/\/www.padreydecano.com\/cms\/wp-content\/uploads\/2013\/01\/aufi.jpg\",\"contentUrl\":\"https:\/\/www.padreydecano.com\/cms\/wp-content\/uploads\/2013\/01\/aufi.jpg\",\"width\":178,\"height\":121},{\"@type\":\"BreadcrumbList\",\"@id\":\"https:\/\/www.padreydecano.com\/cms\/noticias\/aufi-llamado-a-aspirantes\/#breadcrumb\",\"itemListElement\":[{\"@type\":\"ListItem\",\"position\":1,\"name\":\"Portada\",\"item\":\"https:\/\/www.padreydecano.com\/cms\/\"},{\"@type\":\"ListItem\",\"position\":2,\"name\":\"AUFI: Llamado a aspirantes\"}]},{\"@type\":\"WebSite\",\"@id\":\"https:\/\/www.padreydecano.com\/cms\/#website\",\"url\":\"https:\/\/www.padreydecano.com\/cms\/\",\"name\":\"Padre y Decano - El Sitio del Pueblo\",\"description\":\"Club Atl\u00e9tico Pe\u00f1arol\",\"publisher\":{\"@id\":\"https:\/\/www.padreydecano.com\/cms\/#organization\"},\"potentialAction\":[{\"@type\":\"SearchAction\",\"target\":{\"@type\":\"EntryPoint\",\"urlTemplate\":\"https:\/\/www.padreydecano.com\/cms\/?s={search_term_string}\"},\"query-input\":\"required name=search_term_string\"}],\"inLanguage\":\"es\"},{\"@type\":\"Organization\",\"@id\":\"https:\/\/www.padreydecano.com\/cms\/#organization\",\"name\":\"Padre y Decano\",\"url\":\"https:\/\/www.padreydecano.com\/cms\/\",\"logo\":{\"@type\":\"ImageObject\",\"inLanguage\":\"es\",\"@id\":\"https:\/\/www.padreydecano.com\/cms\/#\/schema\/logo\/image\/\",\"url\":\"https:\/\/www.padreydecano.com\/cms\/wp-content\/uploads\/2022\/01\/avatar-square.png\",\"contentUrl\":\"https:\/\/www.padreydecano.com\/cms\/wp-content\/uploads\/2022\/01\/avatar-square.png\",\"width\":1500,\"height\":1500,\"caption\":\"Padre y Decano\"},\"image\":{\"@id\":\"https:\/\/www.padreydecano.com\/cms\/#\/schema\/logo\/image\/\"}},{\"@type\":\"Person\",\"@id\":\"https:\/\/www.padreydecano.com\/cms\/#\/schema\/person\/7fe41e3e335700ebd387196df2f9a8d4\",\"name\":\"Gonzalo16\",\"image\":{\"@type\":\"ImageObject\",\"inLanguage\":\"es\",\"@id\":\"https:\/\/www.padreydecano.com\/cms\/#\/schema\/person\/image\/\",\"url\":\"https:\/\/secure.gravatar.com\/avatar\/4d5cdd49803a2313c01f77e3dfc05d81?s=96&d=https%3A%2F%2Fpadreydecano.com%2Fcms%2Fwp-content%2Fthemes%2Fpyd-theme%2Fimg%2Fdefault-avatar.png&r=g\",\"contentUrl\":\"https:\/\/secure.gravatar.com\/avatar\/4d5cdd49803a2313c01f77e3dfc05d81?s=96&d=https%3A%2F%2Fpadreydecano.com%2Fcms%2Fwp-content%2Fthemes%2Fpyd-theme%2Fimg%2Fdefault-avatar.png&r=g\",\"caption\":\"Gonzalo16\"}}]}<\/script>\n<!-- \/ Yoast SEO plugin. -->","yoast_head_json":{"title":"AUFI: Llamado a aspirantes - Padre y Decano - El Sitio del Pueblo","robots":{"index":"index","follow":"follow","max-snippet":"max-snippet:-1","max-image-preview":"max-image-preview:large","max-video-preview":"max-video-preview:-1"},"canonical":"https:\/\/www.padreydecano.com\/cms\/noticias\/aufi-llamado-a-aspirantes\/","og_locale":"es_ES","og_type":"article","og_title":"AUFI: Llamado a aspirantes - Padre y Decano - El Sitio del Pueblo","og_description":"A partir del 14 de enero se realiza un llamado a aspirantes para ni\u00f1os categor\u00eda 2007, 2006, 2005, 2004 y 2003 que quieran jugar en Pe\u00f1arol. Todos los interesados en jugar en el Padre y Decano del F\u00fatbol Uruguayo tienen su oportunidad de probarse y de ser parte del plantel de AUFI. La captaci\u00f3n se [&hellip;]","og_url":"https:\/\/www.padreydecano.com\/cms\/noticias\/aufi-llamado-a-aspirantes\/","og_site_name":"Padre y Decano - El Sitio del Pueblo","article_published_time":"2013-01-14T12:00:37+00:00","article_modified_time":"2013-01-16T12:16:26+00:00","og_image":[{"width":178,"height":121,"url":"https:\/\/www.padreydecano.com\/cms\/wp-content\/uploads\/2013\/01\/aufi.jpg","type":"image\/jpeg"}],"author":"Gonzalo16","twitter_card":"summary_large_image","twitter_misc":{"Escrito por":"Gonzalo16","Tiempo de lectura":"1 minuto"},"schema":{"@context":"https:\/\/schema.org","@graph":[{"@type":"Article","@id":"https:\/\/www.padreydecano.com\/cms\/noticias\/aufi-llamado-a-aspirantes\/#article","isPartOf":{"@id":"https:\/\/www.padreydecano.com\/cms\/noticias\/aufi-llamado-a-aspirantes\/"},"author":{"name":"Gonzalo16","@id":"https:\/\/www.padreydecano.com\/cms\/#\/schema\/person\/7fe41e3e335700ebd387196df2f9a8d4"},"headline":"AUFI: Llamado a aspirantes","datePublished":"2013-01-14T12:00:37+00:00","dateModified":"2013-01-16T12:16:26+00:00","mainEntityOfPage":{"@id":"https:\/\/www.padreydecano.com\/cms\/noticias\/aufi-llamado-a-aspirantes\/"},"wordCount":169,"commentCount":205,"publisher":{"@id":"https:\/\/www.padreydecano.com\/cms\/#organization"},"image":{"@id":"https:\/\/www.padreydecano.com\/cms\/noticias\/aufi-llamado-a-aspirantes\/#primaryimage"},"thumbnailUrl":"https:\/\/www.padreydecano.com\/cms\/wp-content\/uploads\/2013\/01\/aufi.jpg","keywords":["AUFI"],"articleSection":["Noticias"],"inLanguage":"es","potentialAction":[{"@type":"CommentAction","name":"Comment","target":["https:\/\/www.padreydecano.com\/cms\/noticias\/aufi-llamado-a-aspirantes\/#respond"]}]},{"@type":"WebPage","@id":"https:\/\/www.padreydecano.com\/cms\/noticias\/aufi-llamado-a-aspirantes\/","url":"https:\/\/www.padreydecano.com\/cms\/noticias\/aufi-llamado-a-aspirantes\/","name":"AUFI: Llamado a aspirantes - Padre y Decano - El Sitio del Pueblo","isPartOf":{"@id":"https:\/\/www.padreydecano.com\/cms\/#website"},"primaryImageOfPage":{"@id":"https:\/\/www.padreydecano.com\/cms\/noticias\/aufi-llamado-a-aspirantes\/#primaryimage"},"image":{"@id":"https:\/\/www.padreydecano.com\/cms\/noticias\/aufi-llamado-a-aspirantes\/#primaryimage"},"thumbnailUrl":"https:\/\/www.padreydecano.com\/cms\/wp-content\/uploads\/2013\/01\/aufi.jpg","datePublished":"2013-01-14T12:00:37+00:00","dateModified":"2013-01-16T12:16:26+00:00","breadcrumb":{"@id":"https:\/\/www.padreydecano.com\/cms\/noticias\/aufi-llamado-a-aspirantes\/#breadcrumb"},"inLanguage":"es","potentialAction":[{"@type":"ReadAction","target":["https:\/\/www.padreydecano.com\/cms\/noticias\/aufi-llamado-a-aspirantes\/"]}]},{"@type":"ImageObject","inLanguage":"es","@id":"https:\/\/www.padreydecano.com\/cms\/noticias\/aufi-llamado-a-aspirantes\/#primaryimage","url":"https:\/\/www.padreydecano.com\/cms\/wp-content\/uploads\/2013\/01\/aufi.jpg","contentUrl":"https:\/\/www.padreydecano.com\/cms\/wp-content\/uploads\/2013\/01\/aufi.jpg","width":178,"height":121},{"@type":"BreadcrumbList","@id":"https:\/\/www.padreydecano.com\/cms\/noticias\/aufi-llamado-a-aspirantes\/#breadcrumb","itemListElement":[{"@type":"ListItem","position":1,"name":"Portada","item":"https:\/\/www.padreydecano.com\/cms\/"},{"@type":"ListItem","position":2,"name":"AUFI: Llamado a aspirantes"}]},{"@type":"WebSite","@id":"https:\/\/www.padreydecano.com\/cms\/#website","url":"https:\/\/www.padreydecano.com\/cms\/","name":"Padre y Decano - El Sitio del Pueblo","description":"Club Atl\u00e9tico Pe\u00f1arol","publisher":{"@id":"https:\/\/www.padreydecano.com\/cms\/#organization"},"potentialAction":[{"@type":"SearchAction","target":{"@type":"EntryPoint","urlTemplate":"https:\/\/www.padreydecano.com\/cms\/?s={search_term_string}"},"query-input":"required name=search_term_string"}],"inLanguage":"es"},{"@type":"Organization","@id":"https:\/\/www.padreydecano.com\/cms\/#organization","name":"Padre y Decano","url":"https:\/\/www.padreydecano.com\/cms\/","logo":{"@type":"ImageObject","inLanguage":"es","@id":"https:\/\/www.padreydecano.com\/cms\/#\/schema\/logo\/image\/","url":"https:\/\/www.padreydecano.com\/cms\/wp-content\/uploads\/2022\/01\/avatar-square.png","contentUrl":"https:\/\/www.padreydecano.com\/cms\/wp-content\/uploads\/2022\/01\/avatar-square.png","width":1500,"height":1500,"caption":"Padre y Decano"},"image":{"@id":"https:\/\/www.padreydecano.com\/cms\/#\/schema\/logo\/image\/"}},{"@type":"Person","@id":"https:\/\/www.padreydecano.com\/cms\/#\/schema\/person\/7fe41e3e335700ebd387196df2f9a8d4","name":"Gonzalo16","image":{"@type":"ImageObject","inLanguage":"es","@id":"https:\/\/www.padreydecano.com\/cms\/#\/schema\/person\/image\/","url":"https:\/\/secure.gravatar.com\/avatar\/4d5cdd49803a2313c01f77e3dfc05d81?s=96&d=https%3A%2F%2Fpadreydecano.com%2Fcms%2Fwp-content%2Fthemes%2Fpyd-theme%2Fimg%2Fdefault-avatar.png&r=g","contentUrl":"https:\/\/secure.gravatar.com\/avatar\/4d5cdd49803a2313c01f77e3dfc05d81?s=96&d=https%3A%2F%2Fpadreydecano.com%2Fcms%2Fwp-content%2Fthemes%2Fpyd-theme%2Fimg%2Fdefault-avatar.png&r=g","caption":"Gonzalo16"}}]}},"_links":{"self":[{"href":"https:\/\/www.padreydecano.com\/cms\/wp-json\/wp\/v2\/posts\/35431"}],"collection":[{"href":"https:\/\/www.padreydecano.com\/cms\/wp-json\/wp\/v2\/posts"}],"about":[{"href":"https:\/\/www.padreydecano.com\/cms\/wp-json\/wp\/v2\/types\/post"}],"author":[{"embeddable":true,"href":"https:\/\/www.padreydecano.com\/cms\/wp-json\/wp\/v2\/users\/2"}],"replies":[{"embeddable":true,"href":"https:\/\/www.padreydecano.com\/cms\/wp-json\/wp\/v2\/comments?post=35431"}],"version-history":[{"count":0,"href":"https:\/\/www.padreydecano.com\/cms\/wp-json\/wp\/v2\/posts\/35431\/revisions"}],"wp:featuredmedia":[{"embeddable":true,"href":"https:\/\/www.padreydecano.com\/cms\/wp-json\/wp\/v2\/media\/35433"}],"wp:attachment":[{"href":"https:\/\/www.padreydecano.com\/cms\/wp-json\/wp\/v2\/media?parent=35431"}],"wp:term":[{"taxonomy":"category","embeddable":true,"href":"https:\/\/www.padreydecano.com\/cms\/wp-json\/wp\/v2\/categories?post=35431"},{"taxonomy":"post_tag","embeddable":true,"href":"https:\/\/www.padreydecano.com\/cms\/wp-json\/wp\/v2\/tags?post=35431"}],"curies":[{"name":"wp","href":"https:\/\/api.w.org\/{rel}","templated":true}]}}