{"id":34817,"date":"2012-12-13T15:56:22","date_gmt":"2012-12-13T17:56:22","guid":{"rendered":"http:\/\/www.padreydecano.com\/cms\/?p=34817"},"modified":"2012-12-13T16:17:12","modified_gmt":"2012-12-13T18:17:12","slug":"fuerza-chiquito-mazurkiewicz","status":"publish","type":"post","link":"https:\/\/www.padreydecano.com\/cms\/noticias\/fuerza-chiquito-mazurkiewicz\/","title":{"rendered":"Fuerza \u00abChiquito\u00bb Mazurkiewicz"},"content":{"rendered":"<p style=\"text-align: justify;\">Uno de los mejores arqueros de todos los tiempos de Pe\u00f1arol, <a title=\"Ladislao Mazurkiewicz\" href=\"https:\/\/www.padreydecano.com\/cms\/idolos\/ladislao-mazurkiewicz\/\" target=\"_blank\">Ladislao Mazurkiewicz<\/a>, est\u00e1 en la Asociaci\u00f3n Espa\u00f1ola en intermedio en estado reservado. En las \u00faltimas horas nos pudimos comunicar con su hija, quien nos dijo que hab\u00eda que esperar la evoluci\u00f3n de estos primeros d\u00edas. Nos cont\u00f3 que tiene un cuadro hep\u00e1tico grave y agradeci\u00f3 el apoyo por parte de la web y todos los hinchas. Su mensaje final fue alentador, \u00abOjal\u00e1 que con la fuerza de todos logremos que salga adelante\u00bb. \u00a1Fuerza Chiquito, Pe\u00f1arol est\u00e1 contigo!<\/p>\n<p style=\"text-align: center;\"><a href=\"https:\/\/www.padreydecano.com\/cms\/wp-content\/uploads\/2012\/12\/mazurka-3a56165.jpg\" rel=\"shadowbox[sbpost-34817];player=img;\"><img loading=\"lazy\" decoding=\"async\" class=\"aligncenter  wp-image-34819\" alt=\"\" src=\"https:\/\/www.padreydecano.com\/cms\/wp-content\/uploads\/2012\/12\/mazurka-3a56165.jpg\" width=\"576\" height=\"320\" srcset=\"https:\/\/www.padreydecano.com\/cms\/wp-content\/uploads\/2012\/12\/mazurka-3a56165.jpg 900w, https:\/\/www.padreydecano.com\/cms\/wp-content\/uploads\/2012\/12\/mazurka-3a56165-300x166.jpg 300w\" sizes=\"(max-width: 576px) 100vw, 576px\" \/><\/a><\/p>\n","protected":false},"excerpt":{"rendered":"<p>Uno de los mejores arqueros de todos los tiempos de Pe\u00f1arol, Ladislao Mazurkiewicz, est\u00e1 en la Asociaci\u00f3n Espa\u00f1ola en intermedio en estado reservado. En las \u00faltimas horas nos pudimos comunicar con su hija, quien nos dijo que hab\u00eda que esperar la evoluci\u00f3n de estos primeros d\u00edas. Nos cont\u00f3 que tiene un cuadro hep\u00e1tico grave y [&hellip;]<\/p>\n","protected":false},"author":13,"featured_media":34818,"comment_status":"open","ping_status":"closed","sticky":false,"template":"","format":"standard","meta":{"footnotes":""},"categories":[1],"tags":[],"yoast_head":"<!-- This site is optimized with the Yoast SEO plugin v23.2 - https:\/\/yoast.com\/wordpress\/plugins\/seo\/ -->\n<title>Fuerza &quot;Chiquito&quot; Mazurkiewicz - Padre y Decano - El Sitio del Pueblo<\/title>\n<meta name=\"robots\" content=\"index, follow, max-snippet:-1, max-image-preview:large, max-video-preview:-1\" \/>\n<link rel=\"canonical\" href=\"https:\/\/www.padreydecano.com\/cms\/noticias\/fuerza-chiquito-mazurkiewicz\/\" \/>\n<meta property=\"og:locale\" content=\"es_ES\" \/>\n<meta property=\"og:type\" content=\"article\" \/>\n<meta property=\"og:title\" content=\"Fuerza &quot;Chiquito&quot; Mazurkiewicz - Padre y Decano - El Sitio del Pueblo\" \/>\n<meta property=\"og:description\" content=\"Uno de los mejores arqueros de todos los tiempos de Pe\u00f1arol, Ladislao Mazurkiewicz, est\u00e1 en la Asociaci\u00f3n Espa\u00f1ola en intermedio en estado reservado. En las \u00faltimas horas nos pudimos comunicar con su hija, quien nos dijo que hab\u00eda que esperar la evoluci\u00f3n de estos primeros d\u00edas. Nos cont\u00f3 que tiene un cuadro hep\u00e1tico grave y [&hellip;]\" \/>\n<meta property=\"og:url\" content=\"https:\/\/www.padreydecano.com\/cms\/noticias\/fuerza-chiquito-mazurkiewicz\/\" \/>\n<meta property=\"og:site_name\" content=\"Padre y Decano - El Sitio del Pueblo\" \/>\n<meta property=\"article:published_time\" content=\"2012-12-13T17:56:22+00:00\" \/>\n<meta property=\"article:modified_time\" content=\"2012-12-13T18:17:12+00:00\" \/>\n<meta property=\"og:image\" content=\"https:\/\/www.padreydecano.com\/cms\/wp-content\/uploads\/2012\/12\/chica-ladislao.jpg\" \/>\n\t<meta property=\"og:image:width\" content=\"202\" \/>\n\t<meta property=\"og:image:height\" content=\"110\" \/>\n\t<meta property=\"og:image:type\" content=\"image\/jpeg\" \/>\n<meta name=\"author\" content=\"Moderador\" \/>\n<meta name=\"twitter:card\" content=\"summary_large_image\" \/>\n<meta name=\"twitter:label1\" content=\"Escrito por\" \/>\n\t<meta name=\"twitter:data1\" content=\"Moderador\" \/>\n<script type=\"application\/ld+json\" class=\"yoast-schema-graph\">{\"@context\":\"https:\/\/schema.org\",\"@graph\":[{\"@type\":\"Article\",\"@id\":\"https:\/\/www.padreydecano.com\/cms\/noticias\/fuerza-chiquito-mazurkiewicz\/#article\",\"isPartOf\":{\"@id\":\"https:\/\/www.padreydecano.com\/cms\/noticias\/fuerza-chiquito-mazurkiewicz\/\"},\"author\":{\"name\":\"Moderador\",\"@id\":\"https:\/\/www.padreydecano.com\/cms\/#\/schema\/person\/d93e9e537230ae052c194251d9a1def2\"},\"headline\":\"Fuerza \u00abChiquito\u00bb Mazurkiewicz\",\"datePublished\":\"2012-12-13T17:56:22+00:00\",\"dateModified\":\"2012-12-13T18:17:12+00:00\",\"mainEntityOfPage\":{\"@id\":\"https:\/\/www.padreydecano.com\/cms\/noticias\/fuerza-chiquito-mazurkiewicz\/\"},\"wordCount\":99,\"commentCount\":44,\"publisher\":{\"@id\":\"https:\/\/www.padreydecano.com\/cms\/#organization\"},\"image\":{\"@id\":\"https:\/\/www.padreydecano.com\/cms\/noticias\/fuerza-chiquito-mazurkiewicz\/#primaryimage\"},\"thumbnailUrl\":\"https:\/\/www.padreydecano.com\/cms\/wp-content\/uploads\/2012\/12\/chica-ladislao.jpg\",\"articleSection\":[\"Noticias\"],\"inLanguage\":\"es\",\"potentialAction\":[{\"@type\":\"CommentAction\",\"name\":\"Comment\",\"target\":[\"https:\/\/www.padreydecano.com\/cms\/noticias\/fuerza-chiquito-mazurkiewicz\/#respond\"]}]},{\"@type\":\"WebPage\",\"@id\":\"https:\/\/www.padreydecano.com\/cms\/noticias\/fuerza-chiquito-mazurkiewicz\/\",\"url\":\"https:\/\/www.padreydecano.com\/cms\/noticias\/fuerza-chiquito-mazurkiewicz\/\",\"name\":\"Fuerza \\\"Chiquito\\\" Mazurkiewicz - Padre y Decano - El Sitio del Pueblo\",\"isPartOf\":{\"@id\":\"https:\/\/www.padreydecano.com\/cms\/#website\"},\"primaryImageOfPage\":{\"@id\":\"https:\/\/www.padreydecano.com\/cms\/noticias\/fuerza-chiquito-mazurkiewicz\/#primaryimage\"},\"image\":{\"@id\":\"https:\/\/www.padreydecano.com\/cms\/noticias\/fuerza-chiquito-mazurkiewicz\/#primaryimage\"},\"thumbnailUrl\":\"https:\/\/www.padreydecano.com\/cms\/wp-content\/uploads\/2012\/12\/chica-ladislao.jpg\",\"datePublished\":\"2012-12-13T17:56:22+00:00\",\"dateModified\":\"2012-12-13T18:17:12+00:00\",\"breadcrumb\":{\"@id\":\"https:\/\/www.padreydecano.com\/cms\/noticias\/fuerza-chiquito-mazurkiewicz\/#breadcrumb\"},\"inLanguage\":\"es\",\"potentialAction\":[{\"@type\":\"ReadAction\",\"target\":[\"https:\/\/www.padreydecano.com\/cms\/noticias\/fuerza-chiquito-mazurkiewicz\/\"]}]},{\"@type\":\"ImageObject\",\"inLanguage\":\"es\",\"@id\":\"https:\/\/www.padreydecano.com\/cms\/noticias\/fuerza-chiquito-mazurkiewicz\/#primaryimage\",\"url\":\"https:\/\/www.padreydecano.com\/cms\/wp-content\/uploads\/2012\/12\/chica-ladislao.jpg\",\"contentUrl\":\"https:\/\/www.padreydecano.com\/cms\/wp-content\/uploads\/2012\/12\/chica-ladislao.jpg\",\"width\":202,\"height\":110},{\"@type\":\"BreadcrumbList\",\"@id\":\"https:\/\/www.padreydecano.com\/cms\/noticias\/fuerza-chiquito-mazurkiewicz\/#breadcrumb\",\"itemListElement\":[{\"@type\":\"ListItem\",\"position\":1,\"name\":\"Portada\",\"item\":\"https:\/\/www.padreydecano.com\/cms\/\"},{\"@type\":\"ListItem\",\"position\":2,\"name\":\"Fuerza \u00abChiquito\u00bb Mazurkiewicz\"}]},{\"@type\":\"WebSite\",\"@id\":\"https:\/\/www.padreydecano.com\/cms\/#website\",\"url\":\"https:\/\/www.padreydecano.com\/cms\/\",\"name\":\"Padre y Decano - El Sitio del Pueblo\",\"description\":\"Club Atl\u00e9tico Pe\u00f1arol\",\"publisher\":{\"@id\":\"https:\/\/www.padreydecano.com\/cms\/#organization\"},\"potentialAction\":[{\"@type\":\"SearchAction\",\"target\":{\"@type\":\"EntryPoint\",\"urlTemplate\":\"https:\/\/www.padreydecano.com\/cms\/?s={search_term_string}\"},\"query-input\":\"required name=search_term_string\"}],\"inLanguage\":\"es\"},{\"@type\":\"Organization\",\"@id\":\"https:\/\/www.padreydecano.com\/cms\/#organization\",\"name\":\"Padre y Decano\",\"url\":\"https:\/\/www.padreydecano.com\/cms\/\",\"logo\":{\"@type\":\"ImageObject\",\"inLanguage\":\"es\",\"@id\":\"https:\/\/www.padreydecano.com\/cms\/#\/schema\/logo\/image\/\",\"url\":\"https:\/\/www.padreydecano.com\/cms\/wp-content\/uploads\/2022\/01\/avatar-square.png\",\"contentUrl\":\"https:\/\/www.padreydecano.com\/cms\/wp-content\/uploads\/2022\/01\/avatar-square.png\",\"width\":1500,\"height\":1500,\"caption\":\"Padre y Decano\"},\"image\":{\"@id\":\"https:\/\/www.padreydecano.com\/cms\/#\/schema\/logo\/image\/\"}},{\"@type\":\"Person\",\"@id\":\"https:\/\/www.padreydecano.com\/cms\/#\/schema\/person\/d93e9e537230ae052c194251d9a1def2\",\"name\":\"Moderador\",\"image\":{\"@type\":\"ImageObject\",\"inLanguage\":\"es\",\"@id\":\"https:\/\/www.padreydecano.com\/cms\/#\/schema\/person\/image\/\",\"url\":\"https:\/\/secure.gravatar.com\/avatar\/2587727bf8a53bd3da4ec49f01bea66e?s=96&d=https%3A%2F%2Fpadreydecano.com%2Fcms%2Fwp-content%2Fthemes%2Fpyd-theme%2Fimg%2Fdefault-avatar.png&r=g\",\"contentUrl\":\"https:\/\/secure.gravatar.com\/avatar\/2587727bf8a53bd3da4ec49f01bea66e?s=96&d=https%3A%2F%2Fpadreydecano.com%2Fcms%2Fwp-content%2Fthemes%2Fpyd-theme%2Fimg%2Fdefault-avatar.png&r=g\",\"caption\":\"Moderador\"}}]}<\/script>\n<!-- \/ Yoast SEO plugin. -->","yoast_head_json":{"title":"Fuerza \"Chiquito\" Mazurkiewicz - Padre y Decano - El Sitio del Pueblo","robots":{"index":"index","follow":"follow","max-snippet":"max-snippet:-1","max-image-preview":"max-image-preview:large","max-video-preview":"max-video-preview:-1"},"canonical":"https:\/\/www.padreydecano.com\/cms\/noticias\/fuerza-chiquito-mazurkiewicz\/","og_locale":"es_ES","og_type":"article","og_title":"Fuerza \"Chiquito\" Mazurkiewicz - Padre y Decano - El Sitio del Pueblo","og_description":"Uno de los mejores arqueros de todos los tiempos de Pe\u00f1arol, Ladislao Mazurkiewicz, est\u00e1 en la Asociaci\u00f3n Espa\u00f1ola en intermedio en estado reservado. En las \u00faltimas horas nos pudimos comunicar con su hija, quien nos dijo que hab\u00eda que esperar la evoluci\u00f3n de estos primeros d\u00edas. Nos cont\u00f3 que tiene un cuadro hep\u00e1tico grave y [&hellip;]","og_url":"https:\/\/www.padreydecano.com\/cms\/noticias\/fuerza-chiquito-mazurkiewicz\/","og_site_name":"Padre y Decano - El Sitio del Pueblo","article_published_time":"2012-12-13T17:56:22+00:00","article_modified_time":"2012-12-13T18:17:12+00:00","og_image":[{"width":202,"height":110,"url":"https:\/\/www.padreydecano.com\/cms\/wp-content\/uploads\/2012\/12\/chica-ladislao.jpg","type":"image\/jpeg"}],"author":"Moderador","twitter_card":"summary_large_image","twitter_misc":{"Escrito por":"Moderador"},"schema":{"@context":"https:\/\/schema.org","@graph":[{"@type":"Article","@id":"https:\/\/www.padreydecano.com\/cms\/noticias\/fuerza-chiquito-mazurkiewicz\/#article","isPartOf":{"@id":"https:\/\/www.padreydecano.com\/cms\/noticias\/fuerza-chiquito-mazurkiewicz\/"},"author":{"name":"Moderador","@id":"https:\/\/www.padreydecano.com\/cms\/#\/schema\/person\/d93e9e537230ae052c194251d9a1def2"},"headline":"Fuerza \u00abChiquito\u00bb Mazurkiewicz","datePublished":"2012-12-13T17:56:22+00:00","dateModified":"2012-12-13T18:17:12+00:00","mainEntityOfPage":{"@id":"https:\/\/www.padreydecano.com\/cms\/noticias\/fuerza-chiquito-mazurkiewicz\/"},"wordCount":99,"commentCount":44,"publisher":{"@id":"https:\/\/www.padreydecano.com\/cms\/#organization"},"image":{"@id":"https:\/\/www.padreydecano.com\/cms\/noticias\/fuerza-chiquito-mazurkiewicz\/#primaryimage"},"thumbnailUrl":"https:\/\/www.padreydecano.com\/cms\/wp-content\/uploads\/2012\/12\/chica-ladislao.jpg","articleSection":["Noticias"],"inLanguage":"es","potentialAction":[{"@type":"CommentAction","name":"Comment","target":["https:\/\/www.padreydecano.com\/cms\/noticias\/fuerza-chiquito-mazurkiewicz\/#respond"]}]},{"@type":"WebPage","@id":"https:\/\/www.padreydecano.com\/cms\/noticias\/fuerza-chiquito-mazurkiewicz\/","url":"https:\/\/www.padreydecano.com\/cms\/noticias\/fuerza-chiquito-mazurkiewicz\/","name":"Fuerza \"Chiquito\" Mazurkiewicz - Padre y Decano - El Sitio del Pueblo","isPartOf":{"@id":"https:\/\/www.padreydecano.com\/cms\/#website"},"primaryImageOfPage":{"@id":"https:\/\/www.padreydecano.com\/cms\/noticias\/fuerza-chiquito-mazurkiewicz\/#primaryimage"},"image":{"@id":"https:\/\/www.padreydecano.com\/cms\/noticias\/fuerza-chiquito-mazurkiewicz\/#primaryimage"},"thumbnailUrl":"https:\/\/www.padreydecano.com\/cms\/wp-content\/uploads\/2012\/12\/chica-ladislao.jpg","datePublished":"2012-12-13T17:56:22+00:00","dateModified":"2012-12-13T18:17:12+00:00","breadcrumb":{"@id":"https:\/\/www.padreydecano.com\/cms\/noticias\/fuerza-chiquito-mazurkiewicz\/#breadcrumb"},"inLanguage":"es","potentialAction":[{"@type":"ReadAction","target":["https:\/\/www.padreydecano.com\/cms\/noticias\/fuerza-chiquito-mazurkiewicz\/"]}]},{"@type":"ImageObject","inLanguage":"es","@id":"https:\/\/www.padreydecano.com\/cms\/noticias\/fuerza-chiquito-mazurkiewicz\/#primaryimage","url":"https:\/\/www.padreydecano.com\/cms\/wp-content\/uploads\/2012\/12\/chica-ladislao.jpg","contentUrl":"https:\/\/www.padreydecano.com\/cms\/wp-content\/uploads\/2012\/12\/chica-ladislao.jpg","width":202,"height":110},{"@type":"BreadcrumbList","@id":"https:\/\/www.padreydecano.com\/cms\/noticias\/fuerza-chiquito-mazurkiewicz\/#breadcrumb","itemListElement":[{"@type":"ListItem","position":1,"name":"Portada","item":"https:\/\/www.padreydecano.com\/cms\/"},{"@type":"ListItem","position":2,"name":"Fuerza \u00abChiquito\u00bb Mazurkiewicz"}]},{"@type":"WebSite","@id":"https:\/\/www.padreydecano.com\/cms\/#website","url":"https:\/\/www.padreydecano.com\/cms\/","name":"Padre y Decano - El Sitio del Pueblo","description":"Club Atl\u00e9tico Pe\u00f1arol","publisher":{"@id":"https:\/\/www.padreydecano.com\/cms\/#organization"},"potentialAction":[{"@type":"SearchAction","target":{"@type":"EntryPoint","urlTemplate":"https:\/\/www.padreydecano.com\/cms\/?s={search_term_string}"},"query-input":"required name=search_term_string"}],"inLanguage":"es"},{"@type":"Organization","@id":"https:\/\/www.padreydecano.com\/cms\/#organization","name":"Padre y Decano","url":"https:\/\/www.padreydecano.com\/cms\/","logo":{"@type":"ImageObject","inLanguage":"es","@id":"https:\/\/www.padreydecano.com\/cms\/#\/schema\/logo\/image\/","url":"https:\/\/www.padreydecano.com\/cms\/wp-content\/uploads\/2022\/01\/avatar-square.png","contentUrl":"https:\/\/www.padreydecano.com\/cms\/wp-content\/uploads\/2022\/01\/avatar-square.png","width":1500,"height":1500,"caption":"Padre y Decano"},"image":{"@id":"https:\/\/www.padreydecano.com\/cms\/#\/schema\/logo\/image\/"}},{"@type":"Person","@id":"https:\/\/www.padreydecano.com\/cms\/#\/schema\/person\/d93e9e537230ae052c194251d9a1def2","name":"Moderador","image":{"@type":"ImageObject","inLanguage":"es","@id":"https:\/\/www.padreydecano.com\/cms\/#\/schema\/person\/image\/","url":"https:\/\/secure.gravatar.com\/avatar\/2587727bf8a53bd3da4ec49f01bea66e?s=96&d=https%3A%2F%2Fpadreydecano.com%2Fcms%2Fwp-content%2Fthemes%2Fpyd-theme%2Fimg%2Fdefault-avatar.png&r=g","contentUrl":"https:\/\/secure.gravatar.com\/avatar\/2587727bf8a53bd3da4ec49f01bea66e?s=96&d=https%3A%2F%2Fpadreydecano.com%2Fcms%2Fwp-content%2Fthemes%2Fpyd-theme%2Fimg%2Fdefault-avatar.png&r=g","caption":"Moderador"}}]}},"_links":{"self":[{"href":"https:\/\/www.padreydecano.com\/cms\/wp-json\/wp\/v2\/posts\/34817"}],"collection":[{"href":"https:\/\/www.padreydecano.com\/cms\/wp-json\/wp\/v2\/posts"}],"about":[{"href":"https:\/\/www.padreydecano.com\/cms\/wp-json\/wp\/v2\/types\/post"}],"author":[{"embeddable":true,"href":"https:\/\/www.padreydecano.com\/cms\/wp-json\/wp\/v2\/users\/13"}],"replies":[{"embeddable":true,"href":"https:\/\/www.padreydecano.com\/cms\/wp-json\/wp\/v2\/comments?post=34817"}],"version-history":[{"count":0,"href":"https:\/\/www.padreydecano.com\/cms\/wp-json\/wp\/v2\/posts\/34817\/revisions"}],"wp:featuredmedia":[{"embeddable":true,"href":"https:\/\/www.padreydecano.com\/cms\/wp-json\/wp\/v2\/media\/34818"}],"wp:attachment":[{"href":"https:\/\/www.padreydecano.com\/cms\/wp-json\/wp\/v2\/media?parent=34817"}],"wp:term":[{"taxonomy":"category","embeddable":true,"href":"https:\/\/www.padreydecano.com\/cms\/wp-json\/wp\/v2\/categories?post=34817"},{"taxonomy":"post_tag","embeddable":true,"href":"https:\/\/www.padreydecano.com\/cms\/wp-json\/wp\/v2\/tags?post=34817"}],"curies":[{"name":"wp","href":"https:\/\/api.w.org\/{rel}","templated":true}]}}